{"id":85015,"date":"2007-11-14T09:14:11","date_gmt":"2007-11-14T09:14:11","guid":{"rendered":"http:\/\/www.feminissima.de\/?p=85015"},"modified":"2007-11-14T09:14:11","modified_gmt":"2007-11-14T09:14:11","slug":"presse-esther-schapira-muhabbet-ist-extremistisch","status":"publish","type":"post","link":"https:\/\/feminissima.de\/index.php\/2007\/11\/14\/presse-esther-schapira-muhabbet-ist-extremistisch\/","title":{"rendered":"PRESSE: Esther Schapira &#8211; Muhabbet ist  extremistisch"},"content":{"rendered":"<p>QUELLE: AP\/NETZEITUNG.de<br \/> Journalistin wirft Muhabbet Extremismus vor<\/p>\n<p>\n13. Nov 19:37<\/p>\n<p>\nMuhabbet gilt als Vorbild f\u00fcr Integration junger T\u00fcrken in Deutschland. Doch nun stehen Vorw\u00fcrfe einer HR-Redakteurin im Raum, die einen Schatten \u00fcber den deutsch-t\u00fcrkischen Musiker werfen.<\/p>\n<p>Die Aktion sollte vereinen: Au\u00dfenminister Frank-Walter Steinmeier und sein Pariser Kollege Bernard Kouchner nahmen am Montag zusammen mit dem deutsch-t\u00fcrkischen Musiker Muhabbet in Berlin dessen Song \u00abDeutschland\u00bb auf. Das St\u00fcck dr\u00fcckt unter anderem aus, dass Migrantenkinder etwas aus sich machen sollen.<\/p>\n<p>\nMehr in der Netzeitung: <\/p>\n<p>\nSteinmeier und Kouchner nehmen Song auf<\/p>\n<p>\n 12. Nov 17:40 <\/p>\n<p>Doch \u00fcber dem Integrationsprojekt liegt nun ein Schatten. Die preisgekr\u00f6nte HR-Redakteurin Esther Schapira berichtete von einer extremistischen \u00c4u\u00dferung Muhabbets und kritisierte die PR-Aktion mit dem Au\u00dfenminister. Dieser wiederum verteidigte den S\u00e4nger und das gemeinsame Projekt.<\/p>\n<p>Im Zentrum der Diskussion steht der 23-j\u00e4hrige Muhabbet, der als Murat Ersen in K\u00f6ln aufgewachsen ist und zun\u00e4chst nur im Internet zu h\u00f6ren war. Im November 2005 kam seine erste Single heraus, im April 2006 folgte das Deb\u00fct-Album \u00abR&#8217;nBesk\u00bb. So nennt Muhabbet auch seine Musikrichtung, die orientalische Arabesk-Musik mit Rhythm-and-Blues und Hip-Hop-Ankl\u00e4ngen mischt. Inzwischen ist Muhabbet der Star f\u00fcr viele junge T\u00fcrken in Deutschland und gilt als Integrationsikone.<\/p>\n<p>Doch nun erscheint der S\u00e4nger pl\u00f6tzlich in einem anderen Licht: Sein aktueller Auftritt mit den Au\u00dfenministern veranlasste Esther Schapira, Redakteurin beim Hessischen Rundfunk, ein Vorkommnis vom 20. Oktober an die \u00d6ffentlichkeit zu bringen. Nach der Preisverleihung f\u00fcr ihren Film \u00fcber die Ermordung des niederl\u00e4ndischen Islamkritikers und Filmemachers Theo van Gogh durch einen Extremisten, sei Muhabbet sehr aufgebracht zu ihr und ihrem Kollegen Kamil Taylan gekommen. \u00abEr sagte, Theo van Gogh habe Gl\u00fcck gehabt, dass er so schnell gestorben sei\u00bb, sagte Schapira der Nachrichtenagentur AP. Er h\u00e4tte ihn zuvor in einen Keller gesperrt und gefoltert, zitiert sie den 23-J\u00e4hrigen weiter.<\/p>\n<p>Vorw\u00fcrfe zur\u00fcckgewiesen<\/p>\n<p>\u00abEs war nicht eine kurze missverst\u00e4ndliche \u00c4u\u00dferung, er hat es wiederholt\u00bb, sagte Schapira. Auch im Hinblick auf die somalischst\u00e4mmige Drehbuchautorin und Frauenrechtlerin, Ayaan Hirsi Ali, habe sich Muhabbet deutlich ge\u00e4u\u00dfert. Muhabbets Manager habe das Gespr\u00e4ch mit der Anregung aufgel\u00f6st, sich die Dokumentation zun\u00e4chst anzusehen. Bis dahin hatten sie laut Schapira nur den f\u00fcr die Preisverleihung zusammengestellten Trailer gesehen.<\/p>\n<p>Muhabbet wies die Vorw\u00fcrfe am Montagabend entschieden zur\u00fcck: \u00abIch finde jeglichen Mordaufruf katastrophal und w\u00fcrde mich \u00fcberall gegen stellen\u00bb, sagte er der ARD. Er finde es abscheulich, Menschen f\u00fcr irgendetwas zu bestrafen. \u00abDas macht der liebe Herr da oben, egal welchen Glaubens\u00bb, sagte Muhabbet weiter. Er weise jede Art von Anschuldigung zur\u00fcck, einen Mordaufruf zu verherrlichen. \u00abDazu bin ich einfach viel zu sehr sozial engagiert und viel zu gut erzogen worden.\u00bb<\/p>\n<p>Sein Management beim Plattenlabel Plak Music betonte am Dienstag gegen\u00fcber AP, wer Muhabbet kenne, wisse, dass er gegen Gewalt und Mord k\u00e4mpfe. Die Sache sei nicht wie geschildert passiert, sagte Gesch\u00e4ftsf\u00fchrer \u00dcnal Y\u00fcksel und f\u00fcgte hinzu: \u00abWir wollen aber jetzt kein Fass aufmachen.\u00bb<\/p>\n<p>Steinmeier weist auf Muhabbets Engagement hin<\/p>\n<p>Bundesau\u00dfenminister Steinmeier stellte sich hinter Muhabbet: Er habe keine Anhaltspunkte f\u00fcr das, was ihm vorgeworfen worden sei. \u00abIm Gegenteil: Ich h\u00e4tte mir gew\u00fcnscht,&#8230; dass man sich vielleicht konkret mit dem besch\u00e4ftigt, was Herr Muhabbet in den letzten zwei Jahren gemacht hat\u00bb, sagte Steinmeier in der ARD und verwies auf Kooperationen mit der Bundesregierung. Muhabbet war im vergangenen Jahr mit Steinmeier in Istanbul und engagierte sich unter anderem f\u00fcr die Kampagne \u00abSchau hin!\u00bb.<\/p>\n<p>\u00abEr hat sich immer gegen Gewalt ausgesprochen und f\u00fcr Integration\u00bb, betonte der Minister. Er h\u00e4tte sich etwas mehr Zur\u00fcckhaltung und Sorgfalt bei der Recherche gew\u00fcnscht. \u00abIch bin daf\u00fcr, dass wir unaufgeregt damit umgehen\u00bb, sagte Steinmeier. Dar\u00fcber hinaus wollte das Ministerium keine weitere Stellungnahme abgeben.<\/p>\n<p>Schapira wiederum wies die Vorw\u00fcrfe der mangelnden Recherche im Gespr\u00e4ch mit AP zur\u00fcck. Schlie\u00dflich habe sich Muhabbet direkt ihr gegen\u00fcber ge\u00e4u\u00dfert: \u00abWenn hier von mangelnder Recherche die Rede sein kann, dann von Seiten des Au\u00dfenministeriums.\u00bb Auch Taylan best\u00e4tigte der AP den Hergang des Abends und kritisierte die Politik: \u00abSie sollte besser aufpassen, wen sie als Integrationsfigur behandelt.\u00bb Integrationspolitik sei nicht gemeinsames Singen \u2013 es gebe andere Probleme. Von Muhabbet habe er erwartet, dass er sich \u00f6ffentlich entschuldige.<\/p>\n<p>\u00abNie irgendwo aufgefallen\u00bb<\/p>\n<p>Der Vorfall sorgte f\u00fcr \u00dcberraschung in der Branche. \u00abMuhabbet ist noch nie irgendwo aufgefallen\u00bb, sagte der Leiter der Musikredaktion des RBB-H\u00f6rfunksenders radiomultikulti, Tobias Maier, der AP. Er habe den S\u00e4nger schon mehrfach interviewt, ihn als freundlichen Zeitgenossen kennen gelernt und sch\u00e4tze ihn als ehrlich ein.<\/p>\n<p>\u00abIch kann nicht in ihn reinblicken, w\u00fcrde aber behaupten, dass er nie und nimmer zu solcher Gewalt aufrufen w\u00fcrde\u00bb, f\u00fcgte Maier hinzu. Politische \u00c4u\u00dferungen seien im allgemeinen auch nicht Muhabbets Thema, er gehe in Schulen und arbeite mit Jugendlichen. \u00abEr hat mit seiner Musik viel erreicht\u00bb, sagte Maier. Das Au\u00dfenministerium sei nicht von ungef\u00e4hr auf ihn gekommen: \u00abEs gibt wenige von seiner Sorte in Deutschland \u2013 traurig genug.\u00bb (Simone Utler, AP) <\/p>\n","protected":false},"excerpt":{"rendered":"<p>QUELLE: AP\/NETZEITUNG.de<\/p>\n","protected":false},"author":2,"featured_media":0,"comment_status":"closed","ping_status":"closed","sticky":false,"template":"","format":"standard","meta":{"footnotes":""},"categories":[11],"tags":[],"class_list":["post-85015","post","type-post","status-publish","format-standard","hentry","category-femkultur","entry"],"yoast_head":"<!-- This site is optimized with the Yoast SEO plugin v21.0 - https:\/\/yoast.com\/wordpress\/plugins\/seo\/ -->\n<title>PRESSE: Esther Schapira - Muhabbet ist extremistisch - Feminissima<\/title>\n<meta name=\"robots\" content=\"index, follow, max-snippet:-1, max-image-preview:large, max-video-preview:-1\" \/>\n<link rel=\"canonical\" href=\"https:\/\/feminissima.de\/index.php\/2007\/11\/14\/presse-esther-schapira-muhabbet-ist-extremistisch\/\" \/>\n<meta property=\"og:locale\" content=\"de_DE\" \/>\n<meta property=\"og:type\" content=\"article\" \/>\n<meta property=\"og:title\" content=\"PRESSE: Esther Schapira - Muhabbet ist extremistisch - Feminissima\" \/>\n<meta property=\"og:description\" content=\"QUELLE: AP\/NETZEITUNG.de\" \/>\n<meta property=\"og:url\" content=\"https:\/\/feminissima.de\/index.php\/2007\/11\/14\/presse-esther-schapira-muhabbet-ist-extremistisch\/\" \/>\n<meta property=\"og:site_name\" content=\"Feminissima\" \/>\n<meta property=\"article:published_time\" content=\"2007-11-14T09:14:11+00:00\" \/>\n<meta name=\"author\" content=\"admin\" \/>\n<meta name=\"twitter:card\" content=\"summary_large_image\" \/>\n<meta name=\"twitter:label1\" content=\"Verfasst von\" \/>\n\t<meta name=\"twitter:data1\" content=\"admin\" \/>\n\t<meta name=\"twitter:label2\" content=\"Gesch\u00e4tzte Lesezeit\" \/>\n\t<meta name=\"twitter:data2\" content=\"4\u00a0Minuten\" \/>\n<script type=\"application\/ld+json\" class=\"yoast-schema-graph\">{\"@context\":\"https:\/\/schema.org\",\"@graph\":[{\"@type\":\"WebPage\",\"@id\":\"https:\/\/feminissima.de\/index.php\/2007\/11\/14\/presse-esther-schapira-muhabbet-ist-extremistisch\/\",\"url\":\"https:\/\/feminissima.de\/index.php\/2007\/11\/14\/presse-esther-schapira-muhabbet-ist-extremistisch\/\",\"name\":\"PRESSE: Esther Schapira - Muhabbet ist extremistisch - Feminissima\",\"isPartOf\":{\"@id\":\"https:\/\/feminissima.de\/#website\"},\"datePublished\":\"2007-11-14T09:14:11+00:00\",\"dateModified\":\"2007-11-14T09:14:11+00:00\",\"author\":{\"@id\":\"https:\/\/feminissima.de\/#\/schema\/person\/0b901e053624f88e7ecbea289d9d5128\"},\"breadcrumb\":{\"@id\":\"https:\/\/feminissima.de\/index.php\/2007\/11\/14\/presse-esther-schapira-muhabbet-ist-extremistisch\/#breadcrumb\"},\"inLanguage\":\"de\",\"potentialAction\":[{\"@type\":\"ReadAction\",\"target\":[\"https:\/\/feminissima.de\/index.php\/2007\/11\/14\/presse-esther-schapira-muhabbet-ist-extremistisch\/\"]}]},{\"@type\":\"BreadcrumbList\",\"@id\":\"https:\/\/feminissima.de\/index.php\/2007\/11\/14\/presse-esther-schapira-muhabbet-ist-extremistisch\/#breadcrumb\",\"itemListElement\":[{\"@type\":\"ListItem\",\"position\":1,\"name\":\"Startseite\",\"item\":\"https:\/\/feminissima.de\/\"},{\"@type\":\"ListItem\",\"position\":2,\"name\":\"PRESSE: Esther Schapira &#8211; Muhabbet ist extremistisch\"}]},{\"@type\":\"WebSite\",\"@id\":\"https:\/\/feminissima.de\/#website\",\"url\":\"https:\/\/feminissima.de\/\",\"name\":\"Feminissima\",\"description\":\"\",\"potentialAction\":[{\"@type\":\"SearchAction\",\"target\":{\"@type\":\"EntryPoint\",\"urlTemplate\":\"https:\/\/feminissima.de\/?s={search_term_string}\"},\"query-input\":\"required name=search_term_string\"}],\"inLanguage\":\"de\"},{\"@type\":\"Person\",\"@id\":\"https:\/\/feminissima.de\/#\/schema\/person\/0b901e053624f88e7ecbea289d9d5128\",\"name\":\"admin\",\"image\":{\"@type\":\"ImageObject\",\"inLanguage\":\"de\",\"@id\":\"https:\/\/feminissima.de\/#\/schema\/person\/image\/\",\"url\":\"https:\/\/secure.gravatar.com\/avatar\/8da1f51327453c0bf63338e8e2a791948b7d2ac19b68839492d1e69aac6924a8?s=96&d=mm&r=g\",\"contentUrl\":\"https:\/\/secure.gravatar.com\/avatar\/8da1f51327453c0bf63338e8e2a791948b7d2ac19b68839492d1e69aac6924a8?s=96&d=mm&r=g\",\"caption\":\"admin\"},\"url\":\"https:\/\/feminissima.de\/index.php\/author\/admin\/\"}]}<\/script>\n<!-- \/ Yoast SEO plugin. -->","yoast_head_json":{"title":"PRESSE: Esther Schapira - Muhabbet ist extremistisch - Feminissima","robots":{"index":"index","follow":"follow","max-snippet":"max-snippet:-1","max-image-preview":"max-image-preview:large","max-video-preview":"max-video-preview:-1"},"canonical":"https:\/\/feminissima.de\/index.php\/2007\/11\/14\/presse-esther-schapira-muhabbet-ist-extremistisch\/","og_locale":"de_DE","og_type":"article","og_title":"PRESSE: Esther Schapira - Muhabbet ist extremistisch - Feminissima","og_description":"QUELLE: AP\/NETZEITUNG.de","og_url":"https:\/\/feminissima.de\/index.php\/2007\/11\/14\/presse-esther-schapira-muhabbet-ist-extremistisch\/","og_site_name":"Feminissima","article_published_time":"2007-11-14T09:14:11+00:00","author":"admin","twitter_card":"summary_large_image","twitter_misc":{"Verfasst von":"admin","Gesch\u00e4tzte Lesezeit":"4\u00a0Minuten"},"schema":{"@context":"https:\/\/schema.org","@graph":[{"@type":"WebPage","@id":"https:\/\/feminissima.de\/index.php\/2007\/11\/14\/presse-esther-schapira-muhabbet-ist-extremistisch\/","url":"https:\/\/feminissima.de\/index.php\/2007\/11\/14\/presse-esther-schapira-muhabbet-ist-extremistisch\/","name":"PRESSE: Esther Schapira - Muhabbet ist extremistisch - Feminissima","isPartOf":{"@id":"https:\/\/feminissima.de\/#website"},"datePublished":"2007-11-14T09:14:11+00:00","dateModified":"2007-11-14T09:14:11+00:00","author":{"@id":"https:\/\/feminissima.de\/#\/schema\/person\/0b901e053624f88e7ecbea289d9d5128"},"breadcrumb":{"@id":"https:\/\/feminissima.de\/index.php\/2007\/11\/14\/presse-esther-schapira-muhabbet-ist-extremistisch\/#breadcrumb"},"inLanguage":"de","potentialAction":[{"@type":"ReadAction","target":["https:\/\/feminissima.de\/index.php\/2007\/11\/14\/presse-esther-schapira-muhabbet-ist-extremistisch\/"]}]},{"@type":"BreadcrumbList","@id":"https:\/\/feminissima.de\/index.php\/2007\/11\/14\/presse-esther-schapira-muhabbet-ist-extremistisch\/#breadcrumb","itemListElement":[{"@type":"ListItem","position":1,"name":"Startseite","item":"https:\/\/feminissima.de\/"},{"@type":"ListItem","position":2,"name":"PRESSE: Esther Schapira &#8211; Muhabbet ist extremistisch"}]},{"@type":"WebSite","@id":"https:\/\/feminissima.de\/#website","url":"https:\/\/feminissima.de\/","name":"Feminissima","description":"","potentialAction":[{"@type":"SearchAction","target":{"@type":"EntryPoint","urlTemplate":"https:\/\/feminissima.de\/?s={search_term_string}"},"query-input":"required name=search_term_string"}],"inLanguage":"de"},{"@type":"Person","@id":"https:\/\/feminissima.de\/#\/schema\/person\/0b901e053624f88e7ecbea289d9d5128","name":"admin","image":{"@type":"ImageObject","inLanguage":"de","@id":"https:\/\/feminissima.de\/#\/schema\/person\/image\/","url":"https:\/\/secure.gravatar.com\/avatar\/8da1f51327453c0bf63338e8e2a791948b7d2ac19b68839492d1e69aac6924a8?s=96&d=mm&r=g","contentUrl":"https:\/\/secure.gravatar.com\/avatar\/8da1f51327453c0bf63338e8e2a791948b7d2ac19b68839492d1e69aac6924a8?s=96&d=mm&r=g","caption":"admin"},"url":"https:\/\/feminissima.de\/index.php\/author\/admin\/"}]}},"jetpack_featured_media_url":"","_links":{"self":[{"href":"https:\/\/feminissima.de\/index.php\/wp-json\/wp\/v2\/posts\/85015","targetHints":{"allow":["GET"]}}],"collection":[{"href":"https:\/\/feminissima.de\/index.php\/wp-json\/wp\/v2\/posts"}],"about":[{"href":"https:\/\/feminissima.de\/index.php\/wp-json\/wp\/v2\/types\/post"}],"author":[{"embeddable":true,"href":"https:\/\/feminissima.de\/index.php\/wp-json\/wp\/v2\/users\/2"}],"replies":[{"embeddable":true,"href":"https:\/\/feminissima.de\/index.php\/wp-json\/wp\/v2\/comments?post=85015"}],"version-history":[{"count":0,"href":"https:\/\/feminissima.de\/index.php\/wp-json\/wp\/v2\/posts\/85015\/revisions"}],"wp:attachment":[{"href":"https:\/\/feminissima.de\/index.php\/wp-json\/wp\/v2\/media?parent=85015"}],"wp:term":[{"taxonomy":"category","embeddable":true,"href":"https:\/\/feminissima.de\/index.php\/wp-json\/wp\/v2\/categories?post=85015"},{"taxonomy":"post_tag","embeddable":true,"href":"https:\/\/feminissima.de\/index.php\/wp-json\/wp\/v2\/tags?post=85015"}],"curies":[{"name":"wp","href":"https:\/\/api.w.org\/{rel}","templated":true}]}}