{"id":85013,"date":"2007-11-14T07:47:47","date_gmt":"2007-11-14T07:47:47","guid":{"rendered":"http:\/\/www.feminissima.de\/?p=85013"},"modified":"2007-11-14T07:47:47","modified_gmt":"2007-11-14T07:47:47","slug":"presse-ftd-traumjob-fuer-den-scholzomaten","status":"publish","type":"post","link":"https:\/\/feminissima.de\/index.php\/2007\/11\/14\/presse-ftd-traumjob-fuer-den-scholzomaten\/","title":{"rendered":"PRESSE\/FTD: Traumjob f\u00fcr  den&#8216; Scholzomaten'&#8220;"},"content":{"rendered":"<p>Nach schweren politischen R\u00fcckschl\u00e4gen \u00fcbernimmt der Technokrat Olaf Scholz mit dem Arbeitsministerium sein Wunschressort.<br \/>\nMehr: FTD-online von heute:<\/p>\n<p>Traumjob f\u00fcr den &#8222;Scholzomaten&#8220;<br \/>\nvon Jens Tartler<br \/>\nAls ministrabel gilt er schon l\u00e4nger, doch jetzt kommt sein Aufstieg \u00fcberraschend. Nach schweren politischen R\u00fcckschl\u00e4gen \u00fcbernimmt der Technokrat Olaf Scholz mit dem Arbeitsministerium sein Wunschressort.<\/p>\n<p>Die Wege von Olaf Scholz und Franz M\u00fcntefering kreuzen sich immer wieder. 2002 wird Scholz als Nachfolger M\u00fcnteferings SPD-Generalsekret\u00e4r. Nach der Bundestagswahl 2005 schl\u00e4gt der damalige SPD-Chef den Rechtsanwalt als Ersten Parlamentarischen Gesch\u00e4ftsf\u00fchrer vor. Jetzt \u00fcbernimmt Scholz das Arbeits- und Sozialministerium von M\u00fcntefering. &#8222;Olaf ist von seiner fachlichen und politischen Arbeit her immer sehr nah an dem Thema mit dran&#8220;, sagt M\u00fcntefering \u00fcber seinen Nachfolger. <\/p>\n<p> Z\u00e4her Genosse: Olaf Scholz k\u00e4mpfte sich nach einem Karrieretief 2004 langsam wieder zur\u00fcck in das F\u00fchrungsteam der SPDDer vordergr\u00fcndige Anlass f\u00fcr den Wechsel &#8211; die schwere Erkrankung von M\u00fcnteferings Frau &#8211; war f\u00fcr Scholz nicht absehbar. Doch mit dem Gedanken, irgendwann am Chefschreibtisch im Arbeitsministerium zu sitzen, musste Scholz sich in den vergangenen Wochen immer wieder befassen. W\u00e4hrend des Machtkampfs zwischen M\u00fcntefering und SPD-Chef Kurt Beck um das Arbeitslosengeld I wurde Scholz als einziger ernst zu nehmender Nachfolgekandidat gehandelt, falls M\u00fcntefering schon damals zur\u00fcckgetreten w\u00e4re. Die neue SPD-Vize Andrea Nahles w\u00fcrde sich das Amt zwar auch zutrauen, f\u00fcr sie w\u00e4re der Wechsel aber noch zu fr\u00fch gekommen. <\/p>\n<p>Auch wenn die Umst\u00e4nde unerfreulich sind &#8211; f\u00fcr den 49-j\u00e4hrigen Scholz ist das Amt ein Traumjob. Der Jurist ist Fachanwalt f\u00fcr Arbeitsrecht und hat eine Affinit\u00e4t zur Sozialpolitik. Schon vor Jahren w\u00fchlte er sich freiwillig in die Details der Riester-Rente hinein. Und wer mit ihm \u00fcber Rentenanwartszeiten, Arbeitslosengeld I oder das Schonverm\u00f6gen von Hartz-IV-Empf\u00e4ngern diskutieren will, muss sehr gut vorbereitet sein. <\/p>\n<p>\nZUM THEMA<br \/>\nScholz soll M\u00fcntefering folgen (http:\/\/www.ftd.de\/politik\/deutschland\/:Der%20Soze%20Bord\/278364.html) <br \/>\nNeuer Fels in der Brandung gesucht (http:\/\/www.ftd.de\/politik\/deutschland\/:Neuer%20Fels%20Brandung\/278805.html) <br \/>\nAgenda: Ein Mann, ein Wort (http:\/\/www.ftd.de\/politik\/deutschland\/:Agenda%20Ein%20Mann%20Wort\/278794.html) <br \/>\nLeitartikel: Grosse Koalition &#8211; Achsbruch auf halber Strecke (http:\/\/www.ftd.de\/meinung\/kommentare\/:Leitartikel%20Grosse%20Koalition%20Achsbruch%20Strecke\/278772.html) <br \/>\nM\u00fcnteferings R\u00fcckzug l\u00f6st Bedauern aus (http:\/\/www.ftd.de\/politik\/deutschland\/:Parteispitzen%20M%FCntefering%20Respekt\/278444.html) <br \/>\nBilderserie: Abschied eines Urgesteins: &#8222;M\u00fcnte&#8220; sagt Tsch\u00fcss (http:\/\/www.ftd.de\/politik\/deutschland\/278372.html) <br \/>\nSchwarz-Rot plant Di\u00e4tenerh\u00f6hung im Eilverfahren (http:\/\/www.ftd.de\/politik\/deutschland\/:Schwarz%20Rot%20Di%E4tenerh%F6hung%20Eilverfahren\/275147.html) <br \/>\n\u00bb Che M\u00fcnte \u00ab (http:\/\/www.ftd.de\/politik\/deutschland\/:Che%20M%FCnte\/267785.html) <br \/>\nDiesen Artikel jetzt anh\u00f6ren Dass Scholz schnell und scharf denkt, werden ihm auch politische Gegner nicht absprechen. Defizite hat er an anderer Stelle: Seine manchmal bei\u00dfende Ironie, im schnoddrigen Hamburger Tonfall vorgetragen, wirkt auf einige seiner Mitmenschen verletzend. Er selbst ist dagegen sehr angetan von seinem Humor. <\/p>\n<p>Dass er eher k\u00fchl als einnehmend wirkt, hemmte ihn auch in seiner Zeit als SPD-Generalsekret\u00e4r. Es war sicherlich kein leichter Job, die unpopul\u00e4ren Agenda-Reformen von Kanzler Gerhard Schr\u00f6der zu verkaufen. In der Partei n\u00f6rgelten aber viele, Scholz trete wie ein Regierungssprecher auf und nicht wie ein echter Sozialdemokrat. Seine manchmal technokratische Rhetorik brachte ihm damals den Spottnamen &#8222;Scholzomat&#8220; ein. Auf dem Bochumer Parteitag 2003 bekam er blamable 52,6 Prozent. Im Jahr darauf trat er als Generalsekret\u00e4r zur\u00fcck und gab anschlie\u00dfend auch den Vorsitz der Hamburger SPD auf &#8211; der Tiefpunkt seiner politischen Laufbahn. <\/p>\n<p>Doch der Mann, dem Schr\u00f6der einst Kanzlerf\u00e4higkeiten zugesprochen hatte, k\u00e4mpfte sich mit der Z\u00e4higkeit wieder nach oben, die ihn auszeichnet. Im Visa-Untersuchungsausschuss taktierte er als Obmann geschickt und wendete so noch gr\u00f6\u00dferen Schaden vom damaligen Au\u00dfenminister Joschka Fischer und der rot-gr\u00fcnen Koalition ab. Seine Raffinesse im Umgang mit Gesch\u00e4ftsordnungen und Antr\u00e4gen machte den Juristen zum idealen Kandidaten f\u00fcr das Amt des Fraktionsgesch\u00e4ftsf\u00fchrers. <\/p>\n<p>Die Exekutive ist f\u00fcr Scholz aber auch nicht neu: In Hamburg war er Innensenator &#8211; wenn auch nur von Mai bis Oktober 2001. Dann wurde die rot-gr\u00fcne Koalition dort abgew\u00e4hlt. Scholz, in Osnabr\u00fcck als Sohn eines Textilkaufmanns und einer Verk\u00e4uferin geboren, ist dem Arbeiterviertel Hamburg-Altona immer treu geblieben. Als stellvertretender Bundesvorsitzender der Jusos unterst\u00fctzte er den marxistischen Fl\u00fcgel. Seinen Aufstieg ins Kabinett hat das nicht verhindert. <\/p>\n","protected":false},"excerpt":{"rendered":"<p>Nach schweren politischen R\u00fcckschl\u00e4gen \u00fcbernimmt der Technokrat Olaf Scholz mit dem Arbeitsministerium sein Wunschressort.<br \/>\nMehr: FTD-online von heute:<\/p>\n","protected":false},"author":2,"featured_media":0,"comment_status":"closed","ping_status":"closed","sticky":false,"template":"","format":"standard","meta":{"footnotes":""},"categories":[14],"tags":[],"class_list":["post-85013","post","type-post","status-publish","format-standard","hentry","category-fempolitik","entry"],"yoast_head":"<!-- This site is optimized with the Yoast SEO plugin v21.0 - https:\/\/yoast.com\/wordpress\/plugins\/seo\/ -->\n<title>PRESSE\/FTD: Traumjob f\u00fcr den&#039; Scholzomaten&#039;&quot; - Feminissima<\/title>\n<meta name=\"robots\" content=\"index, follow, max-snippet:-1, max-image-preview:large, max-video-preview:-1\" \/>\n<link rel=\"canonical\" href=\"https:\/\/feminissima.de\/index.php\/2007\/11\/14\/presse-ftd-traumjob-fuer-den-scholzomaten\/\" \/>\n<meta property=\"og:locale\" content=\"de_DE\" \/>\n<meta property=\"og:type\" content=\"article\" \/>\n<meta property=\"og:title\" content=\"PRESSE\/FTD: Traumjob f\u00fcr den&#039; Scholzomaten&#039;&quot; - Feminissima\" \/>\n<meta property=\"og:description\" content=\"Nach schweren politischen R\u00fcckschl\u00e4gen \u00fcbernimmt der Technokrat Olaf Scholz mit dem Arbeitsministerium sein Wunschressort. Mehr: FTD-online von heute:\" \/>\n<meta property=\"og:url\" content=\"https:\/\/feminissima.de\/index.php\/2007\/11\/14\/presse-ftd-traumjob-fuer-den-scholzomaten\/\" \/>\n<meta property=\"og:site_name\" content=\"Feminissima\" \/>\n<meta property=\"article:published_time\" content=\"2007-11-14T07:47:47+00:00\" \/>\n<meta name=\"author\" content=\"admin\" \/>\n<meta name=\"twitter:card\" content=\"summary_large_image\" \/>\n<meta name=\"twitter:label1\" content=\"Verfasst von\" \/>\n\t<meta name=\"twitter:data1\" content=\"admin\" \/>\n\t<meta name=\"twitter:label2\" content=\"Gesch\u00e4tzte Lesezeit\" \/>\n\t<meta name=\"twitter:data2\" content=\"4\u00a0Minuten\" \/>\n<script type=\"application\/ld+json\" class=\"yoast-schema-graph\">{\"@context\":\"https:\/\/schema.org\",\"@graph\":[{\"@type\":\"WebPage\",\"@id\":\"https:\/\/feminissima.de\/index.php\/2007\/11\/14\/presse-ftd-traumjob-fuer-den-scholzomaten\/\",\"url\":\"https:\/\/feminissima.de\/index.php\/2007\/11\/14\/presse-ftd-traumjob-fuer-den-scholzomaten\/\",\"name\":\"PRESSE\/FTD: Traumjob f\u00fcr den' Scholzomaten'\\\" - Feminissima\",\"isPartOf\":{\"@id\":\"https:\/\/feminissima.de\/#website\"},\"datePublished\":\"2007-11-14T07:47:47+00:00\",\"dateModified\":\"2007-11-14T07:47:47+00:00\",\"author\":{\"@id\":\"https:\/\/feminissima.de\/#\/schema\/person\/0b901e053624f88e7ecbea289d9d5128\"},\"breadcrumb\":{\"@id\":\"https:\/\/feminissima.de\/index.php\/2007\/11\/14\/presse-ftd-traumjob-fuer-den-scholzomaten\/#breadcrumb\"},\"inLanguage\":\"de\",\"potentialAction\":[{\"@type\":\"ReadAction\",\"target\":[\"https:\/\/feminissima.de\/index.php\/2007\/11\/14\/presse-ftd-traumjob-fuer-den-scholzomaten\/\"]}]},{\"@type\":\"BreadcrumbList\",\"@id\":\"https:\/\/feminissima.de\/index.php\/2007\/11\/14\/presse-ftd-traumjob-fuer-den-scholzomaten\/#breadcrumb\",\"itemListElement\":[{\"@type\":\"ListItem\",\"position\":1,\"name\":\"Startseite\",\"item\":\"https:\/\/feminissima.de\/\"},{\"@type\":\"ListItem\",\"position\":2,\"name\":\"PRESSE\/FTD: Traumjob f\u00fcr den&#8216; Scholzomaten'&#8220;\"}]},{\"@type\":\"WebSite\",\"@id\":\"https:\/\/feminissima.de\/#website\",\"url\":\"https:\/\/feminissima.de\/\",\"name\":\"Feminissima\",\"description\":\"\",\"potentialAction\":[{\"@type\":\"SearchAction\",\"target\":{\"@type\":\"EntryPoint\",\"urlTemplate\":\"https:\/\/feminissima.de\/?s={search_term_string}\"},\"query-input\":\"required name=search_term_string\"}],\"inLanguage\":\"de\"},{\"@type\":\"Person\",\"@id\":\"https:\/\/feminissima.de\/#\/schema\/person\/0b901e053624f88e7ecbea289d9d5128\",\"name\":\"admin\",\"image\":{\"@type\":\"ImageObject\",\"inLanguage\":\"de\",\"@id\":\"https:\/\/feminissima.de\/#\/schema\/person\/image\/\",\"url\":\"https:\/\/secure.gravatar.com\/avatar\/8da1f51327453c0bf63338e8e2a791948b7d2ac19b68839492d1e69aac6924a8?s=96&d=mm&r=g\",\"contentUrl\":\"https:\/\/secure.gravatar.com\/avatar\/8da1f51327453c0bf63338e8e2a791948b7d2ac19b68839492d1e69aac6924a8?s=96&d=mm&r=g\",\"caption\":\"admin\"},\"url\":\"https:\/\/feminissima.de\/index.php\/author\/admin\/\"}]}<\/script>\n<!-- \/ Yoast SEO plugin. -->","yoast_head_json":{"title":"PRESSE\/FTD: Traumjob f\u00fcr den' Scholzomaten'\" - Feminissima","robots":{"index":"index","follow":"follow","max-snippet":"max-snippet:-1","max-image-preview":"max-image-preview:large","max-video-preview":"max-video-preview:-1"},"canonical":"https:\/\/feminissima.de\/index.php\/2007\/11\/14\/presse-ftd-traumjob-fuer-den-scholzomaten\/","og_locale":"de_DE","og_type":"article","og_title":"PRESSE\/FTD: Traumjob f\u00fcr den' Scholzomaten'\" - Feminissima","og_description":"Nach schweren politischen R\u00fcckschl\u00e4gen \u00fcbernimmt der Technokrat Olaf Scholz mit dem Arbeitsministerium sein Wunschressort. Mehr: FTD-online von heute:","og_url":"https:\/\/feminissima.de\/index.php\/2007\/11\/14\/presse-ftd-traumjob-fuer-den-scholzomaten\/","og_site_name":"Feminissima","article_published_time":"2007-11-14T07:47:47+00:00","author":"admin","twitter_card":"summary_large_image","twitter_misc":{"Verfasst von":"admin","Gesch\u00e4tzte Lesezeit":"4\u00a0Minuten"},"schema":{"@context":"https:\/\/schema.org","@graph":[{"@type":"WebPage","@id":"https:\/\/feminissima.de\/index.php\/2007\/11\/14\/presse-ftd-traumjob-fuer-den-scholzomaten\/","url":"https:\/\/feminissima.de\/index.php\/2007\/11\/14\/presse-ftd-traumjob-fuer-den-scholzomaten\/","name":"PRESSE\/FTD: Traumjob f\u00fcr den' Scholzomaten'\" - Feminissima","isPartOf":{"@id":"https:\/\/feminissima.de\/#website"},"datePublished":"2007-11-14T07:47:47+00:00","dateModified":"2007-11-14T07:47:47+00:00","author":{"@id":"https:\/\/feminissima.de\/#\/schema\/person\/0b901e053624f88e7ecbea289d9d5128"},"breadcrumb":{"@id":"https:\/\/feminissima.de\/index.php\/2007\/11\/14\/presse-ftd-traumjob-fuer-den-scholzomaten\/#breadcrumb"},"inLanguage":"de","potentialAction":[{"@type":"ReadAction","target":["https:\/\/feminissima.de\/index.php\/2007\/11\/14\/presse-ftd-traumjob-fuer-den-scholzomaten\/"]}]},{"@type":"BreadcrumbList","@id":"https:\/\/feminissima.de\/index.php\/2007\/11\/14\/presse-ftd-traumjob-fuer-den-scholzomaten\/#breadcrumb","itemListElement":[{"@type":"ListItem","position":1,"name":"Startseite","item":"https:\/\/feminissima.de\/"},{"@type":"ListItem","position":2,"name":"PRESSE\/FTD: Traumjob f\u00fcr den&#8216; Scholzomaten'&#8220;"}]},{"@type":"WebSite","@id":"https:\/\/feminissima.de\/#website","url":"https:\/\/feminissima.de\/","name":"Feminissima","description":"","potentialAction":[{"@type":"SearchAction","target":{"@type":"EntryPoint","urlTemplate":"https:\/\/feminissima.de\/?s={search_term_string}"},"query-input":"required name=search_term_string"}],"inLanguage":"de"},{"@type":"Person","@id":"https:\/\/feminissima.de\/#\/schema\/person\/0b901e053624f88e7ecbea289d9d5128","name":"admin","image":{"@type":"ImageObject","inLanguage":"de","@id":"https:\/\/feminissima.de\/#\/schema\/person\/image\/","url":"https:\/\/secure.gravatar.com\/avatar\/8da1f51327453c0bf63338e8e2a791948b7d2ac19b68839492d1e69aac6924a8?s=96&d=mm&r=g","contentUrl":"https:\/\/secure.gravatar.com\/avatar\/8da1f51327453c0bf63338e8e2a791948b7d2ac19b68839492d1e69aac6924a8?s=96&d=mm&r=g","caption":"admin"},"url":"https:\/\/feminissima.de\/index.php\/author\/admin\/"}]}},"jetpack_featured_media_url":"","_links":{"self":[{"href":"https:\/\/feminissima.de\/index.php\/wp-json\/wp\/v2\/posts\/85013","targetHints":{"allow":["GET"]}}],"collection":[{"href":"https:\/\/feminissima.de\/index.php\/wp-json\/wp\/v2\/posts"}],"about":[{"href":"https:\/\/feminissima.de\/index.php\/wp-json\/wp\/v2\/types\/post"}],"author":[{"embeddable":true,"href":"https:\/\/feminissima.de\/index.php\/wp-json\/wp\/v2\/users\/2"}],"replies":[{"embeddable":true,"href":"https:\/\/feminissima.de\/index.php\/wp-json\/wp\/v2\/comments?post=85013"}],"version-history":[{"count":0,"href":"https:\/\/feminissima.de\/index.php\/wp-json\/wp\/v2\/posts\/85013\/revisions"}],"wp:attachment":[{"href":"https:\/\/feminissima.de\/index.php\/wp-json\/wp\/v2\/media?parent=85013"}],"wp:term":[{"taxonomy":"category","embeddable":true,"href":"https:\/\/feminissima.de\/index.php\/wp-json\/wp\/v2\/categories?post=85013"},{"taxonomy":"post_tag","embeddable":true,"href":"https:\/\/feminissima.de\/index.php\/wp-json\/wp\/v2\/tags?post=85013"}],"curies":[{"name":"wp","href":"https:\/\/api.w.org\/{rel}","templated":true}]}}