{"id":85012,"date":"2007-11-14T05:53:39","date_gmt":"2007-11-14T05:53:39","guid":{"rendered":"http:\/\/www.feminissima.de\/?p=85012"},"modified":"2007-11-14T05:53:39","modified_gmt":"2007-11-14T05:53:39","slug":"pinn-heute-abend-buchpremiere-im-buchhaendler-keller","status":"publish","type":"post","link":"https:\/\/feminissima.de\/index.php\/2007\/11\/14\/pinn-heute-abend-buchpremiere-im-buchhaendler-keller\/","title":{"rendered":"PINN: Heute Abend Buchpremiere im BUCHH\u00c4NDLER-KELLER"},"content":{"rendered":"<p>Ismet El\u00e7i<br \/>\nliest aus seinem Erz\u00e4hlungsband<\/p>\n<p>DER ROSAROTE FAHRSTUHL<\/p>\n<p>zur Buchpremiere l\u00e4dt der Verlag Hans Schiler ein:<br \/>B    U    C    H    H    \u00c4     N    D    L    E    R    K    E    L    L    E    R<\/p>\n<p>\nCarmerstr. 1 &#8211; parterre, nahe Steinplatz, 10623 Berlin-Charlottenburg<\/p>\n<p>info@buchhaendlerkeller-berlin.de   www.buchhaendlerkeller-berlin.de<\/p>\n<p>\nMittwoch<br \/>\n14. November 2007<\/p>\n<p>BEGINN:<br \/>\n20.30 Uhr<\/p>\n<p>Im Rahmen der Lesung aus den Exil, Fremde und Heimat behandelnden Erz\u00e4hlungen <\/p>\n<p>f\u00fchrt Clemens Zerling ein Gespr\u00e4ch mit dem Autor<\/p>\n<p>Ismet El\u00e7i, geboren 1964 in Ostanatolien, kam Ende der siebziger Jahre aus politischen Gr\u00fcnden aus der T\u00fcrkei nach Berlin und arbeitet hier als Regisseur und Autor. &#8222;Der rosarote Fahrstuhl&#8220; ist seine sechste Buchver\u00f6ffentlichung. Seit Mitte der achtziger Jahre drehte er mehrere Spielfilme. Sein dreiteiliger Fernsehfilm &#8222;Sinan ohne Land&#8220; wurde mit dem ARD-Filmpreis &#8222;Civis&#8220; ausgezeichnet. F\u00fcr seine literarische Arbeit erhielt er 1993 den &#8222;Adalbert von Chamisso-F\u00f6rderpreis&#8220;.<\/p>\n<p>\nZur Zeit w\u00e4hrend der Lesungen und Veranstaltungen zu sehen:<\/p>\n<p>Lisa M. Stybor<br \/>\nSonnengesang<\/p>\n<p>Wasserfarben erz\u00e4hlen auf Papier von einem Wechselgesang zwischen zwei Landschaften<\/p>\n<p>&#8211; der Toskana und Korsika &#8211;<\/p>\n<p>\nArbeitskreis Berliner Jungbuchh\u00e4ndler e.V.    Carmerstr. 1  10623 Berlin-Charlottenburg<\/p>\n<p><\/p>\n","protected":false},"excerpt":{"rendered":"<p>Ismet El\u00e7i<br \/>\nliest aus seinem Erz\u00e4hlungsband<\/p>\n<p>DER ROSAROTE FAHRSTUHL<\/p>\n<p>zur Buchpremiere l\u00e4dt der Verlag Hans Schiler ein:<\/p>\n","protected":false},"author":2,"featured_media":0,"comment_status":"closed","ping_status":"closed","sticky":false,"template":"","format":"standard","meta":{"footnotes":""},"categories":[26],"tags":[],"class_list":["post-85012","post","type-post","status-publish","format-standard","hentry","category-pinnwand","entry"],"yoast_head":"<!-- This site is optimized with the Yoast SEO plugin v21.0 - https:\/\/yoast.com\/wordpress\/plugins\/seo\/ -->\n<title>PINN: Heute Abend Buchpremiere im BUCHH\u00c4NDLER-KELLER - Feminissima<\/title>\n<meta name=\"robots\" content=\"index, follow, max-snippet:-1, max-image-preview:large, max-video-preview:-1\" \/>\n<link rel=\"canonical\" href=\"https:\/\/feminissima.de\/index.php\/2007\/11\/14\/pinn-heute-abend-buchpremiere-im-buchhaendler-keller\/\" \/>\n<meta property=\"og:locale\" content=\"de_DE\" \/>\n<meta property=\"og:type\" content=\"article\" \/>\n<meta property=\"og:title\" content=\"PINN: Heute Abend Buchpremiere im BUCHH\u00c4NDLER-KELLER - Feminissima\" \/>\n<meta property=\"og:description\" content=\"Ismet El\u00e7i liest aus seinem Erz\u00e4hlungsband DER ROSAROTE FAHRSTUHL zur Buchpremiere l\u00e4dt der Verlag Hans Schiler ein:\" \/>\n<meta property=\"og:url\" content=\"https:\/\/feminissima.de\/index.php\/2007\/11\/14\/pinn-heute-abend-buchpremiere-im-buchhaendler-keller\/\" \/>\n<meta property=\"og:site_name\" content=\"Feminissima\" \/>\n<meta property=\"article:published_time\" content=\"2007-11-14T05:53:39+00:00\" \/>\n<meta name=\"author\" content=\"admin\" \/>\n<meta name=\"twitter:card\" content=\"summary_large_image\" \/>\n<meta name=\"twitter:label1\" content=\"Verfasst von\" \/>\n\t<meta name=\"twitter:data1\" content=\"admin\" \/>\n\t<meta name=\"twitter:label2\" content=\"Gesch\u00e4tzte Lesezeit\" \/>\n\t<meta name=\"twitter:data2\" content=\"1\u00a0Minute\" \/>\n<script type=\"application\/ld+json\" class=\"yoast-schema-graph\">{\"@context\":\"https:\/\/schema.org\",\"@graph\":[{\"@type\":\"WebPage\",\"@id\":\"https:\/\/feminissima.de\/index.php\/2007\/11\/14\/pinn-heute-abend-buchpremiere-im-buchhaendler-keller\/\",\"url\":\"https:\/\/feminissima.de\/index.php\/2007\/11\/14\/pinn-heute-abend-buchpremiere-im-buchhaendler-keller\/\",\"name\":\"PINN: Heute Abend Buchpremiere im BUCHH\u00c4NDLER-KELLER - Feminissima\",\"isPartOf\":{\"@id\":\"https:\/\/feminissima.de\/#website\"},\"datePublished\":\"2007-11-14T05:53:39+00:00\",\"dateModified\":\"2007-11-14T05:53:39+00:00\",\"author\":{\"@id\":\"https:\/\/feminissima.de\/#\/schema\/person\/0b901e053624f88e7ecbea289d9d5128\"},\"breadcrumb\":{\"@id\":\"https:\/\/feminissima.de\/index.php\/2007\/11\/14\/pinn-heute-abend-buchpremiere-im-buchhaendler-keller\/#breadcrumb\"},\"inLanguage\":\"de\",\"potentialAction\":[{\"@type\":\"ReadAction\",\"target\":[\"https:\/\/feminissima.de\/index.php\/2007\/11\/14\/pinn-heute-abend-buchpremiere-im-buchhaendler-keller\/\"]}]},{\"@type\":\"BreadcrumbList\",\"@id\":\"https:\/\/feminissima.de\/index.php\/2007\/11\/14\/pinn-heute-abend-buchpremiere-im-buchhaendler-keller\/#breadcrumb\",\"itemListElement\":[{\"@type\":\"ListItem\",\"position\":1,\"name\":\"Startseite\",\"item\":\"https:\/\/feminissima.de\/\"},{\"@type\":\"ListItem\",\"position\":2,\"name\":\"PINN: Heute Abend Buchpremiere im BUCHH\u00c4NDLER-KELLER\"}]},{\"@type\":\"WebSite\",\"@id\":\"https:\/\/feminissima.de\/#website\",\"url\":\"https:\/\/feminissima.de\/\",\"name\":\"Feminissima\",\"description\":\"\",\"potentialAction\":[{\"@type\":\"SearchAction\",\"target\":{\"@type\":\"EntryPoint\",\"urlTemplate\":\"https:\/\/feminissima.de\/?s={search_term_string}\"},\"query-input\":\"required name=search_term_string\"}],\"inLanguage\":\"de\"},{\"@type\":\"Person\",\"@id\":\"https:\/\/feminissima.de\/#\/schema\/person\/0b901e053624f88e7ecbea289d9d5128\",\"name\":\"admin\",\"image\":{\"@type\":\"ImageObject\",\"inLanguage\":\"de\",\"@id\":\"https:\/\/feminissima.de\/#\/schema\/person\/image\/\",\"url\":\"https:\/\/secure.gravatar.com\/avatar\/8da1f51327453c0bf63338e8e2a791948b7d2ac19b68839492d1e69aac6924a8?s=96&d=mm&r=g\",\"contentUrl\":\"https:\/\/secure.gravatar.com\/avatar\/8da1f51327453c0bf63338e8e2a791948b7d2ac19b68839492d1e69aac6924a8?s=96&d=mm&r=g\",\"caption\":\"admin\"},\"url\":\"https:\/\/feminissima.de\/index.php\/author\/admin\/\"}]}<\/script>\n<!-- \/ Yoast SEO plugin. -->","yoast_head_json":{"title":"PINN: Heute Abend Buchpremiere im BUCHH\u00c4NDLER-KELLER - Feminissima","robots":{"index":"index","follow":"follow","max-snippet":"max-snippet:-1","max-image-preview":"max-image-preview:large","max-video-preview":"max-video-preview:-1"},"canonical":"https:\/\/feminissima.de\/index.php\/2007\/11\/14\/pinn-heute-abend-buchpremiere-im-buchhaendler-keller\/","og_locale":"de_DE","og_type":"article","og_title":"PINN: Heute Abend Buchpremiere im BUCHH\u00c4NDLER-KELLER - Feminissima","og_description":"Ismet El\u00e7i liest aus seinem Erz\u00e4hlungsband DER ROSAROTE FAHRSTUHL zur Buchpremiere l\u00e4dt der Verlag Hans Schiler ein:","og_url":"https:\/\/feminissima.de\/index.php\/2007\/11\/14\/pinn-heute-abend-buchpremiere-im-buchhaendler-keller\/","og_site_name":"Feminissima","article_published_time":"2007-11-14T05:53:39+00:00","author":"admin","twitter_card":"summary_large_image","twitter_misc":{"Verfasst von":"admin","Gesch\u00e4tzte Lesezeit":"1\u00a0Minute"},"schema":{"@context":"https:\/\/schema.org","@graph":[{"@type":"WebPage","@id":"https:\/\/feminissima.de\/index.php\/2007\/11\/14\/pinn-heute-abend-buchpremiere-im-buchhaendler-keller\/","url":"https:\/\/feminissima.de\/index.php\/2007\/11\/14\/pinn-heute-abend-buchpremiere-im-buchhaendler-keller\/","name":"PINN: Heute Abend Buchpremiere im BUCHH\u00c4NDLER-KELLER - Feminissima","isPartOf":{"@id":"https:\/\/feminissima.de\/#website"},"datePublished":"2007-11-14T05:53:39+00:00","dateModified":"2007-11-14T05:53:39+00:00","author":{"@id":"https:\/\/feminissima.de\/#\/schema\/person\/0b901e053624f88e7ecbea289d9d5128"},"breadcrumb":{"@id":"https:\/\/feminissima.de\/index.php\/2007\/11\/14\/pinn-heute-abend-buchpremiere-im-buchhaendler-keller\/#breadcrumb"},"inLanguage":"de","potentialAction":[{"@type":"ReadAction","target":["https:\/\/feminissima.de\/index.php\/2007\/11\/14\/pinn-heute-abend-buchpremiere-im-buchhaendler-keller\/"]}]},{"@type":"BreadcrumbList","@id":"https:\/\/feminissima.de\/index.php\/2007\/11\/14\/pinn-heute-abend-buchpremiere-im-buchhaendler-keller\/#breadcrumb","itemListElement":[{"@type":"ListItem","position":1,"name":"Startseite","item":"https:\/\/feminissima.de\/"},{"@type":"ListItem","position":2,"name":"PINN: Heute Abend Buchpremiere im BUCHH\u00c4NDLER-KELLER"}]},{"@type":"WebSite","@id":"https:\/\/feminissima.de\/#website","url":"https:\/\/feminissima.de\/","name":"Feminissima","description":"","potentialAction":[{"@type":"SearchAction","target":{"@type":"EntryPoint","urlTemplate":"https:\/\/feminissima.de\/?s={search_term_string}"},"query-input":"required name=search_term_string"}],"inLanguage":"de"},{"@type":"Person","@id":"https:\/\/feminissima.de\/#\/schema\/person\/0b901e053624f88e7ecbea289d9d5128","name":"admin","image":{"@type":"ImageObject","inLanguage":"de","@id":"https:\/\/feminissima.de\/#\/schema\/person\/image\/","url":"https:\/\/secure.gravatar.com\/avatar\/8da1f51327453c0bf63338e8e2a791948b7d2ac19b68839492d1e69aac6924a8?s=96&d=mm&r=g","contentUrl":"https:\/\/secure.gravatar.com\/avatar\/8da1f51327453c0bf63338e8e2a791948b7d2ac19b68839492d1e69aac6924a8?s=96&d=mm&r=g","caption":"admin"},"url":"https:\/\/feminissima.de\/index.php\/author\/admin\/"}]}},"jetpack_featured_media_url":"","_links":{"self":[{"href":"https:\/\/feminissima.de\/index.php\/wp-json\/wp\/v2\/posts\/85012","targetHints":{"allow":["GET"]}}],"collection":[{"href":"https:\/\/feminissima.de\/index.php\/wp-json\/wp\/v2\/posts"}],"about":[{"href":"https:\/\/feminissima.de\/index.php\/wp-json\/wp\/v2\/types\/post"}],"author":[{"embeddable":true,"href":"https:\/\/feminissima.de\/index.php\/wp-json\/wp\/v2\/users\/2"}],"replies":[{"embeddable":true,"href":"https:\/\/feminissima.de\/index.php\/wp-json\/wp\/v2\/comments?post=85012"}],"version-history":[{"count":0,"href":"https:\/\/feminissima.de\/index.php\/wp-json\/wp\/v2\/posts\/85012\/revisions"}],"wp:attachment":[{"href":"https:\/\/feminissima.de\/index.php\/wp-json\/wp\/v2\/media?parent=85012"}],"wp:term":[{"taxonomy":"category","embeddable":true,"href":"https:\/\/feminissima.de\/index.php\/wp-json\/wp\/v2\/categories?post=85012"},{"taxonomy":"post_tag","embeddable":true,"href":"https:\/\/feminissima.de\/index.php\/wp-json\/wp\/v2\/tags?post=85012"}],"curies":[{"name":"wp","href":"https:\/\/api.w.org\/{rel}","templated":true}]}}