{"id":85008,"date":"2007-11-01T03:50:51","date_gmt":"2007-11-01T03:50:51","guid":{"rendered":"http:\/\/www.feminissima.de\/?p=85008"},"modified":"2007-11-01T03:50:51","modified_gmt":"2007-11-01T03:50:51","slug":"faz-sz-perlentaucher-urteil-in-diesem-monat","status":"publish","type":"post","link":"https:\/\/feminissima.de\/index.php\/2007\/11\/01\/faz-sz-perlentaucher-urteil-in-diesem-monat\/","title":{"rendered":"FAZ &#038; SZ  .\/.PERLENTAUCHER\/Urteil  in diesem Monat"},"content":{"rendered":"<p>Am 13. November will das OlG Frankfurt\/Main dann Recht sprechen..mehr: (Quelle: Perlentaucher)<br \/>Das Urteil in Sachen FAZ und SZ gegen Perlentaucher ergeht am 13. November. In der etwa zweist\u00fcndigen Verhandlung vor dem Oberlandesgericht Frankfurt wurde deutlich, dass keine der beiden Seiten einen Vergleich anstrebt. Die Gegenseite hat Haupt- und Hilfsantr\u00e4ge zum Teil neu formuliert. Die Richter werden Revision zulassen, so dass die Sache m\u00f6glicherweise vor dem Bundesgerichtshof weiterverhandelt wird.<\/p>\n<p>Erste Reaktionen in der Presse: Eine kurze Zusammenfassung findet sich bei 3sat. In der FR kommentiert Daland Segler. Der Deutschlandfunk hat \u00fcber die Verhandlung berichtet (den Beitrag kann man sich anh\u00f6ren, der Link steht in der rechten Spalte unter &#8222;Audio on demand&#8220;). Und bei Heise steht ein &#8211; nicht ganz korrekter &#8211; Bericht (es geht in dem Prozess nicht um &#8222;Heute in den Feuilletons&#8220;, sondern um die Rezensionsnotizen in unserer B\u00fccherschau). Aber der Artikel hat eine lebhafte Debatte ausgel\u00f6st.<\/p>\n<p>\n8. Oktober<\/p>\n<p>Nachdem der Termin zwei Mal verschoben worden ist, findet nun morgen, am 9. Oktober, vor dem Oberlandesgericht Frankfurt in zweiter Instanz der Prozess FAZ und SZ gegen Perlentaucher statt. Die beiden Zeitungen haben sich zusammengetan, um gegen eine angebliche Gesch\u00e4ftssch\u00e4digung durch den Perlentaucher zu klagen. In erster Instanz hat der Perlentaucher den Prozess vor dem Landgericht Frankfurt mit Urteil vom 24. November letzten Jahres gewonnen. Die Presse berichtete.<\/p>\n<p>In zweiter Instanz bleiben FAZ und SZ bei ihren Vorw\u00fcrfen. Kurz gesagt m\u00f6chten die beiden Zeitungen erreichen, dass der Perlentaucher den Vertrieb von Res\u00fcmees ihrer Buchkritiken an Internetbuchh\u00e4ndler unterl\u00e4sst. Die Zeitungen begr\u00fcnden ihre Klage mit urheberrechtlichen, wettbewerbsrechtlichen und markenrechtlichen Argumenten. Eine besondere Rolle spielt in der Argumentation der Kl\u00e4ger die vermeintliche Ersetzungsfunktion der Notizen. Die Lekt\u00fcre der Perlentaucher-Notiz zu einer ihrer Rezensionen er\u00fcbrige die Lekt\u00fcre dieser Rezension selbst &#8211; so die Meinung der klagenden Verlage \u00fcber die Substanz der von ihren Redaktionen produzierten Inhalte. <\/p>\n<p>Die beiden Zeitungen haben f\u00fcr die zweite Instanz auch ein Gutachten des Rechtsprofessors Artur-Axel Wandtke bestellt, der in allen Punkten seines 57-seitigen Papiers zur Auffassung seiner Auftraggeber gelangt.<\/p>\n<p>Der Perlentaucher betrachtet seine &#8222;Rezensionsnotizen&#8220; als Berichterstattung \u00fcber Berichterstattung und somit als eigene Leistungen, \u00fcber die er frei verf\u00fcgen kann. Seine Notizen versteht er als Information \u00fcber die Artikel der Zeitungen, als eine Br\u00fccke vom Internet zur unerreichten Qualit\u00e4t der Traditionsmedien. Viele Leser erfahren im Internet \u00fcberhaupt erst durch die Perlentaucher-Notizen von der Existenz eines Originalartikels. Durch den Link, den wir &#8211; wenn m\u00f6glich &#8211; setzen, k\u00f6nnen sie ihn anklicken. Eine Funktion, die Perlentaucher-Leser ausgiebig nutzen. Ebenso verh\u00e4lt es sich auf den Seiten des Internetbuchh\u00e4ndlers buecher.de, der in der Regel sowohl die Rezensionsnotizen des Perlentauchers als auch die Originalartikel von SZ und FAZ pr\u00e4sentiert.<\/p>\n<p>Der Ton in der Berufungsinstanz ist merklich sch\u00e4rfer geworden. Hie\u00df es in der ersten Instanz noch, dass &#8222;das Angebot der Beklagten einen positiven kulturellen Beitrag darstellt&#8220;, so annonciert die Berufungsschrift: &#8222;Die Kl\u00e4gerin wehrt sich gegen das Gesch\u00e4ftskonzept der Beklagten, das darin besteht, die Feuilletons der deutschen Qualit\u00e4tszeitungen &#8211; darunter auch der &#8218;Frankfurter Allgemeinen Zeitung&#8216;, der Kl\u00e4gerin &#8211; auszuwerten und Kurzzusammenfassungen (&#8230;) der dort ver\u00f6ffentlichten Buchkritiken f\u00fcr den eiligen Leser sowohl auf ihrer eigenen Website unter www.perlentaucher.de zu ver\u00f6ffentlichen als auch an Dritte, insbesondere Internet-Buchh\u00e4ndler, zu lizenzieren.&#8220;<\/p>\n<p>Obwohl nur diese Lizenzierung an Dritte Streitgegenstand ist, betonen die Kl\u00e4gerinnen ganz allgemein, dass der Gesch\u00e4ftszweck des Perlentauchers allein darin bestehe, Feuilletons &#8222;f\u00fcr sich selbst kommerziell auszuwerten&#8220;, und &#8222;dabei weder eigenen Content zu entwickeln, noch einen Rahmen oder eine Plattform f\u00fcr eine inhaltliche Auseinandersetzung mit den Feuilletons der deutschen Presse insgesamt zu bieten&#8220;.<\/p>\n<p>Der hierdurch vermittelte Eindruck, der Perlentaucher stelle keinen eigenen Inhalt bereit, ist falsch. Der Perlentaucher bot von Anfang an auch eigenen Inhalt: Arno Widmanns Buchkolumne &#8222;Vom Nachttisch ger\u00e4umt&#8220;, die &#8222;Post aus&#8230;&#8220;, die Krimi-Kolumne &#8222;Mord und Ratschlag&#8220; oder der &#8222;Virtualienmarkt&#8220; sind nur einige Beispiele. Und zusammen mit seinem englischsprachigen Dienst signandsight.com hat der Perlentaucher die wichtigste Feuilletondebatte der letzten Monate lanciert, die Bruckner-Buruma-Debatte &#8211; die von der FAZ selbstverst\u00e4ndlich mit keinem Wort erw\u00e4hnt wurde. Kann es sein, dass sich die Anw\u00e4lte der Kl\u00e4ger ausschlie\u00dflich in dieser Zeitung informieren? <\/p>\n<p>Thierry Chervel<\/p>\n<p><\/p>\n","protected":false},"excerpt":{"rendered":"<p>Am 13. November will das OlG Frankfurt\/Main dann Recht sprechen..mehr: (Quelle: Perlentaucher)<\/p>\n","protected":false},"author":2,"featured_media":0,"comment_status":"closed","ping_status":"closed","sticky":false,"template":"","format":"standard","meta":{"footnotes":""},"categories":[15],"tags":[],"class_list":["post-85008","post","type-post","status-publish","format-standard","hentry","category-femrecht","entry"],"yoast_head":"<!-- This site is optimized with the Yoast SEO plugin v21.0 - https:\/\/yoast.com\/wordpress\/plugins\/seo\/ -->\n<title>FAZ &amp; SZ .\/.PERLENTAUCHER\/Urteil in diesem Monat - Feminissima<\/title>\n<meta name=\"robots\" content=\"index, follow, max-snippet:-1, max-image-preview:large, max-video-preview:-1\" \/>\n<link rel=\"canonical\" href=\"https:\/\/feminissima.de\/index.php\/2007\/11\/01\/faz-sz-perlentaucher-urteil-in-diesem-monat\/\" \/>\n<meta property=\"og:locale\" content=\"de_DE\" \/>\n<meta property=\"og:type\" content=\"article\" \/>\n<meta property=\"og:title\" content=\"FAZ &amp; SZ .\/.PERLENTAUCHER\/Urteil in diesem Monat - Feminissima\" \/>\n<meta property=\"og:description\" content=\"Am 13. November will das OlG Frankfurt\/Main dann Recht sprechen..mehr: (Quelle: Perlentaucher)\" \/>\n<meta property=\"og:url\" content=\"https:\/\/feminissima.de\/index.php\/2007\/11\/01\/faz-sz-perlentaucher-urteil-in-diesem-monat\/\" \/>\n<meta property=\"og:site_name\" content=\"Feminissima\" \/>\n<meta property=\"article:published_time\" content=\"2007-11-01T03:50:51+00:00\" \/>\n<meta name=\"author\" content=\"admin\" \/>\n<meta name=\"twitter:card\" content=\"summary_large_image\" \/>\n<meta name=\"twitter:label1\" content=\"Verfasst von\" \/>\n\t<meta name=\"twitter:data1\" content=\"admin\" \/>\n\t<meta name=\"twitter:label2\" content=\"Gesch\u00e4tzte Lesezeit\" \/>\n\t<meta name=\"twitter:data2\" content=\"4\u00a0Minuten\" \/>\n<script type=\"application\/ld+json\" class=\"yoast-schema-graph\">{\"@context\":\"https:\/\/schema.org\",\"@graph\":[{\"@type\":\"WebPage\",\"@id\":\"https:\/\/feminissima.de\/index.php\/2007\/11\/01\/faz-sz-perlentaucher-urteil-in-diesem-monat\/\",\"url\":\"https:\/\/feminissima.de\/index.php\/2007\/11\/01\/faz-sz-perlentaucher-urteil-in-diesem-monat\/\",\"name\":\"FAZ & SZ .\/.PERLENTAUCHER\/Urteil in diesem Monat - Feminissima\",\"isPartOf\":{\"@id\":\"https:\/\/feminissima.de\/#website\"},\"datePublished\":\"2007-11-01T03:50:51+00:00\",\"dateModified\":\"2007-11-01T03:50:51+00:00\",\"author\":{\"@id\":\"https:\/\/feminissima.de\/#\/schema\/person\/0b901e053624f88e7ecbea289d9d5128\"},\"breadcrumb\":{\"@id\":\"https:\/\/feminissima.de\/index.php\/2007\/11\/01\/faz-sz-perlentaucher-urteil-in-diesem-monat\/#breadcrumb\"},\"inLanguage\":\"de\",\"potentialAction\":[{\"@type\":\"ReadAction\",\"target\":[\"https:\/\/feminissima.de\/index.php\/2007\/11\/01\/faz-sz-perlentaucher-urteil-in-diesem-monat\/\"]}]},{\"@type\":\"BreadcrumbList\",\"@id\":\"https:\/\/feminissima.de\/index.php\/2007\/11\/01\/faz-sz-perlentaucher-urteil-in-diesem-monat\/#breadcrumb\",\"itemListElement\":[{\"@type\":\"ListItem\",\"position\":1,\"name\":\"Startseite\",\"item\":\"https:\/\/feminissima.de\/\"},{\"@type\":\"ListItem\",\"position\":2,\"name\":\"FAZ &#038; SZ .\/.PERLENTAUCHER\/Urteil in diesem Monat\"}]},{\"@type\":\"WebSite\",\"@id\":\"https:\/\/feminissima.de\/#website\",\"url\":\"https:\/\/feminissima.de\/\",\"name\":\"Feminissima\",\"description\":\"\",\"potentialAction\":[{\"@type\":\"SearchAction\",\"target\":{\"@type\":\"EntryPoint\",\"urlTemplate\":\"https:\/\/feminissima.de\/?s={search_term_string}\"},\"query-input\":\"required name=search_term_string\"}],\"inLanguage\":\"de\"},{\"@type\":\"Person\",\"@id\":\"https:\/\/feminissima.de\/#\/schema\/person\/0b901e053624f88e7ecbea289d9d5128\",\"name\":\"admin\",\"image\":{\"@type\":\"ImageObject\",\"inLanguage\":\"de\",\"@id\":\"https:\/\/feminissima.de\/#\/schema\/person\/image\/\",\"url\":\"https:\/\/secure.gravatar.com\/avatar\/8da1f51327453c0bf63338e8e2a791948b7d2ac19b68839492d1e69aac6924a8?s=96&d=mm&r=g\",\"contentUrl\":\"https:\/\/secure.gravatar.com\/avatar\/8da1f51327453c0bf63338e8e2a791948b7d2ac19b68839492d1e69aac6924a8?s=96&d=mm&r=g\",\"caption\":\"admin\"},\"url\":\"https:\/\/feminissima.de\/index.php\/author\/admin\/\"}]}<\/script>\n<!-- \/ Yoast SEO plugin. -->","yoast_head_json":{"title":"FAZ & SZ .\/.PERLENTAUCHER\/Urteil in diesem Monat - Feminissima","robots":{"index":"index","follow":"follow","max-snippet":"max-snippet:-1","max-image-preview":"max-image-preview:large","max-video-preview":"max-video-preview:-1"},"canonical":"https:\/\/feminissima.de\/index.php\/2007\/11\/01\/faz-sz-perlentaucher-urteil-in-diesem-monat\/","og_locale":"de_DE","og_type":"article","og_title":"FAZ & SZ .\/.PERLENTAUCHER\/Urteil in diesem Monat - Feminissima","og_description":"Am 13. November will das OlG Frankfurt\/Main dann Recht sprechen..mehr: (Quelle: Perlentaucher)","og_url":"https:\/\/feminissima.de\/index.php\/2007\/11\/01\/faz-sz-perlentaucher-urteil-in-diesem-monat\/","og_site_name":"Feminissima","article_published_time":"2007-11-01T03:50:51+00:00","author":"admin","twitter_card":"summary_large_image","twitter_misc":{"Verfasst von":"admin","Gesch\u00e4tzte Lesezeit":"4\u00a0Minuten"},"schema":{"@context":"https:\/\/schema.org","@graph":[{"@type":"WebPage","@id":"https:\/\/feminissima.de\/index.php\/2007\/11\/01\/faz-sz-perlentaucher-urteil-in-diesem-monat\/","url":"https:\/\/feminissima.de\/index.php\/2007\/11\/01\/faz-sz-perlentaucher-urteil-in-diesem-monat\/","name":"FAZ & SZ .\/.PERLENTAUCHER\/Urteil in diesem Monat - Feminissima","isPartOf":{"@id":"https:\/\/feminissima.de\/#website"},"datePublished":"2007-11-01T03:50:51+00:00","dateModified":"2007-11-01T03:50:51+00:00","author":{"@id":"https:\/\/feminissima.de\/#\/schema\/person\/0b901e053624f88e7ecbea289d9d5128"},"breadcrumb":{"@id":"https:\/\/feminissima.de\/index.php\/2007\/11\/01\/faz-sz-perlentaucher-urteil-in-diesem-monat\/#breadcrumb"},"inLanguage":"de","potentialAction":[{"@type":"ReadAction","target":["https:\/\/feminissima.de\/index.php\/2007\/11\/01\/faz-sz-perlentaucher-urteil-in-diesem-monat\/"]}]},{"@type":"BreadcrumbList","@id":"https:\/\/feminissima.de\/index.php\/2007\/11\/01\/faz-sz-perlentaucher-urteil-in-diesem-monat\/#breadcrumb","itemListElement":[{"@type":"ListItem","position":1,"name":"Startseite","item":"https:\/\/feminissima.de\/"},{"@type":"ListItem","position":2,"name":"FAZ &#038; SZ .\/.PERLENTAUCHER\/Urteil in diesem Monat"}]},{"@type":"WebSite","@id":"https:\/\/feminissima.de\/#website","url":"https:\/\/feminissima.de\/","name":"Feminissima","description":"","potentialAction":[{"@type":"SearchAction","target":{"@type":"EntryPoint","urlTemplate":"https:\/\/feminissima.de\/?s={search_term_string}"},"query-input":"required name=search_term_string"}],"inLanguage":"de"},{"@type":"Person","@id":"https:\/\/feminissima.de\/#\/schema\/person\/0b901e053624f88e7ecbea289d9d5128","name":"admin","image":{"@type":"ImageObject","inLanguage":"de","@id":"https:\/\/feminissima.de\/#\/schema\/person\/image\/","url":"https:\/\/secure.gravatar.com\/avatar\/8da1f51327453c0bf63338e8e2a791948b7d2ac19b68839492d1e69aac6924a8?s=96&d=mm&r=g","contentUrl":"https:\/\/secure.gravatar.com\/avatar\/8da1f51327453c0bf63338e8e2a791948b7d2ac19b68839492d1e69aac6924a8?s=96&d=mm&r=g","caption":"admin"},"url":"https:\/\/feminissima.de\/index.php\/author\/admin\/"}]}},"jetpack_featured_media_url":"","_links":{"self":[{"href":"https:\/\/feminissima.de\/index.php\/wp-json\/wp\/v2\/posts\/85008","targetHints":{"allow":["GET"]}}],"collection":[{"href":"https:\/\/feminissima.de\/index.php\/wp-json\/wp\/v2\/posts"}],"about":[{"href":"https:\/\/feminissima.de\/index.php\/wp-json\/wp\/v2\/types\/post"}],"author":[{"embeddable":true,"href":"https:\/\/feminissima.de\/index.php\/wp-json\/wp\/v2\/users\/2"}],"replies":[{"embeddable":true,"href":"https:\/\/feminissima.de\/index.php\/wp-json\/wp\/v2\/comments?post=85008"}],"version-history":[{"count":0,"href":"https:\/\/feminissima.de\/index.php\/wp-json\/wp\/v2\/posts\/85008\/revisions"}],"wp:attachment":[{"href":"https:\/\/feminissima.de\/index.php\/wp-json\/wp\/v2\/media?parent=85008"}],"wp:term":[{"taxonomy":"category","embeddable":true,"href":"https:\/\/feminissima.de\/index.php\/wp-json\/wp\/v2\/categories?post=85008"},{"taxonomy":"post_tag","embeddable":true,"href":"https:\/\/feminissima.de\/index.php\/wp-json\/wp\/v2\/tags?post=85008"}],"curies":[{"name":"wp","href":"https:\/\/api.w.org\/{rel}","templated":true}]}}