{"id":85000,"date":"2007-10-26T01:41:55","date_gmt":"2007-10-26T01:41:55","guid":{"rendered":"http:\/\/www.feminissima.de\/?p=85000"},"modified":"2007-10-26T01:41:55","modified_gmt":"2007-10-26T01:41:55","slug":"berliner-wissenschaftskolleg-versammelt-kreative-aus-aller-welt","status":"publish","type":"post","link":"https:\/\/feminissima.de\/index.php\/2007\/10\/26\/berliner-wissenschaftskolleg-versammelt-kreative-aus-aller-welt\/","title":{"rendered":"BERLINER WISSENSCHAFTSKOLLEG versammelt Kreative aus aller Welt"},"content":{"rendered":"<p>Text aus MERKUR-online.de\/ sehr empfehlenswert.<br \/>Startseite  Wissen  Uni + Schule <\/p>\n<p>\n  25.10.2007   <\/p>\n<p>\nBERLIN \/ Das Wissenschaftskolleg versammelt Kreative aus aller Welt <\/p>\n<p>\nTalentpflege auf h\u00f6chstem Niveau <\/p>\n<p>\nVON ANDREAS MEIER <\/p>\n<p>\nAufmarsch der Eliten: Die Universit\u00e4ten, die im Exzellenz-Wettbewerb erfolgreich waren, sind zum \u201eBerliner Empfang\u201c des Wissenschaftskollegs zu Berlin an diesem Donnerstag eingeladen, also quasi zum Vorbild ihrer Institute f\u00fcr zukunftsweisende Forschung. Die Idee zu dieser exklusiven Einrichtung hatte vor bald drei Jahrzehnten der damalige Berliner Wissenschaftssenator Peter Glotz. Er wollte ein von den Universit\u00e4ten unabh\u00e4ngiges \u201eZentrum f\u00fcr internationale wissenschaftliche Begegnung\u201c gr\u00fcnden, um die \u201eM\u00f6glichkeit zweckfreier Wissenschaft und Talentpflege\u201c zu schaffen. 1981 wurden die ersten \u201eFellows\u201c aufgenommen. Darunter Gerschom Scholem, einer der aus Deutschland vertriebenen j\u00fcdischen Gelehrten, die das Kolleg wenigstens f\u00fcr ein Jahr nach Berlin zur\u00fcckholte. <\/p>\n<p>\nBeim Empfang begegnen sich erstmals auch die Fellows aus aller Welt: 50 Wissenschaftler unterschiedlicher Fachrichtungen, die sich ein Jahr lang in der Wallotstra\u00dfe in Berlin-Dahlem in ihr Forschungsprojekt vertiefen. Luca Giuliani, von Haus aus Arch\u00e4ologe und seit dem Sommer Rektor des Kollegs, erkl\u00e4rt: \u201eDas Wissenschaftskolleg unterscheidet sich von den Instituten der Exzellenzuniversit\u00e4ten dadurch, dass seine Fellows unterschiedlichen Fachrichtungen angeh\u00f6ren und in der Gestaltung ihrer Arbeit frei sind.\u201c<\/p>\n<p>\nAnders w\u00e4re auch kaum denkbar, dass, wie Peter Glotz es gew\u00fcnscht hatte, \u201edie besten K\u00f6pfe der Welt\u201c nach Berlin kommen, darunter Komponisten, Schriftsteller, ein Chansonnier wie Wolf Biermann \u2013 eben \u201eKreative jeder Art\u201c. Es gibt keine Kollegsprache, trotzdem ist Englisch das \u00fcbliche Idiom. Jeder Fellow erh\u00e4lt die M\u00f6glichkeit, Deutsch zu lernen. Mario Vargas Llosa etwa hat die Chance genutzt, um Rilke im Original lesen zu k\u00f6nnen.<\/p>\n<p>\nDem kreativen Zufall stehen alle T\u00fcren offen. Einzig verpflichtend ist die Teilnahme am gemeinsamen Mittagessen. In den Dienstagkolloquien stellt jeweils ein Fellow sein Forschungsprojekt vor. Rektor Giuliani ist \u00fcberzeugt von den angeregten \u201eDiskussionsprozessen\u201c.<\/p>\n<p>\nJeder Fellow bekommt das Gehalt, das er zu Hause hat; so k\u00f6nnen die Arbeitgeber eine Vertretung finanzieren. In diesem Haushaltsjahr sind das rund f\u00fcnf Millionen Euro; sie werden je zur H\u00e4lfte von der Bundesrepublik und vom Land Berlin aufgebracht. Eine kleine Summe stammt aus dem Jubil\u00e4umsfonds der schwedischen Reichsbank, aus dem auch der Nobelpreis f\u00fcr \u00d6konomie finanziert wird, den Alfred Nobel nicht vorgesehen hatte. Die Schweiz steuert einige 100000 Euro bei, seit sie auf die Einrichtung eines eigenen Institute for Advanced Studies verzichtet hat.<\/p>\n<p>\nDas Kolleg braucht nicht nur Geld f\u00fcr den Unterhalt seiner Stipendiaten. Nach dem Zusammenbruch der sozialistisch regierten osteurop\u00e4ischen Staaten unterst\u00fctzte es etwa den Aufbau von Partnerinstituten in Sankt Petersburg, Sofia, Bukarest und Budapest, die anders als in Berlin junge einheimische Wissenschaftler f\u00f6rdern. Der Rektor des Kollegs in Bukarest, der Religionsphilosoph Andrei Gabriel Plesu, geh\u00f6rt zu den Fellows. Sein Arbeitsprojekt gilt der \u201eKosmologie des Alten Testaments im interreligi\u00f6sen Vergleich\u201c.<\/p>\n<p>\nMag sein, dass Berlins Regierender B\u00fcrgermeister, Klaus Wowereit, nicht unbedingt \u00fcber dieses Thema plaudern m\u00f6chte, wenn er am Empfang teilnimmt \u2013 \u00fcbrigens sein erster Besuch im Wissenschaftskolleg. Dann begegnet er auch dem Rektor seiner zweiten Eliteeinrichtung: Die Freie Universit\u00e4t Berlin geh\u00f6rt zur feinen Gruppe der Exzellenten mit ausgezeichnetem Zukunftskonzept.<\/p>\n<p>\nInternet: www.wiko-berlin.de<\/p>\n<p>\u00a9 Rheinischer Merkur Nr. 43, 25.10.2007<\/p>\n","protected":false},"excerpt":{"rendered":"<p>Text aus MERKUR-online.de\/ sehr empfehlenswert.<\/p>\n","protected":false},"author":2,"featured_media":0,"comment_status":"closed","ping_status":"closed","sticky":false,"template":"","format":"standard","meta":{"footnotes":""},"categories":[8],"tags":[],"class_list":["post-85000","post","type-post","status-publish","format-standard","hentry","category-fembildung","entry"],"yoast_head":"<!-- This site is optimized with the Yoast SEO plugin v21.0 - https:\/\/yoast.com\/wordpress\/plugins\/seo\/ -->\n<title>BERLINER WISSENSCHAFTSKOLLEG versammelt Kreative aus aller Welt - Feminissima<\/title>\n<meta name=\"robots\" content=\"index, follow, max-snippet:-1, max-image-preview:large, max-video-preview:-1\" \/>\n<link rel=\"canonical\" href=\"https:\/\/feminissima.de\/index.php\/2007\/10\/26\/berliner-wissenschaftskolleg-versammelt-kreative-aus-aller-welt\/\" \/>\n<meta property=\"og:locale\" content=\"de_DE\" \/>\n<meta property=\"og:type\" content=\"article\" \/>\n<meta property=\"og:title\" content=\"BERLINER WISSENSCHAFTSKOLLEG versammelt Kreative aus aller Welt - Feminissima\" \/>\n<meta property=\"og:description\" content=\"Text aus MERKUR-online.de\/ sehr empfehlenswert.\" \/>\n<meta property=\"og:url\" content=\"https:\/\/feminissima.de\/index.php\/2007\/10\/26\/berliner-wissenschaftskolleg-versammelt-kreative-aus-aller-welt\/\" \/>\n<meta property=\"og:site_name\" content=\"Feminissima\" \/>\n<meta property=\"article:published_time\" content=\"2007-10-26T01:41:55+00:00\" \/>\n<meta name=\"author\" content=\"admin\" \/>\n<meta name=\"twitter:card\" content=\"summary_large_image\" \/>\n<meta name=\"twitter:label1\" content=\"Verfasst von\" \/>\n\t<meta name=\"twitter:data1\" content=\"admin\" \/>\n\t<meta name=\"twitter:label2\" content=\"Gesch\u00e4tzte Lesezeit\" \/>\n\t<meta name=\"twitter:data2\" content=\"3\u00a0Minuten\" \/>\n<script type=\"application\/ld+json\" class=\"yoast-schema-graph\">{\"@context\":\"https:\/\/schema.org\",\"@graph\":[{\"@type\":\"WebPage\",\"@id\":\"https:\/\/feminissima.de\/index.php\/2007\/10\/26\/berliner-wissenschaftskolleg-versammelt-kreative-aus-aller-welt\/\",\"url\":\"https:\/\/feminissima.de\/index.php\/2007\/10\/26\/berliner-wissenschaftskolleg-versammelt-kreative-aus-aller-welt\/\",\"name\":\"BERLINER WISSENSCHAFTSKOLLEG versammelt Kreative aus aller Welt - Feminissima\",\"isPartOf\":{\"@id\":\"https:\/\/feminissima.de\/#website\"},\"datePublished\":\"2007-10-26T01:41:55+00:00\",\"dateModified\":\"2007-10-26T01:41:55+00:00\",\"author\":{\"@id\":\"https:\/\/feminissima.de\/#\/schema\/person\/0b901e053624f88e7ecbea289d9d5128\"},\"breadcrumb\":{\"@id\":\"https:\/\/feminissima.de\/index.php\/2007\/10\/26\/berliner-wissenschaftskolleg-versammelt-kreative-aus-aller-welt\/#breadcrumb\"},\"inLanguage\":\"de\",\"potentialAction\":[{\"@type\":\"ReadAction\",\"target\":[\"https:\/\/feminissima.de\/index.php\/2007\/10\/26\/berliner-wissenschaftskolleg-versammelt-kreative-aus-aller-welt\/\"]}]},{\"@type\":\"BreadcrumbList\",\"@id\":\"https:\/\/feminissima.de\/index.php\/2007\/10\/26\/berliner-wissenschaftskolleg-versammelt-kreative-aus-aller-welt\/#breadcrumb\",\"itemListElement\":[{\"@type\":\"ListItem\",\"position\":1,\"name\":\"Startseite\",\"item\":\"https:\/\/feminissima.de\/\"},{\"@type\":\"ListItem\",\"position\":2,\"name\":\"BERLINER WISSENSCHAFTSKOLLEG versammelt Kreative aus aller Welt\"}]},{\"@type\":\"WebSite\",\"@id\":\"https:\/\/feminissima.de\/#website\",\"url\":\"https:\/\/feminissima.de\/\",\"name\":\"Feminissima\",\"description\":\"\",\"potentialAction\":[{\"@type\":\"SearchAction\",\"target\":{\"@type\":\"EntryPoint\",\"urlTemplate\":\"https:\/\/feminissima.de\/?s={search_term_string}\"},\"query-input\":\"required name=search_term_string\"}],\"inLanguage\":\"de\"},{\"@type\":\"Person\",\"@id\":\"https:\/\/feminissima.de\/#\/schema\/person\/0b901e053624f88e7ecbea289d9d5128\",\"name\":\"admin\",\"image\":{\"@type\":\"ImageObject\",\"inLanguage\":\"de\",\"@id\":\"https:\/\/feminissima.de\/#\/schema\/person\/image\/\",\"url\":\"https:\/\/secure.gravatar.com\/avatar\/8da1f51327453c0bf63338e8e2a791948b7d2ac19b68839492d1e69aac6924a8?s=96&d=mm&r=g\",\"contentUrl\":\"https:\/\/secure.gravatar.com\/avatar\/8da1f51327453c0bf63338e8e2a791948b7d2ac19b68839492d1e69aac6924a8?s=96&d=mm&r=g\",\"caption\":\"admin\"},\"url\":\"https:\/\/feminissima.de\/index.php\/author\/admin\/\"}]}<\/script>\n<!-- \/ Yoast SEO plugin. -->","yoast_head_json":{"title":"BERLINER WISSENSCHAFTSKOLLEG versammelt Kreative aus aller Welt - Feminissima","robots":{"index":"index","follow":"follow","max-snippet":"max-snippet:-1","max-image-preview":"max-image-preview:large","max-video-preview":"max-video-preview:-1"},"canonical":"https:\/\/feminissima.de\/index.php\/2007\/10\/26\/berliner-wissenschaftskolleg-versammelt-kreative-aus-aller-welt\/","og_locale":"de_DE","og_type":"article","og_title":"BERLINER WISSENSCHAFTSKOLLEG versammelt Kreative aus aller Welt - Feminissima","og_description":"Text aus MERKUR-online.de\/ sehr empfehlenswert.","og_url":"https:\/\/feminissima.de\/index.php\/2007\/10\/26\/berliner-wissenschaftskolleg-versammelt-kreative-aus-aller-welt\/","og_site_name":"Feminissima","article_published_time":"2007-10-26T01:41:55+00:00","author":"admin","twitter_card":"summary_large_image","twitter_misc":{"Verfasst von":"admin","Gesch\u00e4tzte Lesezeit":"3\u00a0Minuten"},"schema":{"@context":"https:\/\/schema.org","@graph":[{"@type":"WebPage","@id":"https:\/\/feminissima.de\/index.php\/2007\/10\/26\/berliner-wissenschaftskolleg-versammelt-kreative-aus-aller-welt\/","url":"https:\/\/feminissima.de\/index.php\/2007\/10\/26\/berliner-wissenschaftskolleg-versammelt-kreative-aus-aller-welt\/","name":"BERLINER WISSENSCHAFTSKOLLEG versammelt Kreative aus aller Welt - Feminissima","isPartOf":{"@id":"https:\/\/feminissima.de\/#website"},"datePublished":"2007-10-26T01:41:55+00:00","dateModified":"2007-10-26T01:41:55+00:00","author":{"@id":"https:\/\/feminissima.de\/#\/schema\/person\/0b901e053624f88e7ecbea289d9d5128"},"breadcrumb":{"@id":"https:\/\/feminissima.de\/index.php\/2007\/10\/26\/berliner-wissenschaftskolleg-versammelt-kreative-aus-aller-welt\/#breadcrumb"},"inLanguage":"de","potentialAction":[{"@type":"ReadAction","target":["https:\/\/feminissima.de\/index.php\/2007\/10\/26\/berliner-wissenschaftskolleg-versammelt-kreative-aus-aller-welt\/"]}]},{"@type":"BreadcrumbList","@id":"https:\/\/feminissima.de\/index.php\/2007\/10\/26\/berliner-wissenschaftskolleg-versammelt-kreative-aus-aller-welt\/#breadcrumb","itemListElement":[{"@type":"ListItem","position":1,"name":"Startseite","item":"https:\/\/feminissima.de\/"},{"@type":"ListItem","position":2,"name":"BERLINER WISSENSCHAFTSKOLLEG versammelt Kreative aus aller Welt"}]},{"@type":"WebSite","@id":"https:\/\/feminissima.de\/#website","url":"https:\/\/feminissima.de\/","name":"Feminissima","description":"","potentialAction":[{"@type":"SearchAction","target":{"@type":"EntryPoint","urlTemplate":"https:\/\/feminissima.de\/?s={search_term_string}"},"query-input":"required name=search_term_string"}],"inLanguage":"de"},{"@type":"Person","@id":"https:\/\/feminissima.de\/#\/schema\/person\/0b901e053624f88e7ecbea289d9d5128","name":"admin","image":{"@type":"ImageObject","inLanguage":"de","@id":"https:\/\/feminissima.de\/#\/schema\/person\/image\/","url":"https:\/\/secure.gravatar.com\/avatar\/8da1f51327453c0bf63338e8e2a791948b7d2ac19b68839492d1e69aac6924a8?s=96&d=mm&r=g","contentUrl":"https:\/\/secure.gravatar.com\/avatar\/8da1f51327453c0bf63338e8e2a791948b7d2ac19b68839492d1e69aac6924a8?s=96&d=mm&r=g","caption":"admin"},"url":"https:\/\/feminissima.de\/index.php\/author\/admin\/"}]}},"jetpack_featured_media_url":"","_links":{"self":[{"href":"https:\/\/feminissima.de\/index.php\/wp-json\/wp\/v2\/posts\/85000","targetHints":{"allow":["GET"]}}],"collection":[{"href":"https:\/\/feminissima.de\/index.php\/wp-json\/wp\/v2\/posts"}],"about":[{"href":"https:\/\/feminissima.de\/index.php\/wp-json\/wp\/v2\/types\/post"}],"author":[{"embeddable":true,"href":"https:\/\/feminissima.de\/index.php\/wp-json\/wp\/v2\/users\/2"}],"replies":[{"embeddable":true,"href":"https:\/\/feminissima.de\/index.php\/wp-json\/wp\/v2\/comments?post=85000"}],"version-history":[{"count":0,"href":"https:\/\/feminissima.de\/index.php\/wp-json\/wp\/v2\/posts\/85000\/revisions"}],"wp:attachment":[{"href":"https:\/\/feminissima.de\/index.php\/wp-json\/wp\/v2\/media?parent=85000"}],"wp:term":[{"taxonomy":"category","embeddable":true,"href":"https:\/\/feminissima.de\/index.php\/wp-json\/wp\/v2\/categories?post=85000"},{"taxonomy":"post_tag","embeddable":true,"href":"https:\/\/feminissima.de\/index.php\/wp-json\/wp\/v2\/tags?post=85000"}],"curies":[{"name":"wp","href":"https:\/\/api.w.org\/{rel}","templated":true}]}}