{"id":84991,"date":"2007-10-21T11:27:01","date_gmt":"2007-10-21T11:27:01","guid":{"rendered":"http:\/\/www.feminissima.de\/?p=84991"},"modified":"2007-10-21T11:27:01","modified_gmt":"2007-10-21T11:27:01","slug":"heise-online-unionslaender-fallen-schaeuble-in-den-ruecken","status":"publish","type":"post","link":"https:\/\/feminissima.de\/index.php\/2007\/10\/21\/heise-online-unionslaender-fallen-schaeuble-in-den-ruecken\/","title":{"rendered":"HEISE-online:  Unionsl\u00e4nder fallen Sch\u00e4uble in den R\u00fccken"},"content":{"rendered":"<p>Unions-L\u00e4nder fallen Sch\u00e4uble beim BKA-Gesetz in den R\u00fccken  <br \/>\nDer Plan von Bundesinnenminister Wolfgang Sch\u00e4uble (CDU), das Bundeskriminalamt (BKA) mit zahlreichen pr\u00e4ventiven Befugnissen aufzur\u00fcsten, geht gerade seinen Kollegen in Bundesl\u00e4ndern mit Unionsregierungen deutlich zu weit.<br \/>Unions-L\u00e4nder fallen Sch\u00e4uble beim BKA-Gesetz in den R\u00fccken  <br \/>\nDer Plan von Bundesinnenminister Wolfgang Sch\u00e4uble (CDU), das Bundeskriminalamt (BKA) mit zahlreichen pr\u00e4ventiven Befugnissen aufzur\u00fcsten, geht gerade seinen Kollegen in Bundesl\u00e4ndern mit Unionsregierungen deutlich zu weit. Dies berichtet der Spiegel. In schriftlichen Stellungnahmen r\u00fcgen die L\u00e4nder demnach vor allem, dass das BKA zu stark in die Belange der Landespolizeibeh\u00f6rden eingreifen d\u00fcrfe. Aus dem Entwurf f\u00fcr die Novelle des BKA-Gesetzes gehe nicht klar hervor, wann genau das Wiesbadener Polizeiamt einen Fall an sich ziehen k\u00f6nne und ob es die L\u00e4nder \u00fcber den Stand der Ermittlungen danach unterrichten werde. Sch\u00e4ubles Taktik, seine Initiative ohne einen Kabinettsbeschluss f\u00fcr Kommentare der L\u00e4nder zu \u00f6ffnen und den bisherigen Hauptsstreitpunkt der heimlichen Online-Durchsuchungen zu umgehen, hat somit die Aussichten auf eine rasche Verabschiedung des Vorhabens nicht verbessert. Anzeige<\/p>\n<p>\nDem Bericht zufolge h\u00e4lt es etwa der Hamburger Senat f\u00fcr &#8222;schlicht nicht hinnehmbar, dass das BKA grunds\u00e4tzlich eine Zust\u00e4ndigkeit f\u00fcr bestimmte Fallgruppen reklamiert, sich dann jedoch allein die Entscheidung vorbeh\u00e4lt, ob es im konkreten Fall aktiv werden wird&#8220;. F\u00fcr das bayerische Innenministerium ist der weitgehend freie Zugriff des BKA auf Strafverfolgungsvorg\u00e4nge &#8222;nicht nur aus verfassungsrechtlichen Gr\u00fcnden abzulehnen. Auch aus polizeifachlichen Gr\u00fcnden ist eine derartige Regelung nicht akzeptabel&#8220;. <\/p>\n<p>Niedersachsen kritisiert dem Spiegel zufolge, das BKA sei doch ohne die L\u00e4nder gar nicht f\u00e4hig, etwa Terrorziele zu sch\u00fctzen. Entsprechend d\u00fcrfe das geplante Gesetz der Beh\u00f6rde keinen Freischein f\u00fcr Alleing\u00e4nge ohne st\u00e4ndige R\u00fccksprache mit den betroffenen L\u00e4ndern geben. Das saarl\u00e4ndische Innenministerium wiederum f\u00fcrchtet, das BKA k\u00f6nnte im Saarland gegen Terrorverd\u00e4chtige ohne R\u00fccksprache mit den Landesbeh\u00f6rden ermitteln und dabei etwa &#8222;vor Ort Kontaktpersonen\/Informanten enttarnen&#8220;. <\/p>\n<p>Der parlamentarische Gesch\u00e4ftsf\u00fchrer der Gr\u00fcnen, Volker Beck, lobte, &#8222;dass die Bundesl\u00e4nder beim BKA-Gesetz langsam aufwachen&#8220;. Seine Partei habe immer davor gewarnt, &#8222;dass die neuen Befugnisse des BKA beim Terrorismus nur zu einem unn\u00f6tigen Kompetenzwirrwarr zwischen Bundes- und Landespolizeibeh\u00f6rden f\u00fchren&#8220; w\u00fcrden. F\u00fcr die Fraktion der Linken im Bundestag kritisierte deren Vize-Chefin Petra Pau, dass das harmlos klingende Gesetz den Weg in einen pr\u00e4ventiven Sicherheitsstaat weise. Ihrer Ansicht nach schw\u00e4nden damit die Grenzen zwischen BKA und Geheimdiensten. &#8222;Das ganze Konstrukt wird zunehmend zentralisiert und zugleich immer weniger kontrollierbar.&#8220; Das Bundeskriminalamt w\u00fcrde zu einem &#8222;gef\u00e4hrlichen Fremdk\u00f6rper in einem demokratisch verfassten Rechtsstaat&#8220;. <\/p>\n<p>Schon Sch\u00e4ubles Vorg\u00e4nger Otto Schily hatte in rot-gr\u00fcnen Regierungszeiten wiederholt im Rahmen seiner diversen Anti-Terrorpakete versucht, das BKA mit &#8222;Vorfeldermittlungsbefugnissen&#8220; zu versehen und zu einer zentral agierenden &#8222;Superbeh\u00f6rde&#8220; auszubauen. Immer wieder scheiterte der SPD-Politiker, dem momentan als Bundestagsabgeordneten wegen angeblich verschwiegener Beratert\u00e4tigkeiten f\u00fcr Siemens \u00c4rger droht, am Widerstand der um die Vollmachten ihrer Polizeibeh\u00f6rden besorgten L\u00e4nder sowie des damaligen Koalitionspartners. <\/p>\n<p>Sch\u00e4ubles Plan geht \u00fcber das Vorhaben Schilys deutlich hinaus. Mit dem Vorsto\u00df sollen die bundesweit t\u00e4tigen Ermittler im Rahmen der Terrorabwehr unter anderem pr\u00e4ventiv zu Rasterfahndungen, Telekommunikations\u00fcberwachungen und zum gro\u00dfen Lauschangriff erm\u00e4chtigt werden. Der Entwurf sieht ferner die heimliche Aussp\u00e4hung &#8222;informationstechnischer Systeme&#8220; vor. Diese Klausel w\u00fcrde die SPD nach wie vor am liebsten au\u00dfen vor halten, da sie erst die Entscheidung des Bundesverfassungsgerichts zu Online-Razzien in Nordrhein-Westfalen abwarten will. Laut Bundesjustizministerin Brigitte Zypries (SPD) wird es zeitlich auch nicht mehr m\u00f6glich sein, das Gesetzgebungsverfahren vor dem Karlsruher Urteil abzuschlie\u00dfen. Sie sagte der Berliner B.Z. am Sonntag: &#8222;Es muss einen nachvollziehbaren Bedarf der Sicherheitsbeh\u00f6rden f\u00fcr Online-Durchsuchungen geben und das Gesetz muss mit der Verfassung vereinbar sein.&#8220; <\/p>\n<p>Auch in einem Leitantrag der SPD-Spitze zur inneren Sicherheit f\u00fcr den Parteitag der Genossen in der kommenden Woche in Hamburg wird die Verabschiedung einer Lizenz f\u00fcr den Einsatz des &#8222;Bundestrojaners&#8220; derzeit strikt abgelehnt. Die Politik d\u00fcrfe &#8222;nicht ohne Not das Risiko einer verfassungswidrigen Regelung&#8220; eingehen, hei\u00dft es. Die LKW-Mautdaten sollen nach dem Willen der SPD aber k\u00fcnftig von den Sicherheitsbeh\u00f6rden auch zur Verfolgung von schweren Straftaten und zur Abwehr von Gefahren genutzt werden d\u00fcrfen. Einer dauerhafte Speicherung von Fingerabdr\u00fccken aus den elektronischen Reisep\u00e4ssen der zweiten Generation und den geplanten neuen Personalausweisen wollen die Sozialdemokraten vorbauen. Unvereinbar mit der Verfassung ist nach Ansicht der SPD die von Sch\u00e4uble ins Gespr\u00e4ch gebrachte Aufgabe der Unschuldsvermutung im Strafrecht sowie die gezielte T\u00f6tung von Verd\u00e4chtigen, die Internierung so genannter Gef\u00e4hrder, die Anwendung von Folter und eine Bestrafung f\u00fcr &#8222;blo\u00dfe Gesinnung&#8220;. <\/p>\n<p>Zum aktuellen Stand und der Entwicklung der Debatte um die erweiterte Anti-Terror-Gesetzgebung, die Anti-Terror-Datei sowie die Online-Durchsuchung siehe: <\/p>\n<p>Von Datenschutz und Sch\u00e4uble-Katalog: Terrorbek\u00e4mpfung, TK-\u00dcberwachung, Online-Durchsuchung <br \/>\n(Stefan Krempl) \/ (anw\/c&#8217;t) <\/p>\n","protected":false},"excerpt":{"rendered":"<p>Unions-L\u00e4nder fallen Sch\u00e4uble beim BKA-Gesetz in den R\u00fccken  <br \/>\nDer Plan von Bundesinnenminister Wolfgang Sch\u00e4uble (CDU), das Bundeskriminalamt (BKA) mit zahlreichen pr\u00e4ventiven Befugnissen aufzur\u00fcsten, geht gerade seinen Kollegen in Bundesl\u00e4ndern mit Unionsregierungen deutlich zu weit.<\/p>\n","protected":false},"author":2,"featured_media":0,"comment_status":"closed","ping_status":"closed","sticky":false,"template":"","format":"standard","meta":{"footnotes":""},"categories":[15],"tags":[],"class_list":["post-84991","post","type-post","status-publish","format-standard","hentry","category-femrecht","entry"],"yoast_head":"<!-- This site is optimized with the Yoast SEO plugin v21.0 - https:\/\/yoast.com\/wordpress\/plugins\/seo\/ -->\n<title>HEISE-online: Unionsl\u00e4nder fallen Sch\u00e4uble in den R\u00fccken - Feminissima<\/title>\n<meta name=\"robots\" content=\"index, follow, max-snippet:-1, max-image-preview:large, max-video-preview:-1\" \/>\n<link rel=\"canonical\" href=\"https:\/\/feminissima.de\/index.php\/2007\/10\/21\/heise-online-unionslaender-fallen-schaeuble-in-den-ruecken\/\" \/>\n<meta property=\"og:locale\" content=\"de_DE\" \/>\n<meta property=\"og:type\" content=\"article\" \/>\n<meta property=\"og:title\" content=\"HEISE-online: Unionsl\u00e4nder fallen Sch\u00e4uble in den R\u00fccken - Feminissima\" \/>\n<meta property=\"og:description\" content=\"Unions-L\u00e4nder fallen Sch\u00e4uble beim BKA-Gesetz in den R\u00fccken  Der Plan von Bundesinnenminister Wolfgang Sch\u00e4uble (CDU), das Bundeskriminalamt (BKA) mit zahlreichen pr\u00e4ventiven Befugnissen aufzur\u00fcsten, geht gerade seinen Kollegen in Bundesl\u00e4ndern mit Unionsregierungen deutlich zu weit.\" \/>\n<meta property=\"og:url\" content=\"https:\/\/feminissima.de\/index.php\/2007\/10\/21\/heise-online-unionslaender-fallen-schaeuble-in-den-ruecken\/\" \/>\n<meta property=\"og:site_name\" content=\"Feminissima\" \/>\n<meta property=\"article:published_time\" content=\"2007-10-21T11:27:01+00:00\" \/>\n<meta name=\"author\" content=\"admin\" \/>\n<meta name=\"twitter:card\" content=\"summary_large_image\" \/>\n<meta name=\"twitter:label1\" content=\"Verfasst von\" \/>\n\t<meta name=\"twitter:data1\" content=\"admin\" \/>\n\t<meta name=\"twitter:label2\" content=\"Gesch\u00e4tzte Lesezeit\" \/>\n\t<meta name=\"twitter:data2\" content=\"4\u00a0Minuten\" \/>\n<script type=\"application\/ld+json\" class=\"yoast-schema-graph\">{\"@context\":\"https:\/\/schema.org\",\"@graph\":[{\"@type\":\"WebPage\",\"@id\":\"https:\/\/feminissima.de\/index.php\/2007\/10\/21\/heise-online-unionslaender-fallen-schaeuble-in-den-ruecken\/\",\"url\":\"https:\/\/feminissima.de\/index.php\/2007\/10\/21\/heise-online-unionslaender-fallen-schaeuble-in-den-ruecken\/\",\"name\":\"HEISE-online: Unionsl\u00e4nder fallen Sch\u00e4uble in den R\u00fccken - Feminissima\",\"isPartOf\":{\"@id\":\"https:\/\/feminissima.de\/#website\"},\"datePublished\":\"2007-10-21T11:27:01+00:00\",\"dateModified\":\"2007-10-21T11:27:01+00:00\",\"author\":{\"@id\":\"https:\/\/feminissima.de\/#\/schema\/person\/0b901e053624f88e7ecbea289d9d5128\"},\"breadcrumb\":{\"@id\":\"https:\/\/feminissima.de\/index.php\/2007\/10\/21\/heise-online-unionslaender-fallen-schaeuble-in-den-ruecken\/#breadcrumb\"},\"inLanguage\":\"de\",\"potentialAction\":[{\"@type\":\"ReadAction\",\"target\":[\"https:\/\/feminissima.de\/index.php\/2007\/10\/21\/heise-online-unionslaender-fallen-schaeuble-in-den-ruecken\/\"]}]},{\"@type\":\"BreadcrumbList\",\"@id\":\"https:\/\/feminissima.de\/index.php\/2007\/10\/21\/heise-online-unionslaender-fallen-schaeuble-in-den-ruecken\/#breadcrumb\",\"itemListElement\":[{\"@type\":\"ListItem\",\"position\":1,\"name\":\"Startseite\",\"item\":\"https:\/\/feminissima.de\/\"},{\"@type\":\"ListItem\",\"position\":2,\"name\":\"HEISE-online: Unionsl\u00e4nder fallen Sch\u00e4uble in den R\u00fccken\"}]},{\"@type\":\"WebSite\",\"@id\":\"https:\/\/feminissima.de\/#website\",\"url\":\"https:\/\/feminissima.de\/\",\"name\":\"Feminissima\",\"description\":\"\",\"potentialAction\":[{\"@type\":\"SearchAction\",\"target\":{\"@type\":\"EntryPoint\",\"urlTemplate\":\"https:\/\/feminissima.de\/?s={search_term_string}\"},\"query-input\":\"required name=search_term_string\"}],\"inLanguage\":\"de\"},{\"@type\":\"Person\",\"@id\":\"https:\/\/feminissima.de\/#\/schema\/person\/0b901e053624f88e7ecbea289d9d5128\",\"name\":\"admin\",\"image\":{\"@type\":\"ImageObject\",\"inLanguage\":\"de\",\"@id\":\"https:\/\/feminissima.de\/#\/schema\/person\/image\/\",\"url\":\"https:\/\/secure.gravatar.com\/avatar\/8da1f51327453c0bf63338e8e2a791948b7d2ac19b68839492d1e69aac6924a8?s=96&d=mm&r=g\",\"contentUrl\":\"https:\/\/secure.gravatar.com\/avatar\/8da1f51327453c0bf63338e8e2a791948b7d2ac19b68839492d1e69aac6924a8?s=96&d=mm&r=g\",\"caption\":\"admin\"},\"url\":\"https:\/\/feminissima.de\/index.php\/author\/admin\/\"}]}<\/script>\n<!-- \/ Yoast SEO plugin. -->","yoast_head_json":{"title":"HEISE-online: Unionsl\u00e4nder fallen Sch\u00e4uble in den R\u00fccken - Feminissima","robots":{"index":"index","follow":"follow","max-snippet":"max-snippet:-1","max-image-preview":"max-image-preview:large","max-video-preview":"max-video-preview:-1"},"canonical":"https:\/\/feminissima.de\/index.php\/2007\/10\/21\/heise-online-unionslaender-fallen-schaeuble-in-den-ruecken\/","og_locale":"de_DE","og_type":"article","og_title":"HEISE-online: Unionsl\u00e4nder fallen Sch\u00e4uble in den R\u00fccken - Feminissima","og_description":"Unions-L\u00e4nder fallen Sch\u00e4uble beim BKA-Gesetz in den R\u00fccken  Der Plan von Bundesinnenminister Wolfgang Sch\u00e4uble (CDU), das Bundeskriminalamt (BKA) mit zahlreichen pr\u00e4ventiven Befugnissen aufzur\u00fcsten, geht gerade seinen Kollegen in Bundesl\u00e4ndern mit Unionsregierungen deutlich zu weit.","og_url":"https:\/\/feminissima.de\/index.php\/2007\/10\/21\/heise-online-unionslaender-fallen-schaeuble-in-den-ruecken\/","og_site_name":"Feminissima","article_published_time":"2007-10-21T11:27:01+00:00","author":"admin","twitter_card":"summary_large_image","twitter_misc":{"Verfasst von":"admin","Gesch\u00e4tzte Lesezeit":"4\u00a0Minuten"},"schema":{"@context":"https:\/\/schema.org","@graph":[{"@type":"WebPage","@id":"https:\/\/feminissima.de\/index.php\/2007\/10\/21\/heise-online-unionslaender-fallen-schaeuble-in-den-ruecken\/","url":"https:\/\/feminissima.de\/index.php\/2007\/10\/21\/heise-online-unionslaender-fallen-schaeuble-in-den-ruecken\/","name":"HEISE-online: Unionsl\u00e4nder fallen Sch\u00e4uble in den R\u00fccken - Feminissima","isPartOf":{"@id":"https:\/\/feminissima.de\/#website"},"datePublished":"2007-10-21T11:27:01+00:00","dateModified":"2007-10-21T11:27:01+00:00","author":{"@id":"https:\/\/feminissima.de\/#\/schema\/person\/0b901e053624f88e7ecbea289d9d5128"},"breadcrumb":{"@id":"https:\/\/feminissima.de\/index.php\/2007\/10\/21\/heise-online-unionslaender-fallen-schaeuble-in-den-ruecken\/#breadcrumb"},"inLanguage":"de","potentialAction":[{"@type":"ReadAction","target":["https:\/\/feminissima.de\/index.php\/2007\/10\/21\/heise-online-unionslaender-fallen-schaeuble-in-den-ruecken\/"]}]},{"@type":"BreadcrumbList","@id":"https:\/\/feminissima.de\/index.php\/2007\/10\/21\/heise-online-unionslaender-fallen-schaeuble-in-den-ruecken\/#breadcrumb","itemListElement":[{"@type":"ListItem","position":1,"name":"Startseite","item":"https:\/\/feminissima.de\/"},{"@type":"ListItem","position":2,"name":"HEISE-online: Unionsl\u00e4nder fallen Sch\u00e4uble in den R\u00fccken"}]},{"@type":"WebSite","@id":"https:\/\/feminissima.de\/#website","url":"https:\/\/feminissima.de\/","name":"Feminissima","description":"","potentialAction":[{"@type":"SearchAction","target":{"@type":"EntryPoint","urlTemplate":"https:\/\/feminissima.de\/?s={search_term_string}"},"query-input":"required name=search_term_string"}],"inLanguage":"de"},{"@type":"Person","@id":"https:\/\/feminissima.de\/#\/schema\/person\/0b901e053624f88e7ecbea289d9d5128","name":"admin","image":{"@type":"ImageObject","inLanguage":"de","@id":"https:\/\/feminissima.de\/#\/schema\/person\/image\/","url":"https:\/\/secure.gravatar.com\/avatar\/8da1f51327453c0bf63338e8e2a791948b7d2ac19b68839492d1e69aac6924a8?s=96&d=mm&r=g","contentUrl":"https:\/\/secure.gravatar.com\/avatar\/8da1f51327453c0bf63338e8e2a791948b7d2ac19b68839492d1e69aac6924a8?s=96&d=mm&r=g","caption":"admin"},"url":"https:\/\/feminissima.de\/index.php\/author\/admin\/"}]}},"jetpack_featured_media_url":"","_links":{"self":[{"href":"https:\/\/feminissima.de\/index.php\/wp-json\/wp\/v2\/posts\/84991","targetHints":{"allow":["GET"]}}],"collection":[{"href":"https:\/\/feminissima.de\/index.php\/wp-json\/wp\/v2\/posts"}],"about":[{"href":"https:\/\/feminissima.de\/index.php\/wp-json\/wp\/v2\/types\/post"}],"author":[{"embeddable":true,"href":"https:\/\/feminissima.de\/index.php\/wp-json\/wp\/v2\/users\/2"}],"replies":[{"embeddable":true,"href":"https:\/\/feminissima.de\/index.php\/wp-json\/wp\/v2\/comments?post=84991"}],"version-history":[{"count":0,"href":"https:\/\/feminissima.de\/index.php\/wp-json\/wp\/v2\/posts\/84991\/revisions"}],"wp:attachment":[{"href":"https:\/\/feminissima.de\/index.php\/wp-json\/wp\/v2\/media?parent=84991"}],"wp:term":[{"taxonomy":"category","embeddable":true,"href":"https:\/\/feminissima.de\/index.php\/wp-json\/wp\/v2\/categories?post=84991"},{"taxonomy":"post_tag","embeddable":true,"href":"https:\/\/feminissima.de\/index.php\/wp-json\/wp\/v2\/tags?post=84991"}],"curies":[{"name":"wp","href":"https:\/\/api.w.org\/{rel}","templated":true}]}}