{"id":84990,"date":"2007-10-17T12:53:04","date_gmt":"2007-10-17T12:53:04","guid":{"rendered":"http:\/\/www.feminissima.de\/?p=84990"},"modified":"2007-10-17T12:53:04","modified_gmt":"2007-10-17T12:53:04","slug":"pinn-literatur-im-foyer-swr-glaser-preis-wettstreit","status":"publish","type":"post","link":"https:\/\/feminissima.de\/index.php\/2007\/10\/17\/pinn-literatur-im-foyer-swr-glaser-preis-wettstreit\/","title":{"rendered":"PINN &#8222;Literatur-im-Foyer, SWR Glaser-Preis-Wettstreit"},"content":{"rendered":"<p>am Freitag, den 19. Oktober 2007 um 00.00 Uhr sendet<br \/>\nSWR Fernsehen &#8222;Literatur im Foyer&#8220; mit Martin L\u00fcdke.<\/p>\n<p>Der Glaser-Preis-Wettstreit<br \/>\nKein Staatsakt, ein Literaturfest: die Verleihung des<br \/>\nGeorg-K.-Glaser-Preises 2007 an Dagmar Leupold &#8211; f\u00fcr ihre klassische<br \/>\nShort-Story &#8222;Bunny&#8220;, eine unspektakul\u00e4re Trag\u00f6die aus dem Alltag einer<br \/>\ndeutschen Familie.<br \/>Und ein Wettbewerb um den F\u00f6rderpreis. Katharina Schultens, Martina Weber<br \/>\nund Maike Wetzel lesen. Die Juroren Meike Fessmann (S\u00fcddeutsche Zeitung),<br \/>\nRichard K\u00e4mmerlings (FAZ) und Hajo Steinert (Deutschlandfunk, K\u00f6ln)<br \/>\nentscheiden, und das Publikum entscheidet mit.<br \/>\nDurch den Abend f\u00fchrt: Martin L\u00fcdke<\/p>\n<p>Mehr Informationen zu &#8222;Literatur im Foyer&#8220; finden Sie auf unserer Homepage<br \/>\nhttp:\/\/www.swr.de\/literatur-im-foyer<\/p>\n<p>Mit freundlichen Gr\u00fc\u00dfen<\/p>\n<p>Ihre Redaktion &#8222;Literatur im Foyer&#8220;<\/p>\n<p>P.S.<br \/>\nWollen Sie bei einer Aufzeichnung im Publikum dabei sein?<br \/>\nUnser n\u00e4chster Termin:<br \/>\nDienstag, 6. November 2007 im Foyer des SWR, Mainz.<br \/>\nEinlass: 18 Uhr, Eintritt ist frei.<br \/>\nThema: Der Herbst der Biographen<br \/>\nLebensgeschichten von Stefan George und Ernst J\u00fcnger<\/p>\n","protected":false},"excerpt":{"rendered":"<p>am Freitag, den 19. Oktober 2007 um 00.00 Uhr sendet<br \/>\nSWR Fernsehen &#8222;Literatur im Foyer&#8220; mit Martin L\u00fcdke.<\/p>\n<p>Der Glaser-Preis-Wettstreit<br \/>\nKein Staatsakt, ein Literaturfest: die Verleihung des<br \/>\nGeorg-K.-Glaser-Preises 2007 an Dagmar Leupold &#8211; f\u00fcr ihre klassische<br \/>\nShort-Story &#8222;Bunny&#8220;, eine unspektakul\u00e4re Trag\u00f6die aus dem Alltag einer<br \/>\ndeutschen Familie.<\/p>\n","protected":false},"author":2,"featured_media":0,"comment_status":"closed","ping_status":"closed","sticky":false,"template":"","format":"standard","meta":{"footnotes":""},"categories":[26],"tags":[],"class_list":["post-84990","post","type-post","status-publish","format-standard","hentry","category-pinnwand","entry"],"yoast_head":"<!-- This site is optimized with the Yoast SEO plugin v21.0 - https:\/\/yoast.com\/wordpress\/plugins\/seo\/ -->\n<title>PINN &quot;Literatur-im-Foyer, SWR Glaser-Preis-Wettstreit - Feminissima<\/title>\n<meta name=\"robots\" content=\"index, follow, max-snippet:-1, max-image-preview:large, max-video-preview:-1\" \/>\n<link rel=\"canonical\" href=\"https:\/\/feminissima.de\/index.php\/2007\/10\/17\/pinn-literatur-im-foyer-swr-glaser-preis-wettstreit\/\" \/>\n<meta property=\"og:locale\" content=\"de_DE\" \/>\n<meta property=\"og:type\" content=\"article\" \/>\n<meta property=\"og:title\" content=\"PINN &quot;Literatur-im-Foyer, SWR Glaser-Preis-Wettstreit - Feminissima\" \/>\n<meta property=\"og:description\" content=\"am Freitag, den 19. Oktober 2007 um 00.00 Uhr sendet SWR Fernsehen &quot;Literatur im Foyer&quot; mit Martin L\u00fcdke. Der Glaser-Preis-Wettstreit Kein Staatsakt, ein Literaturfest: die Verleihung des Georg-K.-Glaser-Preises 2007 an Dagmar Leupold - f\u00fcr ihre klassische Short-Story &quot;Bunny&quot;, eine unspektakul\u00e4re Trag\u00f6die aus dem Alltag einer deutschen Familie.\" \/>\n<meta property=\"og:url\" content=\"https:\/\/feminissima.de\/index.php\/2007\/10\/17\/pinn-literatur-im-foyer-swr-glaser-preis-wettstreit\/\" \/>\n<meta property=\"og:site_name\" content=\"Feminissima\" \/>\n<meta property=\"article:published_time\" content=\"2007-10-17T12:53:04+00:00\" \/>\n<meta name=\"author\" content=\"admin\" \/>\n<meta name=\"twitter:card\" content=\"summary_large_image\" \/>\n<meta name=\"twitter:label1\" content=\"Verfasst von\" \/>\n\t<meta name=\"twitter:data1\" content=\"admin\" \/>\n\t<meta name=\"twitter:label2\" content=\"Gesch\u00e4tzte Lesezeit\" \/>\n\t<meta name=\"twitter:data2\" content=\"1\u00a0Minute\" \/>\n<script type=\"application\/ld+json\" class=\"yoast-schema-graph\">{\"@context\":\"https:\/\/schema.org\",\"@graph\":[{\"@type\":\"WebPage\",\"@id\":\"https:\/\/feminissima.de\/index.php\/2007\/10\/17\/pinn-literatur-im-foyer-swr-glaser-preis-wettstreit\/\",\"url\":\"https:\/\/feminissima.de\/index.php\/2007\/10\/17\/pinn-literatur-im-foyer-swr-glaser-preis-wettstreit\/\",\"name\":\"PINN \\\"Literatur-im-Foyer, SWR Glaser-Preis-Wettstreit - Feminissima\",\"isPartOf\":{\"@id\":\"https:\/\/feminissima.de\/#website\"},\"datePublished\":\"2007-10-17T12:53:04+00:00\",\"dateModified\":\"2007-10-17T12:53:04+00:00\",\"author\":{\"@id\":\"https:\/\/feminissima.de\/#\/schema\/person\/0b901e053624f88e7ecbea289d9d5128\"},\"breadcrumb\":{\"@id\":\"https:\/\/feminissima.de\/index.php\/2007\/10\/17\/pinn-literatur-im-foyer-swr-glaser-preis-wettstreit\/#breadcrumb\"},\"inLanguage\":\"de\",\"potentialAction\":[{\"@type\":\"ReadAction\",\"target\":[\"https:\/\/feminissima.de\/index.php\/2007\/10\/17\/pinn-literatur-im-foyer-swr-glaser-preis-wettstreit\/\"]}]},{\"@type\":\"BreadcrumbList\",\"@id\":\"https:\/\/feminissima.de\/index.php\/2007\/10\/17\/pinn-literatur-im-foyer-swr-glaser-preis-wettstreit\/#breadcrumb\",\"itemListElement\":[{\"@type\":\"ListItem\",\"position\":1,\"name\":\"Startseite\",\"item\":\"https:\/\/feminissima.de\/\"},{\"@type\":\"ListItem\",\"position\":2,\"name\":\"PINN &#8222;Literatur-im-Foyer, SWR Glaser-Preis-Wettstreit\"}]},{\"@type\":\"WebSite\",\"@id\":\"https:\/\/feminissima.de\/#website\",\"url\":\"https:\/\/feminissima.de\/\",\"name\":\"Feminissima\",\"description\":\"\",\"potentialAction\":[{\"@type\":\"SearchAction\",\"target\":{\"@type\":\"EntryPoint\",\"urlTemplate\":\"https:\/\/feminissima.de\/?s={search_term_string}\"},\"query-input\":\"required name=search_term_string\"}],\"inLanguage\":\"de\"},{\"@type\":\"Person\",\"@id\":\"https:\/\/feminissima.de\/#\/schema\/person\/0b901e053624f88e7ecbea289d9d5128\",\"name\":\"admin\",\"image\":{\"@type\":\"ImageObject\",\"inLanguage\":\"de\",\"@id\":\"https:\/\/feminissima.de\/#\/schema\/person\/image\/\",\"url\":\"https:\/\/secure.gravatar.com\/avatar\/8da1f51327453c0bf63338e8e2a791948b7d2ac19b68839492d1e69aac6924a8?s=96&d=mm&r=g\",\"contentUrl\":\"https:\/\/secure.gravatar.com\/avatar\/8da1f51327453c0bf63338e8e2a791948b7d2ac19b68839492d1e69aac6924a8?s=96&d=mm&r=g\",\"caption\":\"admin\"},\"url\":\"https:\/\/feminissima.de\/index.php\/author\/admin\/\"}]}<\/script>\n<!-- \/ Yoast SEO plugin. -->","yoast_head_json":{"title":"PINN \"Literatur-im-Foyer, SWR Glaser-Preis-Wettstreit - Feminissima","robots":{"index":"index","follow":"follow","max-snippet":"max-snippet:-1","max-image-preview":"max-image-preview:large","max-video-preview":"max-video-preview:-1"},"canonical":"https:\/\/feminissima.de\/index.php\/2007\/10\/17\/pinn-literatur-im-foyer-swr-glaser-preis-wettstreit\/","og_locale":"de_DE","og_type":"article","og_title":"PINN \"Literatur-im-Foyer, SWR Glaser-Preis-Wettstreit - Feminissima","og_description":"am Freitag, den 19. Oktober 2007 um 00.00 Uhr sendet SWR Fernsehen \"Literatur im Foyer\" mit Martin L\u00fcdke. Der Glaser-Preis-Wettstreit Kein Staatsakt, ein Literaturfest: die Verleihung des Georg-K.-Glaser-Preises 2007 an Dagmar Leupold - f\u00fcr ihre klassische Short-Story \"Bunny\", eine unspektakul\u00e4re Trag\u00f6die aus dem Alltag einer deutschen Familie.","og_url":"https:\/\/feminissima.de\/index.php\/2007\/10\/17\/pinn-literatur-im-foyer-swr-glaser-preis-wettstreit\/","og_site_name":"Feminissima","article_published_time":"2007-10-17T12:53:04+00:00","author":"admin","twitter_card":"summary_large_image","twitter_misc":{"Verfasst von":"admin","Gesch\u00e4tzte Lesezeit":"1\u00a0Minute"},"schema":{"@context":"https:\/\/schema.org","@graph":[{"@type":"WebPage","@id":"https:\/\/feminissima.de\/index.php\/2007\/10\/17\/pinn-literatur-im-foyer-swr-glaser-preis-wettstreit\/","url":"https:\/\/feminissima.de\/index.php\/2007\/10\/17\/pinn-literatur-im-foyer-swr-glaser-preis-wettstreit\/","name":"PINN \"Literatur-im-Foyer, SWR Glaser-Preis-Wettstreit - Feminissima","isPartOf":{"@id":"https:\/\/feminissima.de\/#website"},"datePublished":"2007-10-17T12:53:04+00:00","dateModified":"2007-10-17T12:53:04+00:00","author":{"@id":"https:\/\/feminissima.de\/#\/schema\/person\/0b901e053624f88e7ecbea289d9d5128"},"breadcrumb":{"@id":"https:\/\/feminissima.de\/index.php\/2007\/10\/17\/pinn-literatur-im-foyer-swr-glaser-preis-wettstreit\/#breadcrumb"},"inLanguage":"de","potentialAction":[{"@type":"ReadAction","target":["https:\/\/feminissima.de\/index.php\/2007\/10\/17\/pinn-literatur-im-foyer-swr-glaser-preis-wettstreit\/"]}]},{"@type":"BreadcrumbList","@id":"https:\/\/feminissima.de\/index.php\/2007\/10\/17\/pinn-literatur-im-foyer-swr-glaser-preis-wettstreit\/#breadcrumb","itemListElement":[{"@type":"ListItem","position":1,"name":"Startseite","item":"https:\/\/feminissima.de\/"},{"@type":"ListItem","position":2,"name":"PINN &#8222;Literatur-im-Foyer, SWR Glaser-Preis-Wettstreit"}]},{"@type":"WebSite","@id":"https:\/\/feminissima.de\/#website","url":"https:\/\/feminissima.de\/","name":"Feminissima","description":"","potentialAction":[{"@type":"SearchAction","target":{"@type":"EntryPoint","urlTemplate":"https:\/\/feminissima.de\/?s={search_term_string}"},"query-input":"required name=search_term_string"}],"inLanguage":"de"},{"@type":"Person","@id":"https:\/\/feminissima.de\/#\/schema\/person\/0b901e053624f88e7ecbea289d9d5128","name":"admin","image":{"@type":"ImageObject","inLanguage":"de","@id":"https:\/\/feminissima.de\/#\/schema\/person\/image\/","url":"https:\/\/secure.gravatar.com\/avatar\/8da1f51327453c0bf63338e8e2a791948b7d2ac19b68839492d1e69aac6924a8?s=96&d=mm&r=g","contentUrl":"https:\/\/secure.gravatar.com\/avatar\/8da1f51327453c0bf63338e8e2a791948b7d2ac19b68839492d1e69aac6924a8?s=96&d=mm&r=g","caption":"admin"},"url":"https:\/\/feminissima.de\/index.php\/author\/admin\/"}]}},"jetpack_featured_media_url":"","_links":{"self":[{"href":"https:\/\/feminissima.de\/index.php\/wp-json\/wp\/v2\/posts\/84990","targetHints":{"allow":["GET"]}}],"collection":[{"href":"https:\/\/feminissima.de\/index.php\/wp-json\/wp\/v2\/posts"}],"about":[{"href":"https:\/\/feminissima.de\/index.php\/wp-json\/wp\/v2\/types\/post"}],"author":[{"embeddable":true,"href":"https:\/\/feminissima.de\/index.php\/wp-json\/wp\/v2\/users\/2"}],"replies":[{"embeddable":true,"href":"https:\/\/feminissima.de\/index.php\/wp-json\/wp\/v2\/comments?post=84990"}],"version-history":[{"count":0,"href":"https:\/\/feminissima.de\/index.php\/wp-json\/wp\/v2\/posts\/84990\/revisions"}],"wp:attachment":[{"href":"https:\/\/feminissima.de\/index.php\/wp-json\/wp\/v2\/media?parent=84990"}],"wp:term":[{"taxonomy":"category","embeddable":true,"href":"https:\/\/feminissima.de\/index.php\/wp-json\/wp\/v2\/categories?post=84990"},{"taxonomy":"post_tag","embeddable":true,"href":"https:\/\/feminissima.de\/index.php\/wp-json\/wp\/v2\/tags?post=84990"}],"curies":[{"name":"wp","href":"https:\/\/api.w.org\/{rel}","templated":true}]}}