{"id":84989,"date":"2007-10-17T12:07:35","date_gmt":"2007-10-17T12:07:35","guid":{"rendered":"http:\/\/www.feminissima.de\/?p=84989"},"modified":"2007-10-17T12:07:35","modified_gmt":"2007-10-17T12:07:35","slug":"pinn-buchhaendlerkeller-eiszeit-r-klis","status":"publish","type":"post","link":"https:\/\/feminissima.de\/index.php\/2007\/10\/17\/pinn-buchhaendlerkeller-eiszeit-r-klis\/","title":{"rendered":"PINN: Buchh\u00e4ndlerkeller, &#8222;EISZEIT&#8220;\/ R. Klis"},"content":{"rendered":"<p>Carmerstr. 1 &#8211; parterre, nahe Steinplatz, 10623 Berlin-Charlottenburg<\/p>\n<p>info@buchhaendlerkeller-berlin.de   www.buchhaendlerkeller-berlin.de<br \/>\nDonnerstag<br \/>\n18. Oktober 2007<br \/>\n20.30 Uhr<\/p>\n<p>Rainer Klis<\/p>\n<p>liest aus seinem im Rowohlt Verlag erschienenen Roman<\/p>\n<p>\nSteinzeit<\/p>\n<p>\nNach der Wende hat sich Wolfram Meister schon einmal neu erfunden, die Gunst der Stunde genutzt und ein Hotel aufgezogen. Als energischer Unternehmer hat er sich inzwischen beinah selbst \u00fcberfl\u00fcssig gemacht. Ein Mann in den besten Jahren, ein Mann, der sich alles leisten kann, sitzt er heute am liebsten rauchend auf seinem Hochsitz und tr\u00e4umt von Weltflucht. Doch als er sich neu verliebt, beginnt die Zukunft wieder rosarot zu leuchten. Ist das nicht der Moment, um das Hotel zu verkaufen und noch einmal auf Neustart zu dr\u00fccken? So sicher sich Meister ist, dass er diese Chance nicht verspielen darf, so schwer tut er sich damit, der bezaubernden Nelli zu vertrauen. Er will sie auf die Probe stellen, die Zivilisation f\u00fcr eine Weile hinter sich lassen \u2013 und merkt nicht, wie sehr er sie mit diesem Plan br\u00fcskiert<\/p>\n<p>Rainer Klis, geboren 1955, lebt als freier Schriftsteller in Hohenstein-Ernstthal.<\/p>\n<p>Zur Zeit w\u00e4hrend der Lesungen und Veranstaltungen zu sehen:<\/p>\n<p>\n\u201eBerlin 2\u201c &#8211; Gewendet<\/p>\n<p>Arbeiten des Fotografen Harald Hauswald <\/p>\n<p>Arbeitskreis Berliner Jungbuchh\u00e4ndler e.V.    Carmerstr. 1  10623 Berlin-Charlottenburg<\/p>\n<p>Die Lesungen im Buchh\u00e4ndlerkeller werden vom B\u00f6rsenverein des Deutschen Buchhandels, Landesverband Berlin-Brandenburg, finanziell unterst\u00fctzt. Wir danken der Stiftung Preu\u00dfische Seehandlung f\u00fcr die F\u00f6rderung der Lesungen des 2. Halbjahres 2007.<\/p>\n<p>In freundlicher Kooperation mit der Autorenbuchhandlung, Carmerstr. 10. <br \/>\nWenn nicht anders vermerkt, betr\u00e4gt der Eintritt f\u00fcr die Veranstaltungen 5\/3 Euro und f\u00fcr die Lesungen am Donnerstag 3 Euro.<\/p>\n","protected":false},"excerpt":{"rendered":"<p>Carmerstr. 1 &#8211; parterre, nahe Steinplatz, 10623 Berlin-Charlottenburg<\/p>\n","protected":false},"author":2,"featured_media":0,"comment_status":"closed","ping_status":"closed","sticky":false,"template":"","format":"standard","meta":{"footnotes":""},"categories":[26],"tags":[],"class_list":["post-84989","post","type-post","status-publish","format-standard","hentry","category-pinnwand","entry"],"yoast_head":"<!-- This site is optimized with the Yoast SEO plugin v21.0 - https:\/\/yoast.com\/wordpress\/plugins\/seo\/ -->\n<title>PINN: Buchh\u00e4ndlerkeller, &quot;EISZEIT&quot;\/ R. Klis - Feminissima<\/title>\n<meta name=\"robots\" content=\"index, follow, max-snippet:-1, max-image-preview:large, max-video-preview:-1\" \/>\n<link rel=\"canonical\" href=\"https:\/\/feminissima.de\/index.php\/2007\/10\/17\/pinn-buchhaendlerkeller-eiszeit-r-klis\/\" \/>\n<meta property=\"og:locale\" content=\"de_DE\" \/>\n<meta property=\"og:type\" content=\"article\" \/>\n<meta property=\"og:title\" content=\"PINN: Buchh\u00e4ndlerkeller, &quot;EISZEIT&quot;\/ R. Klis - Feminissima\" \/>\n<meta property=\"og:description\" content=\"Carmerstr. 1 - parterre, nahe Steinplatz, 10623 Berlin-Charlottenburg\" \/>\n<meta property=\"og:url\" content=\"https:\/\/feminissima.de\/index.php\/2007\/10\/17\/pinn-buchhaendlerkeller-eiszeit-r-klis\/\" \/>\n<meta property=\"og:site_name\" content=\"Feminissima\" \/>\n<meta property=\"article:published_time\" content=\"2007-10-17T12:07:35+00:00\" \/>\n<meta name=\"author\" content=\"admin\" \/>\n<meta name=\"twitter:card\" content=\"summary_large_image\" \/>\n<meta name=\"twitter:label1\" content=\"Verfasst von\" \/>\n\t<meta name=\"twitter:data1\" content=\"admin\" \/>\n\t<meta name=\"twitter:label2\" content=\"Gesch\u00e4tzte Lesezeit\" \/>\n\t<meta name=\"twitter:data2\" content=\"1\u00a0Minute\" \/>\n<script type=\"application\/ld+json\" class=\"yoast-schema-graph\">{\"@context\":\"https:\/\/schema.org\",\"@graph\":[{\"@type\":\"WebPage\",\"@id\":\"https:\/\/feminissima.de\/index.php\/2007\/10\/17\/pinn-buchhaendlerkeller-eiszeit-r-klis\/\",\"url\":\"https:\/\/feminissima.de\/index.php\/2007\/10\/17\/pinn-buchhaendlerkeller-eiszeit-r-klis\/\",\"name\":\"PINN: Buchh\u00e4ndlerkeller, \\\"EISZEIT\\\"\/ R. Klis - Feminissima\",\"isPartOf\":{\"@id\":\"https:\/\/feminissima.de\/#website\"},\"datePublished\":\"2007-10-17T12:07:35+00:00\",\"dateModified\":\"2007-10-17T12:07:35+00:00\",\"author\":{\"@id\":\"https:\/\/feminissima.de\/#\/schema\/person\/0b901e053624f88e7ecbea289d9d5128\"},\"breadcrumb\":{\"@id\":\"https:\/\/feminissima.de\/index.php\/2007\/10\/17\/pinn-buchhaendlerkeller-eiszeit-r-klis\/#breadcrumb\"},\"inLanguage\":\"de\",\"potentialAction\":[{\"@type\":\"ReadAction\",\"target\":[\"https:\/\/feminissima.de\/index.php\/2007\/10\/17\/pinn-buchhaendlerkeller-eiszeit-r-klis\/\"]}]},{\"@type\":\"BreadcrumbList\",\"@id\":\"https:\/\/feminissima.de\/index.php\/2007\/10\/17\/pinn-buchhaendlerkeller-eiszeit-r-klis\/#breadcrumb\",\"itemListElement\":[{\"@type\":\"ListItem\",\"position\":1,\"name\":\"Startseite\",\"item\":\"https:\/\/feminissima.de\/\"},{\"@type\":\"ListItem\",\"position\":2,\"name\":\"PINN: Buchh\u00e4ndlerkeller, &#8222;EISZEIT&#8220;\/ R. Klis\"}]},{\"@type\":\"WebSite\",\"@id\":\"https:\/\/feminissima.de\/#website\",\"url\":\"https:\/\/feminissima.de\/\",\"name\":\"Feminissima\",\"description\":\"\",\"potentialAction\":[{\"@type\":\"SearchAction\",\"target\":{\"@type\":\"EntryPoint\",\"urlTemplate\":\"https:\/\/feminissima.de\/?s={search_term_string}\"},\"query-input\":\"required name=search_term_string\"}],\"inLanguage\":\"de\"},{\"@type\":\"Person\",\"@id\":\"https:\/\/feminissima.de\/#\/schema\/person\/0b901e053624f88e7ecbea289d9d5128\",\"name\":\"admin\",\"image\":{\"@type\":\"ImageObject\",\"inLanguage\":\"de\",\"@id\":\"https:\/\/feminissima.de\/#\/schema\/person\/image\/\",\"url\":\"https:\/\/secure.gravatar.com\/avatar\/8da1f51327453c0bf63338e8e2a791948b7d2ac19b68839492d1e69aac6924a8?s=96&d=mm&r=g\",\"contentUrl\":\"https:\/\/secure.gravatar.com\/avatar\/8da1f51327453c0bf63338e8e2a791948b7d2ac19b68839492d1e69aac6924a8?s=96&d=mm&r=g\",\"caption\":\"admin\"},\"url\":\"https:\/\/feminissima.de\/index.php\/author\/admin\/\"}]}<\/script>\n<!-- \/ Yoast SEO plugin. -->","yoast_head_json":{"title":"PINN: Buchh\u00e4ndlerkeller, \"EISZEIT\"\/ R. Klis - Feminissima","robots":{"index":"index","follow":"follow","max-snippet":"max-snippet:-1","max-image-preview":"max-image-preview:large","max-video-preview":"max-video-preview:-1"},"canonical":"https:\/\/feminissima.de\/index.php\/2007\/10\/17\/pinn-buchhaendlerkeller-eiszeit-r-klis\/","og_locale":"de_DE","og_type":"article","og_title":"PINN: Buchh\u00e4ndlerkeller, \"EISZEIT\"\/ R. Klis - Feminissima","og_description":"Carmerstr. 1 - parterre, nahe Steinplatz, 10623 Berlin-Charlottenburg","og_url":"https:\/\/feminissima.de\/index.php\/2007\/10\/17\/pinn-buchhaendlerkeller-eiszeit-r-klis\/","og_site_name":"Feminissima","article_published_time":"2007-10-17T12:07:35+00:00","author":"admin","twitter_card":"summary_large_image","twitter_misc":{"Verfasst von":"admin","Gesch\u00e4tzte Lesezeit":"1\u00a0Minute"},"schema":{"@context":"https:\/\/schema.org","@graph":[{"@type":"WebPage","@id":"https:\/\/feminissima.de\/index.php\/2007\/10\/17\/pinn-buchhaendlerkeller-eiszeit-r-klis\/","url":"https:\/\/feminissima.de\/index.php\/2007\/10\/17\/pinn-buchhaendlerkeller-eiszeit-r-klis\/","name":"PINN: Buchh\u00e4ndlerkeller, \"EISZEIT\"\/ R. Klis - Feminissima","isPartOf":{"@id":"https:\/\/feminissima.de\/#website"},"datePublished":"2007-10-17T12:07:35+00:00","dateModified":"2007-10-17T12:07:35+00:00","author":{"@id":"https:\/\/feminissima.de\/#\/schema\/person\/0b901e053624f88e7ecbea289d9d5128"},"breadcrumb":{"@id":"https:\/\/feminissima.de\/index.php\/2007\/10\/17\/pinn-buchhaendlerkeller-eiszeit-r-klis\/#breadcrumb"},"inLanguage":"de","potentialAction":[{"@type":"ReadAction","target":["https:\/\/feminissima.de\/index.php\/2007\/10\/17\/pinn-buchhaendlerkeller-eiszeit-r-klis\/"]}]},{"@type":"BreadcrumbList","@id":"https:\/\/feminissima.de\/index.php\/2007\/10\/17\/pinn-buchhaendlerkeller-eiszeit-r-klis\/#breadcrumb","itemListElement":[{"@type":"ListItem","position":1,"name":"Startseite","item":"https:\/\/feminissima.de\/"},{"@type":"ListItem","position":2,"name":"PINN: Buchh\u00e4ndlerkeller, &#8222;EISZEIT&#8220;\/ R. Klis"}]},{"@type":"WebSite","@id":"https:\/\/feminissima.de\/#website","url":"https:\/\/feminissima.de\/","name":"Feminissima","description":"","potentialAction":[{"@type":"SearchAction","target":{"@type":"EntryPoint","urlTemplate":"https:\/\/feminissima.de\/?s={search_term_string}"},"query-input":"required name=search_term_string"}],"inLanguage":"de"},{"@type":"Person","@id":"https:\/\/feminissima.de\/#\/schema\/person\/0b901e053624f88e7ecbea289d9d5128","name":"admin","image":{"@type":"ImageObject","inLanguage":"de","@id":"https:\/\/feminissima.de\/#\/schema\/person\/image\/","url":"https:\/\/secure.gravatar.com\/avatar\/8da1f51327453c0bf63338e8e2a791948b7d2ac19b68839492d1e69aac6924a8?s=96&d=mm&r=g","contentUrl":"https:\/\/secure.gravatar.com\/avatar\/8da1f51327453c0bf63338e8e2a791948b7d2ac19b68839492d1e69aac6924a8?s=96&d=mm&r=g","caption":"admin"},"url":"https:\/\/feminissima.de\/index.php\/author\/admin\/"}]}},"jetpack_featured_media_url":"","_links":{"self":[{"href":"https:\/\/feminissima.de\/index.php\/wp-json\/wp\/v2\/posts\/84989","targetHints":{"allow":["GET"]}}],"collection":[{"href":"https:\/\/feminissima.de\/index.php\/wp-json\/wp\/v2\/posts"}],"about":[{"href":"https:\/\/feminissima.de\/index.php\/wp-json\/wp\/v2\/types\/post"}],"author":[{"embeddable":true,"href":"https:\/\/feminissima.de\/index.php\/wp-json\/wp\/v2\/users\/2"}],"replies":[{"embeddable":true,"href":"https:\/\/feminissima.de\/index.php\/wp-json\/wp\/v2\/comments?post=84989"}],"version-history":[{"count":0,"href":"https:\/\/feminissima.de\/index.php\/wp-json\/wp\/v2\/posts\/84989\/revisions"}],"wp:attachment":[{"href":"https:\/\/feminissima.de\/index.php\/wp-json\/wp\/v2\/media?parent=84989"}],"wp:term":[{"taxonomy":"category","embeddable":true,"href":"https:\/\/feminissima.de\/index.php\/wp-json\/wp\/v2\/categories?post=84989"},{"taxonomy":"post_tag","embeddable":true,"href":"https:\/\/feminissima.de\/index.php\/wp-json\/wp\/v2\/tags?post=84989"}],"curies":[{"name":"wp","href":"https:\/\/api.w.org\/{rel}","templated":true}]}}