{"id":84971,"date":"2007-09-24T13:55:49","date_gmt":"2007-09-24T13:55:49","guid":{"rendered":"http:\/\/www.feminissima.de\/?p=84971"},"modified":"2007-09-24T13:55:49","modified_gmt":"2007-09-24T13:55:49","slug":"forschungspreis-roentgen-9-07","status":"publish","type":"post","link":"https:\/\/feminissima.de\/index.php\/2007\/09\/24\/forschungspreis-roentgen-9-07\/","title":{"rendered":"Forschungspreis R\u00f6ntgen &#8211; 9\/07"},"content":{"rendered":"<p>Text vom Sonntag. <br \/>717313.<br \/>gestern: 2.071<br \/>heute: 300<\/p>\n<p>(in POTSDAM! war das!<br \/>Der Name passte nicht mehr in die<br \/>Headline-Spur&#8230;)<\/p>\n<p> Ja, die \u00dcberschrift k\u00f6nnte jetzt so ..gehen, oder?<br \/>Nicht so steif, es geht ums R\u00f6ntgen.<br \/>Die Strahlen dabei, you know!<br \/>So ein, whow super-Typ hat da doch<br \/> tats\u00e4chlich was entdeckt, <br \/>um die ja noch immer hohe<br \/>..Strahlendosis beim R\u00f6ntgen..ja:<br \/>fast zu halbieren..???<\/p>\n<p>Spanndend!<br \/>Na, betrifft uns ja schlie\u00dflich alle, oder?<\/p>\n<p>Willkommen!<br \/>15 Uhr 30 in Berlin.<br \/>Himmelblau.<\/p>\n<table width=\"100%\">\n<tr>\n<td style=\"background-image=url('images\/monet-heller.jpg')\"><font size=\"+1\"><\/p>\n<p> Und &#8211; <br \/>freundlicherweise gibt es ja doch<br \/>immer wieder Menschen, <br \/>die Stiftungen stiften,<br \/>um den Forschern auch mal ein <br \/>kleines Lob&#8230;<\/p>\n<p>JEDENFALLS:<br \/>gestern wurde in POTSDAM der<\/p>\n<p>\nBehnken-Berger-Preis <br \/>f\u00fcr Strahlenreduzierung in der medizinischen Bildgebung<br \/> verliehen.<\/p>\n<p>PREISTR\u00c4GER&#8230;ist:<br \/>Dr. Christoph Hoeschen<br \/> vom GSF &#8211; <br \/>Forschungszentrum f\u00fcr Umwelt und Gesundheit<br \/> (Helmholtz-Gemeinschaft). <\/p>\n<p>Preisgeld: 10.000 Euro. <br \/>Na, das ist doch das Mindeste!<br \/>Worum geht es?<\/p>\n<p>Hoeschens Arbeiten haben zu neuen Verfahren gef\u00fchrt:<br \/> um die Strahlenbelastung f\u00fcr Patienten<br \/> etwa bei der Computertomographie und der Projektionsradiographie zu verringern<br \/>und zu beschreiben.<\/p>\n<p> Die Auszeichnung wurde im Rahmen der Mitgliederversammlung<br \/> auf der 14. Jahrestagung<br \/> der Berlin-Brandenburgischen Gesellschaft f\u00fcr Nuklearmedizin<br \/> \u00fcberreicht.<\/p>\n<p>Ob gebrochenes Bein, <br \/>schmerzende Zahnwurzel,<br \/> Verdacht auf Brustkrebs<br \/> oder Lungenentz\u00fcndung &#8211; der Arzt r\u00f6ntgt: <\/p>\n<p>Sch\u00e4tzungen gehen<br \/> von etwa 140 Millionen Untersuchungen pro Jahr aus. <br \/>Nat\u00fcrlich wird zu viel ger\u00f6ntgt, <br \/>meint nicht nur FEMINISSIMA.<br \/>Und wurde uns nicht erz\u00e4hlt, <br \/>gerade die Computer-Tomografie <br \/>sei strahlenarm&#8230;?<br \/>Jedenfalls, machen wir uns nichts vor:<br \/>Diese Diagnostik ist heute nicht mehr <br \/>aus dem medizinischen Alltag wegzudenken.<br \/>..&#8220;Und zugleich&#8230;&#8220; &#8211; <br \/>wie der Pressetext fortf\u00e4hrt:<\/p>\n<p>&#8230;&#8220;die Ursache f\u00fcr die gr\u00f6\u00dfte Exposition des Menschen<br \/> mit ionisierender Strahlung. <br \/>Die meisten Patienten sind dabei von Projektionsaufnahmen <br \/>(ca. 93 Prozent der Untersuchungen)<br \/> betroffen.<br \/> Um den Strahlenschutz dieser Gruppe m\u00f6glichst zu optimieren, <br \/>entwickelte Hoeschen mit zwei Kollegen<br \/> ein effizientes Verfahren<br \/> zur Verringerung des ungew\u00fcnschten Rauschens aus zwei Bildern. <\/p>\n<p>Knapp 40 Prozent der medizinischen<br \/> Strahlenbelastung <br \/>stammen aus computertomographischen Untersuchungen,<br \/> die jedoch nur etwas mehr als 5 Prozent<br \/> der Untersuchungszahlen ausmachen. <br \/>Deren Anzahl wird in Zukunft weiter steigen:<br \/>und damit auch die Strahlenexposition: <br \/>Anders als beim klassischen R\u00f6ntgen<br \/> k\u00f6nnen die f\u00fcr eine Untersuchung irrelevanten K\u00f6rperregionen schlechter abgeschirmt werden, <br \/>s\u00e4mtliche in Abtastrichtung liegenden K\u00f6rperanteile werden bestrahlt; <br \/>zudem ist die Strahlendosis am Eintrittspunkt in den K\u00f6rper etwas h\u00f6her,<br \/>so der Presse-Text des Institutes.<br \/> Aufnahmen von ein bis zwei CT-Schichten<br \/> bedeuten eine \u00e4hnliche Strahlenbelastung<br \/> wie eine konventionelle.<\/p>\n<p>Hier ist also,<br \/>f\u00e4hrt der Pressetext fort:<br \/>&#8220; Ein besonderer Optimierungsbedarf notwendig.&#8220; <\/p>\n<p>Dr. Christoph Hoeschen, <br \/>Leiter der Arbeitsgruppe Medizinphysik am GSF,<br \/> Institut f\u00fcr Strahlenschutz, <br \/>hat ein neues Verfahren entwickelt:<br \/>Es liefert mit deutlich geringerer Strahlendosis<br \/> Aufnahmen hoher Qualit\u00e4t.<\/p>\n<p> &#8222;Wir wenden f\u00fcr die notwendige Rekonstruktion<br \/> der Bilder aus CT-Daten<br \/> einen neuartigen Algorithmus an, <br \/>der die in den Rohdaten steckende Information besser ausnutzt&#8220;, <br \/>erkl\u00e4rt Hoeschen. <br \/>Das hei\u00dft,<br \/>die Wissenschaftler k\u00f6nnen<br \/>aus der H\u00e4lfte der Daten &#8211; <br \/>entsprechend einer halbierten Strahlenbelastung &#8211; <br \/>bei vergleichbarem Rechenaufwand<br \/> mindestens gleich gute Bilder rekonstruieren:<br \/> wie mit dem bisherigen Standardverfahren! <\/p>\n<p>(SAGENHAFT, oder?<br \/>Ganz neuer Blick auf die Mathematik!).<\/p>\n<p>Auf Basis des neuen Algorithmus <br \/>Polynomial Expansion on the Disc (OPED)<br \/> haben die Forscher zus\u00e4tzlich<br \/> verschiedene neue Aufnahmegeometrien entwickelt:<br \/>Das bedeutet, diese k\u00f6nnen helfen,<br \/> ohne Qualit\u00e4tsverlust die Dosis weiter zu senken.<\/p>\n<p> &#8222;Das Ergebnis ist, <br \/>dass schon bei niedrigeren Dosen<br \/> Aufnahmen von hoher Qualit\u00e4t erhalten werden&#8220;, <br \/>betont Hoeschen. <br \/>Dies kann dann mit Simulationsverfahren,<br \/> die ebenfalls in der Gruppe optimiert werden, <br \/>nachgewiesen werden. <\/p>\n<p>Was ist der Behnken-Berger-Preis? <\/p>\n<p>Die Stiftung tr\u00e4gt den Namen des<br \/> deutschen Physikers Hermann Behnken (1889-1945)<br \/> und seiner Ehefrau Traute Behnken-Berger.<br \/> Hermann Behnken geh\u00f6rte zu den f\u00fchrenden Pionieren<br \/> der Radiologie in Deutschland:<br \/> und ist der &#8222;Vater&#8220; der Dosiseinheit &#8222;R\u00f6ntgen&#8220;. <br \/>Behnkens physikalische und technische Arbeiten haben entscheidend dazu beigetragen, <br \/>(so lernen wir aus dem Pressetext),<br \/>&#8222;..das solide Fundament der modernen<br \/> Pr\u00e4zisionsdosiometrie zu formen.&#8220;<\/p>\n<p>Mit ihrem Preis f\u00f6rdert<br \/> die Behnken-Berger-Stiftung die Forschung<br \/> auf dem Gebiet des Strahlenschutzes.<br \/>Schwerpunkt:<br \/> Unterst\u00fctzung des wissenschaftlichen Nachwuchses.<\/p>\n<p>Und weiter im Pressetext<br \/> zu den Zielen der Stiftung:<\/p>\n<p>&#8220; Dabei ist der Fokus insbesondere<br \/> auf den Schutz vor Umweltsch\u00e4den<br \/> aufgrund von R\u00f6ntgenstrahlung<br \/> und Radioaktivit\u00e4t, <br \/>auf die Beseitigung von Strahlensch\u00e4den<br \/> durch therapeutische Ma\u00dfnahmen, <br \/>auf die R\u00f6ntgenstrahlungstherapie und <br \/>Diagnose von Strahlensch\u00e4den <br \/>und auf die Schutzma\u00dfnahmen vor Radioaktivit\u00e4t <br \/>gerichtet.&#8220;<\/p>\n<p> Die Behnken-Berger-Preise werden j\u00e4hrlich<br \/> an zwei junge Nachwuchswissenschaftler verliehen:<br \/>F\u00fcr hervorragende Leistungen in genau diesen Bereichen&#8230;.!<br \/>Tusch!!!<\/p>\n<p>Weitere Informationen:<\/p>\n<p>\nhttp:\/\/www.gsf.de\/neu\/Aktuelles\/Presse\/2007\/strahlenschutz-hoeschen.php<\/p>\n","protected":false},"excerpt":{"rendered":"<p>Text vom Sonntag. <\/p>\n","protected":false},"author":2,"featured_media":0,"comment_status":"closed","ping_status":"closed","sticky":false,"template":"","format":"standard","meta":{"footnotes":""},"categories":[10],"tags":[],"class_list":["post-84971","post","type-post","status-publish","format-standard","hentry","category-femgesundheit","entry"],"yoast_head":"<!-- This site is optimized with the Yoast SEO plugin v21.0 - https:\/\/yoast.com\/wordpress\/plugins\/seo\/ -->\n<title>Forschungspreis R\u00f6ntgen - 9\/07 - Feminissima<\/title>\n<meta name=\"robots\" content=\"index, follow, max-snippet:-1, max-image-preview:large, max-video-preview:-1\" \/>\n<link rel=\"canonical\" href=\"https:\/\/feminissima.de\/index.php\/2007\/09\/24\/forschungspreis-roentgen-9-07\/\" \/>\n<meta property=\"og:locale\" content=\"de_DE\" \/>\n<meta property=\"og:type\" content=\"article\" \/>\n<meta property=\"og:title\" content=\"Forschungspreis R\u00f6ntgen - 9\/07 - Feminissima\" \/>\n<meta property=\"og:description\" content=\"Text vom Sonntag.\" \/>\n<meta property=\"og:url\" content=\"https:\/\/feminissima.de\/index.php\/2007\/09\/24\/forschungspreis-roentgen-9-07\/\" \/>\n<meta property=\"og:site_name\" content=\"Feminissima\" \/>\n<meta property=\"article:published_time\" content=\"2007-09-24T13:55:49+00:00\" \/>\n<meta name=\"author\" content=\"admin\" \/>\n<meta name=\"twitter:card\" content=\"summary_large_image\" \/>\n<meta name=\"twitter:label1\" content=\"Verfasst von\" \/>\n\t<meta name=\"twitter:data1\" content=\"admin\" \/>\n\t<meta name=\"twitter:label2\" content=\"Gesch\u00e4tzte Lesezeit\" \/>\n\t<meta name=\"twitter:data2\" content=\"4\u00a0Minuten\" \/>\n<script type=\"application\/ld+json\" class=\"yoast-schema-graph\">{\"@context\":\"https:\/\/schema.org\",\"@graph\":[{\"@type\":\"WebPage\",\"@id\":\"https:\/\/feminissima.de\/index.php\/2007\/09\/24\/forschungspreis-roentgen-9-07\/\",\"url\":\"https:\/\/feminissima.de\/index.php\/2007\/09\/24\/forschungspreis-roentgen-9-07\/\",\"name\":\"Forschungspreis R\u00f6ntgen - 9\/07 - Feminissima\",\"isPartOf\":{\"@id\":\"https:\/\/feminissima.de\/#website\"},\"datePublished\":\"2007-09-24T13:55:49+00:00\",\"dateModified\":\"2007-09-24T13:55:49+00:00\",\"author\":{\"@id\":\"https:\/\/feminissima.de\/#\/schema\/person\/0b901e053624f88e7ecbea289d9d5128\"},\"breadcrumb\":{\"@id\":\"https:\/\/feminissima.de\/index.php\/2007\/09\/24\/forschungspreis-roentgen-9-07\/#breadcrumb\"},\"inLanguage\":\"de\",\"potentialAction\":[{\"@type\":\"ReadAction\",\"target\":[\"https:\/\/feminissima.de\/index.php\/2007\/09\/24\/forschungspreis-roentgen-9-07\/\"]}]},{\"@type\":\"BreadcrumbList\",\"@id\":\"https:\/\/feminissima.de\/index.php\/2007\/09\/24\/forschungspreis-roentgen-9-07\/#breadcrumb\",\"itemListElement\":[{\"@type\":\"ListItem\",\"position\":1,\"name\":\"Startseite\",\"item\":\"https:\/\/feminissima.de\/\"},{\"@type\":\"ListItem\",\"position\":2,\"name\":\"Forschungspreis R\u00f6ntgen &#8211; 9\/07\"}]},{\"@type\":\"WebSite\",\"@id\":\"https:\/\/feminissima.de\/#website\",\"url\":\"https:\/\/feminissima.de\/\",\"name\":\"Feminissima\",\"description\":\"\",\"potentialAction\":[{\"@type\":\"SearchAction\",\"target\":{\"@type\":\"EntryPoint\",\"urlTemplate\":\"https:\/\/feminissima.de\/?s={search_term_string}\"},\"query-input\":\"required name=search_term_string\"}],\"inLanguage\":\"de\"},{\"@type\":\"Person\",\"@id\":\"https:\/\/feminissima.de\/#\/schema\/person\/0b901e053624f88e7ecbea289d9d5128\",\"name\":\"admin\",\"image\":{\"@type\":\"ImageObject\",\"inLanguage\":\"de\",\"@id\":\"https:\/\/feminissima.de\/#\/schema\/person\/image\/\",\"url\":\"https:\/\/secure.gravatar.com\/avatar\/8da1f51327453c0bf63338e8e2a791948b7d2ac19b68839492d1e69aac6924a8?s=96&d=mm&r=g\",\"contentUrl\":\"https:\/\/secure.gravatar.com\/avatar\/8da1f51327453c0bf63338e8e2a791948b7d2ac19b68839492d1e69aac6924a8?s=96&d=mm&r=g\",\"caption\":\"admin\"},\"url\":\"https:\/\/feminissima.de\/index.php\/author\/admin\/\"}]}<\/script>\n<!-- \/ Yoast SEO plugin. -->","yoast_head_json":{"title":"Forschungspreis R\u00f6ntgen - 9\/07 - Feminissima","robots":{"index":"index","follow":"follow","max-snippet":"max-snippet:-1","max-image-preview":"max-image-preview:large","max-video-preview":"max-video-preview:-1"},"canonical":"https:\/\/feminissima.de\/index.php\/2007\/09\/24\/forschungspreis-roentgen-9-07\/","og_locale":"de_DE","og_type":"article","og_title":"Forschungspreis R\u00f6ntgen - 9\/07 - Feminissima","og_description":"Text vom Sonntag.","og_url":"https:\/\/feminissima.de\/index.php\/2007\/09\/24\/forschungspreis-roentgen-9-07\/","og_site_name":"Feminissima","article_published_time":"2007-09-24T13:55:49+00:00","author":"admin","twitter_card":"summary_large_image","twitter_misc":{"Verfasst von":"admin","Gesch\u00e4tzte Lesezeit":"4\u00a0Minuten"},"schema":{"@context":"https:\/\/schema.org","@graph":[{"@type":"WebPage","@id":"https:\/\/feminissima.de\/index.php\/2007\/09\/24\/forschungspreis-roentgen-9-07\/","url":"https:\/\/feminissima.de\/index.php\/2007\/09\/24\/forschungspreis-roentgen-9-07\/","name":"Forschungspreis R\u00f6ntgen - 9\/07 - Feminissima","isPartOf":{"@id":"https:\/\/feminissima.de\/#website"},"datePublished":"2007-09-24T13:55:49+00:00","dateModified":"2007-09-24T13:55:49+00:00","author":{"@id":"https:\/\/feminissima.de\/#\/schema\/person\/0b901e053624f88e7ecbea289d9d5128"},"breadcrumb":{"@id":"https:\/\/feminissima.de\/index.php\/2007\/09\/24\/forschungspreis-roentgen-9-07\/#breadcrumb"},"inLanguage":"de","potentialAction":[{"@type":"ReadAction","target":["https:\/\/feminissima.de\/index.php\/2007\/09\/24\/forschungspreis-roentgen-9-07\/"]}]},{"@type":"BreadcrumbList","@id":"https:\/\/feminissima.de\/index.php\/2007\/09\/24\/forschungspreis-roentgen-9-07\/#breadcrumb","itemListElement":[{"@type":"ListItem","position":1,"name":"Startseite","item":"https:\/\/feminissima.de\/"},{"@type":"ListItem","position":2,"name":"Forschungspreis R\u00f6ntgen &#8211; 9\/07"}]},{"@type":"WebSite","@id":"https:\/\/feminissima.de\/#website","url":"https:\/\/feminissima.de\/","name":"Feminissima","description":"","potentialAction":[{"@type":"SearchAction","target":{"@type":"EntryPoint","urlTemplate":"https:\/\/feminissima.de\/?s={search_term_string}"},"query-input":"required name=search_term_string"}],"inLanguage":"de"},{"@type":"Person","@id":"https:\/\/feminissima.de\/#\/schema\/person\/0b901e053624f88e7ecbea289d9d5128","name":"admin","image":{"@type":"ImageObject","inLanguage":"de","@id":"https:\/\/feminissima.de\/#\/schema\/person\/image\/","url":"https:\/\/secure.gravatar.com\/avatar\/8da1f51327453c0bf63338e8e2a791948b7d2ac19b68839492d1e69aac6924a8?s=96&d=mm&r=g","contentUrl":"https:\/\/secure.gravatar.com\/avatar\/8da1f51327453c0bf63338e8e2a791948b7d2ac19b68839492d1e69aac6924a8?s=96&d=mm&r=g","caption":"admin"},"url":"https:\/\/feminissima.de\/index.php\/author\/admin\/"}]}},"jetpack_featured_media_url":"","_links":{"self":[{"href":"https:\/\/feminissima.de\/index.php\/wp-json\/wp\/v2\/posts\/84971","targetHints":{"allow":["GET"]}}],"collection":[{"href":"https:\/\/feminissima.de\/index.php\/wp-json\/wp\/v2\/posts"}],"about":[{"href":"https:\/\/feminissima.de\/index.php\/wp-json\/wp\/v2\/types\/post"}],"author":[{"embeddable":true,"href":"https:\/\/feminissima.de\/index.php\/wp-json\/wp\/v2\/users\/2"}],"replies":[{"embeddable":true,"href":"https:\/\/feminissima.de\/index.php\/wp-json\/wp\/v2\/comments?post=84971"}],"version-history":[{"count":0,"href":"https:\/\/feminissima.de\/index.php\/wp-json\/wp\/v2\/posts\/84971\/revisions"}],"wp:attachment":[{"href":"https:\/\/feminissima.de\/index.php\/wp-json\/wp\/v2\/media?parent=84971"}],"wp:term":[{"taxonomy":"category","embeddable":true,"href":"https:\/\/feminissima.de\/index.php\/wp-json\/wp\/v2\/categories?post=84971"},{"taxonomy":"post_tag","embeddable":true,"href":"https:\/\/feminissima.de\/index.php\/wp-json\/wp\/v2\/tags?post=84971"}],"curies":[{"name":"wp","href":"https:\/\/api.w.org\/{rel}","templated":true}]}}