{"id":84970,"date":"2007-09-21T04:22:49","date_gmt":"2007-09-21T04:22:49","guid":{"rendered":"http:\/\/www.feminissima.de\/?p=84970"},"modified":"2007-09-21T04:22:49","modified_gmt":"2007-09-21T04:22:49","slug":"weltweite-mailingslists-fuer-maddy-ylenia-joana-marco-rhys","status":"publish","type":"post","link":"https:\/\/feminissima.de\/index.php\/2007\/09\/21\/weltweite-mailingslists-fuer-maddy-ylenia-joana-marco-rhys\/","title":{"rendered":"WELTWEITE MAILINGSLISTS f\u00fcr Maddy, Ylenia, Joana, Marco, Rhys.."},"content":{"rendered":"<p>live-Text vom 20. September<\/p>\n<p>Inzwischen: 01:48 Uhr in Berlin.<br \/>713668.<br \/>Gestern: 955<br \/>heute: 100<br \/>Willkommen:<br \/>Im Brennspiegel:<\/p>\n<table width=\"100%\">\n<tr>\n<td style=\"background-image=url('images\/monet-heller.jpg')\"><font size=\"+1\"><\/p>\n<p>Und es gleicht<br \/>einer Entschleunigung&#8230;sozusagen, der,<br \/>nennen wir es mal so schnoddrig: &#8222;Ereignisse&#8220;.<br \/>Ein neutrales Wort, wenn du so willst.<br \/>Weil dein herk\u00f6mmliches Vokabular ja nichts mehr hergibt.<br \/>F\u00fcr diese rapidit\u00e9 des Grauens.<br \/>Diese Geschwindigkeit des Grauens, <br \/>das auf dich einprasselt,<br \/>in einer &#8222;Presse&#8220; abgehakt, <br \/>die alles zu &#8222;Ereignissen&#8220; ent-seelt.<br \/>Ach, wie gut tun  da diese Mailing-Listen!<br \/>Dieses sich stunden-tage-n\u00e4chtelange Austauschen<br \/> \u00fcber jedes noch so geringste Detail.<br \/>Und wie sie sich auskennen!<br \/>Die Schmusekatze von Maddy,<br \/>sie lag so hoch auf einem Regal im Zimmer, <br \/>das sie nur von einem Erwachsenen &#8230;<br \/>hatte dorthin gelegt werden k\u00f6nnen.<br \/>Wer hat sie dorthin  gelegt und warum?<br \/>War es Maddies Mutter, <br \/>weil Maddy unartig war?<br \/>War es der Entf\u00fchrer?<br \/>So es einen gab?<br \/>Und wurde vielleicht nur falsch auf Deutsch \u00fcbersetzt, <br \/>was Kate gegen 22 Uhr ausrief,<br \/>als sie entsetzt aus Maddies Zimmer zur\u00fcckkehrte?<br \/>&#8222;Sie haben sie&#8230;&#8220; <br \/>Das Verb ist eher n\u00e9gligeable:<br \/>Es geht um Einzahl oder Plural.<br \/>Das Plural im Englischen wird verwendet wie unser &#8222;man&#8220;, <br \/>oder das franz\u00f6sische &#8222;on&#8220; &#8211; <br \/>&#8222;man&#8220; &#8211; <br \/>Und dabei bleibt offen, <br \/>ob es sich um eine oder mehrere Personen handelt&#8230;<br \/>Denn, so die Onliners:<br \/>&#8222;Durch den Plural konnte man (irrt\u00fcmlich) davon ausgehen,  <br \/>da\u00df Kate vielleicht wu\u00dfte, <br \/>dass es &#8222;Entf\u00fchrer&#8220; waren..&#8220;!<br \/>Aber es wurde nur falsch \u00fcbersetzt, <br \/>es h\u00e4tte hei\u00dfen m\u00fcssen..<br \/>&#8222;man hat..&#8220; <br \/>&#8222;jemand hat&#8220;&#8230;<br \/>Oh, die Tapas-Bar!<br \/>Nach Angaben des Personals<br \/> waren von den neun englischen Freunden<br \/>14 Flaschen Wein geleert worden,<br \/>und nicht nur 3 oder 4, <br \/>wie die McCanns und ihre Freunde es darstellten. <br \/>Und offenbar, so wissen manche, <br \/>gaben die McCanns ihren Kindern <br \/>sogar regelm\u00e4\u00dfig Beruhigungsmittel? <br \/>Wie&#8230;um den Babysitter einzuparen&#8230;?<br \/>Um ihre Ruhe zu haben?<br \/>Ja, was sind das denn f\u00fcr Eltern?<br \/>Und wer schickt schon ein vierj\u00e4hriges M\u00e4dchen <br \/>an einem Sommerabend schon um 18 Uhr zu Bett?<br \/>Da scheint doch noch die Sonne, nicht?<br \/>Und haben die McCanns den Medienrummel (vorsorglich) losgetreten,<br \/>um schonmal Kohle f\u00fcr ihre eigene Verteidigung zu sammeln?<br \/>H\u00e4tten die McCanns den armen <br \/> deutschen Eltern von Marco nicht was von den eingeheimsten Spenden <br \/>f\u00fcr Maddy abgegeben k\u00f6nnen?<br \/>Dann w\u00e4re Marco doch sicher l\u00e4ngst schon frei?<br \/>M\u00fc\u00dfte sich nicht in einem t\u00fcrkischen Gef\u00e4ngnis<br \/> f\u00fcr immer sein Leben ruinieren lassen?<br \/>Seine Eltern konnten sich doch blo\u00df<br \/> Provinz-Anw\u00e4lte leisten, nicht wahr?<br \/>Und was ist \u00fcberhaupt in England derzeit los?<br \/>Und warum wird Charlotte nicht endlich gezwungen, <br \/>in die T\u00fcrkei zu fahren,<br \/>und auszusagen?<br \/>Habe ihre Eltern Angst, <br \/>dass sie die Wahrheit sagt?<br \/>Oder dass sie selbst wegen mangelnder F\u00fcrsorge-Pflicht.. <br \/>..dass sie selbst am Pranger stehen k\u00f6nnten?<br \/>Und &#8211; hat der Joana-Fall etwas mit dem Maddy-Fall zu tun?<br \/>Und woran liegt es, <br \/>dass wir die Eltern von Maddy <br \/>immer weniger sympathisch finden.?<br \/>Nachdem wir monatelang so mitgelitten hatten?<br \/>Warum wirken sie so erstarrt?<br \/>Und was soll der neue Medienrummel?<br \/>Angriff nach vorne?<\/p>\n<p>Ja..das liest du alles, <br \/>und noch viel mehr,<br \/>und es befreit dich&#8230;.<br \/>Denn all diese \u00dcberlegungen, <br \/>Quer-Denk-Gef\u00fchl-Prozesse, <br \/>das sind auch die Gedanken, die dich qu\u00e4len,<br \/>dir keine Ruhe lassen;<br \/>Die Widerspiegelung all desssen,<br \/>sie gab es fr\u00fcher auch einmal,<br \/> in einer bei uns l\u00e4ngst <br \/>ab-gestorbenen, <br \/>furchtbar mechanisierten Presse.<br \/>Da Meldungen ohne Protestaufschrei verlesen werden, <br \/>wie gleich hier drunter:<br \/> &#8222;Zivilisten wurden von NATO-Eins\u00e4tzen in S\u00fcd-Afghanistan get\u00f6tet.<br \/>Zahlen unterdessen nicht genannt&#8230;&#8220;<br \/>Die K\u00e4lte unseres Lebens, <br \/>ist eine von Medien-Konzernen mit-produzierte..<br \/>Oder sogar beabsichtigte?<br \/>Wie gut, dass es das Internet gibt!<br \/>Und sich dort entfaltet, <br \/>was zumindest die deutsche Presse nicht mehr fertigbringt, <br \/>dass quer-nachgedacht und mitgef\u00fchlt wird, <br \/>Gef\u00fchle zugelassen sind, <br \/>erlaubt sind, <br \/>damit du nicht vergisst, <br \/>dass es eben keine blo\u00dfen &#8222;Ereignisse&#8220; sind, <br \/>die da abgespult werden,<br \/>wie z.B. t\u00e4glich in &#8222;Hallo Deutschland&#8220;\/ZDF, <br \/>das Ungl\u00fcck der anderen im Sekundentakt,<br \/>.. &#8222;und jetzt der Tier-Beitrag..!<br \/>Bitte alle wieder l\u00e4cheln!&#8220;<\/p>\n<p>sondern dass es sich um Menschen handelt, <br \/>um Schicksale, <br \/>um Trag\u00f6dien,<br \/>um Mord und &#8230;<br \/>jene R\u00e4tselhaftigkeit der menschlichen Abgr\u00fcnde, <br \/>die du immer,<br \/> und die jeder Krimi-Schrifsteller..<br \/>und jeder Profiler&#8230;<br \/>so sehnlichst zu er-gr\u00fcnden sucht.. &#8230;<\/p>\n<p>Ja, Denkprozesse, <br \/>Gef\u00fchle,<br \/>Mutma\u00dfungen,<br \/>Schlu\u00dffolgerungen,<br \/>Fragenstellen, <br \/>Meinungen \u00fcber die Polizei-Arbeit austauschen: <br \/>Wer gerade<br \/>einmal mit einsteigen m\u00f6chte, <br \/>sich einlesen m\u00f6chte, <br \/>dem sei als Einstieg der welt-online-blog <br \/>oder die Kommentare..<br \/>empfohlen&#8230;<br \/>>oder auch ein Link zu zwei weiteren Zeitungen: <\/p>\n<p>www.sundaymirror.co.uk\/news\/sunday\/2007\/09\/16\/is-vanished-joana-the-key-to-it-all-98487-19796915\/<\/p>\n<p>Zu Ylenia, Schweiz:<\/p>\n<p>http:\/\/nzz.ch\/nachrichten\/panorama\/ylenias_leiche_in_oberbueren_gefunden_1.556.230html.<\/p>\n<p>Kommt halbwegs durch die Nacht&#8230;.!<\/p>\n<\/tr>\n<\/table>\n","protected":false},"excerpt":{"rendered":"<p>live-Text vom 20. September<\/p>\n","protected":false},"author":2,"featured_media":0,"comment_status":"closed","ping_status":"closed","sticky":false,"template":"","format":"standard","meta":{"footnotes":""},"categories":[11],"tags":[],"class_list":["post-84970","post","type-post","status-publish","format-standard","hentry","category-femkultur","entry"],"yoast_head":"<!-- This site is optimized with the Yoast SEO plugin v21.0 - https:\/\/yoast.com\/wordpress\/plugins\/seo\/ -->\n<title>WELTWEITE MAILINGSLISTS f\u00fcr Maddy, Ylenia, Joana, Marco, Rhys.. - Feminissima<\/title>\n<meta name=\"robots\" content=\"index, follow, max-snippet:-1, max-image-preview:large, max-video-preview:-1\" \/>\n<link rel=\"canonical\" href=\"https:\/\/feminissima.de\/index.php\/2007\/09\/21\/weltweite-mailingslists-fuer-maddy-ylenia-joana-marco-rhys\/\" \/>\n<meta property=\"og:locale\" content=\"de_DE\" \/>\n<meta property=\"og:type\" content=\"article\" \/>\n<meta property=\"og:title\" content=\"WELTWEITE MAILINGSLISTS f\u00fcr Maddy, Ylenia, Joana, Marco, Rhys.. - Feminissima\" \/>\n<meta property=\"og:description\" content=\"live-Text vom 20. September\" \/>\n<meta property=\"og:url\" content=\"https:\/\/feminissima.de\/index.php\/2007\/09\/21\/weltweite-mailingslists-fuer-maddy-ylenia-joana-marco-rhys\/\" \/>\n<meta property=\"og:site_name\" content=\"Feminissima\" \/>\n<meta property=\"article:published_time\" content=\"2007-09-21T04:22:49+00:00\" \/>\n<meta name=\"author\" content=\"admin\" \/>\n<meta name=\"twitter:card\" content=\"summary_large_image\" \/>\n<meta name=\"twitter:label1\" content=\"Verfasst von\" \/>\n\t<meta name=\"twitter:data1\" content=\"admin\" \/>\n\t<meta name=\"twitter:label2\" content=\"Gesch\u00e4tzte Lesezeit\" \/>\n\t<meta name=\"twitter:data2\" content=\"4\u00a0Minuten\" \/>\n<script type=\"application\/ld+json\" class=\"yoast-schema-graph\">{\"@context\":\"https:\/\/schema.org\",\"@graph\":[{\"@type\":\"WebPage\",\"@id\":\"https:\/\/feminissima.de\/index.php\/2007\/09\/21\/weltweite-mailingslists-fuer-maddy-ylenia-joana-marco-rhys\/\",\"url\":\"https:\/\/feminissima.de\/index.php\/2007\/09\/21\/weltweite-mailingslists-fuer-maddy-ylenia-joana-marco-rhys\/\",\"name\":\"WELTWEITE MAILINGSLISTS f\u00fcr Maddy, Ylenia, Joana, Marco, Rhys.. - Feminissima\",\"isPartOf\":{\"@id\":\"https:\/\/feminissima.de\/#website\"},\"datePublished\":\"2007-09-21T04:22:49+00:00\",\"dateModified\":\"2007-09-21T04:22:49+00:00\",\"author\":{\"@id\":\"https:\/\/feminissima.de\/#\/schema\/person\/0b901e053624f88e7ecbea289d9d5128\"},\"breadcrumb\":{\"@id\":\"https:\/\/feminissima.de\/index.php\/2007\/09\/21\/weltweite-mailingslists-fuer-maddy-ylenia-joana-marco-rhys\/#breadcrumb\"},\"inLanguage\":\"de\",\"potentialAction\":[{\"@type\":\"ReadAction\",\"target\":[\"https:\/\/feminissima.de\/index.php\/2007\/09\/21\/weltweite-mailingslists-fuer-maddy-ylenia-joana-marco-rhys\/\"]}]},{\"@type\":\"BreadcrumbList\",\"@id\":\"https:\/\/feminissima.de\/index.php\/2007\/09\/21\/weltweite-mailingslists-fuer-maddy-ylenia-joana-marco-rhys\/#breadcrumb\",\"itemListElement\":[{\"@type\":\"ListItem\",\"position\":1,\"name\":\"Startseite\",\"item\":\"https:\/\/feminissima.de\/\"},{\"@type\":\"ListItem\",\"position\":2,\"name\":\"WELTWEITE MAILINGSLISTS f\u00fcr Maddy, Ylenia, Joana, Marco, Rhys..\"}]},{\"@type\":\"WebSite\",\"@id\":\"https:\/\/feminissima.de\/#website\",\"url\":\"https:\/\/feminissima.de\/\",\"name\":\"Feminissima\",\"description\":\"\",\"potentialAction\":[{\"@type\":\"SearchAction\",\"target\":{\"@type\":\"EntryPoint\",\"urlTemplate\":\"https:\/\/feminissima.de\/?s={search_term_string}\"},\"query-input\":\"required name=search_term_string\"}],\"inLanguage\":\"de\"},{\"@type\":\"Person\",\"@id\":\"https:\/\/feminissima.de\/#\/schema\/person\/0b901e053624f88e7ecbea289d9d5128\",\"name\":\"admin\",\"image\":{\"@type\":\"ImageObject\",\"inLanguage\":\"de\",\"@id\":\"https:\/\/feminissima.de\/#\/schema\/person\/image\/\",\"url\":\"https:\/\/secure.gravatar.com\/avatar\/8da1f51327453c0bf63338e8e2a791948b7d2ac19b68839492d1e69aac6924a8?s=96&d=mm&r=g\",\"contentUrl\":\"https:\/\/secure.gravatar.com\/avatar\/8da1f51327453c0bf63338e8e2a791948b7d2ac19b68839492d1e69aac6924a8?s=96&d=mm&r=g\",\"caption\":\"admin\"},\"url\":\"https:\/\/feminissima.de\/index.php\/author\/admin\/\"}]}<\/script>\n<!-- \/ Yoast SEO plugin. -->","yoast_head_json":{"title":"WELTWEITE MAILINGSLISTS f\u00fcr Maddy, Ylenia, Joana, Marco, Rhys.. - Feminissima","robots":{"index":"index","follow":"follow","max-snippet":"max-snippet:-1","max-image-preview":"max-image-preview:large","max-video-preview":"max-video-preview:-1"},"canonical":"https:\/\/feminissima.de\/index.php\/2007\/09\/21\/weltweite-mailingslists-fuer-maddy-ylenia-joana-marco-rhys\/","og_locale":"de_DE","og_type":"article","og_title":"WELTWEITE MAILINGSLISTS f\u00fcr Maddy, Ylenia, Joana, Marco, Rhys.. - Feminissima","og_description":"live-Text vom 20. September","og_url":"https:\/\/feminissima.de\/index.php\/2007\/09\/21\/weltweite-mailingslists-fuer-maddy-ylenia-joana-marco-rhys\/","og_site_name":"Feminissima","article_published_time":"2007-09-21T04:22:49+00:00","author":"admin","twitter_card":"summary_large_image","twitter_misc":{"Verfasst von":"admin","Gesch\u00e4tzte Lesezeit":"4\u00a0Minuten"},"schema":{"@context":"https:\/\/schema.org","@graph":[{"@type":"WebPage","@id":"https:\/\/feminissima.de\/index.php\/2007\/09\/21\/weltweite-mailingslists-fuer-maddy-ylenia-joana-marco-rhys\/","url":"https:\/\/feminissima.de\/index.php\/2007\/09\/21\/weltweite-mailingslists-fuer-maddy-ylenia-joana-marco-rhys\/","name":"WELTWEITE MAILINGSLISTS f\u00fcr Maddy, Ylenia, Joana, Marco, Rhys.. - Feminissima","isPartOf":{"@id":"https:\/\/feminissima.de\/#website"},"datePublished":"2007-09-21T04:22:49+00:00","dateModified":"2007-09-21T04:22:49+00:00","author":{"@id":"https:\/\/feminissima.de\/#\/schema\/person\/0b901e053624f88e7ecbea289d9d5128"},"breadcrumb":{"@id":"https:\/\/feminissima.de\/index.php\/2007\/09\/21\/weltweite-mailingslists-fuer-maddy-ylenia-joana-marco-rhys\/#breadcrumb"},"inLanguage":"de","potentialAction":[{"@type":"ReadAction","target":["https:\/\/feminissima.de\/index.php\/2007\/09\/21\/weltweite-mailingslists-fuer-maddy-ylenia-joana-marco-rhys\/"]}]},{"@type":"BreadcrumbList","@id":"https:\/\/feminissima.de\/index.php\/2007\/09\/21\/weltweite-mailingslists-fuer-maddy-ylenia-joana-marco-rhys\/#breadcrumb","itemListElement":[{"@type":"ListItem","position":1,"name":"Startseite","item":"https:\/\/feminissima.de\/"},{"@type":"ListItem","position":2,"name":"WELTWEITE MAILINGSLISTS f\u00fcr Maddy, Ylenia, Joana, Marco, Rhys.."}]},{"@type":"WebSite","@id":"https:\/\/feminissima.de\/#website","url":"https:\/\/feminissima.de\/","name":"Feminissima","description":"","potentialAction":[{"@type":"SearchAction","target":{"@type":"EntryPoint","urlTemplate":"https:\/\/feminissima.de\/?s={search_term_string}"},"query-input":"required name=search_term_string"}],"inLanguage":"de"},{"@type":"Person","@id":"https:\/\/feminissima.de\/#\/schema\/person\/0b901e053624f88e7ecbea289d9d5128","name":"admin","image":{"@type":"ImageObject","inLanguage":"de","@id":"https:\/\/feminissima.de\/#\/schema\/person\/image\/","url":"https:\/\/secure.gravatar.com\/avatar\/8da1f51327453c0bf63338e8e2a791948b7d2ac19b68839492d1e69aac6924a8?s=96&d=mm&r=g","contentUrl":"https:\/\/secure.gravatar.com\/avatar\/8da1f51327453c0bf63338e8e2a791948b7d2ac19b68839492d1e69aac6924a8?s=96&d=mm&r=g","caption":"admin"},"url":"https:\/\/feminissima.de\/index.php\/author\/admin\/"}]}},"jetpack_featured_media_url":"","_links":{"self":[{"href":"https:\/\/feminissima.de\/index.php\/wp-json\/wp\/v2\/posts\/84970","targetHints":{"allow":["GET"]}}],"collection":[{"href":"https:\/\/feminissima.de\/index.php\/wp-json\/wp\/v2\/posts"}],"about":[{"href":"https:\/\/feminissima.de\/index.php\/wp-json\/wp\/v2\/types\/post"}],"author":[{"embeddable":true,"href":"https:\/\/feminissima.de\/index.php\/wp-json\/wp\/v2\/users\/2"}],"replies":[{"embeddable":true,"href":"https:\/\/feminissima.de\/index.php\/wp-json\/wp\/v2\/comments?post=84970"}],"version-history":[{"count":0,"href":"https:\/\/feminissima.de\/index.php\/wp-json\/wp\/v2\/posts\/84970\/revisions"}],"wp:attachment":[{"href":"https:\/\/feminissima.de\/index.php\/wp-json\/wp\/v2\/media?parent=84970"}],"wp:term":[{"taxonomy":"category","embeddable":true,"href":"https:\/\/feminissima.de\/index.php\/wp-json\/wp\/v2\/categories?post=84970"},{"taxonomy":"post_tag","embeddable":true,"href":"https:\/\/feminissima.de\/index.php\/wp-json\/wp\/v2\/tags?post=84970"}],"curies":[{"name":"wp","href":"https:\/\/api.w.org\/{rel}","templated":true}]}}