{"id":84968,"date":"2007-09-18T09:57:55","date_gmt":"2007-09-18T09:57:55","guid":{"rendered":"http:\/\/www.feminissima.de\/?p=84968"},"modified":"2007-09-18T09:57:55","modified_gmt":"2007-09-18T09:57:55","slug":"pinn-verfassungsferner-verteidigungsminister-hat-schon-vorgesorgt","status":"publish","type":"post","link":"https:\/\/feminissima.de\/index.php\/2007\/09\/18\/pinn-verfassungsferner-verteidigungsminister-hat-schon-vorgesorgt\/","title":{"rendered":"PINN &#8211; Verfassungsferner Verteidigungsminister hat schon &#8222;vorgesorgt&#8220;"},"content":{"rendered":"<p>aus n-tv.de &#8211; Polly &#038; her friends skandieren: <br \/>BUHHHH!!<br \/>Nach Hitler d\u00fcrfen wir keine Sekunde einen VERFASSUNGS-FERNEN akzeptieren!<\/p>\n<p>\nJung sorgt f\u00fcr \u00c4rger<\/p>\n<p>&#8222;Der muss weg&#8220;<\/p>\n<p>Video: Jung sorgt f\u00fcr \u00c4rger<\/p>\n<p>Urteil vom 15. 02. 2006 Bundesverfassungsgericht kippt Abschussbefugnis<\/p>\n<p>Umfrage Abschuss?<\/p>\n<p>Telefonieren im Netz Zypries will mehr mith\u00f6ren<\/p>\n<p>Entscheidung des Bundesverfassungsgerichts Zu \u00a7 14 Abs. 3 des LuftsicherheitsgesetzesDienstag, <\/p>\n<p>18. September 2007<\/p>\n<p>Alarmrotten sind bereit<\/p>\n<p>Jung hat Piloten ausgew\u00e4hlt<\/p>\n<p>Nach einem Bericht der &#8222;Leipziger Volkszeitung&#8220; hat das Verteidigungsministerium schon jetzt daf\u00fcr gesorgt, dass keiner der zust\u00e4ndigen Milit\u00e4rpiloten einen Befehl zum Abschuss entf\u00fchrter Passagiermaschinen verweigern w\u00fcrde. Als Piloten f\u00fcr die Abfangj\u00e4ger zur Luftraum-\u00dcberwachung, den so genannten Alarmrotten, k\u00e4men nur Offiziere zum Einsatz, &#8222;die im Fall eines \u00fcbergesetzlichen Notstandes zur hundertprozentigen Befehlsaus\u00fcbung bereit sind&#8220;, sagte ein deutscher Offizier aus einer der f\u00fcr Deutschland zust\u00e4ndigen NATO-Zentralen. Eine Befehlsverweigerung sei damit &#8222;nicht vorstellbar&#8220;. <\/p>\n<p>Derweil ruft SPD-Parteichef Kurt Beck Verteidigungsminister Franz Josef Jung (CDU) zur Revision seiner Position auf. &#8222;Wenn jetzt eine Seite versucht, das Urteil des Bundesverfassungsgerichtes umzuinterpretieren, dann haben wir eine schwierige Situation&#8220;, sagte Beck. Man m\u00fcsse auch Bundesinnenminister Wolfgang Sch\u00e4uble (CDU) sagen, dass Vorkehrungen f\u00fcr die Sicherheit der B\u00fcrger im rechtsstaatlichen Rahmen und im Sinne der Verfassung erfolgen m\u00fcssten. <\/p>\n<p>Jung selbst wies die Kritik an seinem Vorsto\u00df zur\u00fcck, von Terroristen entf\u00fchrte Flugzeuge notfalls von Bundeswehrmaschinen abschie\u00dfen zu lassen. &#8222;Die Kritik ist v\u00f6llig unberechtigt&#8220;, sagte er. &#8222;Ich argumentiere auf der Basis des Bundesverfassungsgerichts.&#8220; <\/p>\n<p>Nach einem Bericht der &#8222;Passauer Neue Presse&#8220; will die CDU-F\u00fchrung in den kommenden Monaten verst\u00e4rkt auf das Thema Innere Sicherheit setzen. Parteivize Roland Koch habe am Montag im CDU- Pr\u00e4sidium gefordert, die Partei d\u00fcrfe sich das Thema nicht mehr aus der Hand nehmen lassen, berichtet die Zeitung unter Berufung auf Teilnehmerkreise. Koch und andere CDU-Spitzen h\u00e4tten Jungs \u00c4u\u00dferungen verteidigt. Auch Bundeskanzlerin Angela Merkel (CDU) habe die Kritik von SPD und Opposition an Jung zur\u00fcckgewiesen. <\/p>\n<p>FDP-Chef Guido Westerwelle warf der Union eine &#8222;parteipolitisch motivierte Kampagne&#8220; in der Sicherheitspolitik vor. Sie wolle mit immer neuen Vorschl\u00e4gen &#8222;ein solches Ma\u00df an Verunsicherung in der Bev\u00f6lkerung streuen, dass man die politischen Daueranliegen der Union durchsetzen kann&#8220;, sagte Westerwelle. Der Gr\u00fcnen-Rechtspolitiker Jerzy Montag sagte, Jungs Vorsto\u00df reihe sich in eine Vielzahl von \u00c4u\u00dferungen Sch\u00e4ubles ein. Merkel habe die Aufgabe, bei einer solchen zentralen Frage &#8222;das Ruder in die Hand zu nehmen und den Minister auf die Verfassungslinie zu bringen, oder zu entlassen&#8220;. <\/p>\n<p><\/p>\n","protected":false},"excerpt":{"rendered":"<p>aus n-tv.de &#8211; Polly &#038; her friends skandieren: <br \/>BUHHHH!!<br \/>Nach Hitler d\u00fcrfen wir keine Sekunde einen VERFASSUNGS-FERNEN akzeptieren!<\/p>\n","protected":false},"author":2,"featured_media":0,"comment_status":"closed","ping_status":"closed","sticky":false,"template":"","format":"standard","meta":{"footnotes":""},"categories":[26],"tags":[],"class_list":["post-84968","post","type-post","status-publish","format-standard","hentry","category-pinnwand","entry"],"yoast_head":"<!-- This site is optimized with the Yoast SEO plugin v21.0 - https:\/\/yoast.com\/wordpress\/plugins\/seo\/ -->\n<title>PINN - Verfassungsferner Verteidigungsminister hat schon &quot;vorgesorgt&quot; - Feminissima<\/title>\n<meta name=\"robots\" content=\"index, follow, max-snippet:-1, max-image-preview:large, max-video-preview:-1\" \/>\n<link rel=\"canonical\" href=\"https:\/\/feminissima.de\/index.php\/2007\/09\/18\/pinn-verfassungsferner-verteidigungsminister-hat-schon-vorgesorgt\/\" \/>\n<meta property=\"og:locale\" content=\"de_DE\" \/>\n<meta property=\"og:type\" content=\"article\" \/>\n<meta property=\"og:title\" content=\"PINN - Verfassungsferner Verteidigungsminister hat schon &quot;vorgesorgt&quot; - Feminissima\" \/>\n<meta property=\"og:description\" content=\"aus n-tv.de - Polly &amp; her friends skandieren: BUHHHH!!Nach Hitler d\u00fcrfen wir keine Sekunde einen VERFASSUNGS-FERNEN akzeptieren!\" \/>\n<meta property=\"og:url\" content=\"https:\/\/feminissima.de\/index.php\/2007\/09\/18\/pinn-verfassungsferner-verteidigungsminister-hat-schon-vorgesorgt\/\" \/>\n<meta property=\"og:site_name\" content=\"Feminissima\" \/>\n<meta property=\"article:published_time\" content=\"2007-09-18T09:57:55+00:00\" \/>\n<meta name=\"author\" content=\"admin\" \/>\n<meta name=\"twitter:card\" content=\"summary_large_image\" \/>\n<meta name=\"twitter:label1\" content=\"Verfasst von\" \/>\n\t<meta name=\"twitter:data1\" content=\"admin\" \/>\n\t<meta name=\"twitter:label2\" content=\"Gesch\u00e4tzte Lesezeit\" \/>\n\t<meta name=\"twitter:data2\" content=\"2\u00a0Minuten\" \/>\n<script type=\"application\/ld+json\" class=\"yoast-schema-graph\">{\"@context\":\"https:\/\/schema.org\",\"@graph\":[{\"@type\":\"WebPage\",\"@id\":\"https:\/\/feminissima.de\/index.php\/2007\/09\/18\/pinn-verfassungsferner-verteidigungsminister-hat-schon-vorgesorgt\/\",\"url\":\"https:\/\/feminissima.de\/index.php\/2007\/09\/18\/pinn-verfassungsferner-verteidigungsminister-hat-schon-vorgesorgt\/\",\"name\":\"PINN - Verfassungsferner Verteidigungsminister hat schon \\\"vorgesorgt\\\" - Feminissima\",\"isPartOf\":{\"@id\":\"https:\/\/feminissima.de\/#website\"},\"datePublished\":\"2007-09-18T09:57:55+00:00\",\"dateModified\":\"2007-09-18T09:57:55+00:00\",\"author\":{\"@id\":\"https:\/\/feminissima.de\/#\/schema\/person\/0b901e053624f88e7ecbea289d9d5128\"},\"breadcrumb\":{\"@id\":\"https:\/\/feminissima.de\/index.php\/2007\/09\/18\/pinn-verfassungsferner-verteidigungsminister-hat-schon-vorgesorgt\/#breadcrumb\"},\"inLanguage\":\"de\",\"potentialAction\":[{\"@type\":\"ReadAction\",\"target\":[\"https:\/\/feminissima.de\/index.php\/2007\/09\/18\/pinn-verfassungsferner-verteidigungsminister-hat-schon-vorgesorgt\/\"]}]},{\"@type\":\"BreadcrumbList\",\"@id\":\"https:\/\/feminissima.de\/index.php\/2007\/09\/18\/pinn-verfassungsferner-verteidigungsminister-hat-schon-vorgesorgt\/#breadcrumb\",\"itemListElement\":[{\"@type\":\"ListItem\",\"position\":1,\"name\":\"Startseite\",\"item\":\"https:\/\/feminissima.de\/\"},{\"@type\":\"ListItem\",\"position\":2,\"name\":\"PINN &#8211; Verfassungsferner Verteidigungsminister hat schon &#8222;vorgesorgt&#8220;\"}]},{\"@type\":\"WebSite\",\"@id\":\"https:\/\/feminissima.de\/#website\",\"url\":\"https:\/\/feminissima.de\/\",\"name\":\"Feminissima\",\"description\":\"\",\"potentialAction\":[{\"@type\":\"SearchAction\",\"target\":{\"@type\":\"EntryPoint\",\"urlTemplate\":\"https:\/\/feminissima.de\/?s={search_term_string}\"},\"query-input\":\"required name=search_term_string\"}],\"inLanguage\":\"de\"},{\"@type\":\"Person\",\"@id\":\"https:\/\/feminissima.de\/#\/schema\/person\/0b901e053624f88e7ecbea289d9d5128\",\"name\":\"admin\",\"image\":{\"@type\":\"ImageObject\",\"inLanguage\":\"de\",\"@id\":\"https:\/\/feminissima.de\/#\/schema\/person\/image\/\",\"url\":\"https:\/\/secure.gravatar.com\/avatar\/8da1f51327453c0bf63338e8e2a791948b7d2ac19b68839492d1e69aac6924a8?s=96&d=mm&r=g\",\"contentUrl\":\"https:\/\/secure.gravatar.com\/avatar\/8da1f51327453c0bf63338e8e2a791948b7d2ac19b68839492d1e69aac6924a8?s=96&d=mm&r=g\",\"caption\":\"admin\"},\"url\":\"https:\/\/feminissima.de\/index.php\/author\/admin\/\"}]}<\/script>\n<!-- \/ Yoast SEO plugin. -->","yoast_head_json":{"title":"PINN - Verfassungsferner Verteidigungsminister hat schon \"vorgesorgt\" - Feminissima","robots":{"index":"index","follow":"follow","max-snippet":"max-snippet:-1","max-image-preview":"max-image-preview:large","max-video-preview":"max-video-preview:-1"},"canonical":"https:\/\/feminissima.de\/index.php\/2007\/09\/18\/pinn-verfassungsferner-verteidigungsminister-hat-schon-vorgesorgt\/","og_locale":"de_DE","og_type":"article","og_title":"PINN - Verfassungsferner Verteidigungsminister hat schon \"vorgesorgt\" - Feminissima","og_description":"aus n-tv.de - Polly & her friends skandieren: BUHHHH!!Nach Hitler d\u00fcrfen wir keine Sekunde einen VERFASSUNGS-FERNEN akzeptieren!","og_url":"https:\/\/feminissima.de\/index.php\/2007\/09\/18\/pinn-verfassungsferner-verteidigungsminister-hat-schon-vorgesorgt\/","og_site_name":"Feminissima","article_published_time":"2007-09-18T09:57:55+00:00","author":"admin","twitter_card":"summary_large_image","twitter_misc":{"Verfasst von":"admin","Gesch\u00e4tzte Lesezeit":"2\u00a0Minuten"},"schema":{"@context":"https:\/\/schema.org","@graph":[{"@type":"WebPage","@id":"https:\/\/feminissima.de\/index.php\/2007\/09\/18\/pinn-verfassungsferner-verteidigungsminister-hat-schon-vorgesorgt\/","url":"https:\/\/feminissima.de\/index.php\/2007\/09\/18\/pinn-verfassungsferner-verteidigungsminister-hat-schon-vorgesorgt\/","name":"PINN - Verfassungsferner Verteidigungsminister hat schon \"vorgesorgt\" - Feminissima","isPartOf":{"@id":"https:\/\/feminissima.de\/#website"},"datePublished":"2007-09-18T09:57:55+00:00","dateModified":"2007-09-18T09:57:55+00:00","author":{"@id":"https:\/\/feminissima.de\/#\/schema\/person\/0b901e053624f88e7ecbea289d9d5128"},"breadcrumb":{"@id":"https:\/\/feminissima.de\/index.php\/2007\/09\/18\/pinn-verfassungsferner-verteidigungsminister-hat-schon-vorgesorgt\/#breadcrumb"},"inLanguage":"de","potentialAction":[{"@type":"ReadAction","target":["https:\/\/feminissima.de\/index.php\/2007\/09\/18\/pinn-verfassungsferner-verteidigungsminister-hat-schon-vorgesorgt\/"]}]},{"@type":"BreadcrumbList","@id":"https:\/\/feminissima.de\/index.php\/2007\/09\/18\/pinn-verfassungsferner-verteidigungsminister-hat-schon-vorgesorgt\/#breadcrumb","itemListElement":[{"@type":"ListItem","position":1,"name":"Startseite","item":"https:\/\/feminissima.de\/"},{"@type":"ListItem","position":2,"name":"PINN &#8211; Verfassungsferner Verteidigungsminister hat schon &#8222;vorgesorgt&#8220;"}]},{"@type":"WebSite","@id":"https:\/\/feminissima.de\/#website","url":"https:\/\/feminissima.de\/","name":"Feminissima","description":"","potentialAction":[{"@type":"SearchAction","target":{"@type":"EntryPoint","urlTemplate":"https:\/\/feminissima.de\/?s={search_term_string}"},"query-input":"required name=search_term_string"}],"inLanguage":"de"},{"@type":"Person","@id":"https:\/\/feminissima.de\/#\/schema\/person\/0b901e053624f88e7ecbea289d9d5128","name":"admin","image":{"@type":"ImageObject","inLanguage":"de","@id":"https:\/\/feminissima.de\/#\/schema\/person\/image\/","url":"https:\/\/secure.gravatar.com\/avatar\/8da1f51327453c0bf63338e8e2a791948b7d2ac19b68839492d1e69aac6924a8?s=96&d=mm&r=g","contentUrl":"https:\/\/secure.gravatar.com\/avatar\/8da1f51327453c0bf63338e8e2a791948b7d2ac19b68839492d1e69aac6924a8?s=96&d=mm&r=g","caption":"admin"},"url":"https:\/\/feminissima.de\/index.php\/author\/admin\/"}]}},"jetpack_featured_media_url":"","_links":{"self":[{"href":"https:\/\/feminissima.de\/index.php\/wp-json\/wp\/v2\/posts\/84968","targetHints":{"allow":["GET"]}}],"collection":[{"href":"https:\/\/feminissima.de\/index.php\/wp-json\/wp\/v2\/posts"}],"about":[{"href":"https:\/\/feminissima.de\/index.php\/wp-json\/wp\/v2\/types\/post"}],"author":[{"embeddable":true,"href":"https:\/\/feminissima.de\/index.php\/wp-json\/wp\/v2\/users\/2"}],"replies":[{"embeddable":true,"href":"https:\/\/feminissima.de\/index.php\/wp-json\/wp\/v2\/comments?post=84968"}],"version-history":[{"count":0,"href":"https:\/\/feminissima.de\/index.php\/wp-json\/wp\/v2\/posts\/84968\/revisions"}],"wp:attachment":[{"href":"https:\/\/feminissima.de\/index.php\/wp-json\/wp\/v2\/media?parent=84968"}],"wp:term":[{"taxonomy":"category","embeddable":true,"href":"https:\/\/feminissima.de\/index.php\/wp-json\/wp\/v2\/categories?post=84968"},{"taxonomy":"post_tag","embeddable":true,"href":"https:\/\/feminissima.de\/index.php\/wp-json\/wp\/v2\/tags?post=84968"}],"curies":[{"name":"wp","href":"https:\/\/api.w.org\/{rel}","templated":true}]}}