{"id":84965,"date":"2007-09-13T19:35:44","date_gmt":"2007-09-13T19:35:44","guid":{"rendered":"http:\/\/www.feminissima.de\/?p=84965"},"modified":"2007-09-13T19:35:44","modified_gmt":"2007-09-13T19:35:44","slug":"pinn-uni-zuerich-sucht-bis-40-promoviert-9-07","status":"publish","type":"post","link":"https:\/\/feminissima.de\/index.php\/2007\/09\/13\/pinn-uni-zuerich-sucht-bis-40-promoviert-9-07\/","title":{"rendered":"PINN: Uni Z\u00fcrich sucht&#8230;bis 40, promoviert: (9\/07)"},"content":{"rendered":"<p>Graduiertenkolleg &#8222;Geschichte des Wissens&#8220; Z\u00fcrich <br \/>\nDatum: Thu, 13. Sep 2007<br \/>\nBewerbung bis zum 15. Oktober 2007<br \/>Graduiertenkolleg &#8222;Geschichte des Wissens&#8220; Z\u00fcrich <br \/>\nDatum: Thu, 13. Sep 2007 15:26:16 <\/p>\n<p>Das Zentrum f\u00fcr die Geschichte des Wissens (ETH und Universit\u00e4t Z\u00fcrich) <br \/>\nsucht zum n\u00e4chstm\u00f6glichen Zeitpunkt<\/p>\n<p>eine Oberassistentin \/ einen Oberassistenten (50%-Stelle)<\/p>\n<p>f\u00fcr die Koordination des neu bewilligten Graduiertenkollegs &#8222;Geschichte <br \/>\ndes Wissens&#8220;.<\/p>\n<p>Sie verf\u00fcgen \u00fcber einen Hochschulabschluss mit Promotion und arbeiten an <br \/>\neiner Habilitation im Feld der Wissens- und Wissenschaftsgeschichte bzw. <br \/>\nder Kulturgeschichte der Wissenschaften. Sie sind vertraut mit den <br \/>\nneuesten Debatten in diesen Feldern und haben ein Interesse an <br \/>\ntheoretischen Fragen. Sie m\u00f6chten Ihre Forschungsarbeiten mit einer <br \/>\nOrganisations- und Koordinationst\u00e4tigkeit im Hochschulbereich verbinden.<\/p>\n<p>Aufgaben:<br \/>\n&#8211; Organisation und Koordination der Arbeit des Graduiertenkollegs<br \/>\n&#8211; Koordination von Vortr\u00e4gen, Workshops und Tagungen<br \/>\n&#8211; Betreuung der homepage des Graduiertenkollegs<br \/>\n&#8211; Administration<br \/>\n&#8211; Forschungst\u00e4tigkeit im Rahmen eines wissens- oder <br \/>\nwissenschaftsgeschichtlichen Habilitationsprojektes<\/p>\n<p>Anforderungen:<br \/>\n&#8211; Hochschulabschluss und Promotion<br \/>\n&#8211; max. 40 Jahre<br \/>\n&#8211; Selbst\u00e4ndiges und initiatives Arbeiten<br \/>\n&#8211; Erfahrungen in der Koordination wissenschaftlicher Veranstaltungen<br \/>\n&#8211; Vertrautheit mit interdisziplin\u00e4ren Arbeitszusammenh\u00e4ngen<br \/>\n&#8211; Eigenes Forschungsprojekt (Habilitation)<br \/>\n&#8211; \u00dcberblick \u00fcber Forschungsans\u00e4tze und Theorien im Bereich der Wissens- <br \/>\nund Wissenschaftsgeschichte und der Kulturwissenschaft<\/p>\n<p>Die Stelle ist auf drei Jahre befristet. Es besteht Residenzpflicht.<\/p>\n<p>Auskunft erteilen Prof. Dr. Philipp Sarasin (psarasin@hist.uzh.ch) oder <br \/>\nPD Dr. Elisabeth Strowick (elisabeth.strowick@access.uzh.ch).<\/p>\n<p>Bewerbungen in schriftlicher Form und mit den \u00fcblichen Unterlagen <br \/>\n(Lebenslauf, Ver\u00f6ffentlichungsliste, Lehrerfahrung, Koordination <br \/>\nwissenschaftlicher Veranstaltungen, keine Einsendung von Schriften) <br \/>\nsowie eine kurze Skizze zum eigenen Forschungsprojekt (1 Din-A4-Seite) <br \/>\nsind bis zum 15. Oktober 2007 einzureichen an<\/p>\n<p>PD Dr. Elisabeth Strowick<br \/>\nZentrum &#8222;Geschichte des Wissens&#8220;<br \/>\nUniversit\u00e4t Z\u00fcrich \/ ETH<br \/>\nR\u00e4mistrasse 64<br \/>\nCH-8001 Z\u00fcrich<\/p>\n<p>http:\/\/www.zgw.ethz.ch\/<\/p>\n<p><\/p>\n","protected":false},"excerpt":{"rendered":"<p>Graduiertenkolleg &#8222;Geschichte des Wissens&#8220; Z\u00fcrich <br \/>\nDatum: Thu, 13. Sep 2007<br \/>\nBewerbung bis zum 15. Oktober 2007<\/p>\n","protected":false},"author":2,"featured_media":0,"comment_status":"closed","ping_status":"closed","sticky":false,"template":"","format":"standard","meta":{"footnotes":""},"categories":[26],"tags":[],"class_list":["post-84965","post","type-post","status-publish","format-standard","hentry","category-pinnwand","entry"],"yoast_head":"<!-- This site is optimized with the Yoast SEO plugin v21.0 - https:\/\/yoast.com\/wordpress\/plugins\/seo\/ -->\n<title>PINN: Uni Z\u00fcrich sucht...bis 40, promoviert: (9\/07) - Feminissima<\/title>\n<meta name=\"robots\" content=\"index, follow, max-snippet:-1, max-image-preview:large, max-video-preview:-1\" \/>\n<link rel=\"canonical\" href=\"https:\/\/feminissima.de\/index.php\/2007\/09\/13\/pinn-uni-zuerich-sucht-bis-40-promoviert-9-07\/\" \/>\n<meta property=\"og:locale\" content=\"de_DE\" \/>\n<meta property=\"og:type\" content=\"article\" \/>\n<meta property=\"og:title\" content=\"PINN: Uni Z\u00fcrich sucht...bis 40, promoviert: (9\/07) - Feminissima\" \/>\n<meta property=\"og:description\" content=\"Graduiertenkolleg &quot;Geschichte des Wissens&quot; Z\u00fcrich Datum: Thu, 13. Sep 2007 Bewerbung bis zum 15. Oktober 2007\" \/>\n<meta property=\"og:url\" content=\"https:\/\/feminissima.de\/index.php\/2007\/09\/13\/pinn-uni-zuerich-sucht-bis-40-promoviert-9-07\/\" \/>\n<meta property=\"og:site_name\" content=\"Feminissima\" \/>\n<meta property=\"article:published_time\" content=\"2007-09-13T19:35:44+00:00\" \/>\n<meta name=\"author\" content=\"admin\" \/>\n<meta name=\"twitter:card\" content=\"summary_large_image\" \/>\n<meta name=\"twitter:label1\" content=\"Verfasst von\" \/>\n\t<meta name=\"twitter:data1\" content=\"admin\" \/>\n\t<meta name=\"twitter:label2\" content=\"Gesch\u00e4tzte Lesezeit\" \/>\n\t<meta name=\"twitter:data2\" content=\"1\u00a0Minute\" \/>\n<script type=\"application\/ld+json\" class=\"yoast-schema-graph\">{\"@context\":\"https:\/\/schema.org\",\"@graph\":[{\"@type\":\"WebPage\",\"@id\":\"https:\/\/feminissima.de\/index.php\/2007\/09\/13\/pinn-uni-zuerich-sucht-bis-40-promoviert-9-07\/\",\"url\":\"https:\/\/feminissima.de\/index.php\/2007\/09\/13\/pinn-uni-zuerich-sucht-bis-40-promoviert-9-07\/\",\"name\":\"PINN: Uni Z\u00fcrich sucht...bis 40, promoviert: (9\/07) - Feminissima\",\"isPartOf\":{\"@id\":\"https:\/\/feminissima.de\/#website\"},\"datePublished\":\"2007-09-13T19:35:44+00:00\",\"dateModified\":\"2007-09-13T19:35:44+00:00\",\"author\":{\"@id\":\"https:\/\/feminissima.de\/#\/schema\/person\/0b901e053624f88e7ecbea289d9d5128\"},\"breadcrumb\":{\"@id\":\"https:\/\/feminissima.de\/index.php\/2007\/09\/13\/pinn-uni-zuerich-sucht-bis-40-promoviert-9-07\/#breadcrumb\"},\"inLanguage\":\"de\",\"potentialAction\":[{\"@type\":\"ReadAction\",\"target\":[\"https:\/\/feminissima.de\/index.php\/2007\/09\/13\/pinn-uni-zuerich-sucht-bis-40-promoviert-9-07\/\"]}]},{\"@type\":\"BreadcrumbList\",\"@id\":\"https:\/\/feminissima.de\/index.php\/2007\/09\/13\/pinn-uni-zuerich-sucht-bis-40-promoviert-9-07\/#breadcrumb\",\"itemListElement\":[{\"@type\":\"ListItem\",\"position\":1,\"name\":\"Startseite\",\"item\":\"https:\/\/feminissima.de\/\"},{\"@type\":\"ListItem\",\"position\":2,\"name\":\"PINN: Uni Z\u00fcrich sucht&#8230;bis 40, promoviert: (9\/07)\"}]},{\"@type\":\"WebSite\",\"@id\":\"https:\/\/feminissima.de\/#website\",\"url\":\"https:\/\/feminissima.de\/\",\"name\":\"Feminissima\",\"description\":\"\",\"potentialAction\":[{\"@type\":\"SearchAction\",\"target\":{\"@type\":\"EntryPoint\",\"urlTemplate\":\"https:\/\/feminissima.de\/?s={search_term_string}\"},\"query-input\":\"required name=search_term_string\"}],\"inLanguage\":\"de\"},{\"@type\":\"Person\",\"@id\":\"https:\/\/feminissima.de\/#\/schema\/person\/0b901e053624f88e7ecbea289d9d5128\",\"name\":\"admin\",\"image\":{\"@type\":\"ImageObject\",\"inLanguage\":\"de\",\"@id\":\"https:\/\/feminissima.de\/#\/schema\/person\/image\/\",\"url\":\"https:\/\/secure.gravatar.com\/avatar\/8da1f51327453c0bf63338e8e2a791948b7d2ac19b68839492d1e69aac6924a8?s=96&d=mm&r=g\",\"contentUrl\":\"https:\/\/secure.gravatar.com\/avatar\/8da1f51327453c0bf63338e8e2a791948b7d2ac19b68839492d1e69aac6924a8?s=96&d=mm&r=g\",\"caption\":\"admin\"},\"url\":\"https:\/\/feminissima.de\/index.php\/author\/admin\/\"}]}<\/script>\n<!-- \/ Yoast SEO plugin. -->","yoast_head_json":{"title":"PINN: Uni Z\u00fcrich sucht...bis 40, promoviert: (9\/07) - Feminissima","robots":{"index":"index","follow":"follow","max-snippet":"max-snippet:-1","max-image-preview":"max-image-preview:large","max-video-preview":"max-video-preview:-1"},"canonical":"https:\/\/feminissima.de\/index.php\/2007\/09\/13\/pinn-uni-zuerich-sucht-bis-40-promoviert-9-07\/","og_locale":"de_DE","og_type":"article","og_title":"PINN: Uni Z\u00fcrich sucht...bis 40, promoviert: (9\/07) - Feminissima","og_description":"Graduiertenkolleg \"Geschichte des Wissens\" Z\u00fcrich Datum: Thu, 13. Sep 2007 Bewerbung bis zum 15. Oktober 2007","og_url":"https:\/\/feminissima.de\/index.php\/2007\/09\/13\/pinn-uni-zuerich-sucht-bis-40-promoviert-9-07\/","og_site_name":"Feminissima","article_published_time":"2007-09-13T19:35:44+00:00","author":"admin","twitter_card":"summary_large_image","twitter_misc":{"Verfasst von":"admin","Gesch\u00e4tzte Lesezeit":"1\u00a0Minute"},"schema":{"@context":"https:\/\/schema.org","@graph":[{"@type":"WebPage","@id":"https:\/\/feminissima.de\/index.php\/2007\/09\/13\/pinn-uni-zuerich-sucht-bis-40-promoviert-9-07\/","url":"https:\/\/feminissima.de\/index.php\/2007\/09\/13\/pinn-uni-zuerich-sucht-bis-40-promoviert-9-07\/","name":"PINN: Uni Z\u00fcrich sucht...bis 40, promoviert: (9\/07) - Feminissima","isPartOf":{"@id":"https:\/\/feminissima.de\/#website"},"datePublished":"2007-09-13T19:35:44+00:00","dateModified":"2007-09-13T19:35:44+00:00","author":{"@id":"https:\/\/feminissima.de\/#\/schema\/person\/0b901e053624f88e7ecbea289d9d5128"},"breadcrumb":{"@id":"https:\/\/feminissima.de\/index.php\/2007\/09\/13\/pinn-uni-zuerich-sucht-bis-40-promoviert-9-07\/#breadcrumb"},"inLanguage":"de","potentialAction":[{"@type":"ReadAction","target":["https:\/\/feminissima.de\/index.php\/2007\/09\/13\/pinn-uni-zuerich-sucht-bis-40-promoviert-9-07\/"]}]},{"@type":"BreadcrumbList","@id":"https:\/\/feminissima.de\/index.php\/2007\/09\/13\/pinn-uni-zuerich-sucht-bis-40-promoviert-9-07\/#breadcrumb","itemListElement":[{"@type":"ListItem","position":1,"name":"Startseite","item":"https:\/\/feminissima.de\/"},{"@type":"ListItem","position":2,"name":"PINN: Uni Z\u00fcrich sucht&#8230;bis 40, promoviert: (9\/07)"}]},{"@type":"WebSite","@id":"https:\/\/feminissima.de\/#website","url":"https:\/\/feminissima.de\/","name":"Feminissima","description":"","potentialAction":[{"@type":"SearchAction","target":{"@type":"EntryPoint","urlTemplate":"https:\/\/feminissima.de\/?s={search_term_string}"},"query-input":"required name=search_term_string"}],"inLanguage":"de"},{"@type":"Person","@id":"https:\/\/feminissima.de\/#\/schema\/person\/0b901e053624f88e7ecbea289d9d5128","name":"admin","image":{"@type":"ImageObject","inLanguage":"de","@id":"https:\/\/feminissima.de\/#\/schema\/person\/image\/","url":"https:\/\/secure.gravatar.com\/avatar\/8da1f51327453c0bf63338e8e2a791948b7d2ac19b68839492d1e69aac6924a8?s=96&d=mm&r=g","contentUrl":"https:\/\/secure.gravatar.com\/avatar\/8da1f51327453c0bf63338e8e2a791948b7d2ac19b68839492d1e69aac6924a8?s=96&d=mm&r=g","caption":"admin"},"url":"https:\/\/feminissima.de\/index.php\/author\/admin\/"}]}},"jetpack_featured_media_url":"","_links":{"self":[{"href":"https:\/\/feminissima.de\/index.php\/wp-json\/wp\/v2\/posts\/84965","targetHints":{"allow":["GET"]}}],"collection":[{"href":"https:\/\/feminissima.de\/index.php\/wp-json\/wp\/v2\/posts"}],"about":[{"href":"https:\/\/feminissima.de\/index.php\/wp-json\/wp\/v2\/types\/post"}],"author":[{"embeddable":true,"href":"https:\/\/feminissima.de\/index.php\/wp-json\/wp\/v2\/users\/2"}],"replies":[{"embeddable":true,"href":"https:\/\/feminissima.de\/index.php\/wp-json\/wp\/v2\/comments?post=84965"}],"version-history":[{"count":0,"href":"https:\/\/feminissima.de\/index.php\/wp-json\/wp\/v2\/posts\/84965\/revisions"}],"wp:attachment":[{"href":"https:\/\/feminissima.de\/index.php\/wp-json\/wp\/v2\/media?parent=84965"}],"wp:term":[{"taxonomy":"category","embeddable":true,"href":"https:\/\/feminissima.de\/index.php\/wp-json\/wp\/v2\/categories?post=84965"},{"taxonomy":"post_tag","embeddable":true,"href":"https:\/\/feminissima.de\/index.php\/wp-json\/wp\/v2\/tags?post=84965"}],"curies":[{"name":"wp","href":"https:\/\/api.w.org\/{rel}","templated":true}]}}