{"id":84964,"date":"2007-09-12T11:48:51","date_gmt":"2007-09-12T11:48:51","guid":{"rendered":"http:\/\/www.feminissima.de\/?p=84964"},"modified":"2007-09-12T11:48:51","modified_gmt":"2007-09-12T11:48:51","slug":"jeder-3-deutsche-findet-seine-arbeit-graesslich-studie-9-07","status":"publish","type":"post","link":"https:\/\/feminissima.de\/index.php\/2007\/09\/12\/jeder-3-deutsche-findet-seine-arbeit-graesslich-studie-9-07\/","title":{"rendered":"Jeder 3. Deutsche findet seine Arbeit gr\u00e4\u00dflich\/Studie\/ 9\/07"},"content":{"rendered":"<p>Laut einer Gewerkschaftsstudie findet jeder Dritte seine Arbeit schrecklich&#8230;mehr:<br \/>\nQuelle &#8211; spiegel-online\/Agenturen.<br \/>Quelle: spiegel-online vom 11.9.07<\/p>\n<p>GEWERKSCHAFTSSTUDIE<br \/>\nJeder Dritte findet seine Arbeit schrecklich<br \/>\nVon Hasnain Kazim <\/p>\n<p>Miese Bezahlung, schlechte Arbeitsbedingungen und kaum Aufstiegschancen: Jeder dritte Besch\u00e4ftigte in Deutschland ist laut einer Gewerkschaftsstudie unzufrieden mit seiner Firma. Vor allem Zeitarbeiter sind frustriert.<\/p>\n<p>Hamburg &#8211; &#8222;Gut ist eine Arbeit, die den Anspr\u00fcchen der Besch\u00e4ftigten gerecht wird&#8220;, lautet die Definition des Deutschen Gewerkschaftsbundes (DGB). F\u00fcr seine Studie befragte er mehr als 6000 Arbeitnehmer und erstellte den &#8222;DGB-Index Gute Arbeit&#8220;, der heute in Berlin vorgestellt wurde. K\u00fcnftig soll dieser Index einmal im Jahr ver\u00f6ffentlicht werden.<\/p>\n<p>\n DPA<br \/>\nZimmermann (in Frankfurt am Main): Zeitarbeiter bewerten ihre Jobsituation besonders schlecht<br \/>\n&#8222;Wer kann die Arbeitsbedingungen in Deutschland am besten beurteilen, wenn nicht die Arbeitnehmerinnen und Arbeitnehmer selbst?&#8220;, fragt DGB-Chef Michael Sommer im Vorwort der ersten Studie. Das Ergebnis der repr\u00e4sentativen Umfrage ist ern\u00fcchternd: Die Besch\u00e4ftigten vermissen die Wertsch\u00e4tzung ihrer Arbeit, bem\u00e4ngeln fehlende Kollegialit\u00e4t, sehen kaum berufliche Entwicklungschancen und f\u00fchlen sich von Vorgesetzten alleingelassen.<\/p>\n<p>Sozialforscher des DGB sowie externe Experten erstellten einen Index von 0 bis 100 Punkten. Bewertungen von 80 bis 100 Punkten sprechen f\u00fcr &#8222;gute Arbeit&#8220;, Werte zwischen 50 und 80 Punkten werden als &#8222;mittelm\u00e4\u00dfige Arbeit&#8220; qualifiziert und Werte unter 50 Punkte machen &#8222;schlechte Arbeit&#8220; aus. In die Bewertung flossen unterschiedliche Faktoren ein wie Qualifizierungs- und Entwicklungsm\u00f6glichkeiten, Chancen, die eigene Kreativit\u00e4t einzubringen, Informationsfluss, F\u00fchrungsqualit\u00e4t der Vorgesetzten und Kollegialit\u00e4t, aber auch k\u00f6rperliche und emotionale Anforderungen sowie Arbeitsplatzsicherheit und das Einkommen.<\/p>\n<p>&#8222;Sie leben in gro\u00dfer Unzufriedenheit \u00fcber ihre Zukunft&#8220; <\/p>\n<p>Gut ein Drittel, 34 Prozent der Besch\u00e4ftigten, stuften ihre Arbeitssituation als schlecht ein. &#8222;Arbeitnehmerinnen und Arbeitnehmer, die dieser Gruppe angeh\u00f6ren, haben in der Regel hohe Belastungen (wie Mangel an Respekt, k\u00f6rperliche Schwerarbeit, einseitige Belastungen oder emotionale \u00dcberforderung) auszuhalten, dabei aber kaum Entwicklungsm\u00f6glichkeiten in ihrer Arbeit&#8220;, hei\u00dft es in der Studie. &#8222;Sie erhalten ein Einkommen, das weder ihren Leistungen angemessen ist noch ihren Bed\u00fcrfnissen gerecht wird, und leben h\u00e4ufig in gro\u00dfer Unsicherheit \u00fcber ihre berufliche Zukunft.&#8220;<\/p>\n<p>Mehr als die H\u00e4lfte, n\u00e4mlich 54 Prozent, bewerten ihre berufliche Lage als mittelm\u00e4\u00dfig. &#8222;H\u00e4ufig sind den Einflussm\u00f6glichkeiten der Besch\u00e4ftigten enge Grenzen gezogen, daf\u00fcr sind sie etlichen belastenden k\u00f6rperlichen und emotionalen Anforderungen ausgesetzt. Die Arbeitsbedingungen bergen wenig Entwicklungs- und Lernf\u00f6rderliches, es fehlt an einem unterst\u00fctzenden F\u00fchrungsstil, die Einkommensbedingungen sind unzureichend, auch die Ungewissheit \u00fcber ihre berufliche Zukunft belastet die Besch\u00e4ftigten&#8220;, schreiben die Wissenschaftler.<\/p>\n<p>Nur zw\u00f6lf Prozent sind zufrieden mit ihrer Arbeit &#8211; einer unter acht Besch\u00e4ftigten. Hier kommt die Studie zu dem Schluss, dass diese Menschen ein &#8222;hohes Ma\u00df an Einfluss- und Entwicklungsm\u00f6glichkeiten, eine sinnhaltige Arbeit, wenige k\u00f6rperliche und emotionale Belastungen, ein angemessenes Einkommen samt einem hohen Grad beruflicher Zukunftssicherheit, ein unterst\u00fctzendes, entwicklungs- und lernf\u00f6rderliches Arbeitsorganisations-Umfeld&#8220; haben.<\/p>\n<p>&#8222;Gepr\u00e4gt von Zeitdruck und schweren Belastungen&#8220; <\/p>\n<p>Insgesamt erreicht der Index einen Durchschnittswert von 58 Punkten &#8211; nur acht Punkte oberhalb der Grenze zur schlechten Arbeit, aber 22 Punkte von der Messlatte f\u00fcr gute Arbeit entfernt. Dies sei ein Ergebnis, das &#8222;gro\u00dfe Defizite und ein erhebliches Verbesserungspotential signalisiert&#8220;, hei\u00dft es in dem Papier.<\/p>\n<p>Fazit der Forscher: &#8222;Die Arbeitswelt der abh\u00e4ngig Besch\u00e4ftigten in Deutschland ist eine Welt gro\u00dfer Unterschiede. Dieser Befund ergibt sich aus der gro\u00dfen Spannbreite der Wertungen, mit denen die Besch\u00e4ftigten ihre Arbeitssituation beschreiben.&#8220; Besorgniserregend sei das Ergebnis, hei\u00dft es aus dem DGB, weil die Gruppe, die unter schlechten Arbeitsbedingungen zu arbeiten habe, dreimal so gro\u00df sei wie die derjenigen, die zufrieden sind mit ihrem Job.<\/p>\n<p>Vor allem Zeitarbeiter gaben ihrer Arbeitssituation schlechte Noten. Sie f\u00fchlten sich schlecht in den Betrieb integriert und sahen kaum eine Chance, sich weiterzuentwickeln. Auff\u00e4llig ist auch, dass niedrige Einkommen und schlechte Arbeitsbedingungen h\u00e4ufig zusammenfallen. &#8222;Die Schlechtbezahltesten haben ihre Arbeit auch unter den schlechtesten Arbeitsbedingungen auszuf\u00fchren&#8220;, hei\u00dft es.<\/p>\n<p>&#8222;Der berufliche Alltag ist gepr\u00e4gt von Arbeits- und Zeitdruck, k\u00f6rperlich einseitiger oder schwerer Arbeit oder schweren emotionalen Belastungen&#8220;, sagte DGB-Chef Sommer heute bei der Vorstellung des Index. &#8222;F\u00fcr jede T\u00e4tigkeit lassen sich Bedingungen schaffen, durch die sie zu einer guten Arbeit wird&#8220;, mahnte er an. Die Befragung belege au\u00dferdem &#8222;miese Bedingungen im Niedriglohnsektor&#8220;. Sommer, der den Index gemeinsam mit IG-Metall-Chef J\u00fcrgen Peters und Ver.di-Chef Frank Bsirske pr\u00e4sentierte, forderte, die Entlohnung m\u00fcsse sich durch einen gesetzlichen Mindestlohn ebenso verbessern wie die Arbeitsbedingungen insgesamt.<\/p>\n<p><\/p>\n","protected":false},"excerpt":{"rendered":"<p>Laut einer Gewerkschaftsstudie findet jeder Dritte seine Arbeit schrecklich&#8230;mehr:<br \/>\nQuelle &#8211; spiegel-online\/Agenturen.<\/p>\n","protected":false},"author":2,"featured_media":0,"comment_status":"closed","ping_status":"closed","sticky":false,"template":"","format":"standard","meta":{"footnotes":""},"categories":[7],"tags":[],"class_list":["post-84964","post","type-post","status-publish","format-standard","hentry","category-femberuf","entry"],"yoast_head":"<!-- This site is optimized with the Yoast SEO plugin v21.0 - https:\/\/yoast.com\/wordpress\/plugins\/seo\/ -->\n<title>Jeder 3. Deutsche findet seine Arbeit gr\u00e4\u00dflich\/Studie\/ 9\/07 - Feminissima<\/title>\n<meta name=\"robots\" content=\"index, follow, max-snippet:-1, max-image-preview:large, max-video-preview:-1\" \/>\n<link rel=\"canonical\" href=\"https:\/\/feminissima.de\/index.php\/2007\/09\/12\/jeder-3-deutsche-findet-seine-arbeit-graesslich-studie-9-07\/\" \/>\n<meta property=\"og:locale\" content=\"de_DE\" \/>\n<meta property=\"og:type\" content=\"article\" \/>\n<meta property=\"og:title\" content=\"Jeder 3. Deutsche findet seine Arbeit gr\u00e4\u00dflich\/Studie\/ 9\/07 - Feminissima\" \/>\n<meta property=\"og:description\" content=\"Laut einer Gewerkschaftsstudie findet jeder Dritte seine Arbeit schrecklich...mehr: Quelle - spiegel-online\/Agenturen.\" \/>\n<meta property=\"og:url\" content=\"https:\/\/feminissima.de\/index.php\/2007\/09\/12\/jeder-3-deutsche-findet-seine-arbeit-graesslich-studie-9-07\/\" \/>\n<meta property=\"og:site_name\" content=\"Feminissima\" \/>\n<meta property=\"article:published_time\" content=\"2007-09-12T11:48:51+00:00\" \/>\n<meta name=\"author\" content=\"admin\" \/>\n<meta name=\"twitter:card\" content=\"summary_large_image\" \/>\n<meta name=\"twitter:label1\" content=\"Verfasst von\" \/>\n\t<meta name=\"twitter:data1\" content=\"admin\" \/>\n\t<meta name=\"twitter:label2\" content=\"Gesch\u00e4tzte Lesezeit\" \/>\n\t<meta name=\"twitter:data2\" content=\"4\u00a0Minuten\" \/>\n<script type=\"application\/ld+json\" class=\"yoast-schema-graph\">{\"@context\":\"https:\/\/schema.org\",\"@graph\":[{\"@type\":\"WebPage\",\"@id\":\"https:\/\/feminissima.de\/index.php\/2007\/09\/12\/jeder-3-deutsche-findet-seine-arbeit-graesslich-studie-9-07\/\",\"url\":\"https:\/\/feminissima.de\/index.php\/2007\/09\/12\/jeder-3-deutsche-findet-seine-arbeit-graesslich-studie-9-07\/\",\"name\":\"Jeder 3. Deutsche findet seine Arbeit gr\u00e4\u00dflich\/Studie\/ 9\/07 - Feminissima\",\"isPartOf\":{\"@id\":\"https:\/\/feminissima.de\/#website\"},\"datePublished\":\"2007-09-12T11:48:51+00:00\",\"dateModified\":\"2007-09-12T11:48:51+00:00\",\"author\":{\"@id\":\"https:\/\/feminissima.de\/#\/schema\/person\/0b901e053624f88e7ecbea289d9d5128\"},\"breadcrumb\":{\"@id\":\"https:\/\/feminissima.de\/index.php\/2007\/09\/12\/jeder-3-deutsche-findet-seine-arbeit-graesslich-studie-9-07\/#breadcrumb\"},\"inLanguage\":\"de\",\"potentialAction\":[{\"@type\":\"ReadAction\",\"target\":[\"https:\/\/feminissima.de\/index.php\/2007\/09\/12\/jeder-3-deutsche-findet-seine-arbeit-graesslich-studie-9-07\/\"]}]},{\"@type\":\"BreadcrumbList\",\"@id\":\"https:\/\/feminissima.de\/index.php\/2007\/09\/12\/jeder-3-deutsche-findet-seine-arbeit-graesslich-studie-9-07\/#breadcrumb\",\"itemListElement\":[{\"@type\":\"ListItem\",\"position\":1,\"name\":\"Startseite\",\"item\":\"https:\/\/feminissima.de\/\"},{\"@type\":\"ListItem\",\"position\":2,\"name\":\"Jeder 3. Deutsche findet seine Arbeit gr\u00e4\u00dflich\/Studie\/ 9\/07\"}]},{\"@type\":\"WebSite\",\"@id\":\"https:\/\/feminissima.de\/#website\",\"url\":\"https:\/\/feminissima.de\/\",\"name\":\"Feminissima\",\"description\":\"\",\"potentialAction\":[{\"@type\":\"SearchAction\",\"target\":{\"@type\":\"EntryPoint\",\"urlTemplate\":\"https:\/\/feminissima.de\/?s={search_term_string}\"},\"query-input\":\"required name=search_term_string\"}],\"inLanguage\":\"de\"},{\"@type\":\"Person\",\"@id\":\"https:\/\/feminissima.de\/#\/schema\/person\/0b901e053624f88e7ecbea289d9d5128\",\"name\":\"admin\",\"image\":{\"@type\":\"ImageObject\",\"inLanguage\":\"de\",\"@id\":\"https:\/\/feminissima.de\/#\/schema\/person\/image\/\",\"url\":\"https:\/\/secure.gravatar.com\/avatar\/8da1f51327453c0bf63338e8e2a791948b7d2ac19b68839492d1e69aac6924a8?s=96&d=mm&r=g\",\"contentUrl\":\"https:\/\/secure.gravatar.com\/avatar\/8da1f51327453c0bf63338e8e2a791948b7d2ac19b68839492d1e69aac6924a8?s=96&d=mm&r=g\",\"caption\":\"admin\"},\"url\":\"https:\/\/feminissima.de\/index.php\/author\/admin\/\"}]}<\/script>\n<!-- \/ Yoast SEO plugin. -->","yoast_head_json":{"title":"Jeder 3. Deutsche findet seine Arbeit gr\u00e4\u00dflich\/Studie\/ 9\/07 - Feminissima","robots":{"index":"index","follow":"follow","max-snippet":"max-snippet:-1","max-image-preview":"max-image-preview:large","max-video-preview":"max-video-preview:-1"},"canonical":"https:\/\/feminissima.de\/index.php\/2007\/09\/12\/jeder-3-deutsche-findet-seine-arbeit-graesslich-studie-9-07\/","og_locale":"de_DE","og_type":"article","og_title":"Jeder 3. Deutsche findet seine Arbeit gr\u00e4\u00dflich\/Studie\/ 9\/07 - Feminissima","og_description":"Laut einer Gewerkschaftsstudie findet jeder Dritte seine Arbeit schrecklich...mehr: Quelle - spiegel-online\/Agenturen.","og_url":"https:\/\/feminissima.de\/index.php\/2007\/09\/12\/jeder-3-deutsche-findet-seine-arbeit-graesslich-studie-9-07\/","og_site_name":"Feminissima","article_published_time":"2007-09-12T11:48:51+00:00","author":"admin","twitter_card":"summary_large_image","twitter_misc":{"Verfasst von":"admin","Gesch\u00e4tzte Lesezeit":"4\u00a0Minuten"},"schema":{"@context":"https:\/\/schema.org","@graph":[{"@type":"WebPage","@id":"https:\/\/feminissima.de\/index.php\/2007\/09\/12\/jeder-3-deutsche-findet-seine-arbeit-graesslich-studie-9-07\/","url":"https:\/\/feminissima.de\/index.php\/2007\/09\/12\/jeder-3-deutsche-findet-seine-arbeit-graesslich-studie-9-07\/","name":"Jeder 3. Deutsche findet seine Arbeit gr\u00e4\u00dflich\/Studie\/ 9\/07 - Feminissima","isPartOf":{"@id":"https:\/\/feminissima.de\/#website"},"datePublished":"2007-09-12T11:48:51+00:00","dateModified":"2007-09-12T11:48:51+00:00","author":{"@id":"https:\/\/feminissima.de\/#\/schema\/person\/0b901e053624f88e7ecbea289d9d5128"},"breadcrumb":{"@id":"https:\/\/feminissima.de\/index.php\/2007\/09\/12\/jeder-3-deutsche-findet-seine-arbeit-graesslich-studie-9-07\/#breadcrumb"},"inLanguage":"de","potentialAction":[{"@type":"ReadAction","target":["https:\/\/feminissima.de\/index.php\/2007\/09\/12\/jeder-3-deutsche-findet-seine-arbeit-graesslich-studie-9-07\/"]}]},{"@type":"BreadcrumbList","@id":"https:\/\/feminissima.de\/index.php\/2007\/09\/12\/jeder-3-deutsche-findet-seine-arbeit-graesslich-studie-9-07\/#breadcrumb","itemListElement":[{"@type":"ListItem","position":1,"name":"Startseite","item":"https:\/\/feminissima.de\/"},{"@type":"ListItem","position":2,"name":"Jeder 3. Deutsche findet seine Arbeit gr\u00e4\u00dflich\/Studie\/ 9\/07"}]},{"@type":"WebSite","@id":"https:\/\/feminissima.de\/#website","url":"https:\/\/feminissima.de\/","name":"Feminissima","description":"","potentialAction":[{"@type":"SearchAction","target":{"@type":"EntryPoint","urlTemplate":"https:\/\/feminissima.de\/?s={search_term_string}"},"query-input":"required name=search_term_string"}],"inLanguage":"de"},{"@type":"Person","@id":"https:\/\/feminissima.de\/#\/schema\/person\/0b901e053624f88e7ecbea289d9d5128","name":"admin","image":{"@type":"ImageObject","inLanguage":"de","@id":"https:\/\/feminissima.de\/#\/schema\/person\/image\/","url":"https:\/\/secure.gravatar.com\/avatar\/8da1f51327453c0bf63338e8e2a791948b7d2ac19b68839492d1e69aac6924a8?s=96&d=mm&r=g","contentUrl":"https:\/\/secure.gravatar.com\/avatar\/8da1f51327453c0bf63338e8e2a791948b7d2ac19b68839492d1e69aac6924a8?s=96&d=mm&r=g","caption":"admin"},"url":"https:\/\/feminissima.de\/index.php\/author\/admin\/"}]}},"jetpack_featured_media_url":"","_links":{"self":[{"href":"https:\/\/feminissima.de\/index.php\/wp-json\/wp\/v2\/posts\/84964","targetHints":{"allow":["GET"]}}],"collection":[{"href":"https:\/\/feminissima.de\/index.php\/wp-json\/wp\/v2\/posts"}],"about":[{"href":"https:\/\/feminissima.de\/index.php\/wp-json\/wp\/v2\/types\/post"}],"author":[{"embeddable":true,"href":"https:\/\/feminissima.de\/index.php\/wp-json\/wp\/v2\/users\/2"}],"replies":[{"embeddable":true,"href":"https:\/\/feminissima.de\/index.php\/wp-json\/wp\/v2\/comments?post=84964"}],"version-history":[{"count":0,"href":"https:\/\/feminissima.de\/index.php\/wp-json\/wp\/v2\/posts\/84964\/revisions"}],"wp:attachment":[{"href":"https:\/\/feminissima.de\/index.php\/wp-json\/wp\/v2\/media?parent=84964"}],"wp:term":[{"taxonomy":"category","embeddable":true,"href":"https:\/\/feminissima.de\/index.php\/wp-json\/wp\/v2\/categories?post=84964"},{"taxonomy":"post_tag","embeddable":true,"href":"https:\/\/feminissima.de\/index.php\/wp-json\/wp\/v2\/tags?post=84964"}],"curies":[{"name":"wp","href":"https:\/\/api.w.org\/{rel}","templated":true}]}}