{"id":84961,"date":"2007-09-07T12:56:23","date_gmt":"2007-09-07T12:56:23","guid":{"rendered":"http:\/\/www.feminissima.de\/?p=84961"},"modified":"2007-09-07T12:56:23","modified_gmt":"2007-09-07T12:56:23","slug":"11-000-suicide-jaehrlich-in-der-brd-9-07","status":"publish","type":"post","link":"https:\/\/feminissima.de\/index.php\/2007\/09\/07\/11-000-suicide-jaehrlich-in-der-brd-9-07\/","title":{"rendered":"11.000 SUICIDE j\u00e4hrlich in der BRD \/9\/07"},"content":{"rendered":"<p>Quelle: K\u00f6lnische Rundschau, online.<\/p>\n<p>Neue Frankfurter Studie:<\/p>\n<p>Mehr M\u00e4nner als Frauen: vor allem \u00e4ltere M\u00e4nner.<br \/>VON BIRGIT ECKES UND SANDRA TRAUNER, 06.09.07, 21:19h<\/p>\n<p>Deutlich mehr M\u00e4nner als Frauen begehen Selbstmord. Vor allem \u00e4ltere M\u00e4nner sind in unserer Gesellschaft am meisten gef\u00e4hrdet, ergab eine Frankfurter Studie.<\/p>\n<p>Rund 11 000 Menschen nehmen sich pro Jahr in Deutschland das Leben. Die Gr\u00fcnde sind vielf\u00e4ltig: K\u00f6rperliche, teils unheilbare Krankheiten wie HIV-Infektionen oder Krebserkrankungen zum Beispiel. Doch mehr als 90 Prozent der Suizidopfer litten an psychischen Erkrankungen wie Depressionen, Suchterkrankungen wie Alkohol- und Suchtmittelmissbrauch oder Schizophrenie, so die Frankfurter Psychiaterin Barbara Schneider.<\/p>\n<p>Vor dem Weltsuizidpr\u00e4ventionstag am 10. September pr\u00e4sentierten Experten des Uniklinikums Frankfurt am Main aktuelle Entwicklungen und M\u00f6glichkeiten der Suizidvorbeugung. Denn soziale Faktoren wie Unzufriedenheit mit der Lebenssituation, Einsamkeit oder die Unf\u00e4higkeit, mit Krisen zurechtzukommen, scheinen mit zunehmendem Alter eine gewichtigere Rolle f\u00fcr einen Selbstmord zu spielen, und in fast allen L\u00e4ndern steigt das Suizidrisiko mit h\u00f6herem Lebensalter. \u201e\u00c4ltere Menschen ver\u00fcben durch Medikamenten- oder Nahrungsverweigerung sogar h\u00e4ufig eine Art passiver Selbstt\u00f6tung,\u201c hat Prof. Martin Teising von der Fachhochschule Frankfurt am Main beobachtet.<\/p>\n<p>\u00c4ltere M\u00e4nner sind in unserer Gesellschaft am meisten gef\u00e4hrdet, sich das Leben zu nehmen; bei ihnen betr\u00e4gt die Suizidrate 18,6 je 100 000. Und je \u00e4lter sie werden, desto h\u00f6her steigt diese Quote an: bei den \u00dcber-90-J\u00e4hrigen auf 90 Selbstmorde pro 100 000 M\u00e4nner, w\u00e4hrend es bei 30-J\u00e4hrigen nur 20 sind. Bei Frauen steigt die Suizidrate im Alter weit weniger stark an.<\/p>\n<p>Woran liegt das? \u201eSuizidale Krisen werden durch Kr\u00e4nkungen ausgel\u00f6st, die das Selbstwertgef\u00fchl verletzen\u201c, so Prof. Teising. Alterstypische Kr\u00e4nkungen seien zum Beispiel das Gef\u00fchl, ausgeliefert oder ausgeschlossen zu sein. Das w\u00fcrden zwar auch alte Frauen empfinden, gibt Teising zu, aber M\u00e4nner h\u00e4tten \u201eein h\u00f6heres Kr\u00e4nkungspotenzial\u201c und seien darauf geeicht, \u201eKonflikte heldenhaft und allein zu l\u00f6sen\u201c, statt Hilfe zu suchen oder anzunehmen. Zudem scheinen M\u00e4nner im Alter meist schlechter sozial vernetzt zu sein als Frauen, vor allem dann, wenn sie ihre Partnerin verlieren und allein dastehen.<\/p>\n<p>Um die Zahl der Suizide in Deutschland zu senken, bedarf es eines ganzen B\u00fcndels an Ma\u00dfnahmen: \u201eH\u00f6here Z\u00e4une an Br\u00fccken reichen nicht\u201c, sagt Jochen Gensichen, der das Pilotprojekt PRoMPT leitet (siehe Kasten). Die wichtigste Empfehlung der Experten lautet, psychische Krankheiten zu behandeln. Die meisten Suizide und Suizidversuche entst\u00fcnden \u201eaus einer schweren seelischen Krise heraus\u201c, sagt Prof. Johannes Pantel, stellvertretender Direktor der Frankfurter Psychiatrie.<\/p>\n<p>Aber wieso sind manche Menschen gefeit gegen suizidale Gedanken? Pantel nennt als wichtigste Schutzfaktoren eine stabile Pers\u00f6nlichkeit und viele soziale Kontakte. Gibt es dieses Umfeld, k\u00f6nne viel aufgefangen werden. Doch oft sei die erste Reaktion die Abwehr, Selbstmorde w\u00fcrden zu Unrecht als schicksalhaft und damit als unausweichlich angesehen, kritisiert Pantel. \u201eDabei k\u00f6nnen in den meisten F\u00e4llen Hilfsangebote wirklich etwas bewirken.\u201c<\/p>\n<p>Vor \u00fcbertriebener \u00c4ngstlichkeit im Umgang mit selbstmordgef\u00e4hrdeten Menschen warnt auch Prof. Teising: \u201eKeiner nimmt sich das Leben, weil er gefragt wird, ob er sich umbringen will.\u201c<\/p>\n","protected":false},"excerpt":{"rendered":"<p>Quelle: K\u00f6lnische Rundschau, online.<\/p>\n<p>Neue Frankfurter Studie:<\/p>\n<p>Mehr M\u00e4nner als Frauen: vor allem \u00e4ltere M\u00e4nner.<\/p>\n","protected":false},"author":2,"featured_media":0,"comment_status":"closed","ping_status":"closed","sticky":false,"template":"","format":"standard","meta":{"footnotes":""},"categories":[10],"tags":[],"class_list":["post-84961","post","type-post","status-publish","format-standard","hentry","category-femgesundheit","entry"],"yoast_head":"<!-- This site is optimized with the Yoast SEO plugin v21.0 - https:\/\/yoast.com\/wordpress\/plugins\/seo\/ -->\n<title>11.000 SUICIDE j\u00e4hrlich in der BRD \/9\/07 - Feminissima<\/title>\n<meta name=\"robots\" content=\"index, follow, max-snippet:-1, max-image-preview:large, max-video-preview:-1\" \/>\n<link rel=\"canonical\" href=\"https:\/\/feminissima.de\/index.php\/2007\/09\/07\/11-000-suicide-jaehrlich-in-der-brd-9-07\/\" \/>\n<meta property=\"og:locale\" content=\"de_DE\" \/>\n<meta property=\"og:type\" content=\"article\" \/>\n<meta property=\"og:title\" content=\"11.000 SUICIDE j\u00e4hrlich in der BRD \/9\/07 - Feminissima\" \/>\n<meta property=\"og:description\" content=\"Quelle: K\u00f6lnische Rundschau, online. Neue Frankfurter Studie: Mehr M\u00e4nner als Frauen: vor allem \u00e4ltere M\u00e4nner.\" \/>\n<meta property=\"og:url\" content=\"https:\/\/feminissima.de\/index.php\/2007\/09\/07\/11-000-suicide-jaehrlich-in-der-brd-9-07\/\" \/>\n<meta property=\"og:site_name\" content=\"Feminissima\" \/>\n<meta property=\"article:published_time\" content=\"2007-09-07T12:56:23+00:00\" \/>\n<meta name=\"author\" content=\"admin\" \/>\n<meta name=\"twitter:card\" content=\"summary_large_image\" \/>\n<meta name=\"twitter:label1\" content=\"Verfasst von\" \/>\n\t<meta name=\"twitter:data1\" content=\"admin\" \/>\n\t<meta name=\"twitter:label2\" content=\"Gesch\u00e4tzte Lesezeit\" \/>\n\t<meta name=\"twitter:data2\" content=\"3\u00a0Minuten\" \/>\n<script type=\"application\/ld+json\" class=\"yoast-schema-graph\">{\"@context\":\"https:\/\/schema.org\",\"@graph\":[{\"@type\":\"WebPage\",\"@id\":\"https:\/\/feminissima.de\/index.php\/2007\/09\/07\/11-000-suicide-jaehrlich-in-der-brd-9-07\/\",\"url\":\"https:\/\/feminissima.de\/index.php\/2007\/09\/07\/11-000-suicide-jaehrlich-in-der-brd-9-07\/\",\"name\":\"11.000 SUICIDE j\u00e4hrlich in der BRD \/9\/07 - Feminissima\",\"isPartOf\":{\"@id\":\"https:\/\/feminissima.de\/#website\"},\"datePublished\":\"2007-09-07T12:56:23+00:00\",\"dateModified\":\"2007-09-07T12:56:23+00:00\",\"author\":{\"@id\":\"https:\/\/feminissima.de\/#\/schema\/person\/0b901e053624f88e7ecbea289d9d5128\"},\"breadcrumb\":{\"@id\":\"https:\/\/feminissima.de\/index.php\/2007\/09\/07\/11-000-suicide-jaehrlich-in-der-brd-9-07\/#breadcrumb\"},\"inLanguage\":\"de\",\"potentialAction\":[{\"@type\":\"ReadAction\",\"target\":[\"https:\/\/feminissima.de\/index.php\/2007\/09\/07\/11-000-suicide-jaehrlich-in-der-brd-9-07\/\"]}]},{\"@type\":\"BreadcrumbList\",\"@id\":\"https:\/\/feminissima.de\/index.php\/2007\/09\/07\/11-000-suicide-jaehrlich-in-der-brd-9-07\/#breadcrumb\",\"itemListElement\":[{\"@type\":\"ListItem\",\"position\":1,\"name\":\"Startseite\",\"item\":\"https:\/\/feminissima.de\/\"},{\"@type\":\"ListItem\",\"position\":2,\"name\":\"11.000 SUICIDE j\u00e4hrlich in der BRD \/9\/07\"}]},{\"@type\":\"WebSite\",\"@id\":\"https:\/\/feminissima.de\/#website\",\"url\":\"https:\/\/feminissima.de\/\",\"name\":\"Feminissima\",\"description\":\"\",\"potentialAction\":[{\"@type\":\"SearchAction\",\"target\":{\"@type\":\"EntryPoint\",\"urlTemplate\":\"https:\/\/feminissima.de\/?s={search_term_string}\"},\"query-input\":\"required name=search_term_string\"}],\"inLanguage\":\"de\"},{\"@type\":\"Person\",\"@id\":\"https:\/\/feminissima.de\/#\/schema\/person\/0b901e053624f88e7ecbea289d9d5128\",\"name\":\"admin\",\"image\":{\"@type\":\"ImageObject\",\"inLanguage\":\"de\",\"@id\":\"https:\/\/feminissima.de\/#\/schema\/person\/image\/\",\"url\":\"https:\/\/secure.gravatar.com\/avatar\/8da1f51327453c0bf63338e8e2a791948b7d2ac19b68839492d1e69aac6924a8?s=96&d=mm&r=g\",\"contentUrl\":\"https:\/\/secure.gravatar.com\/avatar\/8da1f51327453c0bf63338e8e2a791948b7d2ac19b68839492d1e69aac6924a8?s=96&d=mm&r=g\",\"caption\":\"admin\"},\"url\":\"https:\/\/feminissima.de\/index.php\/author\/admin\/\"}]}<\/script>\n<!-- \/ Yoast SEO plugin. -->","yoast_head_json":{"title":"11.000 SUICIDE j\u00e4hrlich in der BRD \/9\/07 - Feminissima","robots":{"index":"index","follow":"follow","max-snippet":"max-snippet:-1","max-image-preview":"max-image-preview:large","max-video-preview":"max-video-preview:-1"},"canonical":"https:\/\/feminissima.de\/index.php\/2007\/09\/07\/11-000-suicide-jaehrlich-in-der-brd-9-07\/","og_locale":"de_DE","og_type":"article","og_title":"11.000 SUICIDE j\u00e4hrlich in der BRD \/9\/07 - Feminissima","og_description":"Quelle: K\u00f6lnische Rundschau, online. Neue Frankfurter Studie: Mehr M\u00e4nner als Frauen: vor allem \u00e4ltere M\u00e4nner.","og_url":"https:\/\/feminissima.de\/index.php\/2007\/09\/07\/11-000-suicide-jaehrlich-in-der-brd-9-07\/","og_site_name":"Feminissima","article_published_time":"2007-09-07T12:56:23+00:00","author":"admin","twitter_card":"summary_large_image","twitter_misc":{"Verfasst von":"admin","Gesch\u00e4tzte Lesezeit":"3\u00a0Minuten"},"schema":{"@context":"https:\/\/schema.org","@graph":[{"@type":"WebPage","@id":"https:\/\/feminissima.de\/index.php\/2007\/09\/07\/11-000-suicide-jaehrlich-in-der-brd-9-07\/","url":"https:\/\/feminissima.de\/index.php\/2007\/09\/07\/11-000-suicide-jaehrlich-in-der-brd-9-07\/","name":"11.000 SUICIDE j\u00e4hrlich in der BRD \/9\/07 - Feminissima","isPartOf":{"@id":"https:\/\/feminissima.de\/#website"},"datePublished":"2007-09-07T12:56:23+00:00","dateModified":"2007-09-07T12:56:23+00:00","author":{"@id":"https:\/\/feminissima.de\/#\/schema\/person\/0b901e053624f88e7ecbea289d9d5128"},"breadcrumb":{"@id":"https:\/\/feminissima.de\/index.php\/2007\/09\/07\/11-000-suicide-jaehrlich-in-der-brd-9-07\/#breadcrumb"},"inLanguage":"de","potentialAction":[{"@type":"ReadAction","target":["https:\/\/feminissima.de\/index.php\/2007\/09\/07\/11-000-suicide-jaehrlich-in-der-brd-9-07\/"]}]},{"@type":"BreadcrumbList","@id":"https:\/\/feminissima.de\/index.php\/2007\/09\/07\/11-000-suicide-jaehrlich-in-der-brd-9-07\/#breadcrumb","itemListElement":[{"@type":"ListItem","position":1,"name":"Startseite","item":"https:\/\/feminissima.de\/"},{"@type":"ListItem","position":2,"name":"11.000 SUICIDE j\u00e4hrlich in der BRD \/9\/07"}]},{"@type":"WebSite","@id":"https:\/\/feminissima.de\/#website","url":"https:\/\/feminissima.de\/","name":"Feminissima","description":"","potentialAction":[{"@type":"SearchAction","target":{"@type":"EntryPoint","urlTemplate":"https:\/\/feminissima.de\/?s={search_term_string}"},"query-input":"required name=search_term_string"}],"inLanguage":"de"},{"@type":"Person","@id":"https:\/\/feminissima.de\/#\/schema\/person\/0b901e053624f88e7ecbea289d9d5128","name":"admin","image":{"@type":"ImageObject","inLanguage":"de","@id":"https:\/\/feminissima.de\/#\/schema\/person\/image\/","url":"https:\/\/secure.gravatar.com\/avatar\/8da1f51327453c0bf63338e8e2a791948b7d2ac19b68839492d1e69aac6924a8?s=96&d=mm&r=g","contentUrl":"https:\/\/secure.gravatar.com\/avatar\/8da1f51327453c0bf63338e8e2a791948b7d2ac19b68839492d1e69aac6924a8?s=96&d=mm&r=g","caption":"admin"},"url":"https:\/\/feminissima.de\/index.php\/author\/admin\/"}]}},"jetpack_featured_media_url":"","_links":{"self":[{"href":"https:\/\/feminissima.de\/index.php\/wp-json\/wp\/v2\/posts\/84961","targetHints":{"allow":["GET"]}}],"collection":[{"href":"https:\/\/feminissima.de\/index.php\/wp-json\/wp\/v2\/posts"}],"about":[{"href":"https:\/\/feminissima.de\/index.php\/wp-json\/wp\/v2\/types\/post"}],"author":[{"embeddable":true,"href":"https:\/\/feminissima.de\/index.php\/wp-json\/wp\/v2\/users\/2"}],"replies":[{"embeddable":true,"href":"https:\/\/feminissima.de\/index.php\/wp-json\/wp\/v2\/comments?post=84961"}],"version-history":[{"count":0,"href":"https:\/\/feminissima.de\/index.php\/wp-json\/wp\/v2\/posts\/84961\/revisions"}],"wp:attachment":[{"href":"https:\/\/feminissima.de\/index.php\/wp-json\/wp\/v2\/media?parent=84961"}],"wp:term":[{"taxonomy":"category","embeddable":true,"href":"https:\/\/feminissima.de\/index.php\/wp-json\/wp\/v2\/categories?post=84961"},{"taxonomy":"post_tag","embeddable":true,"href":"https:\/\/feminissima.de\/index.php\/wp-json\/wp\/v2\/tags?post=84961"}],"curies":[{"name":"wp","href":"https:\/\/api.w.org\/{rel}","templated":true}]}}