{"id":84960,"date":"2007-09-06T18:18:23","date_gmt":"2007-09-06T18:18:23","guid":{"rendered":"http:\/\/www.feminissima.de\/?p=84960"},"modified":"2007-09-06T18:18:23","modified_gmt":"2007-09-06T18:18:23","slug":"neu-hartz-iv-senat-urteile-9-07","status":"publish","type":"post","link":"https:\/\/feminissima.de\/index.php\/2007\/09\/06\/neu-hartz-iv-senat-urteile-9-07\/","title":{"rendered":"NEU: HARTZ-IV-SENAT\/URTEILE\/ 9\/07"},"content":{"rendered":"<p>Gegen all das Unrecht in einem hingestichelten Zwangsverarmungsgesetzt, geschaffen von einer rot-gr\u00fcnen Ex-Regierung, k\u00e4mpfen immer mehr Sozialrichter an&#8230;.:<br \/>\naktuelle Infos: n-tv.de<br \/>Hartz IV-Empf\u00e4nger m\u00fcssen ihre Lebens- und Verm\u00f6gensverh\u00e4ltnisse offen legen.<\/p>\n<p>\nNeun Klassen in Deutschland..<br \/>\nMehrausgaben bei Hartz IV Bund muss Milliarden zubuttern<\/p>\n<p>Donnerstag, 6. September 2007<br \/>\n&#8222;Hartz-IV-Senat&#8220;<br \/>\nEin Stapel Urteile<\/p>\n<p>Der neu eingerichtete &#8222;Hartz-IV-Senat&#8220; des Bundessozialgerichts hat seine ersten Entscheidungen verk\u00fcndet. Wegen der anhaltenden Klagewelle zum Hartz-IV-Gesetz hatte das Bundesgericht zum 1. Juli drei neue Richterstellen erhalten. Ein eigens eingerichteter Senat soll sich ausschlie\u00dflich um diese Rechtsstreitigkeiten k\u00fcmmern. Bis Ende August 2007 sind nach Angaben von BSG-Sprecher Thomas Voelzke beim Gericht insgesamt 175 Revisionen und Beschwerden zu Hartz IV eingegangen, 92 mehr als im Gesamtjahr 2006. <\/p>\n<p>In den ersten verhandelten F\u00e4llen hatte der Senat unter anderem entschieden, dass Studenten keinen Anspruch auf Arbeitslosengeld II haben. Das Gesetz sehe ALG-II-Zahlungen f\u00fcr sie nicht vor. Erfolg hatte dagegen ein Kl\u00e4ger aus Rheinland-Pfalz. Der Oberfeldwebel der Reserve hatte 2005 f\u00fcr sechs Wochen ALG II beantragt. Die zust\u00e4ndige Arbeitsgemeinschaft verweigerte jedoch eine Zahlung, da der Mann \u00fcber ein zu teures Auto verf\u00fcge, welches als Verm\u00f6gen angerechnet werden m\u00fcsse. F\u00fcr ALG-II-Empf\u00e4nger sei nur ein Auto im Wert von h\u00f6chstens 5.000 Euro angemessen. <\/p>\n<p>Der 14. Senat sah diesen Wert jedoch als zu niedrig an. Arbeitslosen stehe laut Gesetz ein Lebensstandard der unteren 20 Prozent der Gesellschaft zu. Damit d\u00fcrften Hartz-IV-Empf\u00e4nger ein Auto mit einem Wert von bis zu 7.500 Euro besitzen, ohne dass dieses als Verm\u00f6gen gewertet wird. <\/p>\n<p>Im verhandelten Fall lag zwar der Wert des Autos mehr als 2.000 Euro \u00fcber dem vom Gericht als angemessen angesehenen Pauschalbetrag. Es sei aber nur dieser Betrag als Verm\u00f6gen zu werten.<br \/>\nAuch Wohnsitzlose, psychisch Kranke und behinderte Menschen in betreuten Einrichtungen k\u00f6nnen nach einem Urteil des BSG unter Umst\u00e4nden Anspruch auf ALG II haben. Laut Gesetz bestehe zwar grunds\u00e4tzlich f\u00fcr Menschen in station\u00e4ren Einrichtungen kein Anspruch auf Zahlung. Sind die Betroffenen jedoch &#8222;objektiv erwerbsf\u00e4hig&#8220; und k\u00f6nnten drei Stunden t\u00e4glich oder 15 Stunden w\u00f6chentlich arbeiten, k\u00f6nne ein Anspruch auf Geldleistungen bestehen, entschieden die Richter. <\/p>\n<p>Damit hat die Kl\u00e4gerin, die in einer Wohngemeinschaft in einem Obdachlosenwohnheim in Osnabr\u00fcck untergebracht ist, m\u00f6glicherweise Anspruch auf ALG II. Ihr Verfahren wurde jedoch an das Landessozialgericht Niedersachsen-Bremen zur\u00fcckverwiesen. Dort muss die Erwerbsf\u00e4higkeit der Kl\u00e4gerin \u00fcberpr\u00fcft werden.<br \/>\n(Aktenzeichen: B 14\/7b AS 36\/06 R, B 14\/7b AS 66\/06 und B 14\/7b AS 16\/07 R) <\/p>\n<p>______________<\/p>\n<p>Montag, 14. Mai 2007<\/p>\n<p>Mehrausgaben bei Hartz IV<\/p>\n<p>Bund muss Milliarden zubuttern<\/p>\n<p>Trotz des unerwartet starken R\u00fcckgangs der Arbeitslosigkeit drohen dem Bund bei Hartz IV erneut Mehrausgaben in Milliardenh\u00f6he. Statt der im Bundeshaushalt 2007 eingeplanten 21,4 Milliarden Euro beliefen sich die Kosten f\u00fcr das Arbeitslosengeld II voraussichtlich auf etwa 24 Milliarden Euro, sagte das Vorstandsmitglied der Bundesagentur f\u00fcr Arbeit (BA), Heinrich Alt,  in Berlin. Selbst unter Aufwendung einer Reserve von einer Milliarde Euro k\u00e4men demnach auf den Bund Mehrausgaben von 1,5 Milliarden Euro zu. <\/p>\n<p>Die Langzeitarbeitslosen profitieren Alt zufolge von der Belebung auf dem Arbeitsmarkt nicht im gleichen Ma\u00df wie die Bezieher von regul\u00e4rem Arbeitslosengeld I. Dennoch gebe es im Vergleich zum Vorjahr rund 350.000 arbeitslos gemeldete Hartz-IV-Bezieher weniger. Seit Jahresanfang h\u00e4tten etwa 420.000 Bezieher von Arbeitslosengeld II eine Besch\u00e4ftigung gefunden, etwa die H\u00e4lfte davon in einem gemeinn\u00fctzigen Ein-Euro-Job. <\/p>\n<p>Als besondere Probleme nannte Alt, dass derzeit auch etwa 70.000 Selbstst\u00e4ndige und rund eine halbe Million Vollzeitbesch\u00e4ftigte Leistungen aus dem Arbeitslosengeld II bez\u00f6gen. &#8222;Dieses Einfallstor kann im Moment von niemandem zugemacht werden&#8220;, sagte Alt. Seiner Ansicht nach subventioniert der Staat mit der aufstockenden Hilfe f\u00fcr Vollzeitbesch\u00e4ftigte Unternehmen, die Niedrigl\u00f6hne zahlen. Das Problem der Aufstocker sei m\u00f6glicherweise wettbewerbsverzerrend, weil andere Unternehmen ihren Besch\u00e4ftigten existenzsichernde L\u00f6hne zahlten. <\/p>\n<p>Die Ausgaben des Bundes f\u00fcr das Arbeitslosengeld II hatten im vergangenen Jahr mit 26,4 Milliarden Euro ein Rekordhoch erreicht. Ausgaben von etwa 24 Milliarden Euro im laufenden Jahr w\u00e4ren zwar eine deutliche Einsparung. Aber etwa zwei Milliarden Euro spart der Bund schon durch die Halbierung der Rentenbeitr\u00e4ge f\u00fcr Arbeitslosengeld-II-Bezieher. Durch weitere, im vorigen Jahr beschlossene Versch\u00e4rfungen hatte sich die Regierung Einsparungen von insgesamt vier Milliarden Euro versprochen. Die BA will die von ihr beeinflussbaren Nettoausgaben f\u00fcr die passiven Leistungen um mindestens 3,5 Prozent verringern und damit einen Sparbeitrag von etwa 550 Millionen Euro leisten. <\/p>\n","protected":false},"excerpt":{"rendered":"<p>Gegen all das Unrecht in einem hingestichelten Zwangsverarmungsgesetzt, geschaffen von einer rot-gr\u00fcnen Ex-Regierung, k\u00e4mpfen immer mehr Sozialrichter an&#8230;.:<br \/>\naktuelle Infos: n-tv.de<\/p>\n","protected":false},"author":2,"featured_media":0,"comment_status":"closed","ping_status":"closed","sticky":false,"template":"","format":"standard","meta":{"footnotes":""},"categories":[7],"tags":[],"class_list":["post-84960","post","type-post","status-publish","format-standard","hentry","category-femberuf","entry"],"yoast_head":"<!-- This site is optimized with the Yoast SEO plugin v21.0 - https:\/\/yoast.com\/wordpress\/plugins\/seo\/ -->\n<title>NEU: HARTZ-IV-SENAT\/URTEILE\/ 9\/07 - Feminissima<\/title>\n<meta name=\"robots\" content=\"index, follow, max-snippet:-1, max-image-preview:large, max-video-preview:-1\" \/>\n<link rel=\"canonical\" href=\"https:\/\/feminissima.de\/index.php\/2007\/09\/06\/neu-hartz-iv-senat-urteile-9-07\/\" \/>\n<meta property=\"og:locale\" content=\"de_DE\" \/>\n<meta property=\"og:type\" content=\"article\" \/>\n<meta property=\"og:title\" content=\"NEU: HARTZ-IV-SENAT\/URTEILE\/ 9\/07 - Feminissima\" \/>\n<meta property=\"og:description\" content=\"Gegen all das Unrecht in einem hingestichelten Zwangsverarmungsgesetzt, geschaffen von einer rot-gr\u00fcnen Ex-Regierung, k\u00e4mpfen immer mehr Sozialrichter an....: aktuelle Infos: n-tv.de\" \/>\n<meta property=\"og:url\" content=\"https:\/\/feminissima.de\/index.php\/2007\/09\/06\/neu-hartz-iv-senat-urteile-9-07\/\" \/>\n<meta property=\"og:site_name\" content=\"Feminissima\" \/>\n<meta property=\"article:published_time\" content=\"2007-09-06T18:18:23+00:00\" \/>\n<meta name=\"author\" content=\"admin\" \/>\n<meta name=\"twitter:card\" content=\"summary_large_image\" \/>\n<meta name=\"twitter:label1\" content=\"Verfasst von\" \/>\n\t<meta name=\"twitter:data1\" content=\"admin\" \/>\n\t<meta name=\"twitter:label2\" content=\"Gesch\u00e4tzte Lesezeit\" \/>\n\t<meta name=\"twitter:data2\" content=\"4\u00a0Minuten\" \/>\n<script type=\"application\/ld+json\" class=\"yoast-schema-graph\">{\"@context\":\"https:\/\/schema.org\",\"@graph\":[{\"@type\":\"WebPage\",\"@id\":\"https:\/\/feminissima.de\/index.php\/2007\/09\/06\/neu-hartz-iv-senat-urteile-9-07\/\",\"url\":\"https:\/\/feminissima.de\/index.php\/2007\/09\/06\/neu-hartz-iv-senat-urteile-9-07\/\",\"name\":\"NEU: HARTZ-IV-SENAT\/URTEILE\/ 9\/07 - Feminissima\",\"isPartOf\":{\"@id\":\"https:\/\/feminissima.de\/#website\"},\"datePublished\":\"2007-09-06T18:18:23+00:00\",\"dateModified\":\"2007-09-06T18:18:23+00:00\",\"author\":{\"@id\":\"https:\/\/feminissima.de\/#\/schema\/person\/0b901e053624f88e7ecbea289d9d5128\"},\"breadcrumb\":{\"@id\":\"https:\/\/feminissima.de\/index.php\/2007\/09\/06\/neu-hartz-iv-senat-urteile-9-07\/#breadcrumb\"},\"inLanguage\":\"de\",\"potentialAction\":[{\"@type\":\"ReadAction\",\"target\":[\"https:\/\/feminissima.de\/index.php\/2007\/09\/06\/neu-hartz-iv-senat-urteile-9-07\/\"]}]},{\"@type\":\"BreadcrumbList\",\"@id\":\"https:\/\/feminissima.de\/index.php\/2007\/09\/06\/neu-hartz-iv-senat-urteile-9-07\/#breadcrumb\",\"itemListElement\":[{\"@type\":\"ListItem\",\"position\":1,\"name\":\"Startseite\",\"item\":\"https:\/\/feminissima.de\/\"},{\"@type\":\"ListItem\",\"position\":2,\"name\":\"NEU: HARTZ-IV-SENAT\/URTEILE\/ 9\/07\"}]},{\"@type\":\"WebSite\",\"@id\":\"https:\/\/feminissima.de\/#website\",\"url\":\"https:\/\/feminissima.de\/\",\"name\":\"Feminissima\",\"description\":\"\",\"potentialAction\":[{\"@type\":\"SearchAction\",\"target\":{\"@type\":\"EntryPoint\",\"urlTemplate\":\"https:\/\/feminissima.de\/?s={search_term_string}\"},\"query-input\":\"required name=search_term_string\"}],\"inLanguage\":\"de\"},{\"@type\":\"Person\",\"@id\":\"https:\/\/feminissima.de\/#\/schema\/person\/0b901e053624f88e7ecbea289d9d5128\",\"name\":\"admin\",\"image\":{\"@type\":\"ImageObject\",\"inLanguage\":\"de\",\"@id\":\"https:\/\/feminissima.de\/#\/schema\/person\/image\/\",\"url\":\"https:\/\/secure.gravatar.com\/avatar\/8da1f51327453c0bf63338e8e2a791948b7d2ac19b68839492d1e69aac6924a8?s=96&d=mm&r=g\",\"contentUrl\":\"https:\/\/secure.gravatar.com\/avatar\/8da1f51327453c0bf63338e8e2a791948b7d2ac19b68839492d1e69aac6924a8?s=96&d=mm&r=g\",\"caption\":\"admin\"},\"url\":\"https:\/\/feminissima.de\/index.php\/author\/admin\/\"}]}<\/script>\n<!-- \/ Yoast SEO plugin. -->","yoast_head_json":{"title":"NEU: HARTZ-IV-SENAT\/URTEILE\/ 9\/07 - Feminissima","robots":{"index":"index","follow":"follow","max-snippet":"max-snippet:-1","max-image-preview":"max-image-preview:large","max-video-preview":"max-video-preview:-1"},"canonical":"https:\/\/feminissima.de\/index.php\/2007\/09\/06\/neu-hartz-iv-senat-urteile-9-07\/","og_locale":"de_DE","og_type":"article","og_title":"NEU: HARTZ-IV-SENAT\/URTEILE\/ 9\/07 - Feminissima","og_description":"Gegen all das Unrecht in einem hingestichelten Zwangsverarmungsgesetzt, geschaffen von einer rot-gr\u00fcnen Ex-Regierung, k\u00e4mpfen immer mehr Sozialrichter an....: aktuelle Infos: n-tv.de","og_url":"https:\/\/feminissima.de\/index.php\/2007\/09\/06\/neu-hartz-iv-senat-urteile-9-07\/","og_site_name":"Feminissima","article_published_time":"2007-09-06T18:18:23+00:00","author":"admin","twitter_card":"summary_large_image","twitter_misc":{"Verfasst von":"admin","Gesch\u00e4tzte Lesezeit":"4\u00a0Minuten"},"schema":{"@context":"https:\/\/schema.org","@graph":[{"@type":"WebPage","@id":"https:\/\/feminissima.de\/index.php\/2007\/09\/06\/neu-hartz-iv-senat-urteile-9-07\/","url":"https:\/\/feminissima.de\/index.php\/2007\/09\/06\/neu-hartz-iv-senat-urteile-9-07\/","name":"NEU: HARTZ-IV-SENAT\/URTEILE\/ 9\/07 - Feminissima","isPartOf":{"@id":"https:\/\/feminissima.de\/#website"},"datePublished":"2007-09-06T18:18:23+00:00","dateModified":"2007-09-06T18:18:23+00:00","author":{"@id":"https:\/\/feminissima.de\/#\/schema\/person\/0b901e053624f88e7ecbea289d9d5128"},"breadcrumb":{"@id":"https:\/\/feminissima.de\/index.php\/2007\/09\/06\/neu-hartz-iv-senat-urteile-9-07\/#breadcrumb"},"inLanguage":"de","potentialAction":[{"@type":"ReadAction","target":["https:\/\/feminissima.de\/index.php\/2007\/09\/06\/neu-hartz-iv-senat-urteile-9-07\/"]}]},{"@type":"BreadcrumbList","@id":"https:\/\/feminissima.de\/index.php\/2007\/09\/06\/neu-hartz-iv-senat-urteile-9-07\/#breadcrumb","itemListElement":[{"@type":"ListItem","position":1,"name":"Startseite","item":"https:\/\/feminissima.de\/"},{"@type":"ListItem","position":2,"name":"NEU: HARTZ-IV-SENAT\/URTEILE\/ 9\/07"}]},{"@type":"WebSite","@id":"https:\/\/feminissima.de\/#website","url":"https:\/\/feminissima.de\/","name":"Feminissima","description":"","potentialAction":[{"@type":"SearchAction","target":{"@type":"EntryPoint","urlTemplate":"https:\/\/feminissima.de\/?s={search_term_string}"},"query-input":"required name=search_term_string"}],"inLanguage":"de"},{"@type":"Person","@id":"https:\/\/feminissima.de\/#\/schema\/person\/0b901e053624f88e7ecbea289d9d5128","name":"admin","image":{"@type":"ImageObject","inLanguage":"de","@id":"https:\/\/feminissima.de\/#\/schema\/person\/image\/","url":"https:\/\/secure.gravatar.com\/avatar\/8da1f51327453c0bf63338e8e2a791948b7d2ac19b68839492d1e69aac6924a8?s=96&d=mm&r=g","contentUrl":"https:\/\/secure.gravatar.com\/avatar\/8da1f51327453c0bf63338e8e2a791948b7d2ac19b68839492d1e69aac6924a8?s=96&d=mm&r=g","caption":"admin"},"url":"https:\/\/feminissima.de\/index.php\/author\/admin\/"}]}},"jetpack_featured_media_url":"","_links":{"self":[{"href":"https:\/\/feminissima.de\/index.php\/wp-json\/wp\/v2\/posts\/84960","targetHints":{"allow":["GET"]}}],"collection":[{"href":"https:\/\/feminissima.de\/index.php\/wp-json\/wp\/v2\/posts"}],"about":[{"href":"https:\/\/feminissima.de\/index.php\/wp-json\/wp\/v2\/types\/post"}],"author":[{"embeddable":true,"href":"https:\/\/feminissima.de\/index.php\/wp-json\/wp\/v2\/users\/2"}],"replies":[{"embeddable":true,"href":"https:\/\/feminissima.de\/index.php\/wp-json\/wp\/v2\/comments?post=84960"}],"version-history":[{"count":0,"href":"https:\/\/feminissima.de\/index.php\/wp-json\/wp\/v2\/posts\/84960\/revisions"}],"wp:attachment":[{"href":"https:\/\/feminissima.de\/index.php\/wp-json\/wp\/v2\/media?parent=84960"}],"wp:term":[{"taxonomy":"category","embeddable":true,"href":"https:\/\/feminissima.de\/index.php\/wp-json\/wp\/v2\/categories?post=84960"},{"taxonomy":"post_tag","embeddable":true,"href":"https:\/\/feminissima.de\/index.php\/wp-json\/wp\/v2\/tags?post=84960"}],"curies":[{"name":"wp","href":"https:\/\/api.w.org\/{rel}","templated":true}]}}