{"id":84959,"date":"2007-09-06T01:00:08","date_gmt":"2007-09-06T01:00:08","guid":{"rendered":"http:\/\/www.feminissima.de\/?p=84959"},"modified":"2007-09-06T01:00:08","modified_gmt":"2007-09-06T01:00:08","slug":"presse-schau-appelle-an-die-romantik-helfen-nicht","status":"publish","type":"post","link":"https:\/\/feminissima.de\/index.php\/2007\/09\/06\/presse-schau-appelle-an-die-romantik-helfen-nicht\/","title":{"rendered":"PRESSE-SCHAU &#8222;Appelle an die Romantik helfen nicht&#8220;"},"content":{"rendered":"<p>&#8222;Appelle an die Romantik helfen nicht&#8220;<br \/>\nEx-CDU-Generalsekret\u00e4r Gei\u00dfler \u00fcber die Konservatismus-Debatte.<br \/>\nEin sehr gutes Interview und klare Absage an die S\u00f6ders in der Partei&#8230;<br \/>\naus: BERLINER ZEITUNG.<\/p>\n<p> Ex-CDU-Generalsekret\u00e4r Heiner Gei\u00dfler Interview<br \/>\n&#8222;Appelle an die Romantik helfen nicht&#8220;<br \/>\nEx-CDU-Generalsekret\u00e4r Gei\u00dfler \u00fcber die Konservatismus-Debatte<br \/>\nDie Union m\u00fcsse konservativer werden, um bei Wahlen besser abzuschneiden, fordern vier junge Politiker von CDU und CSU um den Junge-Unions-Chef Philipp Mi\u00dffelder und CSU-Generalsekret\u00e4r Markus S\u00f6der. Sie haben ein Thesenpapier f\u00fcr einen &#8222;modernen b\u00fcrgerlichen Konservatismus&#8220; erarbeitet, in dem sie die Bedeutung der deutschen Leitkultur betonen, wie auch die der &#8222;deutschen Tugenden&#8220; Treue, Disziplin und Anstand. Der fr\u00fchere CDU-Generalsekret\u00e4r Heiner Gei\u00dfler findet, dass seine Partei mit der Debatte Energie verschwendet.<\/p>\n<p>Herr Gei\u00dfler, was ist f\u00fcr Sie konservativ?<\/p>\n<p>Konservativ bedeutet richtig verstanden, dass man sich zu den Werten bekennt, die immer G\u00fcltigkeit haben. Das sind die Grundwerte der Freiheit, der Gerechtigkeit und der Solidarit\u00e4t.<\/p>\n<p>Dazu bekennen sich auch andere Parteien. Konservatismus ist also nicht das Merkmal, das die CDU von anderen Parteien unterscheidet?<\/p>\n<p>Nach dieser Definition sicher nicht. Die Definition bedeutet im \u00dcbrigen auch, dass Konservative dem Modernen gegen\u00fcber aufgeschlossen sein k\u00f6nnen.<\/p>\n<p>Es wird nun von einigen ihrer Parteikollegen beklagt, die Union sei zu wenig konservativ.<\/p>\n<p>Diese Klage ist nicht berechtigt. Sie kommt von Leuten, die das Konservative falsch auffassen, indem sie bestimmte Punkte \u00fcberakzentuieren, zum Beispiel das Nationalbewusstsein oder die etwas \u00e4lteren Vorstellungen von der Familie oder der Rolle der Frau. <\/p>\n<p>Solche Vorstellungen gibt es auch in Teilen der Bev\u00f6lkerung. Sollte die CDU auf diese W\u00e4hler lieber verzichten?<\/p>\n<p>Nein. Nat\u00fcrlich m\u00fcssen solche B\u00fcrger auch eine politische Heimat in einer demokratischen Partei finden. Eine Partei wie die CDU darf aber dabei nicht ihre Seele verkaufen. Die besteht im christlichen Menschenbild. Das vertr\u00e4gt nationalistische, rassistische oder frauenfeindliche Einstellungen eben nicht. Diese Grenze darf nicht \u00fcberschritten werden. <\/p>\n<p>Die Kritiker sagen, die CDU verkaufe ihre Seele, weil sie beispielsweise mit ihrer aktuellen Familienpolitik bestimmte Teile der Bev\u00f6lkerung zu wenig ber\u00fccksichtigt. <\/p>\n<p>Dass da Leute vernachl\u00e4ssigt werden, kann ich nicht erkennen. Die Politik von Ursula von der Leyen hat gro\u00dfe Zustimmung in der Bev\u00f6lkerung. Damit werden wir den Lebenswelten der Menschen gerecht. Die CDU tut, was sie immer getan hat und was ihr den Vorteil gegen\u00fcber der SPD gebracht hat: Sie reagiert flexibel auf ver\u00e4nderte Lebensbedingungen auf dem Fundament ihrer Grundwerte. <\/p>\n<p>Wie erkl\u00e4ren sie sich die Forderung nach mehr Konservatismus?<\/p>\n<p>Wenn man mit den Leuten redet, merkt man, dass hinter der Kritik nicht viel steckt. Was will man denn auch an der Politik von Angela Merkel kritisieren? <\/p>\n<p>Aber offenbar gibt es ja ein gewisses Unwohlsein, das mit der Konservatismus-Forderung zum Ausdruck gebracht wird. <\/p>\n<p>Es ist richtig, dass viele eine Perspektive suchen, aber da helfen doch keine Appelle an die Romantik. Menschen, die Angst vor der Globalisierung haben, bringt es nichts, wenn ich ihnen einh\u00e4mmere, sie k\u00f6nnten stolz sein, Deutsche zu sein. <\/p>\n<p>Der k\u00fcnftige bayerische Ministerpr\u00e4sident G\u00fcnther Beckstein hat gesagt, er will daf\u00fcr sorgen, dass Menschen, die dieser Aussage anh\u00e4ngen, sich in der Union mehr zu Hause f\u00fchlen.<\/p>\n<p>Man darf nicht seine Seele verkaufen, um Rechtsradikale zu gewinnen. Rechtsradikale minimiert man, indem man sie bek\u00e4mpft, nicht indem man ihre Inhalte \u00fcbernimmt. Im \u00dcbrigen: Stolz geh\u00f6rt zu den sieben Tods\u00fcnden, wie Geiz und Neid. Das ist keine sehr sch\u00f6ne Eigenschaft, man blickt damit auf andere herunter. Alle, die das Nationale betonen, k\u00f6nnten ja auch mal daran denken, dass die zwei Millionen Kinder, die in Armut und die zehn Millionen, die im sogenannten Prekariat leben, auch Deutsche sind. Diese Konservativen h\u00e4tte ich gerne als Speerspitze f\u00fcr mehr Bildungschancen und soziale Gerechtigkeit f\u00fcr ihre Landsleute.<\/p>\n<p>Der Glaube an Autorit\u00e4t, Gehorsam, einen starken Staat. Macht das f\u00fcr Sie einen Konservativen aus?<\/p>\n<p>Nein. Man darf ja Loyalit\u00e4t nicht mit Gehorsam verwechseln. Es ist schon erstaunlich, welche Widerspr\u00fcche sich da so auftun: ein starker Staat f\u00fcr die innere Sicherheit, ein schwacher Staat f\u00fcr die soziale Sicherheit &#8211; merkw\u00fcrdige Vorstellungen der sogenannten Neokonservativen. <\/p>\n<p>Braucht die CDU klarere Identifikationsfiguren, die die verschiedenen Fl\u00fcgel der Partei verk\u00f6rpern?<\/p>\n<p>Ich glaube gar nicht, dass es diese Personen in der gew\u00fcnschten Akzentuierung gibt. Man kann die CDU auch nicht in Lager aufspalten. Wir haben immer dadurch gewonnen, dass die Str\u00f6mungen zu einer Einheit zusammengef\u00fcgt wurden.<\/p>\n<p>Manche w\u00fcnschen sich einen Nachfolger f\u00fcr Brandenburgs Innenminister J\u00f6rg Sch\u00f6nbohm als Vertreter des nationalkonservativen Fl\u00fcgels. <\/p>\n<p>Eine solche Politik ist aber nicht mehrheitsf\u00e4hig ist. Bei den letzten Wahlen ist Sch\u00f6nbohm in Brandenburg unter 20 Prozent gelandet. <\/p>\n<p>Das Gespr\u00e4ch f\u00fchrte Daniela Vates.<\/p>\n<p>Berliner Zeitung, 06.09.2007 <\/p>\n","protected":false},"excerpt":{"rendered":"<p>&#8222;Appelle an die Romantik helfen nicht&#8220;<br \/>\nEx-CDU-Generalsekret\u00e4r Gei\u00dfler \u00fcber die Konservatismus-Debatte.<br \/>\nEin sehr gutes Interview und klare Absage an die S\u00f6ders in der Partei&#8230;<br \/>\naus: BERLINER ZEITUNG.<\/p>\n","protected":false},"author":2,"featured_media":0,"comment_status":"closed","ping_status":"closed","sticky":false,"template":"","format":"standard","meta":{"footnotes":""},"categories":[14],"tags":[],"class_list":["post-84959","post","type-post","status-publish","format-standard","hentry","category-fempolitik","entry"],"yoast_head":"<!-- This site is optimized with the Yoast SEO plugin v21.0 - https:\/\/yoast.com\/wordpress\/plugins\/seo\/ -->\n<title>PRESSE-SCHAU &quot;Appelle an die Romantik helfen nicht&quot; - Feminissima<\/title>\n<meta name=\"robots\" content=\"index, follow, max-snippet:-1, max-image-preview:large, max-video-preview:-1\" \/>\n<link rel=\"canonical\" href=\"https:\/\/feminissima.de\/index.php\/2007\/09\/06\/presse-schau-appelle-an-die-romantik-helfen-nicht\/\" \/>\n<meta property=\"og:locale\" content=\"de_DE\" \/>\n<meta property=\"og:type\" content=\"article\" \/>\n<meta property=\"og:title\" content=\"PRESSE-SCHAU &quot;Appelle an die Romantik helfen nicht&quot; - Feminissima\" \/>\n<meta property=\"og:description\" content=\"&quot;Appelle an die Romantik helfen nicht&quot; Ex-CDU-Generalsekret\u00e4r Gei\u00dfler \u00fcber die Konservatismus-Debatte. Ein sehr gutes Interview und klare Absage an die S\u00f6ders in der Partei... aus: BERLINER ZEITUNG.\" \/>\n<meta property=\"og:url\" content=\"https:\/\/feminissima.de\/index.php\/2007\/09\/06\/presse-schau-appelle-an-die-romantik-helfen-nicht\/\" \/>\n<meta property=\"og:site_name\" content=\"Feminissima\" \/>\n<meta property=\"article:published_time\" content=\"2007-09-06T01:00:08+00:00\" \/>\n<meta name=\"author\" content=\"admin\" \/>\n<meta name=\"twitter:card\" content=\"summary_large_image\" \/>\n<meta name=\"twitter:label1\" content=\"Verfasst von\" \/>\n\t<meta name=\"twitter:data1\" content=\"admin\" \/>\n\t<meta name=\"twitter:label2\" content=\"Gesch\u00e4tzte Lesezeit\" \/>\n\t<meta name=\"twitter:data2\" content=\"4\u00a0Minuten\" \/>\n<script type=\"application\/ld+json\" class=\"yoast-schema-graph\">{\"@context\":\"https:\/\/schema.org\",\"@graph\":[{\"@type\":\"WebPage\",\"@id\":\"https:\/\/feminissima.de\/index.php\/2007\/09\/06\/presse-schau-appelle-an-die-romantik-helfen-nicht\/\",\"url\":\"https:\/\/feminissima.de\/index.php\/2007\/09\/06\/presse-schau-appelle-an-die-romantik-helfen-nicht\/\",\"name\":\"PRESSE-SCHAU \\\"Appelle an die Romantik helfen nicht\\\" - Feminissima\",\"isPartOf\":{\"@id\":\"https:\/\/feminissima.de\/#website\"},\"datePublished\":\"2007-09-06T01:00:08+00:00\",\"dateModified\":\"2007-09-06T01:00:08+00:00\",\"author\":{\"@id\":\"https:\/\/feminissima.de\/#\/schema\/person\/0b901e053624f88e7ecbea289d9d5128\"},\"breadcrumb\":{\"@id\":\"https:\/\/feminissima.de\/index.php\/2007\/09\/06\/presse-schau-appelle-an-die-romantik-helfen-nicht\/#breadcrumb\"},\"inLanguage\":\"de\",\"potentialAction\":[{\"@type\":\"ReadAction\",\"target\":[\"https:\/\/feminissima.de\/index.php\/2007\/09\/06\/presse-schau-appelle-an-die-romantik-helfen-nicht\/\"]}]},{\"@type\":\"BreadcrumbList\",\"@id\":\"https:\/\/feminissima.de\/index.php\/2007\/09\/06\/presse-schau-appelle-an-die-romantik-helfen-nicht\/#breadcrumb\",\"itemListElement\":[{\"@type\":\"ListItem\",\"position\":1,\"name\":\"Startseite\",\"item\":\"https:\/\/feminissima.de\/\"},{\"@type\":\"ListItem\",\"position\":2,\"name\":\"PRESSE-SCHAU &#8222;Appelle an die Romantik helfen nicht&#8220;\"}]},{\"@type\":\"WebSite\",\"@id\":\"https:\/\/feminissima.de\/#website\",\"url\":\"https:\/\/feminissima.de\/\",\"name\":\"Feminissima\",\"description\":\"\",\"potentialAction\":[{\"@type\":\"SearchAction\",\"target\":{\"@type\":\"EntryPoint\",\"urlTemplate\":\"https:\/\/feminissima.de\/?s={search_term_string}\"},\"query-input\":\"required name=search_term_string\"}],\"inLanguage\":\"de\"},{\"@type\":\"Person\",\"@id\":\"https:\/\/feminissima.de\/#\/schema\/person\/0b901e053624f88e7ecbea289d9d5128\",\"name\":\"admin\",\"image\":{\"@type\":\"ImageObject\",\"inLanguage\":\"de\",\"@id\":\"https:\/\/feminissima.de\/#\/schema\/person\/image\/\",\"url\":\"https:\/\/secure.gravatar.com\/avatar\/8da1f51327453c0bf63338e8e2a791948b7d2ac19b68839492d1e69aac6924a8?s=96&d=mm&r=g\",\"contentUrl\":\"https:\/\/secure.gravatar.com\/avatar\/8da1f51327453c0bf63338e8e2a791948b7d2ac19b68839492d1e69aac6924a8?s=96&d=mm&r=g\",\"caption\":\"admin\"},\"url\":\"https:\/\/feminissima.de\/index.php\/author\/admin\/\"}]}<\/script>\n<!-- \/ Yoast SEO plugin. -->","yoast_head_json":{"title":"PRESSE-SCHAU \"Appelle an die Romantik helfen nicht\" - Feminissima","robots":{"index":"index","follow":"follow","max-snippet":"max-snippet:-1","max-image-preview":"max-image-preview:large","max-video-preview":"max-video-preview:-1"},"canonical":"https:\/\/feminissima.de\/index.php\/2007\/09\/06\/presse-schau-appelle-an-die-romantik-helfen-nicht\/","og_locale":"de_DE","og_type":"article","og_title":"PRESSE-SCHAU \"Appelle an die Romantik helfen nicht\" - Feminissima","og_description":"\"Appelle an die Romantik helfen nicht\" Ex-CDU-Generalsekret\u00e4r Gei\u00dfler \u00fcber die Konservatismus-Debatte. Ein sehr gutes Interview und klare Absage an die S\u00f6ders in der Partei... aus: BERLINER ZEITUNG.","og_url":"https:\/\/feminissima.de\/index.php\/2007\/09\/06\/presse-schau-appelle-an-die-romantik-helfen-nicht\/","og_site_name":"Feminissima","article_published_time":"2007-09-06T01:00:08+00:00","author":"admin","twitter_card":"summary_large_image","twitter_misc":{"Verfasst von":"admin","Gesch\u00e4tzte Lesezeit":"4\u00a0Minuten"},"schema":{"@context":"https:\/\/schema.org","@graph":[{"@type":"WebPage","@id":"https:\/\/feminissima.de\/index.php\/2007\/09\/06\/presse-schau-appelle-an-die-romantik-helfen-nicht\/","url":"https:\/\/feminissima.de\/index.php\/2007\/09\/06\/presse-schau-appelle-an-die-romantik-helfen-nicht\/","name":"PRESSE-SCHAU \"Appelle an die Romantik helfen nicht\" - Feminissima","isPartOf":{"@id":"https:\/\/feminissima.de\/#website"},"datePublished":"2007-09-06T01:00:08+00:00","dateModified":"2007-09-06T01:00:08+00:00","author":{"@id":"https:\/\/feminissima.de\/#\/schema\/person\/0b901e053624f88e7ecbea289d9d5128"},"breadcrumb":{"@id":"https:\/\/feminissima.de\/index.php\/2007\/09\/06\/presse-schau-appelle-an-die-romantik-helfen-nicht\/#breadcrumb"},"inLanguage":"de","potentialAction":[{"@type":"ReadAction","target":["https:\/\/feminissima.de\/index.php\/2007\/09\/06\/presse-schau-appelle-an-die-romantik-helfen-nicht\/"]}]},{"@type":"BreadcrumbList","@id":"https:\/\/feminissima.de\/index.php\/2007\/09\/06\/presse-schau-appelle-an-die-romantik-helfen-nicht\/#breadcrumb","itemListElement":[{"@type":"ListItem","position":1,"name":"Startseite","item":"https:\/\/feminissima.de\/"},{"@type":"ListItem","position":2,"name":"PRESSE-SCHAU &#8222;Appelle an die Romantik helfen nicht&#8220;"}]},{"@type":"WebSite","@id":"https:\/\/feminissima.de\/#website","url":"https:\/\/feminissima.de\/","name":"Feminissima","description":"","potentialAction":[{"@type":"SearchAction","target":{"@type":"EntryPoint","urlTemplate":"https:\/\/feminissima.de\/?s={search_term_string}"},"query-input":"required name=search_term_string"}],"inLanguage":"de"},{"@type":"Person","@id":"https:\/\/feminissima.de\/#\/schema\/person\/0b901e053624f88e7ecbea289d9d5128","name":"admin","image":{"@type":"ImageObject","inLanguage":"de","@id":"https:\/\/feminissima.de\/#\/schema\/person\/image\/","url":"https:\/\/secure.gravatar.com\/avatar\/8da1f51327453c0bf63338e8e2a791948b7d2ac19b68839492d1e69aac6924a8?s=96&d=mm&r=g","contentUrl":"https:\/\/secure.gravatar.com\/avatar\/8da1f51327453c0bf63338e8e2a791948b7d2ac19b68839492d1e69aac6924a8?s=96&d=mm&r=g","caption":"admin"},"url":"https:\/\/feminissima.de\/index.php\/author\/admin\/"}]}},"jetpack_featured_media_url":"","_links":{"self":[{"href":"https:\/\/feminissima.de\/index.php\/wp-json\/wp\/v2\/posts\/84959","targetHints":{"allow":["GET"]}}],"collection":[{"href":"https:\/\/feminissima.de\/index.php\/wp-json\/wp\/v2\/posts"}],"about":[{"href":"https:\/\/feminissima.de\/index.php\/wp-json\/wp\/v2\/types\/post"}],"author":[{"embeddable":true,"href":"https:\/\/feminissima.de\/index.php\/wp-json\/wp\/v2\/users\/2"}],"replies":[{"embeddable":true,"href":"https:\/\/feminissima.de\/index.php\/wp-json\/wp\/v2\/comments?post=84959"}],"version-history":[{"count":0,"href":"https:\/\/feminissima.de\/index.php\/wp-json\/wp\/v2\/posts\/84959\/revisions"}],"wp:attachment":[{"href":"https:\/\/feminissima.de\/index.php\/wp-json\/wp\/v2\/media?parent=84959"}],"wp:term":[{"taxonomy":"category","embeddable":true,"href":"https:\/\/feminissima.de\/index.php\/wp-json\/wp\/v2\/categories?post=84959"},{"taxonomy":"post_tag","embeddable":true,"href":"https:\/\/feminissima.de\/index.php\/wp-json\/wp\/v2\/tags?post=84959"}],"curies":[{"name":"wp","href":"https:\/\/api.w.org\/{rel}","templated":true}]}}