{"id":84958,"date":"2007-09-05T14:17:12","date_gmt":"2007-09-05T14:17:12","guid":{"rendered":"http:\/\/www.feminissima.de\/?p=84958"},"modified":"2007-09-05T14:17:12","modified_gmt":"2007-09-05T14:17:12","slug":"pinndaten-6-antikmeile-chlbg-kiezfest-planufer-grimmstr-xberg","status":"publish","type":"post","link":"https:\/\/feminissima.de\/index.php\/2007\/09\/05\/pinndaten-6-antikmeile-chlbg-kiezfest-planufer-grimmstr-xberg\/","title":{"rendered":"PINNDATEN: 6.Antikmeile Chlbg.\/ Kiezfest Planufer\/Grimmstr.\/Xberg"},"content":{"rendered":"<p>An diesem Wochenende&#8230;:<br \/>Die 6. Antikmeile feiert die SUAREZ-Stra\u00dfe in Charlottenburg am 8. September 07 zwischen 12  uhr und 22 Uhr.<br \/>&#8222;110 Jahre Suarezstra\u00dfe&#8220; &#8211; und &#8222;100 Jahre Feuerwache Suarezstra\u00dfe&#8220;.<\/p>\n<p>Werbegemeinschaft Suarezstra\u00dfe, Sprecherin E. Schwemer, 030\/ 706 05 335<\/p>\n<p>&#8212;&#8212;&#8212;&#8212;&#8212;&#8212;&#8212;&#8212;&#8212;&#8212;&#8212;&#8212;&#8212;&#8212;&#8212;&#8212;<\/p>\n<p>Und dann am Wochenende, das vorl\u00e4ufige Abschlu\u00dffest der BI RETTET DIE B\u00c4UME AM LANDWEHRKANAL &#8230;bis dahin t\u00e4glich Treffen um 18  Uhr auf der kleinen Br\u00fccke AM PLANUFER\/Fraenkle-Ufer\/Grimmstra\u00dfe, morgen N\u00e4heres \u00fcber das Kiezfest.<\/p>\n","protected":false},"excerpt":{"rendered":"<p>An diesem Wochenende&#8230;:<\/p>\n","protected":false},"author":2,"featured_media":0,"comment_status":"closed","ping_status":"closed","sticky":false,"template":"","format":"standard","meta":{"footnotes":""},"categories":[26],"tags":[],"class_list":["post-84958","post","type-post","status-publish","format-standard","hentry","category-pinnwand","entry"],"yoast_head":"<!-- This site is optimized with the Yoast SEO plugin v21.0 - https:\/\/yoast.com\/wordpress\/plugins\/seo\/ -->\n<title>PINNDATEN: 6.Antikmeile Chlbg.\/ Kiezfest Planufer\/Grimmstr.\/Xberg - Feminissima<\/title>\n<meta name=\"robots\" content=\"index, follow, max-snippet:-1, max-image-preview:large, max-video-preview:-1\" \/>\n<link rel=\"canonical\" href=\"https:\/\/feminissima.de\/index.php\/2007\/09\/05\/pinndaten-6-antikmeile-chlbg-kiezfest-planufer-grimmstr-xberg\/\" \/>\n<meta property=\"og:locale\" content=\"de_DE\" \/>\n<meta property=\"og:type\" content=\"article\" \/>\n<meta property=\"og:title\" content=\"PINNDATEN: 6.Antikmeile Chlbg.\/ Kiezfest Planufer\/Grimmstr.\/Xberg - Feminissima\" \/>\n<meta property=\"og:description\" content=\"An diesem Wochenende...:\" \/>\n<meta property=\"og:url\" content=\"https:\/\/feminissima.de\/index.php\/2007\/09\/05\/pinndaten-6-antikmeile-chlbg-kiezfest-planufer-grimmstr-xberg\/\" \/>\n<meta property=\"og:site_name\" content=\"Feminissima\" \/>\n<meta property=\"article:published_time\" content=\"2007-09-05T14:17:12+00:00\" \/>\n<meta name=\"author\" content=\"admin\" \/>\n<meta name=\"twitter:card\" content=\"summary_large_image\" \/>\n<meta name=\"twitter:label1\" content=\"Verfasst von\" \/>\n\t<meta name=\"twitter:data1\" content=\"admin\" \/>\n<script type=\"application\/ld+json\" class=\"yoast-schema-graph\">{\"@context\":\"https:\/\/schema.org\",\"@graph\":[{\"@type\":\"WebPage\",\"@id\":\"https:\/\/feminissima.de\/index.php\/2007\/09\/05\/pinndaten-6-antikmeile-chlbg-kiezfest-planufer-grimmstr-xberg\/\",\"url\":\"https:\/\/feminissima.de\/index.php\/2007\/09\/05\/pinndaten-6-antikmeile-chlbg-kiezfest-planufer-grimmstr-xberg\/\",\"name\":\"PINNDATEN: 6.Antikmeile Chlbg.\/ Kiezfest Planufer\/Grimmstr.\/Xberg - Feminissima\",\"isPartOf\":{\"@id\":\"https:\/\/feminissima.de\/#website\"},\"datePublished\":\"2007-09-05T14:17:12+00:00\",\"dateModified\":\"2007-09-05T14:17:12+00:00\",\"author\":{\"@id\":\"https:\/\/feminissima.de\/#\/schema\/person\/0b901e053624f88e7ecbea289d9d5128\"},\"breadcrumb\":{\"@id\":\"https:\/\/feminissima.de\/index.php\/2007\/09\/05\/pinndaten-6-antikmeile-chlbg-kiezfest-planufer-grimmstr-xberg\/#breadcrumb\"},\"inLanguage\":\"de\",\"potentialAction\":[{\"@type\":\"ReadAction\",\"target\":[\"https:\/\/feminissima.de\/index.php\/2007\/09\/05\/pinndaten-6-antikmeile-chlbg-kiezfest-planufer-grimmstr-xberg\/\"]}]},{\"@type\":\"BreadcrumbList\",\"@id\":\"https:\/\/feminissima.de\/index.php\/2007\/09\/05\/pinndaten-6-antikmeile-chlbg-kiezfest-planufer-grimmstr-xberg\/#breadcrumb\",\"itemListElement\":[{\"@type\":\"ListItem\",\"position\":1,\"name\":\"Startseite\",\"item\":\"https:\/\/feminissima.de\/\"},{\"@type\":\"ListItem\",\"position\":2,\"name\":\"PINNDATEN: 6.Antikmeile Chlbg.\/ Kiezfest Planufer\/Grimmstr.\/Xberg\"}]},{\"@type\":\"WebSite\",\"@id\":\"https:\/\/feminissima.de\/#website\",\"url\":\"https:\/\/feminissima.de\/\",\"name\":\"Feminissima\",\"description\":\"\",\"potentialAction\":[{\"@type\":\"SearchAction\",\"target\":{\"@type\":\"EntryPoint\",\"urlTemplate\":\"https:\/\/feminissima.de\/?s={search_term_string}\"},\"query-input\":\"required name=search_term_string\"}],\"inLanguage\":\"de\"},{\"@type\":\"Person\",\"@id\":\"https:\/\/feminissima.de\/#\/schema\/person\/0b901e053624f88e7ecbea289d9d5128\",\"name\":\"admin\",\"image\":{\"@type\":\"ImageObject\",\"inLanguage\":\"de\",\"@id\":\"https:\/\/feminissima.de\/#\/schema\/person\/image\/\",\"url\":\"https:\/\/secure.gravatar.com\/avatar\/8da1f51327453c0bf63338e8e2a791948b7d2ac19b68839492d1e69aac6924a8?s=96&d=mm&r=g\",\"contentUrl\":\"https:\/\/secure.gravatar.com\/avatar\/8da1f51327453c0bf63338e8e2a791948b7d2ac19b68839492d1e69aac6924a8?s=96&d=mm&r=g\",\"caption\":\"admin\"},\"url\":\"https:\/\/feminissima.de\/index.php\/author\/admin\/\"}]}<\/script>\n<!-- \/ Yoast SEO plugin. -->","yoast_head_json":{"title":"PINNDATEN: 6.Antikmeile Chlbg.\/ Kiezfest Planufer\/Grimmstr.\/Xberg - Feminissima","robots":{"index":"index","follow":"follow","max-snippet":"max-snippet:-1","max-image-preview":"max-image-preview:large","max-video-preview":"max-video-preview:-1"},"canonical":"https:\/\/feminissima.de\/index.php\/2007\/09\/05\/pinndaten-6-antikmeile-chlbg-kiezfest-planufer-grimmstr-xberg\/","og_locale":"de_DE","og_type":"article","og_title":"PINNDATEN: 6.Antikmeile Chlbg.\/ Kiezfest Planufer\/Grimmstr.\/Xberg - Feminissima","og_description":"An diesem Wochenende...:","og_url":"https:\/\/feminissima.de\/index.php\/2007\/09\/05\/pinndaten-6-antikmeile-chlbg-kiezfest-planufer-grimmstr-xberg\/","og_site_name":"Feminissima","article_published_time":"2007-09-05T14:17:12+00:00","author":"admin","twitter_card":"summary_large_image","twitter_misc":{"Verfasst von":"admin"},"schema":{"@context":"https:\/\/schema.org","@graph":[{"@type":"WebPage","@id":"https:\/\/feminissima.de\/index.php\/2007\/09\/05\/pinndaten-6-antikmeile-chlbg-kiezfest-planufer-grimmstr-xberg\/","url":"https:\/\/feminissima.de\/index.php\/2007\/09\/05\/pinndaten-6-antikmeile-chlbg-kiezfest-planufer-grimmstr-xberg\/","name":"PINNDATEN: 6.Antikmeile Chlbg.\/ Kiezfest Planufer\/Grimmstr.\/Xberg - Feminissima","isPartOf":{"@id":"https:\/\/feminissima.de\/#website"},"datePublished":"2007-09-05T14:17:12+00:00","dateModified":"2007-09-05T14:17:12+00:00","author":{"@id":"https:\/\/feminissima.de\/#\/schema\/person\/0b901e053624f88e7ecbea289d9d5128"},"breadcrumb":{"@id":"https:\/\/feminissima.de\/index.php\/2007\/09\/05\/pinndaten-6-antikmeile-chlbg-kiezfest-planufer-grimmstr-xberg\/#breadcrumb"},"inLanguage":"de","potentialAction":[{"@type":"ReadAction","target":["https:\/\/feminissima.de\/index.php\/2007\/09\/05\/pinndaten-6-antikmeile-chlbg-kiezfest-planufer-grimmstr-xberg\/"]}]},{"@type":"BreadcrumbList","@id":"https:\/\/feminissima.de\/index.php\/2007\/09\/05\/pinndaten-6-antikmeile-chlbg-kiezfest-planufer-grimmstr-xberg\/#breadcrumb","itemListElement":[{"@type":"ListItem","position":1,"name":"Startseite","item":"https:\/\/feminissima.de\/"},{"@type":"ListItem","position":2,"name":"PINNDATEN: 6.Antikmeile Chlbg.\/ Kiezfest Planufer\/Grimmstr.\/Xberg"}]},{"@type":"WebSite","@id":"https:\/\/feminissima.de\/#website","url":"https:\/\/feminissima.de\/","name":"Feminissima","description":"","potentialAction":[{"@type":"SearchAction","target":{"@type":"EntryPoint","urlTemplate":"https:\/\/feminissima.de\/?s={search_term_string}"},"query-input":"required name=search_term_string"}],"inLanguage":"de"},{"@type":"Person","@id":"https:\/\/feminissima.de\/#\/schema\/person\/0b901e053624f88e7ecbea289d9d5128","name":"admin","image":{"@type":"ImageObject","inLanguage":"de","@id":"https:\/\/feminissima.de\/#\/schema\/person\/image\/","url":"https:\/\/secure.gravatar.com\/avatar\/8da1f51327453c0bf63338e8e2a791948b7d2ac19b68839492d1e69aac6924a8?s=96&d=mm&r=g","contentUrl":"https:\/\/secure.gravatar.com\/avatar\/8da1f51327453c0bf63338e8e2a791948b7d2ac19b68839492d1e69aac6924a8?s=96&d=mm&r=g","caption":"admin"},"url":"https:\/\/feminissima.de\/index.php\/author\/admin\/"}]}},"jetpack_featured_media_url":"","_links":{"self":[{"href":"https:\/\/feminissima.de\/index.php\/wp-json\/wp\/v2\/posts\/84958","targetHints":{"allow":["GET"]}}],"collection":[{"href":"https:\/\/feminissima.de\/index.php\/wp-json\/wp\/v2\/posts"}],"about":[{"href":"https:\/\/feminissima.de\/index.php\/wp-json\/wp\/v2\/types\/post"}],"author":[{"embeddable":true,"href":"https:\/\/feminissima.de\/index.php\/wp-json\/wp\/v2\/users\/2"}],"replies":[{"embeddable":true,"href":"https:\/\/feminissima.de\/index.php\/wp-json\/wp\/v2\/comments?post=84958"}],"version-history":[{"count":0,"href":"https:\/\/feminissima.de\/index.php\/wp-json\/wp\/v2\/posts\/84958\/revisions"}],"wp:attachment":[{"href":"https:\/\/feminissima.de\/index.php\/wp-json\/wp\/v2\/media?parent=84958"}],"wp:term":[{"taxonomy":"category","embeddable":true,"href":"https:\/\/feminissima.de\/index.php\/wp-json\/wp\/v2\/categories?post=84958"},{"taxonomy":"post_tag","embeddable":true,"href":"https:\/\/feminissima.de\/index.php\/wp-json\/wp\/v2\/tags?post=84958"}],"curies":[{"name":"wp","href":"https:\/\/api.w.org\/{rel}","templated":true}]}}