{"id":84941,"date":"2007-08-25T04:14:16","date_gmt":"2007-08-25T04:14:16","guid":{"rendered":"http:\/\/www.feminissima.de\/?p=84941"},"modified":"2007-08-25T04:14:16","modified_gmt":"2007-08-25T04:14:16","slug":"presse-programme-gegen-rechts-volksverdummung","status":"publish","type":"post","link":"https:\/\/feminissima.de\/index.php\/2007\/08\/25\/presse-programme-gegen-rechts-volksverdummung\/","title":{"rendered":"PRESSE: Programme gegen Rechts &#8211; Volksverdummung!"},"content":{"rendered":"<p>..nach den gestrigen Auftritten vor TV-Kameras der Nation w\u00e4chst die Kritik an Familienministerin von der Leyen, CDU.<\/p>\n<p>Mehr: \/Quelle &#8211; ard.de<\/p>\n<p>Rechtsextremismus    <\/p>\n<p>Letzte Sendung<\/p>\n<p>.tagesschau 03:00 Uhr<\/p>\n<p>Verwirrung um Mittel f\u00fcr Programme gegen Rechts<\/p>\n<p>&#8222;Eine Verdummung der \u00d6ffentlichkeit&#8220;<\/p>\n<p>Familienministerin von der Leyen ger\u00e4t nach den Angriffen in M\u00fcgeln immer st\u00e4rker unter Druck: SPD und Gr\u00fcne warfen ihr Vers\u00e4umnisse vor. Au\u00dferdem f\u00fchrten \u00c4u\u00dferungen von der Leyens \u00fcber zus\u00e4tzliche Mittel f\u00fcr den Kampf gegen Rechts zu Irritationen. Die Gr\u00fcnen sprachen gegen\u00fcber tagesschau.de von einer &#8222;Verdummung der \u00d6ffentlichkeit&#8220;.<\/p>\n<p>Von Patrick Gensing, tagesschau.de<\/p>\n<p>[Bildunterschrift: Familienministerin Ursula von der Leyen]<\/p>\n<p>\u00c4u\u00dferungen von Familienministerin Ursula von der Leyen im Zusammenhang mit den Angriffen in M\u00fcgeln haben f\u00fcr weitere Kritik gesorgt. Vor der Kabinettsklausur in Meseberg sagte von der Leyen, die Mittel f\u00fcr die Bundesprogramme gegen Rechtsextremismus seien um f\u00fcnf Millionen Euro erh\u00f6ht worden &#8211; dies zeige, dass sie das Problem sehr ernst nehme. Direkt danach sprach von der Leyen \u00fcber die Angriffe in M\u00fcgeln, was offenbar zu Verwirrungen f\u00fchrte.<\/p>\n<p>Denn was die Ministerin nicht erw\u00e4hnte: Die Erh\u00f6hung der Mittel f\u00fcr die Programme war bereits im vergangenen Jahr beschlossen worden &#8211; und zwar erst nach heftigen Protesten gegen das neue Modell des Familienministeriums sowie nach z\u00e4hen Verhandlungen mit der SPD. Au\u00dferdem sollten die zun\u00e4chst vorgesehenen 19 Millionen Euro auch eingesetzt werden, um Projekte gegen Linksextremismus und Islamismus anzuschieben &#8211; was einer deutlichen K\u00fcrzung f\u00fcr die Arbeit gegen Rechtsextremismus bedeutet h\u00e4tte.<\/p>\n<p>&#8222;Verdummung der \u00d6ffentlichkeit&#8220;SPD-Chef Kurt Beck sagte zu von der Leyens \u00c4u\u00dferungen, die Ministerin habe das mit 19 Millionen Euro ausgestattete Regierungsprogramm gegen Rechts zun\u00e4chst nicht fortsetzen wollen und tue jetzt so, als ob sie es selbst erfunden habe. &#8222;Das ist eine Art und Weise, die ist nicht in Ordnung.&#8220;<\/p>\n<p>[Bildunterschrift: Niels Annen, SPD-Bundestagsabgeordneter]<\/p>\n<p>SPD-Vorstandsmitglied Niels Annen sagte gegen\u00fcber tagesschau.de, die \u00c4u\u00dferung sei &#8222;ein starkes St\u00fcck&#8220;, denn die Erh\u00f6hung der Mittel war gegen den Willen der Union durchgesetzt worden. Au\u00dferdem monierte Annen, die Ministerin habe jetzt den Eindruck erweckt, es gebe eine erneute Aufstockung. Dies sei kein &#8222;seri\u00f6ser Stil&#8220;. Allerdings k\u00f6nnte man &#8222;in der Tat f\u00fcnf Millionen Euro mehr gut gebrauchen, besonders f\u00fcr kleine Projekte &#8211; ohne den Antragsweg \u00fcber die Kommunen&#8220;.<\/p>\n<p>Monika Lazar, Rechtsextremismus-Expertin der Gr\u00fcnen im Bundestag, betonte auf Anfrage, auch sie habe von der Leyen so verstanden, als wolle sie die Mittel um weitere f\u00fcnf Millionen Euro erh\u00f6hen. Besonders da sich die Union gegen weitere Mittel f\u00fcr die Programme gegen Rechtsextremismus gesperrt habe, seien die \u00c4u\u00dferungen von der Leyens eine &#8222;Verdummung der \u00d6ffentlichkeit&#8220;.<\/p>\n<p>Von der Leyen will Zust\u00e4ndigkeit behaltenDie Familienministerin wies unterdessen Forderungen zur\u00fcck, den Kampf gegen den Rechtsextremismus k\u00fcnftig wieder im Innenministerium anzusiedeln. Das Thema sei in ihrem Ressort &#8222;sehr gut aufgehoben&#8220;, sagte von der Leyen am Rande der Kabinettsklausur in Meseberg.<\/p>\n<p>Zuvor hatte der SPD-Innenexperte Dieter Wiefelsp\u00fctz gefordert, die Zust\u00e4ndigkeit f\u00fcr die Bek\u00e4mpfung des Rechtsextremismus vom Bundesfamilienministerium ins Innenressort zur\u00fcck zu verlagern. Unter dem fr\u00fcheren Bundesinnenminister Otto Schily sei Rechtsextremismus noch Chefsache gewesen, betonte Wiefelsp\u00fctz.<\/p>\n<p>Kritik auch vom KabinettskollegenDer f\u00fcr den Aufbau Ost zust\u00e4ndige Minister Wolfgang Tiefensee hatte seiner Kabinettskollegin in der &#8222;Berliner Zeitung&#8220; zuvor ebenfalls Vers\u00e4umnisse im Kampf gegen Rechtsextremismus vorgeworfen. Von der Leyen habe dem Thema offenbar nicht die n\u00f6tige Bedeutung beigemessen, sagte Tiefensee.<\/p>\n<p>Der Vize-Vorsitzende der Unions-Fraktion im Bundestag, Wolfgang Bosbach, nahm von der Leyen vor der Kritik in Schutz. Die Vorw\u00fcrfe gegen die Ministerin seien &#8222;wirklich sch\u00e4big&#8220;, sagte er der &#8222;Netzeitung&#8220;. &#8222;Es ist unertr\u00e4glich, wenn der sch\u00e4ndliche Vorfall von M\u00fcgeln dazu instrumentalisiert wird, durch unsachliche Kritik an einer CDU-Ministerin billige Parteipolitik zu betreiben.&#8220;<\/p>\n<p>Rheinland-Pfalz: Ausl\u00e4nder auf Weinfest angegriffen [swr]<\/p>\n<p>.Interview: &#8222;Wir brauchen Unruhe in Ostdeutschland&#8220;<\/p>\n<p>.Kaum Unterst\u00fctzung f\u00fcr NPD-Verbotsvefahren<\/p>\n<p>.Diskussion um rechte Gewalt [B. Cors, SWR]<\/p>\n<p>.Zivilcourage als Mittel gegen rechte Gewalt [Jo Goll, RBB]<\/p>\n<p>. Weltatlas: Deutschland [Flash|HTML] . Stand: 24.08.2007 17:42 Uhr<\/p>\n<p>.. <\/p>\n<p>tagesschau.de ist f\u00fcr den Inhalt externer Links nicht verantwortlich.<\/p>\n<p>SeitenanfangWeitere InhalteSuche in tagesschau.de<\/p>\n<p>Bitte geben Sie Ihren Suchbegriff ein    <\/p>\n<p>Erweiterte Suche<\/p>\n<p>. Nachrichten-Weltatlas<\/p>\n<p> DeutschlandLandkarte, weitere Nachrichten aus der Region und viele Hinter-grundinformationen.<\/p>\n<p>[Flash|HTML]<\/p>\n<p>Video<\/p>\n<p>M\u00fcgeln im Zentrum der Diskussion um rechte Gewalt. <\/p>\n<p>Benjamin Cors, SWR [tagesthemen 23:15 Uhr 25.08.2007]<\/p>\n<p>Zivilcourage als Mittel gegen rechte Gewalt. <\/p>\n<p>Jo Goll, RBB [tagesthemen 23:15 Uhr 25.08.2007]<\/p>\n<p>Aus dem Archiv<\/p>\n<p>Mehr Geld f\u00fcr Bek\u00e4mpfung des Rechtsextremismus   (20.10.2006) .Neues Regierungsprogramm gegen Rechtsextremismus   (17.09.2006) .Weiter Diskussion um Projekte gegen rechte Gewalt   (25.04.2006) . <\/p>\n<p>Mehr zum Thema<\/p>\n<p>Interview: &#8222;Wir brauchen Unruhe in Ostdeutschland&#8220; .Kaum Unterst\u00fctzung f\u00fcr NPD-Verbotsvefahren .Interview: &#8222;Wir brauchen Unruhe in Ostdeutschland&#8220; .Rheinland-Pfalz: Ausl\u00e4nder auf Weinfest angegriffen [swr]. <\/p>\n<p>Mehr Inland<\/p>\n<p>Nach Meseberg: Merkel zieht positive Bilanz .Verwirrung um Programme gegen Rechtsextremismus .Rheinland-Pfalz: Ausl\u00e4nder auf Weinfest angegriffen [swr].Bundesweite Durchsuchungen nach &#8222;Mafia-Morden&#8220; [wdr].Klage gegen Tornado-Einsatz bei G8-Gipfel [ndr]. <\/p>\n<p>  [Sie befinden sich hier: tagesschau.de Inland Rechtsextremismus ]\u00a9 tagesschau.de<\/p>\n<p>Die Landesrundfunkanstalten der ARD <\/p>\n<p>Die Sender der ARD <\/p>\n","protected":false},"excerpt":{"rendered":"<p>..nach den gestrigen Auftritten vor TV-Kameras der Nation w\u00e4chst die Kritik an Familienministerin von der Leyen, CDU.<\/p>\n<p>Mehr: \/Quelle &#8211; ard.de<\/p>\n","protected":false},"author":2,"featured_media":0,"comment_status":"closed","ping_status":"closed","sticky":false,"template":"","format":"standard","meta":{"footnotes":""},"categories":[14],"tags":[],"class_list":["post-84941","post","type-post","status-publish","format-standard","hentry","category-fempolitik","entry"],"yoast_head":"<!-- This site is optimized with the Yoast SEO plugin v21.0 - https:\/\/yoast.com\/wordpress\/plugins\/seo\/ -->\n<title>PRESSE: Programme gegen Rechts - Volksverdummung! - Feminissima<\/title>\n<meta name=\"robots\" content=\"index, follow, max-snippet:-1, max-image-preview:large, max-video-preview:-1\" \/>\n<link rel=\"canonical\" href=\"https:\/\/feminissima.de\/index.php\/2007\/08\/25\/presse-programme-gegen-rechts-volksverdummung\/\" \/>\n<meta property=\"og:locale\" content=\"de_DE\" \/>\n<meta property=\"og:type\" content=\"article\" \/>\n<meta property=\"og:title\" content=\"PRESSE: Programme gegen Rechts - Volksverdummung! - Feminissima\" \/>\n<meta property=\"og:description\" content=\"..nach den gestrigen Auftritten vor TV-Kameras der Nation w\u00e4chst die Kritik an Familienministerin von der Leyen, CDU. Mehr: \/Quelle - ard.de\" \/>\n<meta property=\"og:url\" content=\"https:\/\/feminissima.de\/index.php\/2007\/08\/25\/presse-programme-gegen-rechts-volksverdummung\/\" \/>\n<meta property=\"og:site_name\" content=\"Feminissima\" \/>\n<meta property=\"article:published_time\" content=\"2007-08-25T04:14:16+00:00\" \/>\n<meta name=\"author\" content=\"admin\" \/>\n<meta name=\"twitter:card\" content=\"summary_large_image\" \/>\n<meta name=\"twitter:label1\" content=\"Verfasst von\" \/>\n\t<meta name=\"twitter:data1\" content=\"admin\" \/>\n\t<meta name=\"twitter:label2\" content=\"Gesch\u00e4tzte Lesezeit\" \/>\n\t<meta name=\"twitter:data2\" content=\"4\u00a0Minuten\" \/>\n<script type=\"application\/ld+json\" class=\"yoast-schema-graph\">{\"@context\":\"https:\/\/schema.org\",\"@graph\":[{\"@type\":\"WebPage\",\"@id\":\"https:\/\/feminissima.de\/index.php\/2007\/08\/25\/presse-programme-gegen-rechts-volksverdummung\/\",\"url\":\"https:\/\/feminissima.de\/index.php\/2007\/08\/25\/presse-programme-gegen-rechts-volksverdummung\/\",\"name\":\"PRESSE: Programme gegen Rechts - Volksverdummung! - Feminissima\",\"isPartOf\":{\"@id\":\"https:\/\/feminissima.de\/#website\"},\"datePublished\":\"2007-08-25T04:14:16+00:00\",\"dateModified\":\"2007-08-25T04:14:16+00:00\",\"author\":{\"@id\":\"https:\/\/feminissima.de\/#\/schema\/person\/0b901e053624f88e7ecbea289d9d5128\"},\"breadcrumb\":{\"@id\":\"https:\/\/feminissima.de\/index.php\/2007\/08\/25\/presse-programme-gegen-rechts-volksverdummung\/#breadcrumb\"},\"inLanguage\":\"de\",\"potentialAction\":[{\"@type\":\"ReadAction\",\"target\":[\"https:\/\/feminissima.de\/index.php\/2007\/08\/25\/presse-programme-gegen-rechts-volksverdummung\/\"]}]},{\"@type\":\"BreadcrumbList\",\"@id\":\"https:\/\/feminissima.de\/index.php\/2007\/08\/25\/presse-programme-gegen-rechts-volksverdummung\/#breadcrumb\",\"itemListElement\":[{\"@type\":\"ListItem\",\"position\":1,\"name\":\"Startseite\",\"item\":\"https:\/\/feminissima.de\/\"},{\"@type\":\"ListItem\",\"position\":2,\"name\":\"PRESSE: Programme gegen Rechts &#8211; Volksverdummung!\"}]},{\"@type\":\"WebSite\",\"@id\":\"https:\/\/feminissima.de\/#website\",\"url\":\"https:\/\/feminissima.de\/\",\"name\":\"Feminissima\",\"description\":\"\",\"potentialAction\":[{\"@type\":\"SearchAction\",\"target\":{\"@type\":\"EntryPoint\",\"urlTemplate\":\"https:\/\/feminissima.de\/?s={search_term_string}\"},\"query-input\":\"required name=search_term_string\"}],\"inLanguage\":\"de\"},{\"@type\":\"Person\",\"@id\":\"https:\/\/feminissima.de\/#\/schema\/person\/0b901e053624f88e7ecbea289d9d5128\",\"name\":\"admin\",\"image\":{\"@type\":\"ImageObject\",\"inLanguage\":\"de\",\"@id\":\"https:\/\/feminissima.de\/#\/schema\/person\/image\/\",\"url\":\"https:\/\/secure.gravatar.com\/avatar\/8da1f51327453c0bf63338e8e2a791948b7d2ac19b68839492d1e69aac6924a8?s=96&d=mm&r=g\",\"contentUrl\":\"https:\/\/secure.gravatar.com\/avatar\/8da1f51327453c0bf63338e8e2a791948b7d2ac19b68839492d1e69aac6924a8?s=96&d=mm&r=g\",\"caption\":\"admin\"},\"url\":\"https:\/\/feminissima.de\/index.php\/author\/admin\/\"}]}<\/script>\n<!-- \/ Yoast SEO plugin. -->","yoast_head_json":{"title":"PRESSE: Programme gegen Rechts - Volksverdummung! - Feminissima","robots":{"index":"index","follow":"follow","max-snippet":"max-snippet:-1","max-image-preview":"max-image-preview:large","max-video-preview":"max-video-preview:-1"},"canonical":"https:\/\/feminissima.de\/index.php\/2007\/08\/25\/presse-programme-gegen-rechts-volksverdummung\/","og_locale":"de_DE","og_type":"article","og_title":"PRESSE: Programme gegen Rechts - Volksverdummung! - Feminissima","og_description":"..nach den gestrigen Auftritten vor TV-Kameras der Nation w\u00e4chst die Kritik an Familienministerin von der Leyen, CDU. Mehr: \/Quelle - ard.de","og_url":"https:\/\/feminissima.de\/index.php\/2007\/08\/25\/presse-programme-gegen-rechts-volksverdummung\/","og_site_name":"Feminissima","article_published_time":"2007-08-25T04:14:16+00:00","author":"admin","twitter_card":"summary_large_image","twitter_misc":{"Verfasst von":"admin","Gesch\u00e4tzte Lesezeit":"4\u00a0Minuten"},"schema":{"@context":"https:\/\/schema.org","@graph":[{"@type":"WebPage","@id":"https:\/\/feminissima.de\/index.php\/2007\/08\/25\/presse-programme-gegen-rechts-volksverdummung\/","url":"https:\/\/feminissima.de\/index.php\/2007\/08\/25\/presse-programme-gegen-rechts-volksverdummung\/","name":"PRESSE: Programme gegen Rechts - Volksverdummung! - Feminissima","isPartOf":{"@id":"https:\/\/feminissima.de\/#website"},"datePublished":"2007-08-25T04:14:16+00:00","dateModified":"2007-08-25T04:14:16+00:00","author":{"@id":"https:\/\/feminissima.de\/#\/schema\/person\/0b901e053624f88e7ecbea289d9d5128"},"breadcrumb":{"@id":"https:\/\/feminissima.de\/index.php\/2007\/08\/25\/presse-programme-gegen-rechts-volksverdummung\/#breadcrumb"},"inLanguage":"de","potentialAction":[{"@type":"ReadAction","target":["https:\/\/feminissima.de\/index.php\/2007\/08\/25\/presse-programme-gegen-rechts-volksverdummung\/"]}]},{"@type":"BreadcrumbList","@id":"https:\/\/feminissima.de\/index.php\/2007\/08\/25\/presse-programme-gegen-rechts-volksverdummung\/#breadcrumb","itemListElement":[{"@type":"ListItem","position":1,"name":"Startseite","item":"https:\/\/feminissima.de\/"},{"@type":"ListItem","position":2,"name":"PRESSE: Programme gegen Rechts &#8211; Volksverdummung!"}]},{"@type":"WebSite","@id":"https:\/\/feminissima.de\/#website","url":"https:\/\/feminissima.de\/","name":"Feminissima","description":"","potentialAction":[{"@type":"SearchAction","target":{"@type":"EntryPoint","urlTemplate":"https:\/\/feminissima.de\/?s={search_term_string}"},"query-input":"required name=search_term_string"}],"inLanguage":"de"},{"@type":"Person","@id":"https:\/\/feminissima.de\/#\/schema\/person\/0b901e053624f88e7ecbea289d9d5128","name":"admin","image":{"@type":"ImageObject","inLanguage":"de","@id":"https:\/\/feminissima.de\/#\/schema\/person\/image\/","url":"https:\/\/secure.gravatar.com\/avatar\/8da1f51327453c0bf63338e8e2a791948b7d2ac19b68839492d1e69aac6924a8?s=96&d=mm&r=g","contentUrl":"https:\/\/secure.gravatar.com\/avatar\/8da1f51327453c0bf63338e8e2a791948b7d2ac19b68839492d1e69aac6924a8?s=96&d=mm&r=g","caption":"admin"},"url":"https:\/\/feminissima.de\/index.php\/author\/admin\/"}]}},"jetpack_featured_media_url":"","_links":{"self":[{"href":"https:\/\/feminissima.de\/index.php\/wp-json\/wp\/v2\/posts\/84941","targetHints":{"allow":["GET"]}}],"collection":[{"href":"https:\/\/feminissima.de\/index.php\/wp-json\/wp\/v2\/posts"}],"about":[{"href":"https:\/\/feminissima.de\/index.php\/wp-json\/wp\/v2\/types\/post"}],"author":[{"embeddable":true,"href":"https:\/\/feminissima.de\/index.php\/wp-json\/wp\/v2\/users\/2"}],"replies":[{"embeddable":true,"href":"https:\/\/feminissima.de\/index.php\/wp-json\/wp\/v2\/comments?post=84941"}],"version-history":[{"count":0,"href":"https:\/\/feminissima.de\/index.php\/wp-json\/wp\/v2\/posts\/84941\/revisions"}],"wp:attachment":[{"href":"https:\/\/feminissima.de\/index.php\/wp-json\/wp\/v2\/media?parent=84941"}],"wp:term":[{"taxonomy":"category","embeddable":true,"href":"https:\/\/feminissima.de\/index.php\/wp-json\/wp\/v2\/categories?post=84941"},{"taxonomy":"post_tag","embeddable":true,"href":"https:\/\/feminissima.de\/index.php\/wp-json\/wp\/v2\/tags?post=84941"}],"curies":[{"name":"wp","href":"https:\/\/api.w.org\/{rel}","templated":true}]}}