{"id":84940,"date":"2007-08-24T20:33:43","date_gmt":"2007-08-24T20:33:43","guid":{"rendered":"http:\/\/www.feminissima.de\/?p=84940"},"modified":"2007-08-24T20:33:43","modified_gmt":"2007-08-24T20:33:43","slug":"presse-der-fall-dennis-war-den-richtern-nicht-grausam-genug","status":"publish","type":"post","link":"https:\/\/feminissima.de\/index.php\/2007\/08\/24\/presse-der-fall-dennis-war-den-richtern-nicht-grausam-genug\/","title":{"rendered":"PRESSE: Der Fall Dennis, war den Richtern nicht grausam genug.."},"content":{"rendered":"<p>&#8230;aus Mord soll nur Totschlag werden.  <br \/>\nMehr: TAGESSPIEGEL, Seite 3 :<br \/>Fall Dennis<br \/>\nWas grausam ist<\/p>\n<p>Als M\u00f6rder waren sie schon verurteilt \u2013 aber nun wird die Strafe f\u00fcr Dennis\u2019 Eltern neu verhandelt. <\/p>\n<p> Von Sandra Dassler, Cottbus <br \/>\n24.08.2007 17:00 Uhr Von Sandra Dassler, Cottbus <br \/>\nDie beiden Totschl\u00e4ger stehen am Fu\u00dfe des Cottbuser Gerichtsbergs: Falk B., 40, Bierbauch, Schnauz- und Kinnbart, raucht eine Zigarette nach der anderen. Seine Frau Angelika, 46, blickt suchend die Stra\u00dfe hinunter.<\/p>\n<p>Falk und Angelika B. warten auf ihre Verteidiger, denn an diesem Freitagmorgen m\u00fcssen sie erneut auf der Anklagebank des Cottbuser Landgerichts Platz nehmen. Im Februar des vergangenen Jahres hatte die 1. Gro\u00dfe Strafkammer Falk und Angelika B. zu lebenslanger Freiheitsstrafe verurteilt. Wegen Mordes an ihrem Sohn Dennis, den sie \u00fcber Monate, ja Jahre hinweg, hatten verhungern lassen.<\/p>\n<p>Als der Sechsj\u00e4hrige kurz vor Weihnachten 2001 starb, wog er nur noch f\u00fcnf Kilo. Angelika B. versteckte ihn zun\u00e4chst imBettkasten, dann in ihrer Tiefk\u00fchltruhe. Zweieinhalb Jahre lang lag Dennis dort \u2013 unbemerkt vom Ehemann, weiteren sieben Kindern und den Mitarbeitern des Cottbuser Jugendamtes, die die Familie betreuten. Erst im Juni 2004 wurde die Kinderleiche entdeckt.<\/p>\n<p>Der Fall hat damals bundesweit Entsetzen ausgel\u00f6st. Aber fast ebenso viel Emp\u00f6rung entstand, als der Bundesgerichtshof das Urteil im M\u00e4rz aufhob. Zwar best\u00e4tigten die Leipziger Richter die Schuld der Eltern \u2013 werteten die Tat aber nicht als Mord durch unterlassene Hilfeleistung, sondern als Totschlag. Begr\u00fcndung: Das Mordmerkmal der Grausamkeit sei nicht gegeben, da der Junge am Ende so entkr\u00e4ftet gewesen sei, dass er m\u00f6glicherweise gar keinen Hunger mehr signalisiert hatte. Es lasse sich nicht ausschlie\u00dfen, dass die Eltern aus Gedanken- und Hilflosigkeit unt\u00e4tig geblieben waren.<\/p>\n<p>Nun muss also in Cottbus das Strafma\u00df neu festgelegt werden. Allerdings stehen auf Totschlag nur f\u00fcnf bis 15 Jahre.<\/p>\n<p>\u201eIch war damals total \u00fcberfordert\u201c, sagt Angelika B., w\u00e4hrend sie mit ihrem Mann auf die Verteidiger wartet: \u201eIch h\u00e4tte es zugeben sollen, um Hilfe bitten.\u201c Sie erz\u00e4hlt auch von der Therapie, die sie gemacht hat. Sie h\u00f6rt gar nicht mehr auf zu sprechen. Berichtet von den \u201eregelm\u00e4\u00dfigen\u201c Besuchen bei den vier kleineren Kindern, die sich nun in der Obhut des Cottbuser Jugendamtes befinden, und dass sie mit den vollj\u00e4hrigen Kindern noch immer in der Wohnung lebt, in der die Leiche von Dennis lag. Das Ehepaar ist auf freiem Fu\u00df geblieben, weil die Richter keine Fluchtgefahr sahen und das Urteil noch nicht rechtskr\u00e4ftig ist. <\/p>\n<p>Weil die Verteidiger zu Prozessbeginn immer noch nicht da sind, gehen Falk und Angelika B. schlie\u00dflich allein den Berg zum Gericht hinauf. Sofort st\u00fcrzen sich Fotografen auf sie. Angelika B. hinkt ein wenig, Folge einer H\u00fcftverletzung, die sie sich bei einem Selbstmordversuch zugezogen hat. Im Gericht erz\u00e4hlt sie dann wieder von ihrer Reue.<\/p>\n<p>Einem gro\u00df gewachsenen Mann in der dritten Reihe des Saals schwellen die Zornesadern auf der ger\u00f6teten Stirn: \u201eDas ist doch alles nur Show\u201c, sagt Gottfried Lindner. \u201eKalk\u00fcl, um das Strafma\u00df runterzutreiben.\u201c Lindner ist Kriminalist. Er hat Dennis damals in der K\u00fchltruhe gefunden \u2013 das Schlimmste, was ihm je widerfahren sei. Wie viele seiner Kollegen, die Angelika B. vernommen haben, meint er: \u201eDie ist nicht dumm. Wie h\u00e4tte sie sonst so lang die Sozialarbeiter, die Schuldirektorin und alle Verwandte \u00fcber den Verbleib von Dennis t\u00e4uschen k\u00f6nnen?\u201c<\/p>\n<p>Nicht nur in Cottbus haben sie lange dar\u00fcber diskutiert, dass die Leipziger Richter das Mordmerkmal der Grausamkeit nicht erkennen konnten. Staatsanwalt Tobias Pinder, der die B.s wegen Mordes angeklagt hat, versucht eine Erkl\u00e4rung: \u201eEs ist ein Unterschied zwischen dem juristischen Tatbestand der Grausamkeit und dem, was man landl\u00e4ufig darunter versteht.\u201c Pinder hatte in der ersten Verhandlung f\u00fcr Aufsehen gesorgt, weil er die K\u00fchltruhe, in der Dennis lag, in den Saal holte. Verwesungsgeruch drang heraus. Pinder hat die Schelte ausgehalten. Es sage viel aus, wenn ein sechsj\u00e4hriges Kind in einer Truhe verstaut werden k\u00f6nne, die nur 52 Zentimeter breit und tief und 86 Zentimeter hoch sei, sagte er damals. <\/p>\n<p>Der Staatsanwalt bleibt auch in der Revisionsverhandlung gelassen. Nimmt zur Kenntnis, dass der Verteidiger von Falk B. den Antrag stellt, noch einmal Schulrat und Schuldirektorin vorzuladen. <\/p>\n<p>Wenn die Beh\u00f6rdenvertreter ihrer Pflicht nachgekommen w\u00e4ren, h\u00e4tte es keinen Fall Dennis gegeben, sagt der. Bei der Schuleingangsuntersuchung 2001 \u201eh\u00e4tte der Arzt zweifelsfrei feststellen k\u00f6nnen, dass Dennis v\u00f6llig unterern\u00e4hrt war. Schlie\u00dflich starb der Junge erst im Dezember 2001.\u201c Weiter argumentiert er: Ein Staat, der die Eltern mit aller H\u00e4rte bestrafe, obwohl er selbst in Gestalt seiner Beh\u00f6rden schlimmste Fehler begangen habe, werde unglaubw\u00fcrdig. \u201eVielleicht haben die Eltern von Dennis ja sogar darauf gewartet, dass jemand an ihrer T\u00fcr klingelt und nach Dennis fragt!\u201c Im Zuschauersaal entsteht unwilliges Gemurmel. Viele Prozessbeobachter haben auch schon die erste Verhandlung verfolgt und wissen, wie oft Angelika B. die Beh\u00f6rden mit Ausreden auszutricksen versuchte. <\/p>\n<p>Staatsanwalt Pinder sagt, die Mitschuld der Beh\u00f6rden sei bereits zur Gen\u00fcge festgestellt worden. Der Richter will trotzdem in Ruhe \u00fcber den Antrag entscheiden. Er vertagt den Prozess. <\/p>\n<p>Angelika und Falk B. verlassen den Gerichtssaal ohne Eile. Auf dem Weg in die Stadt begegnen sie jenem Richter, der sie im Februar 2006 wegen Mordes verurteilt hatte. Der hatte gesagt: \u201eBei allem Versagen der \u00c4mter \u2013 die Hauptschuld f\u00fcr den Tod des kleinen Dennis tragen die Menschen, auf die er existenziell angewiesen war. Seine Eltern.\u201c <\/p>\n","protected":false},"excerpt":{"rendered":"<p>&#8230;aus Mord soll nur Totschlag werden.  <br \/>\nMehr: TAGESSPIEGEL, Seite 3 :<\/p>\n","protected":false},"author":2,"featured_media":0,"comment_status":"closed","ping_status":"closed","sticky":false,"template":"","format":"standard","meta":{"footnotes":""},"categories":[15],"tags":[],"class_list":["post-84940","post","type-post","status-publish","format-standard","hentry","category-femrecht","entry"],"yoast_head":"<!-- This site is optimized with the Yoast SEO plugin v21.0 - https:\/\/yoast.com\/wordpress\/plugins\/seo\/ -->\n<title>PRESSE: Der Fall Dennis, war den Richtern nicht grausam genug.. - Feminissima<\/title>\n<meta name=\"robots\" content=\"index, follow, max-snippet:-1, max-image-preview:large, max-video-preview:-1\" \/>\n<link rel=\"canonical\" href=\"https:\/\/feminissima.de\/index.php\/2007\/08\/24\/presse-der-fall-dennis-war-den-richtern-nicht-grausam-genug\/\" \/>\n<meta property=\"og:locale\" content=\"de_DE\" \/>\n<meta property=\"og:type\" content=\"article\" \/>\n<meta property=\"og:title\" content=\"PRESSE: Der Fall Dennis, war den Richtern nicht grausam genug.. - Feminissima\" \/>\n<meta property=\"og:description\" content=\"...aus Mord soll nur Totschlag werden.  Mehr: TAGESSPIEGEL, Seite 3 :\" \/>\n<meta property=\"og:url\" content=\"https:\/\/feminissima.de\/index.php\/2007\/08\/24\/presse-der-fall-dennis-war-den-richtern-nicht-grausam-genug\/\" \/>\n<meta property=\"og:site_name\" content=\"Feminissima\" \/>\n<meta property=\"article:published_time\" content=\"2007-08-24T20:33:43+00:00\" \/>\n<meta name=\"author\" content=\"admin\" \/>\n<meta name=\"twitter:card\" content=\"summary_large_image\" \/>\n<meta name=\"twitter:label1\" content=\"Verfasst von\" \/>\n\t<meta name=\"twitter:data1\" content=\"admin\" \/>\n\t<meta name=\"twitter:label2\" content=\"Gesch\u00e4tzte Lesezeit\" \/>\n\t<meta name=\"twitter:data2\" content=\"5\u00a0Minuten\" \/>\n<script type=\"application\/ld+json\" class=\"yoast-schema-graph\">{\"@context\":\"https:\/\/schema.org\",\"@graph\":[{\"@type\":\"WebPage\",\"@id\":\"https:\/\/feminissima.de\/index.php\/2007\/08\/24\/presse-der-fall-dennis-war-den-richtern-nicht-grausam-genug\/\",\"url\":\"https:\/\/feminissima.de\/index.php\/2007\/08\/24\/presse-der-fall-dennis-war-den-richtern-nicht-grausam-genug\/\",\"name\":\"PRESSE: Der Fall Dennis, war den Richtern nicht grausam genug.. - Feminissima\",\"isPartOf\":{\"@id\":\"https:\/\/feminissima.de\/#website\"},\"datePublished\":\"2007-08-24T20:33:43+00:00\",\"dateModified\":\"2007-08-24T20:33:43+00:00\",\"author\":{\"@id\":\"https:\/\/feminissima.de\/#\/schema\/person\/0b901e053624f88e7ecbea289d9d5128\"},\"breadcrumb\":{\"@id\":\"https:\/\/feminissima.de\/index.php\/2007\/08\/24\/presse-der-fall-dennis-war-den-richtern-nicht-grausam-genug\/#breadcrumb\"},\"inLanguage\":\"de\",\"potentialAction\":[{\"@type\":\"ReadAction\",\"target\":[\"https:\/\/feminissima.de\/index.php\/2007\/08\/24\/presse-der-fall-dennis-war-den-richtern-nicht-grausam-genug\/\"]}]},{\"@type\":\"BreadcrumbList\",\"@id\":\"https:\/\/feminissima.de\/index.php\/2007\/08\/24\/presse-der-fall-dennis-war-den-richtern-nicht-grausam-genug\/#breadcrumb\",\"itemListElement\":[{\"@type\":\"ListItem\",\"position\":1,\"name\":\"Startseite\",\"item\":\"https:\/\/feminissima.de\/\"},{\"@type\":\"ListItem\",\"position\":2,\"name\":\"PRESSE: Der Fall Dennis, war den Richtern nicht grausam genug..\"}]},{\"@type\":\"WebSite\",\"@id\":\"https:\/\/feminissima.de\/#website\",\"url\":\"https:\/\/feminissima.de\/\",\"name\":\"Feminissima\",\"description\":\"\",\"potentialAction\":[{\"@type\":\"SearchAction\",\"target\":{\"@type\":\"EntryPoint\",\"urlTemplate\":\"https:\/\/feminissima.de\/?s={search_term_string}\"},\"query-input\":\"required name=search_term_string\"}],\"inLanguage\":\"de\"},{\"@type\":\"Person\",\"@id\":\"https:\/\/feminissima.de\/#\/schema\/person\/0b901e053624f88e7ecbea289d9d5128\",\"name\":\"admin\",\"image\":{\"@type\":\"ImageObject\",\"inLanguage\":\"de\",\"@id\":\"https:\/\/feminissima.de\/#\/schema\/person\/image\/\",\"url\":\"https:\/\/secure.gravatar.com\/avatar\/8da1f51327453c0bf63338e8e2a791948b7d2ac19b68839492d1e69aac6924a8?s=96&d=mm&r=g\",\"contentUrl\":\"https:\/\/secure.gravatar.com\/avatar\/8da1f51327453c0bf63338e8e2a791948b7d2ac19b68839492d1e69aac6924a8?s=96&d=mm&r=g\",\"caption\":\"admin\"},\"url\":\"https:\/\/feminissima.de\/index.php\/author\/admin\/\"}]}<\/script>\n<!-- \/ Yoast SEO plugin. -->","yoast_head_json":{"title":"PRESSE: Der Fall Dennis, war den Richtern nicht grausam genug.. - Feminissima","robots":{"index":"index","follow":"follow","max-snippet":"max-snippet:-1","max-image-preview":"max-image-preview:large","max-video-preview":"max-video-preview:-1"},"canonical":"https:\/\/feminissima.de\/index.php\/2007\/08\/24\/presse-der-fall-dennis-war-den-richtern-nicht-grausam-genug\/","og_locale":"de_DE","og_type":"article","og_title":"PRESSE: Der Fall Dennis, war den Richtern nicht grausam genug.. - Feminissima","og_description":"...aus Mord soll nur Totschlag werden.  Mehr: TAGESSPIEGEL, Seite 3 :","og_url":"https:\/\/feminissima.de\/index.php\/2007\/08\/24\/presse-der-fall-dennis-war-den-richtern-nicht-grausam-genug\/","og_site_name":"Feminissima","article_published_time":"2007-08-24T20:33:43+00:00","author":"admin","twitter_card":"summary_large_image","twitter_misc":{"Verfasst von":"admin","Gesch\u00e4tzte Lesezeit":"5\u00a0Minuten"},"schema":{"@context":"https:\/\/schema.org","@graph":[{"@type":"WebPage","@id":"https:\/\/feminissima.de\/index.php\/2007\/08\/24\/presse-der-fall-dennis-war-den-richtern-nicht-grausam-genug\/","url":"https:\/\/feminissima.de\/index.php\/2007\/08\/24\/presse-der-fall-dennis-war-den-richtern-nicht-grausam-genug\/","name":"PRESSE: Der Fall Dennis, war den Richtern nicht grausam genug.. - Feminissima","isPartOf":{"@id":"https:\/\/feminissima.de\/#website"},"datePublished":"2007-08-24T20:33:43+00:00","dateModified":"2007-08-24T20:33:43+00:00","author":{"@id":"https:\/\/feminissima.de\/#\/schema\/person\/0b901e053624f88e7ecbea289d9d5128"},"breadcrumb":{"@id":"https:\/\/feminissima.de\/index.php\/2007\/08\/24\/presse-der-fall-dennis-war-den-richtern-nicht-grausam-genug\/#breadcrumb"},"inLanguage":"de","potentialAction":[{"@type":"ReadAction","target":["https:\/\/feminissima.de\/index.php\/2007\/08\/24\/presse-der-fall-dennis-war-den-richtern-nicht-grausam-genug\/"]}]},{"@type":"BreadcrumbList","@id":"https:\/\/feminissima.de\/index.php\/2007\/08\/24\/presse-der-fall-dennis-war-den-richtern-nicht-grausam-genug\/#breadcrumb","itemListElement":[{"@type":"ListItem","position":1,"name":"Startseite","item":"https:\/\/feminissima.de\/"},{"@type":"ListItem","position":2,"name":"PRESSE: Der Fall Dennis, war den Richtern nicht grausam genug.."}]},{"@type":"WebSite","@id":"https:\/\/feminissima.de\/#website","url":"https:\/\/feminissima.de\/","name":"Feminissima","description":"","potentialAction":[{"@type":"SearchAction","target":{"@type":"EntryPoint","urlTemplate":"https:\/\/feminissima.de\/?s={search_term_string}"},"query-input":"required name=search_term_string"}],"inLanguage":"de"},{"@type":"Person","@id":"https:\/\/feminissima.de\/#\/schema\/person\/0b901e053624f88e7ecbea289d9d5128","name":"admin","image":{"@type":"ImageObject","inLanguage":"de","@id":"https:\/\/feminissima.de\/#\/schema\/person\/image\/","url":"https:\/\/secure.gravatar.com\/avatar\/8da1f51327453c0bf63338e8e2a791948b7d2ac19b68839492d1e69aac6924a8?s=96&d=mm&r=g","contentUrl":"https:\/\/secure.gravatar.com\/avatar\/8da1f51327453c0bf63338e8e2a791948b7d2ac19b68839492d1e69aac6924a8?s=96&d=mm&r=g","caption":"admin"},"url":"https:\/\/feminissima.de\/index.php\/author\/admin\/"}]}},"jetpack_featured_media_url":"","_links":{"self":[{"href":"https:\/\/feminissima.de\/index.php\/wp-json\/wp\/v2\/posts\/84940","targetHints":{"allow":["GET"]}}],"collection":[{"href":"https:\/\/feminissima.de\/index.php\/wp-json\/wp\/v2\/posts"}],"about":[{"href":"https:\/\/feminissima.de\/index.php\/wp-json\/wp\/v2\/types\/post"}],"author":[{"embeddable":true,"href":"https:\/\/feminissima.de\/index.php\/wp-json\/wp\/v2\/users\/2"}],"replies":[{"embeddable":true,"href":"https:\/\/feminissima.de\/index.php\/wp-json\/wp\/v2\/comments?post=84940"}],"version-history":[{"count":0,"href":"https:\/\/feminissima.de\/index.php\/wp-json\/wp\/v2\/posts\/84940\/revisions"}],"wp:attachment":[{"href":"https:\/\/feminissima.de\/index.php\/wp-json\/wp\/v2\/media?parent=84940"}],"wp:term":[{"taxonomy":"category","embeddable":true,"href":"https:\/\/feminissima.de\/index.php\/wp-json\/wp\/v2\/categories?post=84940"},{"taxonomy":"post_tag","embeddable":true,"href":"https:\/\/feminissima.de\/index.php\/wp-json\/wp\/v2\/tags?post=84940"}],"curies":[{"name":"wp","href":"https:\/\/api.w.org\/{rel}","templated":true}]}}