{"id":84938,"date":"2007-08-22T19:20:32","date_gmt":"2007-08-22T19:20:32","guid":{"rendered":"http:\/\/www.feminissima.de\/?p=84938"},"modified":"2007-08-22T19:20:32","modified_gmt":"2007-08-22T19:20:32","slug":"comment-zur-zwangsverrentung-8-07","status":"publish","type":"post","link":"https:\/\/feminissima.de\/index.php\/2007\/08\/22\/comment-zur-zwangsverrentung-8-07\/","title":{"rendered":"Comment zur Zwangsverrentung \/8\/07"},"content":{"rendered":"<p>von gestern oder vorgestern..schon wieer..?live-text-gesch\u00e4umt-schaum-der-buchstaben, ger\u00fcttelt&#8230;<\/p>\n<p>Die FALSCHSPIELER:<br \/>Ab Ende dieses Jahres Zwangsverrentung f\u00fcr Langzeit-Arbeitslose!!<br \/>Und eine miserable Presse, <br \/>die das alles nicht mitkriegt <br \/>und\/oder nur scheibchenweise  widerk\u00e4ut, <br \/>was ihnen, <br \/> ja der reinste pure VERLAUTBARUNGS-Journalismus, <br \/>kann jeder Zweitkl\u00e4ssler:<br \/> nur abschreiben, oder auslassen&#8230;.<br \/>Auch jungen HARTZ-IVlern stehen neue Zwangsma\u00dfnahmen bevor,<br \/>nach dem Motto der Schwarzen P\u00e4dagogik: <br \/>BLAME THE VICTIMS..!<\/p>\n<p>So, wie auch jetzt, mehr zuf\u00e4llig&#8230;<br \/>&#8222;herauskam&#8220;, <br \/>dass die armen Kinder von HARTZ-IV-Empf\u00e4ngern nicht &#8211; <br \/>in den &#8218;Genu\u00df&#8216; der 140 Euro montlich mehr f\u00fcr arme Familien..<br \/>kommen, <br \/>gro\u00dfmundig und wie immer blo\u00df pauschal und unkonkret verk\u00fcndet (verk\u00fcnden lassen):<br \/>&#8222;Arme Kinder erhielten 140 Euro mehr,<br \/> auf das Kindergeld drauf.<br \/>Nur &#8211; <br \/>das gilt blo\u00df f\u00fcr Familien,<br \/>  die NICHT arbeitslos sind,  <br \/>sondern sich im sogenannten &#8222;Niedrig-Lohn-Sektor&#8220; befinden&#8230;<br \/>Werden sie arbeitslos&#8230;,<br \/>streich-weg-ratz-fatz-futschikato sofort: die 140 Euro..! <br \/>Von  denen bislang sowieso blo\u00df die Rede ist&#8230;<br \/>Dabei liegt der Tagessatz f\u00fcr <br \/>ein HARTZ IV Kind blo\u00df bei rund 2 Euro&#8230;und paar Zerquetschten&#8230;.<br \/>Was f\u00fcr ein  sch\u00e4ndliches Land!<br \/> Nein, <br \/>das Land ist es nicht, <br \/>es sind die Menschen. <\/p>\n<p>****DABEI wird sich dann das n\u00e4chste Loch dieses sozialbetr\u00fcgerischsten Gesetz, <br \/>das es je gab,<br \/> offenbaren:<br \/>Dass ERNEUT die bestraft werden,<br \/>die ihr Leben lang GEARBEITET<br \/> und in das System zwangs-einbezahlt haben:<br \/>Denn die ehemaligen Sozialhilfe-Empf\u00e4nger,<br \/>mit denen die zuvor Arbeitnehmer<br \/> nach einem Jahr,<br \/>maximal eineinhalb Jahren Arbeitslosigkeit<br \/> in einen Zwangs-Armuts-Topf geworfen  wurden, <br \/>dank Rot-Gr\u00fcn, <br \/>dankbar von Schwarz-Rot \u00fcbernommen und.. ausgebaut..<\/p>\n<p>brauchen KEINE Zwangsverrentung zu f\u00fcrchten:<br \/>Sie hatten je eh nie etwas eingezahlt&#8230;<br \/>in die Rentenkassen. <br \/>In das Sozialsystem.<\/p>\n<table width=\"100%\">\n<tr>\n<td style=\"background-image=url('images\/monet-heller.jpg')\"><font size=\"+1\"><\/p>\n<p>&#8230;Jetzt soll wider<br \/>sich nun  als scheinheilige&#8230;<br \/> vorherige Beteuerungen&#8230;<br \/>erneut ein &#8222;Versprechen&#8220; gebrochen werden :<br \/>Bislang erhielt schriftlich, <br \/>da\u00df, wer freiwillig&#8230;.<br \/>als Langzeitarbeitloser <br \/>(HARTZ IV ja bereits nach EINEM \/eineinhalb Jahr(en) Arbeitslosigkeit!)<br \/>ab 58 Jahren <br \/>auf &#8222;weitere Vermittlung verzichtete&#8220;, <br \/>und damit auch aus der Arbeitslosenstatistik fiel&#8230;, <br \/>ALG II (HARTZ IV) bis zur abschlagsfreien Auszahlung der Rente<br \/>beziehen k\u00f6nne.<br \/>Diese Regelung war bereits in kraft,<br \/>als es die Alhi noch gab, <br \/>und damit glaubten nicht wenige Menschen daran, <br \/>mit dem zwar knappen Geld, <br \/>aber ohne weitere Repressalien seitens der Arbeits\u00e4mter, <br \/>da ja eh offenbar keiner sie mehr wollte,<br \/> mit \u00fcber 58 Jahren, <br \/>noch ein bisschen wenigstens ihr Privatleben planen zu k\u00f6nnen.<br \/>Es wurde eine gigantische B\u00fcrokratie-Maschinerie in Gang gesetzt, <br \/>die Bundesversicherungsanstalt hatte jedem Langzeitarbeitslosen ab 58 Jahren<br \/>das genaue Datum des Rentenantritts auszurechnen.<br \/>Mit Abschlag und ohne Abschlag.<br \/>Dieses Papier mu\u00dfte und mu\u00df regelm\u00e4\u00dfig bei den inzwischen &#8222;Job Centern&#8220; eingereicht werden, <br \/>damit \u00fcberpr\u00fcfbar bleibt, <br \/>ob und wann..<br \/>und ob nicht gar..<br \/>doppelt kassiert wird&#8230;<\/p>\n<p>Als kurzerhand&#8230;nein, vorhersehbar&#8230;<br \/>die Arbeitslosenhilfe gekappt wurde, <br \/>und alle j\u00e4h einheits-arm waren\/wurden, <br \/>brach f\u00fcr Hunderttausende, <br \/>die den &#8222;Versprechungen&#8220; der sowieso T\u00e4uscher Rot-Gr\u00fcn <br \/>Glauben geschenkt hatten, <br \/>die  Welt zusammen:<\/p>\n<p>Ihre Unterschrift,<br \/> die ja nicht wirklich freiwillig war, <br \/>sie &#8222;wollten nicht mehr vermittelt&#8220; werden, <br \/>machte sie nun wie automatisch<br \/> zu wunderbaren 1-Euro-Jobs-Sklaven:<br \/>Denn HARTZ IV&#8230;<br \/>das reichte nun vorne und hinten nicht,<br \/> im  Vergleich zur Alhi <br \/>Zigtausender vorher Gutverdiener..<\/p>\n<p>ZUGLEICH wird dem HARTZ-IV-Bezieher die FREIE WOHNUNGSWAHL verwehrt.<br \/>Was eine eklatante Verletzung des GG darstellt.<\/p>\n<p>Eine Klagewelle brach los.<br \/>Selbstverst\u00e4ndlich versickerte das alles gezielt im Sande&#8230;<br \/>Eine dressierte, parteidurchsetzte Lobby-isten Presse.<\/p>\n<p>Und da BUNDESRICHTER von den PARTEIEN ausgew\u00e4hlt werden,  <br \/>sind die URTEILE JA HINREICHEND BEKANNT&#8230;.<\/p>\n<p>So.<br \/>Alles mit dem Grundgesetz vereinbar. <br \/>Klar, was sonst!<\/p>\n<p>Nun aber sollte die &#8222;58er Regelung&#8220; <br \/>in ihrem &#8222;Wesenskern&#8220;doch wenigstens erhalten  bleiben:<br \/>Die \u00fcber 58j\u00e4hrigen  unauff\u00e4llig vom Markt fernzuhalten.<br \/>Wo sie sowieso niemand mehr wollte und will.<br \/>Wieder sollten sie unterschreiben, <br \/>&#8222;dass sie nicht mehr vermittelt werden wollten&#8220;, <br \/>damit wiederum die Arbeitslosenstatistik sch\u00f6nten, <br \/>weilaus der damit nett wieder herausfielen;<br \/>daf\u00fcr, siehe oben, <br \/> f\u00fcr all die zuvor schon mit Abschaffung der <br \/>\nAlhi Hereingelegten:<br \/>Ihr braucht keine viertelj\u00e4hrlich Vorsprechtermine mehr, <\/p>\n<p>Weiterbildung kriegt ihr eh keine mehr, <br \/> daf\u00fcr aber bis zum Antritt <br \/>der abschlagsfeien Altersrente &#8211; HARTZ IV&#8230;<br \/>F\u00fcr jeweils 6 Monate bewilligt.<br \/>Wer mit dem absichtsvoll-erschwerten neuen B\u00fcrokratiekram nicht zurechtkam,<br \/>landet(e) halt dann auf der Stra\u00dfe.<\/p>\n<p>Jedenfalls, HARTZ IV \/ALG II bis zur abschlagsfreihen Rente:<\/p>\n<p>Das war offenbar bis gestern. <\/p>\n<p>Jetzt sieht es so aus, <br \/> siehe Studie in fem&#038;Beruf, <br \/>dass KLAMMHEIMLICH Ende des Jahres 2007<br \/>diese 58er Regelung abgeschafft wird. <br \/>Und dann: &#8222;Verrentung zum n\u00e4chstm\u00f6glichen Zeitpunkt&#8220;!<br \/>Ganz egal, wie hoch die Renten-Absch\u00e4ge.<br \/>Wie niedrig die Rente!<\/p>\n<p>BETROFFEN SIND WIEDER EINMAL IN ERSTER LINIE &#8230;.FRAUEN!<\/p>\n<p>Denn sie k\u00f6nnen, <br \/>theoretisch&#8230;<br \/> ab 60 Jahren in Rente gehen&#8230;.<\/p>\n","protected":false},"excerpt":{"rendered":"<p>von gestern oder vorgestern..schon wieer..?live-text-gesch\u00e4umt-schaum-der-buchstaben, ger\u00fcttelt&#8230;<\/p>\n","protected":false},"author":2,"featured_media":0,"comment_status":"closed","ping_status":"closed","sticky":false,"template":"","format":"standard","meta":{"footnotes":""},"categories":[7],"tags":[],"class_list":["post-84938","post","type-post","status-publish","format-standard","hentry","category-femberuf","entry"],"yoast_head":"<!-- This site is optimized with the Yoast SEO plugin v21.0 - https:\/\/yoast.com\/wordpress\/plugins\/seo\/ -->\n<title>Comment zur Zwangsverrentung \/8\/07 - Feminissima<\/title>\n<meta name=\"robots\" content=\"index, follow, max-snippet:-1, max-image-preview:large, max-video-preview:-1\" \/>\n<link rel=\"canonical\" href=\"https:\/\/feminissima.de\/index.php\/2007\/08\/22\/comment-zur-zwangsverrentung-8-07\/\" \/>\n<meta property=\"og:locale\" content=\"de_DE\" \/>\n<meta property=\"og:type\" content=\"article\" \/>\n<meta property=\"og:title\" content=\"Comment zur Zwangsverrentung \/8\/07 - Feminissima\" \/>\n<meta property=\"og:description\" content=\"von gestern oder vorgestern..schon wieer..?live-text-gesch\u00e4umt-schaum-der-buchstaben, ger\u00fcttelt...\" \/>\n<meta property=\"og:url\" content=\"https:\/\/feminissima.de\/index.php\/2007\/08\/22\/comment-zur-zwangsverrentung-8-07\/\" \/>\n<meta property=\"og:site_name\" content=\"Feminissima\" \/>\n<meta property=\"article:published_time\" content=\"2007-08-22T19:20:32+00:00\" \/>\n<meta name=\"author\" content=\"admin\" \/>\n<meta name=\"twitter:card\" content=\"summary_large_image\" \/>\n<meta name=\"twitter:label1\" content=\"Verfasst von\" \/>\n\t<meta name=\"twitter:data1\" content=\"admin\" \/>\n\t<meta name=\"twitter:label2\" content=\"Gesch\u00e4tzte Lesezeit\" \/>\n\t<meta name=\"twitter:data2\" content=\"4\u00a0Minuten\" \/>\n<script type=\"application\/ld+json\" class=\"yoast-schema-graph\">{\"@context\":\"https:\/\/schema.org\",\"@graph\":[{\"@type\":\"WebPage\",\"@id\":\"https:\/\/feminissima.de\/index.php\/2007\/08\/22\/comment-zur-zwangsverrentung-8-07\/\",\"url\":\"https:\/\/feminissima.de\/index.php\/2007\/08\/22\/comment-zur-zwangsverrentung-8-07\/\",\"name\":\"Comment zur Zwangsverrentung \/8\/07 - Feminissima\",\"isPartOf\":{\"@id\":\"https:\/\/feminissima.de\/#website\"},\"datePublished\":\"2007-08-22T19:20:32+00:00\",\"dateModified\":\"2007-08-22T19:20:32+00:00\",\"author\":{\"@id\":\"https:\/\/feminissima.de\/#\/schema\/person\/0b901e053624f88e7ecbea289d9d5128\"},\"breadcrumb\":{\"@id\":\"https:\/\/feminissima.de\/index.php\/2007\/08\/22\/comment-zur-zwangsverrentung-8-07\/#breadcrumb\"},\"inLanguage\":\"de\",\"potentialAction\":[{\"@type\":\"ReadAction\",\"target\":[\"https:\/\/feminissima.de\/index.php\/2007\/08\/22\/comment-zur-zwangsverrentung-8-07\/\"]}]},{\"@type\":\"BreadcrumbList\",\"@id\":\"https:\/\/feminissima.de\/index.php\/2007\/08\/22\/comment-zur-zwangsverrentung-8-07\/#breadcrumb\",\"itemListElement\":[{\"@type\":\"ListItem\",\"position\":1,\"name\":\"Startseite\",\"item\":\"https:\/\/feminissima.de\/\"},{\"@type\":\"ListItem\",\"position\":2,\"name\":\"Comment zur Zwangsverrentung \/8\/07\"}]},{\"@type\":\"WebSite\",\"@id\":\"https:\/\/feminissima.de\/#website\",\"url\":\"https:\/\/feminissima.de\/\",\"name\":\"Feminissima\",\"description\":\"\",\"potentialAction\":[{\"@type\":\"SearchAction\",\"target\":{\"@type\":\"EntryPoint\",\"urlTemplate\":\"https:\/\/feminissima.de\/?s={search_term_string}\"},\"query-input\":\"required name=search_term_string\"}],\"inLanguage\":\"de\"},{\"@type\":\"Person\",\"@id\":\"https:\/\/feminissima.de\/#\/schema\/person\/0b901e053624f88e7ecbea289d9d5128\",\"name\":\"admin\",\"image\":{\"@type\":\"ImageObject\",\"inLanguage\":\"de\",\"@id\":\"https:\/\/feminissima.de\/#\/schema\/person\/image\/\",\"url\":\"https:\/\/secure.gravatar.com\/avatar\/8da1f51327453c0bf63338e8e2a791948b7d2ac19b68839492d1e69aac6924a8?s=96&d=mm&r=g\",\"contentUrl\":\"https:\/\/secure.gravatar.com\/avatar\/8da1f51327453c0bf63338e8e2a791948b7d2ac19b68839492d1e69aac6924a8?s=96&d=mm&r=g\",\"caption\":\"admin\"},\"url\":\"https:\/\/feminissima.de\/index.php\/author\/admin\/\"}]}<\/script>\n<!-- \/ Yoast SEO plugin. -->","yoast_head_json":{"title":"Comment zur Zwangsverrentung \/8\/07 - Feminissima","robots":{"index":"index","follow":"follow","max-snippet":"max-snippet:-1","max-image-preview":"max-image-preview:large","max-video-preview":"max-video-preview:-1"},"canonical":"https:\/\/feminissima.de\/index.php\/2007\/08\/22\/comment-zur-zwangsverrentung-8-07\/","og_locale":"de_DE","og_type":"article","og_title":"Comment zur Zwangsverrentung \/8\/07 - Feminissima","og_description":"von gestern oder vorgestern..schon wieer..?live-text-gesch\u00e4umt-schaum-der-buchstaben, ger\u00fcttelt...","og_url":"https:\/\/feminissima.de\/index.php\/2007\/08\/22\/comment-zur-zwangsverrentung-8-07\/","og_site_name":"Feminissima","article_published_time":"2007-08-22T19:20:32+00:00","author":"admin","twitter_card":"summary_large_image","twitter_misc":{"Verfasst von":"admin","Gesch\u00e4tzte Lesezeit":"4\u00a0Minuten"},"schema":{"@context":"https:\/\/schema.org","@graph":[{"@type":"WebPage","@id":"https:\/\/feminissima.de\/index.php\/2007\/08\/22\/comment-zur-zwangsverrentung-8-07\/","url":"https:\/\/feminissima.de\/index.php\/2007\/08\/22\/comment-zur-zwangsverrentung-8-07\/","name":"Comment zur Zwangsverrentung \/8\/07 - Feminissima","isPartOf":{"@id":"https:\/\/feminissima.de\/#website"},"datePublished":"2007-08-22T19:20:32+00:00","dateModified":"2007-08-22T19:20:32+00:00","author":{"@id":"https:\/\/feminissima.de\/#\/schema\/person\/0b901e053624f88e7ecbea289d9d5128"},"breadcrumb":{"@id":"https:\/\/feminissima.de\/index.php\/2007\/08\/22\/comment-zur-zwangsverrentung-8-07\/#breadcrumb"},"inLanguage":"de","potentialAction":[{"@type":"ReadAction","target":["https:\/\/feminissima.de\/index.php\/2007\/08\/22\/comment-zur-zwangsverrentung-8-07\/"]}]},{"@type":"BreadcrumbList","@id":"https:\/\/feminissima.de\/index.php\/2007\/08\/22\/comment-zur-zwangsverrentung-8-07\/#breadcrumb","itemListElement":[{"@type":"ListItem","position":1,"name":"Startseite","item":"https:\/\/feminissima.de\/"},{"@type":"ListItem","position":2,"name":"Comment zur Zwangsverrentung \/8\/07"}]},{"@type":"WebSite","@id":"https:\/\/feminissima.de\/#website","url":"https:\/\/feminissima.de\/","name":"Feminissima","description":"","potentialAction":[{"@type":"SearchAction","target":{"@type":"EntryPoint","urlTemplate":"https:\/\/feminissima.de\/?s={search_term_string}"},"query-input":"required name=search_term_string"}],"inLanguage":"de"},{"@type":"Person","@id":"https:\/\/feminissima.de\/#\/schema\/person\/0b901e053624f88e7ecbea289d9d5128","name":"admin","image":{"@type":"ImageObject","inLanguage":"de","@id":"https:\/\/feminissima.de\/#\/schema\/person\/image\/","url":"https:\/\/secure.gravatar.com\/avatar\/8da1f51327453c0bf63338e8e2a791948b7d2ac19b68839492d1e69aac6924a8?s=96&d=mm&r=g","contentUrl":"https:\/\/secure.gravatar.com\/avatar\/8da1f51327453c0bf63338e8e2a791948b7d2ac19b68839492d1e69aac6924a8?s=96&d=mm&r=g","caption":"admin"},"url":"https:\/\/feminissima.de\/index.php\/author\/admin\/"}]}},"jetpack_featured_media_url":"","_links":{"self":[{"href":"https:\/\/feminissima.de\/index.php\/wp-json\/wp\/v2\/posts\/84938","targetHints":{"allow":["GET"]}}],"collection":[{"href":"https:\/\/feminissima.de\/index.php\/wp-json\/wp\/v2\/posts"}],"about":[{"href":"https:\/\/feminissima.de\/index.php\/wp-json\/wp\/v2\/types\/post"}],"author":[{"embeddable":true,"href":"https:\/\/feminissima.de\/index.php\/wp-json\/wp\/v2\/users\/2"}],"replies":[{"embeddable":true,"href":"https:\/\/feminissima.de\/index.php\/wp-json\/wp\/v2\/comments?post=84938"}],"version-history":[{"count":0,"href":"https:\/\/feminissima.de\/index.php\/wp-json\/wp\/v2\/posts\/84938\/revisions"}],"wp:attachment":[{"href":"https:\/\/feminissima.de\/index.php\/wp-json\/wp\/v2\/media?parent=84938"}],"wp:term":[{"taxonomy":"category","embeddable":true,"href":"https:\/\/feminissima.de\/index.php\/wp-json\/wp\/v2\/categories?post=84938"},{"taxonomy":"post_tag","embeddable":true,"href":"https:\/\/feminissima.de\/index.php\/wp-json\/wp\/v2\/tags?post=84938"}],"curies":[{"name":"wp","href":"https:\/\/api.w.org\/{rel}","templated":true}]}}