{"id":84885,"date":"2007-08-01T11:11:39","date_gmt":"2007-08-01T11:11:39","guid":{"rendered":"http:\/\/www.feminissima.de\/?p=84885"},"modified":"2007-08-01T11:11:39","modified_gmt":"2007-08-01T11:11:39","slug":"presse-schau-seehofers-sitzengelassene-geliebte-packt-aus","status":"publish","type":"post","link":"https:\/\/feminissima.de\/index.php\/2007\/08\/01\/presse-schau-seehofers-sitzengelassene-geliebte-packt-aus\/","title":{"rendered":"PRESSE-SCHAU: Seehofers sitzengelassene Geliebte packt aus !"},"content":{"rendered":"<p>wenn spiegel-online das Thema aufgreift, mu\u00df es ja doch schon ein bisserl politisch sein&#8230;ist es auch und wie&#8230;<br \/>&#8222;Die Trennung hat mich wie ein Fallbeil erwischt&#8220;<br \/>\nVier Jahre lang schwieg sie eisern &#8211; als heimliche Geliebte von Bundesverbraucherminister Seehofer. Jetzt meldet sich Anette Fr\u00f6hlich erstmals zu Wort. In einem Interview packt die 33-J\u00e4hrige \u00fcber das bittere Ende ihrer Aff\u00e4re aus und posiert mit dem gemeinsamen T\u00f6chterchen &#8211; sogar auf der Titelseite.<\/p>\n<p>\nM\u00fcnchen &#8211; Sie sei &#8222;tief getroffen und verletzt&#8220; \u00fcber die Art und Weise ihrer Trennung, sagte Anette Fr\u00f6hlich der Illustrierten &#8222;Bunte&#8220; zum Ende ihrer fast vierj\u00e4hrigen Beziehung mit Seehofer. Auf zw\u00f6lf Seiten posiert sie mit ihrem Baby und spricht offen \u00fcber die heimliche Aff\u00e4re, die der Minister in den vergangenen Monaten stets zur Privatsph\u00e4re erkl\u00e4rt hatte.<\/p>\n<p>Dieser habe zuerst seine Parteifreunde und dann sie selbst \u00fcber das Aus informiert, sagt die 33-J\u00e4hrige. &#8222;Leider hat er mir seine Entscheidung nicht pers\u00f6nlich, sondern am Telefon mitgeteilt. Vor allem h\u00e4tte ich sie als Betroffene gerne als Erste erfahren.&#8220; <\/p>\n<p>\nCSU: SEEHOFER UND DIE FRAUEN<\/p>\n<p>Seehofer habe ihr bis zum Schluss Hoffnungen gemacht. So habe er ihr gegen\u00fcber nach dem Treffen der EU-Landwirtschaftsminister in Mainz beteuert, dass seine Frau Karin ihn dort begleitet habe, h\u00e4tte nichts zu bedeuten. &#8222;Ich solle die Fotos bitte nicht falsch verstehen&#8220;, erinnert sich die Juristin. Bis zuletzt hoffte sie, der 58-j\u00e4hrige Politiker w\u00fcrde sich f\u00fcr sie entscheiden. &#8222;Die pl\u00f6tzliche Trennung hat mich wie ein Fallbeil erwischt. Deshalb war es sehr schlimm f\u00fcr mich.&#8220;<\/p>\n<p>Fr\u00f6hlich brachte im Juni die gemeinsame Tochter Anna-Felicia Eva Margarethe zur Welt. &#8222;Die ganze Mundpartie ist von ihm. Die Kleine hat auch seinen Haaransatz geerbt. Daf\u00fcr meine H\u00e4nde.&#8220; Mit Seehofer habe sie nach wie vor Kontakt. &#8222;Er k\u00fcmmert sich in seiner Art. Es gibt sicherlich verschiedene Auffassungen, was &#8218;k\u00fcmmern&#8216; bedeutet. Er schickt SMS. Es interessiert ihn schon, wie es seiner Tochter und mir geht&#8220;, so die B\u00fcroleiterin des CDU-Bundestagsabgeordneten Laurenz Meyer.<\/p>\n<p>Der Minister habe seiner Tochter zur Geburt ein Pl\u00fcschtier geschenkt. &#8222;Aber ansonsten ist er kein Mann, der Geschenke macht. Das st\u00f6rt mich auch nicht. Ich kenne ihn ja&#8220;, sagt die geb\u00fcrtige Fr\u00e4nkin. Auch wenn sie das Ende der Beziehung akzeptiert habe, habe sich an ihren Gef\u00fchlen f\u00fcr Seehofer nichts ge\u00e4ndert. &#8222;Ich w\u00fcnsche ihm, dass er mit seiner Entscheidung gl\u00fccklich wird.&#8220;<\/p>\n<p>Seehofer hatte Anfang Juli gegen\u00fcber Parteifreunden erkl\u00e4rt, dass er bei seiner Frau Karin bleiben werde. Die Aff\u00e4re des CSU-Vizes hatte bei den Christsozialen f\u00fcr Wirbel gesorgt. Ende September will sich Seehofer um den Posten des CSU-Chefs bewerben. Parteifreunde hatten ihn deshalb \u00f6ffentlich aufgefordert, vor der Wahl seine privaten Verh\u00e4ltnisse zu ordnen.<\/p>\n<p>jjc <\/p>\n","protected":false},"excerpt":{"rendered":"<p>wenn spiegel-online das Thema aufgreift, mu\u00df es ja doch schon ein bisserl politisch sein&#8230;ist es auch und wie&#8230;<\/p>\n","protected":false},"author":2,"featured_media":0,"comment_status":"closed","ping_status":"closed","sticky":false,"template":"","format":"standard","meta":{"footnotes":""},"categories":[32],"tags":[],"class_list":["post-84885","post","type-post","status-publish","format-standard","hentry","category-supissima","entry"],"yoast_head":"<!-- This site is optimized with the Yoast SEO plugin v21.0 - https:\/\/yoast.com\/wordpress\/plugins\/seo\/ -->\n<title>PRESSE-SCHAU: Seehofers sitzengelassene Geliebte packt aus ! - Feminissima<\/title>\n<meta name=\"robots\" content=\"index, follow, max-snippet:-1, max-image-preview:large, max-video-preview:-1\" \/>\n<link rel=\"canonical\" href=\"https:\/\/feminissima.de\/index.php\/2007\/08\/01\/presse-schau-seehofers-sitzengelassene-geliebte-packt-aus\/\" \/>\n<meta property=\"og:locale\" content=\"de_DE\" \/>\n<meta property=\"og:type\" content=\"article\" \/>\n<meta property=\"og:title\" content=\"PRESSE-SCHAU: Seehofers sitzengelassene Geliebte packt aus ! - Feminissima\" \/>\n<meta property=\"og:description\" content=\"wenn spiegel-online das Thema aufgreift, mu\u00df es ja doch schon ein bisserl politisch sein...ist es auch und wie...\" \/>\n<meta property=\"og:url\" content=\"https:\/\/feminissima.de\/index.php\/2007\/08\/01\/presse-schau-seehofers-sitzengelassene-geliebte-packt-aus\/\" \/>\n<meta property=\"og:site_name\" content=\"Feminissima\" \/>\n<meta property=\"article:published_time\" content=\"2007-08-01T11:11:39+00:00\" \/>\n<meta name=\"author\" content=\"admin\" \/>\n<meta name=\"twitter:card\" content=\"summary_large_image\" \/>\n<meta name=\"twitter:label1\" content=\"Verfasst von\" \/>\n\t<meta name=\"twitter:data1\" content=\"admin\" \/>\n\t<meta name=\"twitter:label2\" content=\"Gesch\u00e4tzte Lesezeit\" \/>\n\t<meta name=\"twitter:data2\" content=\"2\u00a0Minuten\" \/>\n<script type=\"application\/ld+json\" class=\"yoast-schema-graph\">{\"@context\":\"https:\/\/schema.org\",\"@graph\":[{\"@type\":\"WebPage\",\"@id\":\"https:\/\/feminissima.de\/index.php\/2007\/08\/01\/presse-schau-seehofers-sitzengelassene-geliebte-packt-aus\/\",\"url\":\"https:\/\/feminissima.de\/index.php\/2007\/08\/01\/presse-schau-seehofers-sitzengelassene-geliebte-packt-aus\/\",\"name\":\"PRESSE-SCHAU: Seehofers sitzengelassene Geliebte packt aus ! - Feminissima\",\"isPartOf\":{\"@id\":\"https:\/\/feminissima.de\/#website\"},\"datePublished\":\"2007-08-01T11:11:39+00:00\",\"dateModified\":\"2007-08-01T11:11:39+00:00\",\"author\":{\"@id\":\"https:\/\/feminissima.de\/#\/schema\/person\/0b901e053624f88e7ecbea289d9d5128\"},\"breadcrumb\":{\"@id\":\"https:\/\/feminissima.de\/index.php\/2007\/08\/01\/presse-schau-seehofers-sitzengelassene-geliebte-packt-aus\/#breadcrumb\"},\"inLanguage\":\"de\",\"potentialAction\":[{\"@type\":\"ReadAction\",\"target\":[\"https:\/\/feminissima.de\/index.php\/2007\/08\/01\/presse-schau-seehofers-sitzengelassene-geliebte-packt-aus\/\"]}]},{\"@type\":\"BreadcrumbList\",\"@id\":\"https:\/\/feminissima.de\/index.php\/2007\/08\/01\/presse-schau-seehofers-sitzengelassene-geliebte-packt-aus\/#breadcrumb\",\"itemListElement\":[{\"@type\":\"ListItem\",\"position\":1,\"name\":\"Startseite\",\"item\":\"https:\/\/feminissima.de\/\"},{\"@type\":\"ListItem\",\"position\":2,\"name\":\"PRESSE-SCHAU: Seehofers sitzengelassene Geliebte packt aus !\"}]},{\"@type\":\"WebSite\",\"@id\":\"https:\/\/feminissima.de\/#website\",\"url\":\"https:\/\/feminissima.de\/\",\"name\":\"Feminissima\",\"description\":\"\",\"potentialAction\":[{\"@type\":\"SearchAction\",\"target\":{\"@type\":\"EntryPoint\",\"urlTemplate\":\"https:\/\/feminissima.de\/?s={search_term_string}\"},\"query-input\":\"required name=search_term_string\"}],\"inLanguage\":\"de\"},{\"@type\":\"Person\",\"@id\":\"https:\/\/feminissima.de\/#\/schema\/person\/0b901e053624f88e7ecbea289d9d5128\",\"name\":\"admin\",\"image\":{\"@type\":\"ImageObject\",\"inLanguage\":\"de\",\"@id\":\"https:\/\/feminissima.de\/#\/schema\/person\/image\/\",\"url\":\"https:\/\/secure.gravatar.com\/avatar\/8da1f51327453c0bf63338e8e2a791948b7d2ac19b68839492d1e69aac6924a8?s=96&d=mm&r=g\",\"contentUrl\":\"https:\/\/secure.gravatar.com\/avatar\/8da1f51327453c0bf63338e8e2a791948b7d2ac19b68839492d1e69aac6924a8?s=96&d=mm&r=g\",\"caption\":\"admin\"},\"url\":\"https:\/\/feminissima.de\/index.php\/author\/admin\/\"}]}<\/script>\n<!-- \/ Yoast SEO plugin. -->","yoast_head_json":{"title":"PRESSE-SCHAU: Seehofers sitzengelassene Geliebte packt aus ! - Feminissima","robots":{"index":"index","follow":"follow","max-snippet":"max-snippet:-1","max-image-preview":"max-image-preview:large","max-video-preview":"max-video-preview:-1"},"canonical":"https:\/\/feminissima.de\/index.php\/2007\/08\/01\/presse-schau-seehofers-sitzengelassene-geliebte-packt-aus\/","og_locale":"de_DE","og_type":"article","og_title":"PRESSE-SCHAU: Seehofers sitzengelassene Geliebte packt aus ! - Feminissima","og_description":"wenn spiegel-online das Thema aufgreift, mu\u00df es ja doch schon ein bisserl politisch sein...ist es auch und wie...","og_url":"https:\/\/feminissima.de\/index.php\/2007\/08\/01\/presse-schau-seehofers-sitzengelassene-geliebte-packt-aus\/","og_site_name":"Feminissima","article_published_time":"2007-08-01T11:11:39+00:00","author":"admin","twitter_card":"summary_large_image","twitter_misc":{"Verfasst von":"admin","Gesch\u00e4tzte Lesezeit":"2\u00a0Minuten"},"schema":{"@context":"https:\/\/schema.org","@graph":[{"@type":"WebPage","@id":"https:\/\/feminissima.de\/index.php\/2007\/08\/01\/presse-schau-seehofers-sitzengelassene-geliebte-packt-aus\/","url":"https:\/\/feminissima.de\/index.php\/2007\/08\/01\/presse-schau-seehofers-sitzengelassene-geliebte-packt-aus\/","name":"PRESSE-SCHAU: Seehofers sitzengelassene Geliebte packt aus ! - Feminissima","isPartOf":{"@id":"https:\/\/feminissima.de\/#website"},"datePublished":"2007-08-01T11:11:39+00:00","dateModified":"2007-08-01T11:11:39+00:00","author":{"@id":"https:\/\/feminissima.de\/#\/schema\/person\/0b901e053624f88e7ecbea289d9d5128"},"breadcrumb":{"@id":"https:\/\/feminissima.de\/index.php\/2007\/08\/01\/presse-schau-seehofers-sitzengelassene-geliebte-packt-aus\/#breadcrumb"},"inLanguage":"de","potentialAction":[{"@type":"ReadAction","target":["https:\/\/feminissima.de\/index.php\/2007\/08\/01\/presse-schau-seehofers-sitzengelassene-geliebte-packt-aus\/"]}]},{"@type":"BreadcrumbList","@id":"https:\/\/feminissima.de\/index.php\/2007\/08\/01\/presse-schau-seehofers-sitzengelassene-geliebte-packt-aus\/#breadcrumb","itemListElement":[{"@type":"ListItem","position":1,"name":"Startseite","item":"https:\/\/feminissima.de\/"},{"@type":"ListItem","position":2,"name":"PRESSE-SCHAU: Seehofers sitzengelassene Geliebte packt aus !"}]},{"@type":"WebSite","@id":"https:\/\/feminissima.de\/#website","url":"https:\/\/feminissima.de\/","name":"Feminissima","description":"","potentialAction":[{"@type":"SearchAction","target":{"@type":"EntryPoint","urlTemplate":"https:\/\/feminissima.de\/?s={search_term_string}"},"query-input":"required name=search_term_string"}],"inLanguage":"de"},{"@type":"Person","@id":"https:\/\/feminissima.de\/#\/schema\/person\/0b901e053624f88e7ecbea289d9d5128","name":"admin","image":{"@type":"ImageObject","inLanguage":"de","@id":"https:\/\/feminissima.de\/#\/schema\/person\/image\/","url":"https:\/\/secure.gravatar.com\/avatar\/8da1f51327453c0bf63338e8e2a791948b7d2ac19b68839492d1e69aac6924a8?s=96&d=mm&r=g","contentUrl":"https:\/\/secure.gravatar.com\/avatar\/8da1f51327453c0bf63338e8e2a791948b7d2ac19b68839492d1e69aac6924a8?s=96&d=mm&r=g","caption":"admin"},"url":"https:\/\/feminissima.de\/index.php\/author\/admin\/"}]}},"jetpack_featured_media_url":"","_links":{"self":[{"href":"https:\/\/feminissima.de\/index.php\/wp-json\/wp\/v2\/posts\/84885","targetHints":{"allow":["GET"]}}],"collection":[{"href":"https:\/\/feminissima.de\/index.php\/wp-json\/wp\/v2\/posts"}],"about":[{"href":"https:\/\/feminissima.de\/index.php\/wp-json\/wp\/v2\/types\/post"}],"author":[{"embeddable":true,"href":"https:\/\/feminissima.de\/index.php\/wp-json\/wp\/v2\/users\/2"}],"replies":[{"embeddable":true,"href":"https:\/\/feminissima.de\/index.php\/wp-json\/wp\/v2\/comments?post=84885"}],"version-history":[{"count":0,"href":"https:\/\/feminissima.de\/index.php\/wp-json\/wp\/v2\/posts\/84885\/revisions"}],"wp:attachment":[{"href":"https:\/\/feminissima.de\/index.php\/wp-json\/wp\/v2\/media?parent=84885"}],"wp:term":[{"taxonomy":"category","embeddable":true,"href":"https:\/\/feminissima.de\/index.php\/wp-json\/wp\/v2\/categories?post=84885"},{"taxonomy":"post_tag","embeddable":true,"href":"https:\/\/feminissima.de\/index.php\/wp-json\/wp\/v2\/tags?post=84885"}],"curies":[{"name":"wp","href":"https:\/\/api.w.org\/{rel}","templated":true}]}}