{"id":84878,"date":"2007-07-28T17:31:36","date_gmt":"2007-07-28T17:31:36","guid":{"rendered":"http:\/\/www.feminissima.de\/?p=84878"},"modified":"2007-07-28T17:31:36","modified_gmt":"2007-07-28T17:31:36","slug":"neuer-internetauftritt-tumorforschung-kopf-hals-7-07","status":"publish","type":"post","link":"https:\/\/feminissima.de\/index.php\/2007\/07\/28\/neuer-internetauftritt-tumorforschung-kopf-hals-7-07\/","title":{"rendered":"Neuer Internetauftritt Tumorforschung Kopf-Hals \/ 7\/07"},"content":{"rendered":"<p>Uni Mainz:<br \/>\nDie Stiftung Tumorforschung Kopf-Hals pr\u00e4sentiert sich nach langer und gr\u00fcndlicher Vorbereitung in neuer Form im Internet.<br \/>\nDie im Jahre 1992 gegr\u00fcndete Stiftung Tumorforschung Kopf-Hals hat sich zum vorrangigen Ziel gemacht, die Tumorforschung im Kopf-Hals-Bereich nachhaltig zu f\u00f6rdern. Trotz der H\u00e4ufigkeit von b\u00f6sartigen Kopf-Hals-Tumoren wird die Erforschung neuer Behandlungsmethoden nicht ausreichend gef\u00f6rdert. <\/p>\n<p>\nNeuer Internetauftritt der Stiftung Tumorforschung Kopf-Hals <br \/>\nPetra Giegerich, Presse- und \u00d6ffentlichkeitsarbeit<br \/>\nJohannes Gutenberg-Universit\u00e4t Mainz<\/p>\n<p>27.07.2007  <br \/>\nDie Stiftung Tumorforschung Kopf-Hals will genau an dieser Stelle unterst\u00fctzend t\u00e4tig sein und vergibt j\u00e4hrlich F\u00f6rdermittel und einen Wissenschaftspreis an junge Wissenschaftler.<\/p>\n<p>Seit der Einrichtung der Stiftungsprofessur im Jahre 2006 am Fachbereich Medizin der Johannes Gutenberg-Universit\u00e4t wird die Erforschung b\u00f6sartiger Kopf-Hals-Tumore auf molekularbiologischer Ebene intensiviert.<\/p>\n<p>Weitere Informationen finden Sie unter www.stiftung-tumorforschung.de.<\/p>\n<p>Pressekontakt:<br \/>\nWordstatt GmbH<br \/>\nDagmar Metzger<br \/>\nSilberpappelstrasse 7<br \/>\n80935 M\u00fcnchen<br \/>\nTel.: +49 (0) 89\/357 75 79-0<br \/>\nFax: +49 (0) 89\/357 75 79-9<br \/>\nE-Mail: info@wordstatt.de <\/p>\n<p>Weitere Informationen:<br \/>\nhttp:\/\/www.stiftung-tumorforschung.de<\/p>\n<p>URL dieser Pressemitteilung: http:\/\/idw-online.de\/pages\/de\/news220421<\/p>\n<p>Merkmale dieser Pressemitteilung:<br \/>\nMedizin und Gesundheitswissenschaften <br \/>\n\u00fcberregional\/<br \/>\nQuelle:<br \/>\nInformationsdienst d. Wissenschaft.<\/p>\n<p><\/p>\n","protected":false},"excerpt":{"rendered":"<p>Uni Mainz:<br \/>\nDie Stiftung Tumorforschung Kopf-Hals pr\u00e4sentiert sich nach langer und gr\u00fcndlicher Vorbereitung in neuer Form im Internet.<br \/>\nDie im Jahre 1992 gegr\u00fcndete Stiftung Tumorforschung Kopf-Hals hat sich zum vorrangigen Ziel gemacht, die Tumorforschung im Kopf-Hals-Bereich nachhaltig zu f\u00f6rdern. Trotz der H\u00e4ufigkeit von b\u00f6sartigen Kopf-Hals-Tumoren wird die Erforschung neuer Behandlungsmethoden nicht ausreichend gef\u00f6rdert. <\/p>\n","protected":false},"author":2,"featured_media":0,"comment_status":"closed","ping_status":"closed","sticky":false,"template":"","format":"standard","meta":{"footnotes":""},"categories":[10],"tags":[],"class_list":["post-84878","post","type-post","status-publish","format-standard","hentry","category-femgesundheit","entry"],"yoast_head":"<!-- This site is optimized with the Yoast SEO plugin v21.0 - https:\/\/yoast.com\/wordpress\/plugins\/seo\/ -->\n<title>Neuer Internetauftritt Tumorforschung Kopf-Hals \/ 7\/07 - Feminissima<\/title>\n<meta name=\"robots\" content=\"index, follow, max-snippet:-1, max-image-preview:large, max-video-preview:-1\" \/>\n<link rel=\"canonical\" href=\"https:\/\/feminissima.de\/index.php\/2007\/07\/28\/neuer-internetauftritt-tumorforschung-kopf-hals-7-07\/\" \/>\n<meta property=\"og:locale\" content=\"de_DE\" \/>\n<meta property=\"og:type\" content=\"article\" \/>\n<meta property=\"og:title\" content=\"Neuer Internetauftritt Tumorforschung Kopf-Hals \/ 7\/07 - Feminissima\" \/>\n<meta property=\"og:description\" content=\"Uni Mainz: Die Stiftung Tumorforschung Kopf-Hals pr\u00e4sentiert sich nach langer und gr\u00fcndlicher Vorbereitung in neuer Form im Internet. Die im Jahre 1992 gegr\u00fcndete Stiftung Tumorforschung Kopf-Hals hat sich zum vorrangigen Ziel gemacht, die Tumorforschung im Kopf-Hals-Bereich nachhaltig zu f\u00f6rdern. Trotz der H\u00e4ufigkeit von b\u00f6sartigen Kopf-Hals-Tumoren wird die Erforschung neuer Behandlungsmethoden nicht ausreichend gef\u00f6rdert.\" \/>\n<meta property=\"og:url\" content=\"https:\/\/feminissima.de\/index.php\/2007\/07\/28\/neuer-internetauftritt-tumorforschung-kopf-hals-7-07\/\" \/>\n<meta property=\"og:site_name\" content=\"Feminissima\" \/>\n<meta property=\"article:published_time\" content=\"2007-07-28T17:31:36+00:00\" \/>\n<meta name=\"author\" content=\"admin\" \/>\n<meta name=\"twitter:card\" content=\"summary_large_image\" \/>\n<meta name=\"twitter:label1\" content=\"Verfasst von\" \/>\n\t<meta name=\"twitter:data1\" content=\"admin\" \/>\n\t<meta name=\"twitter:label2\" content=\"Gesch\u00e4tzte Lesezeit\" \/>\n\t<meta name=\"twitter:data2\" content=\"1\u00a0Minute\" \/>\n<script type=\"application\/ld+json\" class=\"yoast-schema-graph\">{\"@context\":\"https:\/\/schema.org\",\"@graph\":[{\"@type\":\"WebPage\",\"@id\":\"https:\/\/feminissima.de\/index.php\/2007\/07\/28\/neuer-internetauftritt-tumorforschung-kopf-hals-7-07\/\",\"url\":\"https:\/\/feminissima.de\/index.php\/2007\/07\/28\/neuer-internetauftritt-tumorforschung-kopf-hals-7-07\/\",\"name\":\"Neuer Internetauftritt Tumorforschung Kopf-Hals \/ 7\/07 - Feminissima\",\"isPartOf\":{\"@id\":\"https:\/\/feminissima.de\/#website\"},\"datePublished\":\"2007-07-28T17:31:36+00:00\",\"dateModified\":\"2007-07-28T17:31:36+00:00\",\"author\":{\"@id\":\"https:\/\/feminissima.de\/#\/schema\/person\/0b901e053624f88e7ecbea289d9d5128\"},\"breadcrumb\":{\"@id\":\"https:\/\/feminissima.de\/index.php\/2007\/07\/28\/neuer-internetauftritt-tumorforschung-kopf-hals-7-07\/#breadcrumb\"},\"inLanguage\":\"de\",\"potentialAction\":[{\"@type\":\"ReadAction\",\"target\":[\"https:\/\/feminissima.de\/index.php\/2007\/07\/28\/neuer-internetauftritt-tumorforschung-kopf-hals-7-07\/\"]}]},{\"@type\":\"BreadcrumbList\",\"@id\":\"https:\/\/feminissima.de\/index.php\/2007\/07\/28\/neuer-internetauftritt-tumorforschung-kopf-hals-7-07\/#breadcrumb\",\"itemListElement\":[{\"@type\":\"ListItem\",\"position\":1,\"name\":\"Startseite\",\"item\":\"https:\/\/feminissima.de\/\"},{\"@type\":\"ListItem\",\"position\":2,\"name\":\"Neuer Internetauftritt Tumorforschung Kopf-Hals \/ 7\/07\"}]},{\"@type\":\"WebSite\",\"@id\":\"https:\/\/feminissima.de\/#website\",\"url\":\"https:\/\/feminissima.de\/\",\"name\":\"Feminissima\",\"description\":\"\",\"potentialAction\":[{\"@type\":\"SearchAction\",\"target\":{\"@type\":\"EntryPoint\",\"urlTemplate\":\"https:\/\/feminissima.de\/?s={search_term_string}\"},\"query-input\":\"required name=search_term_string\"}],\"inLanguage\":\"de\"},{\"@type\":\"Person\",\"@id\":\"https:\/\/feminissima.de\/#\/schema\/person\/0b901e053624f88e7ecbea289d9d5128\",\"name\":\"admin\",\"image\":{\"@type\":\"ImageObject\",\"inLanguage\":\"de\",\"@id\":\"https:\/\/feminissima.de\/#\/schema\/person\/image\/\",\"url\":\"https:\/\/secure.gravatar.com\/avatar\/8da1f51327453c0bf63338e8e2a791948b7d2ac19b68839492d1e69aac6924a8?s=96&d=mm&r=g\",\"contentUrl\":\"https:\/\/secure.gravatar.com\/avatar\/8da1f51327453c0bf63338e8e2a791948b7d2ac19b68839492d1e69aac6924a8?s=96&d=mm&r=g\",\"caption\":\"admin\"},\"url\":\"https:\/\/feminissima.de\/index.php\/author\/admin\/\"}]}<\/script>\n<!-- \/ Yoast SEO plugin. -->","yoast_head_json":{"title":"Neuer Internetauftritt Tumorforschung Kopf-Hals \/ 7\/07 - Feminissima","robots":{"index":"index","follow":"follow","max-snippet":"max-snippet:-1","max-image-preview":"max-image-preview:large","max-video-preview":"max-video-preview:-1"},"canonical":"https:\/\/feminissima.de\/index.php\/2007\/07\/28\/neuer-internetauftritt-tumorforschung-kopf-hals-7-07\/","og_locale":"de_DE","og_type":"article","og_title":"Neuer Internetauftritt Tumorforschung Kopf-Hals \/ 7\/07 - Feminissima","og_description":"Uni Mainz: Die Stiftung Tumorforschung Kopf-Hals pr\u00e4sentiert sich nach langer und gr\u00fcndlicher Vorbereitung in neuer Form im Internet. Die im Jahre 1992 gegr\u00fcndete Stiftung Tumorforschung Kopf-Hals hat sich zum vorrangigen Ziel gemacht, die Tumorforschung im Kopf-Hals-Bereich nachhaltig zu f\u00f6rdern. Trotz der H\u00e4ufigkeit von b\u00f6sartigen Kopf-Hals-Tumoren wird die Erforschung neuer Behandlungsmethoden nicht ausreichend gef\u00f6rdert.","og_url":"https:\/\/feminissima.de\/index.php\/2007\/07\/28\/neuer-internetauftritt-tumorforschung-kopf-hals-7-07\/","og_site_name":"Feminissima","article_published_time":"2007-07-28T17:31:36+00:00","author":"admin","twitter_card":"summary_large_image","twitter_misc":{"Verfasst von":"admin","Gesch\u00e4tzte Lesezeit":"1\u00a0Minute"},"schema":{"@context":"https:\/\/schema.org","@graph":[{"@type":"WebPage","@id":"https:\/\/feminissima.de\/index.php\/2007\/07\/28\/neuer-internetauftritt-tumorforschung-kopf-hals-7-07\/","url":"https:\/\/feminissima.de\/index.php\/2007\/07\/28\/neuer-internetauftritt-tumorforschung-kopf-hals-7-07\/","name":"Neuer Internetauftritt Tumorforschung Kopf-Hals \/ 7\/07 - Feminissima","isPartOf":{"@id":"https:\/\/feminissima.de\/#website"},"datePublished":"2007-07-28T17:31:36+00:00","dateModified":"2007-07-28T17:31:36+00:00","author":{"@id":"https:\/\/feminissima.de\/#\/schema\/person\/0b901e053624f88e7ecbea289d9d5128"},"breadcrumb":{"@id":"https:\/\/feminissima.de\/index.php\/2007\/07\/28\/neuer-internetauftritt-tumorforschung-kopf-hals-7-07\/#breadcrumb"},"inLanguage":"de","potentialAction":[{"@type":"ReadAction","target":["https:\/\/feminissima.de\/index.php\/2007\/07\/28\/neuer-internetauftritt-tumorforschung-kopf-hals-7-07\/"]}]},{"@type":"BreadcrumbList","@id":"https:\/\/feminissima.de\/index.php\/2007\/07\/28\/neuer-internetauftritt-tumorforschung-kopf-hals-7-07\/#breadcrumb","itemListElement":[{"@type":"ListItem","position":1,"name":"Startseite","item":"https:\/\/feminissima.de\/"},{"@type":"ListItem","position":2,"name":"Neuer Internetauftritt Tumorforschung Kopf-Hals \/ 7\/07"}]},{"@type":"WebSite","@id":"https:\/\/feminissima.de\/#website","url":"https:\/\/feminissima.de\/","name":"Feminissima","description":"","potentialAction":[{"@type":"SearchAction","target":{"@type":"EntryPoint","urlTemplate":"https:\/\/feminissima.de\/?s={search_term_string}"},"query-input":"required name=search_term_string"}],"inLanguage":"de"},{"@type":"Person","@id":"https:\/\/feminissima.de\/#\/schema\/person\/0b901e053624f88e7ecbea289d9d5128","name":"admin","image":{"@type":"ImageObject","inLanguage":"de","@id":"https:\/\/feminissima.de\/#\/schema\/person\/image\/","url":"https:\/\/secure.gravatar.com\/avatar\/8da1f51327453c0bf63338e8e2a791948b7d2ac19b68839492d1e69aac6924a8?s=96&d=mm&r=g","contentUrl":"https:\/\/secure.gravatar.com\/avatar\/8da1f51327453c0bf63338e8e2a791948b7d2ac19b68839492d1e69aac6924a8?s=96&d=mm&r=g","caption":"admin"},"url":"https:\/\/feminissima.de\/index.php\/author\/admin\/"}]}},"jetpack_featured_media_url":"","_links":{"self":[{"href":"https:\/\/feminissima.de\/index.php\/wp-json\/wp\/v2\/posts\/84878","targetHints":{"allow":["GET"]}}],"collection":[{"href":"https:\/\/feminissima.de\/index.php\/wp-json\/wp\/v2\/posts"}],"about":[{"href":"https:\/\/feminissima.de\/index.php\/wp-json\/wp\/v2\/types\/post"}],"author":[{"embeddable":true,"href":"https:\/\/feminissima.de\/index.php\/wp-json\/wp\/v2\/users\/2"}],"replies":[{"embeddable":true,"href":"https:\/\/feminissima.de\/index.php\/wp-json\/wp\/v2\/comments?post=84878"}],"version-history":[{"count":0,"href":"https:\/\/feminissima.de\/index.php\/wp-json\/wp\/v2\/posts\/84878\/revisions"}],"wp:attachment":[{"href":"https:\/\/feminissima.de\/index.php\/wp-json\/wp\/v2\/media?parent=84878"}],"wp:term":[{"taxonomy":"category","embeddable":true,"href":"https:\/\/feminissima.de\/index.php\/wp-json\/wp\/v2\/categories?post=84878"},{"taxonomy":"post_tag","embeddable":true,"href":"https:\/\/feminissima.de\/index.php\/wp-json\/wp\/v2\/tags?post=84878"}],"curies":[{"name":"wp","href":"https:\/\/api.w.org\/{rel}","templated":true}]}}