{"id":84875,"date":"2007-07-20T19:15:07","date_gmt":"2007-07-20T19:15:07","guid":{"rendered":"http:\/\/www.feminissima.de\/?p=84875"},"modified":"2007-07-20T19:15:07","modified_gmt":"2007-07-20T19:15:07","slug":"pinn-weltgroesste-tagung-rechtssoziologie-berlin","status":"publish","type":"post","link":"https:\/\/feminissima.de\/index.php\/2007\/07\/20\/pinn-weltgroesste-tagung-rechtssoziologie-berlin\/","title":{"rendered":"PINN weltgr\u00f6\u00dfte Tagung RechtsSoziologie, Berlin"},"content":{"rendered":"<p>Weltgr\u00f6\u00dfte Tagung der Rechtssoziologie an der<br \/>\nHumboldt-Universit\u00e4t zu Berlin <\/p>\n<p>Mit dem Zusammenhang von Recht und Gesellschaft befassen sich vom 25. bis 28. Juli 2007 in Berlin 2500 Wissenschaftlerinnen und Wissenschaftler aus mehr als 70 L\u00e4ndern.<br \/>\nKann Folter ein rechtsstaatliches Mittel im Kampf gegen den Terror sein? Welche Rolle spielen ethnische Herkunft, soziale Schicht und Geschlecht vor Gericht? Mehr:<\/p>\n<p>Weltgr\u00f6\u00dfte Tagung der Rechtssoziologie an der Humboldt-Universit\u00e4t <br \/>\nHU- Pressestelle, Pressestelle<br \/>\nHumboldt-Universit\u00e4t zu BerlinMit dem Zusammenhang von Recht und Gesellschaft befassen sich vom 25. bis 28. Juli 2007 in Berlin 2500 Wissenschaftlerinnen und Wissenschaftler aus mehr als 70 L\u00e4ndern.<br \/>\nKann Folter ein rechtsstaatliches Mittel im Kampf gegen den Terror sein? Welche Rolle spielen ethnische Herkunft, soziale Schicht und Geschlecht vor Gericht? Wie ver\u00e4ndert die Verbreitung alternativer Familienformen die Rechtsprechung? Gibt es ein Recht auf eine gesunde Umwelt? Fragen wie diese zeigen, dass es beim Thema Recht um weit mehr als juristische \u00dcberlegungen geht. Recht ist ein gesellschaftliches und politisches Ph\u00e4nomen: Gesetze entstehen innerhalb gesellschaftlicher Kontexte und werden in ihnen angewendet.<\/p>\n<p>Mit dem Zusammenhang von Recht und Gesellschaft befassen sich vom 25. bis 28. Juli 2007 in Berlin 2500 Wissenschaftlerinnen und Wissenschaftler aus mehr als 70 L\u00e4ndern. Sie nehmen an dem Weltkongress &#8222;Law and Society in the 21st Century&#8220; an der Humboldt-Universit\u00e4t zu Berlin teil. Es ist die weltweit gr\u00f6\u00dfte und bedeutendste Konferenz zur interdisziplin\u00e4ren Rechtsforschung. Dahinter stehen die US-amerikanische &#8222;Law and Society Association&#8220; (LSA), die &#8222;International Sociological Association&#8220; (ISA), die rechtssoziologischen Vereinigungen aus Deutschland und Partnerorganisationen aus Gro\u00dfbritannien und Japan.<\/p>\n<p>Rechtssoziologie ist interdisziplin\u00e4r &#8211; in Berlin kommen Sozial- und Politikwissenschaft, Recht- und Verwaltungswissenschaft, Kriminologie, Anthropologie, Geschichtswissenschaft und Psychologie, \u00d6konomie und Philosophie, Kultur- Literatur- und Sprachwissenschaft ins Gespr\u00e4ch. Zahlreiche Wissenschaftler und Wissenschaftlerinnen berichten aus den Gender-Studies, der kritischen Rassismus-Forschung oder der postkolonialen Studien. In weit \u00fcber 600 Arbeitsgruppen und 2000 Vortr\u00e4gen werden Themen von der Globalisierung und den Menschenrechten bis zu Familie und Religion behandelt, aber auch Klassiker von Emile Durkheim bis Niklas Luhmann. <\/p>\n<p>Es sind zahlreiche Prominente vertreten: Gleich drei derzeitige und ehemalige Mitglieder des Bundesverfassungsgerichts, Brun-Otto Bryde, Jutta Limbach und Dieter Grimm, sowie Verfassungsrichter aus Polen und Spanien haben ihre Teilnahme zugesagt, ebenso international bekannte Wissenschaftler wie Gunter Teubner, Claus Offe und Ulrich K. Preu\u00df. <\/p>\n<p>Am 26. Juli debattieren der amtierende Richter und die ehemalige Pr\u00e4sidentin des Bundesverfassungsgerichts, Brun-Otto Bryde und Jutta Limbach mit Wissenschaftlern aus den USA und S\u00fcdafrika \u00fcber die &#8222;Globalisierung des Verfassungsrechts&#8220;. Beginn ist um 18.30 im Auditorium Maximum der Humboldt-Universit\u00e4t zu Berlin (Unter den Linden 6).<\/p>\n<p>Am 27. Juli um 10 Uhr stehen die Wechselwirkungen von Verfassungsgerichtsbarkeit und sozialem Wandel auf dem Programm. Auf dem Podium sitzen Jutta Limbach, der ehemalige Karlsruher Richter Dieter Grimm sowie die Verfassungsrichter Pedro Cruz Viaillon aus Spanien und Miroslaw Wyrzykowski aus Polen. <\/p>\n<p>Anmeldung und Programm unter: http:\/\/www.lsa-berlin.org\/presse <br \/>\nR\u00fcckfragen: Jeannette Goddar, Dr. Petra Krimphove, <br \/>\nTel. 0175 512 2048, Mail: presse-lsa@hu-berlin.de <\/p>\n<p>Gerne Interviews mit den Berliner ProfessorInnen Susanne Baer und Thomas Raiser, die ma\u00dfgeblich an der Konferenz beteiligt sind. <\/p>\n<p>Weitere Informationen:<br \/>\nhttp:\/\/www.lsa-berlin.org\/presse<\/p>\n<p><\/p>\n","protected":false},"excerpt":{"rendered":"<p>Weltgr\u00f6\u00dfte Tagung der Rechtssoziologie an der<br \/>\nHumboldt-Universit\u00e4t zu Berlin <\/p>\n<p>Mit dem Zusammenhang von Recht und Gesellschaft befassen sich vom 25. bis 28. Juli 2007 in Berlin 2500 Wissenschaftlerinnen und Wissenschaftler aus mehr als 70 L\u00e4ndern.<br \/>\nKann Folter ein rechtsstaatliches Mittel im Kampf gegen den Terror sein? Welche Rolle spielen ethnische Herkunft, soziale Schicht und Geschlecht vor Gericht? Mehr:<\/p>\n","protected":false},"author":2,"featured_media":0,"comment_status":"closed","ping_status":"closed","sticky":false,"template":"","format":"standard","meta":{"footnotes":""},"categories":[26],"tags":[],"class_list":["post-84875","post","type-post","status-publish","format-standard","hentry","category-pinnwand","entry"],"yoast_head":"<!-- This site is optimized with the Yoast SEO plugin v21.0 - https:\/\/yoast.com\/wordpress\/plugins\/seo\/ -->\n<title>PINN weltgr\u00f6\u00dfte Tagung RechtsSoziologie, Berlin - Feminissima<\/title>\n<meta name=\"robots\" content=\"index, follow, max-snippet:-1, max-image-preview:large, max-video-preview:-1\" \/>\n<link rel=\"canonical\" href=\"https:\/\/feminissima.de\/index.php\/2007\/07\/20\/pinn-weltgroesste-tagung-rechtssoziologie-berlin\/\" \/>\n<meta property=\"og:locale\" content=\"de_DE\" \/>\n<meta property=\"og:type\" content=\"article\" \/>\n<meta property=\"og:title\" content=\"PINN weltgr\u00f6\u00dfte Tagung RechtsSoziologie, Berlin - Feminissima\" \/>\n<meta property=\"og:description\" content=\"Weltgr\u00f6\u00dfte Tagung der Rechtssoziologie an der Humboldt-Universit\u00e4t zu Berlin  Mit dem Zusammenhang von Recht und Gesellschaft befassen sich vom 25. bis 28. Juli 2007 in Berlin 2500 Wissenschaftlerinnen und Wissenschaftler aus mehr als 70 L\u00e4ndern. Kann Folter ein rechtsstaatliches Mittel im Kampf gegen den Terror sein? Welche Rolle spielen ethnische Herkunft, soziale Schicht und Geschlecht vor Gericht? Mehr:\" \/>\n<meta property=\"og:url\" content=\"https:\/\/feminissima.de\/index.php\/2007\/07\/20\/pinn-weltgroesste-tagung-rechtssoziologie-berlin\/\" \/>\n<meta property=\"og:site_name\" content=\"Feminissima\" \/>\n<meta property=\"article:published_time\" content=\"2007-07-20T19:15:07+00:00\" \/>\n<meta name=\"author\" content=\"admin\" \/>\n<meta name=\"twitter:card\" content=\"summary_large_image\" \/>\n<meta name=\"twitter:label1\" content=\"Verfasst von\" \/>\n\t<meta name=\"twitter:data1\" content=\"admin\" \/>\n\t<meta name=\"twitter:label2\" content=\"Gesch\u00e4tzte Lesezeit\" \/>\n\t<meta name=\"twitter:data2\" content=\"2\u00a0Minuten\" \/>\n<script type=\"application\/ld+json\" class=\"yoast-schema-graph\">{\"@context\":\"https:\/\/schema.org\",\"@graph\":[{\"@type\":\"WebPage\",\"@id\":\"https:\/\/feminissima.de\/index.php\/2007\/07\/20\/pinn-weltgroesste-tagung-rechtssoziologie-berlin\/\",\"url\":\"https:\/\/feminissima.de\/index.php\/2007\/07\/20\/pinn-weltgroesste-tagung-rechtssoziologie-berlin\/\",\"name\":\"PINN weltgr\u00f6\u00dfte Tagung RechtsSoziologie, Berlin - Feminissima\",\"isPartOf\":{\"@id\":\"https:\/\/feminissima.de\/#website\"},\"datePublished\":\"2007-07-20T19:15:07+00:00\",\"dateModified\":\"2007-07-20T19:15:07+00:00\",\"author\":{\"@id\":\"https:\/\/feminissima.de\/#\/schema\/person\/0b901e053624f88e7ecbea289d9d5128\"},\"breadcrumb\":{\"@id\":\"https:\/\/feminissima.de\/index.php\/2007\/07\/20\/pinn-weltgroesste-tagung-rechtssoziologie-berlin\/#breadcrumb\"},\"inLanguage\":\"de\",\"potentialAction\":[{\"@type\":\"ReadAction\",\"target\":[\"https:\/\/feminissima.de\/index.php\/2007\/07\/20\/pinn-weltgroesste-tagung-rechtssoziologie-berlin\/\"]}]},{\"@type\":\"BreadcrumbList\",\"@id\":\"https:\/\/feminissima.de\/index.php\/2007\/07\/20\/pinn-weltgroesste-tagung-rechtssoziologie-berlin\/#breadcrumb\",\"itemListElement\":[{\"@type\":\"ListItem\",\"position\":1,\"name\":\"Startseite\",\"item\":\"https:\/\/feminissima.de\/\"},{\"@type\":\"ListItem\",\"position\":2,\"name\":\"PINN weltgr\u00f6\u00dfte Tagung RechtsSoziologie, Berlin\"}]},{\"@type\":\"WebSite\",\"@id\":\"https:\/\/feminissima.de\/#website\",\"url\":\"https:\/\/feminissima.de\/\",\"name\":\"Feminissima\",\"description\":\"\",\"potentialAction\":[{\"@type\":\"SearchAction\",\"target\":{\"@type\":\"EntryPoint\",\"urlTemplate\":\"https:\/\/feminissima.de\/?s={search_term_string}\"},\"query-input\":\"required name=search_term_string\"}],\"inLanguage\":\"de\"},{\"@type\":\"Person\",\"@id\":\"https:\/\/feminissima.de\/#\/schema\/person\/0b901e053624f88e7ecbea289d9d5128\",\"name\":\"admin\",\"image\":{\"@type\":\"ImageObject\",\"inLanguage\":\"de\",\"@id\":\"https:\/\/feminissima.de\/#\/schema\/person\/image\/\",\"url\":\"https:\/\/secure.gravatar.com\/avatar\/8da1f51327453c0bf63338e8e2a791948b7d2ac19b68839492d1e69aac6924a8?s=96&d=mm&r=g\",\"contentUrl\":\"https:\/\/secure.gravatar.com\/avatar\/8da1f51327453c0bf63338e8e2a791948b7d2ac19b68839492d1e69aac6924a8?s=96&d=mm&r=g\",\"caption\":\"admin\"},\"url\":\"https:\/\/feminissima.de\/index.php\/author\/admin\/\"}]}<\/script>\n<!-- \/ Yoast SEO plugin. -->","yoast_head_json":{"title":"PINN weltgr\u00f6\u00dfte Tagung RechtsSoziologie, Berlin - Feminissima","robots":{"index":"index","follow":"follow","max-snippet":"max-snippet:-1","max-image-preview":"max-image-preview:large","max-video-preview":"max-video-preview:-1"},"canonical":"https:\/\/feminissima.de\/index.php\/2007\/07\/20\/pinn-weltgroesste-tagung-rechtssoziologie-berlin\/","og_locale":"de_DE","og_type":"article","og_title":"PINN weltgr\u00f6\u00dfte Tagung RechtsSoziologie, Berlin - Feminissima","og_description":"Weltgr\u00f6\u00dfte Tagung der Rechtssoziologie an der Humboldt-Universit\u00e4t zu Berlin  Mit dem Zusammenhang von Recht und Gesellschaft befassen sich vom 25. bis 28. Juli 2007 in Berlin 2500 Wissenschaftlerinnen und Wissenschaftler aus mehr als 70 L\u00e4ndern. Kann Folter ein rechtsstaatliches Mittel im Kampf gegen den Terror sein? Welche Rolle spielen ethnische Herkunft, soziale Schicht und Geschlecht vor Gericht? Mehr:","og_url":"https:\/\/feminissima.de\/index.php\/2007\/07\/20\/pinn-weltgroesste-tagung-rechtssoziologie-berlin\/","og_site_name":"Feminissima","article_published_time":"2007-07-20T19:15:07+00:00","author":"admin","twitter_card":"summary_large_image","twitter_misc":{"Verfasst von":"admin","Gesch\u00e4tzte Lesezeit":"2\u00a0Minuten"},"schema":{"@context":"https:\/\/schema.org","@graph":[{"@type":"WebPage","@id":"https:\/\/feminissima.de\/index.php\/2007\/07\/20\/pinn-weltgroesste-tagung-rechtssoziologie-berlin\/","url":"https:\/\/feminissima.de\/index.php\/2007\/07\/20\/pinn-weltgroesste-tagung-rechtssoziologie-berlin\/","name":"PINN weltgr\u00f6\u00dfte Tagung RechtsSoziologie, Berlin - Feminissima","isPartOf":{"@id":"https:\/\/feminissima.de\/#website"},"datePublished":"2007-07-20T19:15:07+00:00","dateModified":"2007-07-20T19:15:07+00:00","author":{"@id":"https:\/\/feminissima.de\/#\/schema\/person\/0b901e053624f88e7ecbea289d9d5128"},"breadcrumb":{"@id":"https:\/\/feminissima.de\/index.php\/2007\/07\/20\/pinn-weltgroesste-tagung-rechtssoziologie-berlin\/#breadcrumb"},"inLanguage":"de","potentialAction":[{"@type":"ReadAction","target":["https:\/\/feminissima.de\/index.php\/2007\/07\/20\/pinn-weltgroesste-tagung-rechtssoziologie-berlin\/"]}]},{"@type":"BreadcrumbList","@id":"https:\/\/feminissima.de\/index.php\/2007\/07\/20\/pinn-weltgroesste-tagung-rechtssoziologie-berlin\/#breadcrumb","itemListElement":[{"@type":"ListItem","position":1,"name":"Startseite","item":"https:\/\/feminissima.de\/"},{"@type":"ListItem","position":2,"name":"PINN weltgr\u00f6\u00dfte Tagung RechtsSoziologie, Berlin"}]},{"@type":"WebSite","@id":"https:\/\/feminissima.de\/#website","url":"https:\/\/feminissima.de\/","name":"Feminissima","description":"","potentialAction":[{"@type":"SearchAction","target":{"@type":"EntryPoint","urlTemplate":"https:\/\/feminissima.de\/?s={search_term_string}"},"query-input":"required name=search_term_string"}],"inLanguage":"de"},{"@type":"Person","@id":"https:\/\/feminissima.de\/#\/schema\/person\/0b901e053624f88e7ecbea289d9d5128","name":"admin","image":{"@type":"ImageObject","inLanguage":"de","@id":"https:\/\/feminissima.de\/#\/schema\/person\/image\/","url":"https:\/\/secure.gravatar.com\/avatar\/8da1f51327453c0bf63338e8e2a791948b7d2ac19b68839492d1e69aac6924a8?s=96&d=mm&r=g","contentUrl":"https:\/\/secure.gravatar.com\/avatar\/8da1f51327453c0bf63338e8e2a791948b7d2ac19b68839492d1e69aac6924a8?s=96&d=mm&r=g","caption":"admin"},"url":"https:\/\/feminissima.de\/index.php\/author\/admin\/"}]}},"jetpack_featured_media_url":"","_links":{"self":[{"href":"https:\/\/feminissima.de\/index.php\/wp-json\/wp\/v2\/posts\/84875","targetHints":{"allow":["GET"]}}],"collection":[{"href":"https:\/\/feminissima.de\/index.php\/wp-json\/wp\/v2\/posts"}],"about":[{"href":"https:\/\/feminissima.de\/index.php\/wp-json\/wp\/v2\/types\/post"}],"author":[{"embeddable":true,"href":"https:\/\/feminissima.de\/index.php\/wp-json\/wp\/v2\/users\/2"}],"replies":[{"embeddable":true,"href":"https:\/\/feminissima.de\/index.php\/wp-json\/wp\/v2\/comments?post=84875"}],"version-history":[{"count":0,"href":"https:\/\/feminissima.de\/index.php\/wp-json\/wp\/v2\/posts\/84875\/revisions"}],"wp:attachment":[{"href":"https:\/\/feminissima.de\/index.php\/wp-json\/wp\/v2\/media?parent=84875"}],"wp:term":[{"taxonomy":"category","embeddable":true,"href":"https:\/\/feminissima.de\/index.php\/wp-json\/wp\/v2\/categories?post=84875"},{"taxonomy":"post_tag","embeddable":true,"href":"https:\/\/feminissima.de\/index.php\/wp-json\/wp\/v2\/tags?post=84875"}],"curies":[{"name":"wp","href":"https:\/\/api.w.org\/{rel}","templated":true}]}}