{"id":84873,"date":"2007-07-20T11:19:30","date_gmt":"2007-07-20T11:19:30","guid":{"rendered":"http:\/\/www.feminissima.de\/?p=84873"},"modified":"2007-07-20T11:19:30","modified_gmt":"2007-07-20T11:19:30","slug":"63-jahrestag-gescheitertes-attentat-20-7-07","status":"publish","type":"post","link":"https:\/\/feminissima.de\/index.php\/2007\/07\/20\/63-jahrestag-gescheitertes-attentat-20-7-07\/","title":{"rendered":"63. Jahrestag gescheitertes Attentat  (20.7.07)"},"content":{"rendered":"<p>Altkanzler Kohl h\u00e4lt Rede bei Gel\u00f6bnis<br \/>\nGedenken an Hitler-Attent\u00e4ter<br \/>\nClaus Schenk Graf von Stauffenberg <br \/>\nAm 63. Jahrestags des gescheiterten Hitler-Attentats w\u00fcrdigen Bundesregierung und Bundeswehr heute die Widerstandsk\u00e4mpfer vom 20. Juli 1944<\/p>\n<p>\nMehr: Quelle: ard-online.de<br \/>\nTraditionell legen am Abend Rekruten ihr Gel\u00f6bnis am Bendlerblock ab. Die Reden halten Alt-Bundeskanzler Kohl und Verteidigungsminister Jung. Um St\u00f6rungen zu verhindern, ist die Polizei mit mehreren hundert Beamten im Einsatz. Neben den rund 2000 geladenen G\u00e4sten werden auch mehrere hundert Demonstranten erwartet. Das Gel\u00f6bnis findet zum neunten Mal am Jahrestag des Attentats auf Hitler im Bendlerblock, dem Sitz des Ministeriums, statt. In den vergangenen Jahren gab es beinahe traditionell auch Proteste mit spektakul\u00e4ren Aktionen dagegen. Mehrfach hatten sich Bundeswehrgegner Zugang verschafft und liefen nackt mitten w\u00e4hrend des Gel\u00f6bnisses \u00fcber den Paradeplatz. Im letzten Jahr hatten allerdings keine Aktionen stattgefunden.<\/p>\n<p>Am 63. Jahrestags des gescheiterten Hitler-Attentats w\u00fcrdigen Bundesregierung und Bundeswehr heute die Widerstandsk\u00e4mpfer vom 20. Juli. Vertreter von Bundesrat und Bundesverfassungsgericht legen am Mittag Kr\u00e4nze im Ehrenhof des Bendlerblocks nieder. Auch in der Gedenkst\u00e4tte Pl\u00f6tzensee wird mit einer Feierstunde der Gruppe um Oberst Claus Graf Schenk von Stauffenberg gedacht.<br \/>\nTraditionell legen am Abend Rekruten ihr Gel\u00f6bnis am Bendlerblock ab. Die Reden halten Alt-Bundeskanzler Kohl und Verteidigungsminister Jung. Um St\u00f6rungen zu verhindern, ist die Polizei mit mehreren hundert Beamten im Einsatz. Neben den rund 2000 geladenen G\u00e4sten werden auch mehrere hundert Demonstranten erwartet. Das Gel\u00f6bnis findet zum neunten Mal am Jahrestag des Attentats auf Hitler im Bendlerblock, dem Sitz des Ministeriums, statt. In den vergangenen Jahren gab es beinahe traditionell auch Proteste mit spektakul\u00e4ren Aktionen dagegen. Mehrfach hatten sich Bundeswehrgegner Zugang verschafft und liefen nackt mitten w\u00e4hrend des Gel\u00f6bnisses \u00fcber den Paradeplatz. Im letzten Jahr hatten allerdings keine Aktionen stattgefunden.<br \/>\n><br \/>\nDie Gruppe um Stauffenberg hatte am 20. Juli 1944 versucht, Hitler durch eine Bombe in der Wolfsschanze bei Rastenburg zu t\u00f6ten. Dieser wurde bei dem Attentat jedoch nur leicht verletzt. Stauffenberg und drei Mitverschw\u00f6rer wurden noch am Abend im Ehrenhof des Bendlerblocks erschossen.<\/p>\n<p><\/p>\n","protected":false},"excerpt":{"rendered":"<p>Altkanzler Kohl h\u00e4lt Rede bei Gel\u00f6bnis<br \/>\nGedenken an Hitler-Attent\u00e4ter<br \/>\nClaus Schenk Graf von Stauffenberg <br \/>\nAm 63. Jahrestags des gescheiterten Hitler-Attentats w\u00fcrdigen Bundesregierung und Bundeswehr heute die Widerstandsk\u00e4mpfer vom 20. Juli 1944<\/p>\n<p>\nMehr: Quelle: ard-online.de<br \/>\nTraditionell legen am Abend Rekruten ihr Gel\u00f6bnis am Bendlerblock ab. Die Reden halten Alt-Bundeskanzler Kohl und Verteidigungsminister Jung. Um St\u00f6rungen zu verhindern, ist die Polizei mit mehreren hundert Beamten im Einsatz. Neben den rund 2000 geladenen G\u00e4sten werden auch mehrere hundert Demonstranten erwartet. Das Gel\u00f6bnis findet zum neunten Mal am Jahrestag des Attentats auf Hitler im Bendlerblock, dem Sitz des Ministeriums, statt. In den vergangenen Jahren gab es beinahe traditionell auch Proteste mit spektakul\u00e4ren Aktionen dagegen. Mehrfach hatten sich Bundeswehrgegner Zugang verschafft und liefen nackt mitten w\u00e4hrend des Gel\u00f6bnisses \u00fcber den Paradeplatz. Im letzten Jahr hatten allerdings keine Aktionen stattgefunden.<\/p>\n","protected":false},"author":2,"featured_media":0,"comment_status":"closed","ping_status":"closed","sticky":false,"template":"","format":"standard","meta":{"footnotes":""},"categories":[14],"tags":[],"class_list":["post-84873","post","type-post","status-publish","format-standard","hentry","category-fempolitik","entry"],"yoast_head":"<!-- This site is optimized with the Yoast SEO plugin v21.0 - https:\/\/yoast.com\/wordpress\/plugins\/seo\/ -->\n<title>63. Jahrestag gescheitertes Attentat (20.7.07) - Feminissima<\/title>\n<meta name=\"robots\" content=\"index, follow, max-snippet:-1, max-image-preview:large, max-video-preview:-1\" \/>\n<link rel=\"canonical\" href=\"https:\/\/feminissima.de\/index.php\/2007\/07\/20\/63-jahrestag-gescheitertes-attentat-20-7-07\/\" \/>\n<meta property=\"og:locale\" content=\"de_DE\" \/>\n<meta property=\"og:type\" content=\"article\" \/>\n<meta property=\"og:title\" content=\"63. Jahrestag gescheitertes Attentat (20.7.07) - Feminissima\" \/>\n<meta property=\"og:description\" content=\"Altkanzler Kohl h\u00e4lt Rede bei Gel\u00f6bnis Gedenken an Hitler-Attent\u00e4ter Claus Schenk Graf von Stauffenberg Am 63. Jahrestags des gescheiterten Hitler-Attentats w\u00fcrdigen Bundesregierung und Bundeswehr heute die Widerstandsk\u00e4mpfer vom 20. Juli 1944 Mehr: Quelle: ard-online.de Traditionell legen am Abend Rekruten ihr Gel\u00f6bnis am Bendlerblock ab. Die Reden halten Alt-Bundeskanzler Kohl und Verteidigungsminister Jung. Um St\u00f6rungen zu verhindern, ist die Polizei mit mehreren hundert Beamten im Einsatz. Neben den rund 2000 geladenen G\u00e4sten werden auch mehrere hundert Demonstranten erwartet. Das Gel\u00f6bnis findet zum neunten Mal am Jahrestag des Attentats auf Hitler im Bendlerblock, dem Sitz des Ministeriums, statt. In den vergangenen Jahren gab es beinahe traditionell auch Proteste mit spektakul\u00e4ren Aktionen dagegen. Mehrfach hatten sich Bundeswehrgegner Zugang verschafft und liefen nackt mitten w\u00e4hrend des Gel\u00f6bnisses \u00fcber den Paradeplatz. Im letzten Jahr hatten allerdings keine Aktionen stattgefunden.\" \/>\n<meta property=\"og:url\" content=\"https:\/\/feminissima.de\/index.php\/2007\/07\/20\/63-jahrestag-gescheitertes-attentat-20-7-07\/\" \/>\n<meta property=\"og:site_name\" content=\"Feminissima\" \/>\n<meta property=\"article:published_time\" content=\"2007-07-20T11:19:30+00:00\" \/>\n<meta name=\"author\" content=\"admin\" \/>\n<meta name=\"twitter:card\" content=\"summary_large_image\" \/>\n<meta name=\"twitter:label1\" content=\"Verfasst von\" \/>\n\t<meta name=\"twitter:data1\" content=\"admin\" \/>\n\t<meta name=\"twitter:label2\" content=\"Gesch\u00e4tzte Lesezeit\" \/>\n\t<meta name=\"twitter:data2\" content=\"2\u00a0Minuten\" \/>\n<script type=\"application\/ld+json\" class=\"yoast-schema-graph\">{\"@context\":\"https:\/\/schema.org\",\"@graph\":[{\"@type\":\"WebPage\",\"@id\":\"https:\/\/feminissima.de\/index.php\/2007\/07\/20\/63-jahrestag-gescheitertes-attentat-20-7-07\/\",\"url\":\"https:\/\/feminissima.de\/index.php\/2007\/07\/20\/63-jahrestag-gescheitertes-attentat-20-7-07\/\",\"name\":\"63. Jahrestag gescheitertes Attentat (20.7.07) - Feminissima\",\"isPartOf\":{\"@id\":\"https:\/\/feminissima.de\/#website\"},\"datePublished\":\"2007-07-20T11:19:30+00:00\",\"dateModified\":\"2007-07-20T11:19:30+00:00\",\"author\":{\"@id\":\"https:\/\/feminissima.de\/#\/schema\/person\/0b901e053624f88e7ecbea289d9d5128\"},\"breadcrumb\":{\"@id\":\"https:\/\/feminissima.de\/index.php\/2007\/07\/20\/63-jahrestag-gescheitertes-attentat-20-7-07\/#breadcrumb\"},\"inLanguage\":\"de\",\"potentialAction\":[{\"@type\":\"ReadAction\",\"target\":[\"https:\/\/feminissima.de\/index.php\/2007\/07\/20\/63-jahrestag-gescheitertes-attentat-20-7-07\/\"]}]},{\"@type\":\"BreadcrumbList\",\"@id\":\"https:\/\/feminissima.de\/index.php\/2007\/07\/20\/63-jahrestag-gescheitertes-attentat-20-7-07\/#breadcrumb\",\"itemListElement\":[{\"@type\":\"ListItem\",\"position\":1,\"name\":\"Startseite\",\"item\":\"https:\/\/feminissima.de\/\"},{\"@type\":\"ListItem\",\"position\":2,\"name\":\"63. Jahrestag gescheitertes Attentat (20.7.07)\"}]},{\"@type\":\"WebSite\",\"@id\":\"https:\/\/feminissima.de\/#website\",\"url\":\"https:\/\/feminissima.de\/\",\"name\":\"Feminissima\",\"description\":\"\",\"potentialAction\":[{\"@type\":\"SearchAction\",\"target\":{\"@type\":\"EntryPoint\",\"urlTemplate\":\"https:\/\/feminissima.de\/?s={search_term_string}\"},\"query-input\":\"required name=search_term_string\"}],\"inLanguage\":\"de\"},{\"@type\":\"Person\",\"@id\":\"https:\/\/feminissima.de\/#\/schema\/person\/0b901e053624f88e7ecbea289d9d5128\",\"name\":\"admin\",\"image\":{\"@type\":\"ImageObject\",\"inLanguage\":\"de\",\"@id\":\"https:\/\/feminissima.de\/#\/schema\/person\/image\/\",\"url\":\"https:\/\/secure.gravatar.com\/avatar\/8da1f51327453c0bf63338e8e2a791948b7d2ac19b68839492d1e69aac6924a8?s=96&d=mm&r=g\",\"contentUrl\":\"https:\/\/secure.gravatar.com\/avatar\/8da1f51327453c0bf63338e8e2a791948b7d2ac19b68839492d1e69aac6924a8?s=96&d=mm&r=g\",\"caption\":\"admin\"},\"url\":\"https:\/\/feminissima.de\/index.php\/author\/admin\/\"}]}<\/script>\n<!-- \/ Yoast SEO plugin. -->","yoast_head_json":{"title":"63. Jahrestag gescheitertes Attentat (20.7.07) - Feminissima","robots":{"index":"index","follow":"follow","max-snippet":"max-snippet:-1","max-image-preview":"max-image-preview:large","max-video-preview":"max-video-preview:-1"},"canonical":"https:\/\/feminissima.de\/index.php\/2007\/07\/20\/63-jahrestag-gescheitertes-attentat-20-7-07\/","og_locale":"de_DE","og_type":"article","og_title":"63. Jahrestag gescheitertes Attentat (20.7.07) - Feminissima","og_description":"Altkanzler Kohl h\u00e4lt Rede bei Gel\u00f6bnis Gedenken an Hitler-Attent\u00e4ter Claus Schenk Graf von Stauffenberg Am 63. Jahrestags des gescheiterten Hitler-Attentats w\u00fcrdigen Bundesregierung und Bundeswehr heute die Widerstandsk\u00e4mpfer vom 20. Juli 1944 Mehr: Quelle: ard-online.de Traditionell legen am Abend Rekruten ihr Gel\u00f6bnis am Bendlerblock ab. Die Reden halten Alt-Bundeskanzler Kohl und Verteidigungsminister Jung. Um St\u00f6rungen zu verhindern, ist die Polizei mit mehreren hundert Beamten im Einsatz. Neben den rund 2000 geladenen G\u00e4sten werden auch mehrere hundert Demonstranten erwartet. Das Gel\u00f6bnis findet zum neunten Mal am Jahrestag des Attentats auf Hitler im Bendlerblock, dem Sitz des Ministeriums, statt. In den vergangenen Jahren gab es beinahe traditionell auch Proteste mit spektakul\u00e4ren Aktionen dagegen. Mehrfach hatten sich Bundeswehrgegner Zugang verschafft und liefen nackt mitten w\u00e4hrend des Gel\u00f6bnisses \u00fcber den Paradeplatz. Im letzten Jahr hatten allerdings keine Aktionen stattgefunden.","og_url":"https:\/\/feminissima.de\/index.php\/2007\/07\/20\/63-jahrestag-gescheitertes-attentat-20-7-07\/","og_site_name":"Feminissima","article_published_time":"2007-07-20T11:19:30+00:00","author":"admin","twitter_card":"summary_large_image","twitter_misc":{"Verfasst von":"admin","Gesch\u00e4tzte Lesezeit":"2\u00a0Minuten"},"schema":{"@context":"https:\/\/schema.org","@graph":[{"@type":"WebPage","@id":"https:\/\/feminissima.de\/index.php\/2007\/07\/20\/63-jahrestag-gescheitertes-attentat-20-7-07\/","url":"https:\/\/feminissima.de\/index.php\/2007\/07\/20\/63-jahrestag-gescheitertes-attentat-20-7-07\/","name":"63. Jahrestag gescheitertes Attentat (20.7.07) - Feminissima","isPartOf":{"@id":"https:\/\/feminissima.de\/#website"},"datePublished":"2007-07-20T11:19:30+00:00","dateModified":"2007-07-20T11:19:30+00:00","author":{"@id":"https:\/\/feminissima.de\/#\/schema\/person\/0b901e053624f88e7ecbea289d9d5128"},"breadcrumb":{"@id":"https:\/\/feminissima.de\/index.php\/2007\/07\/20\/63-jahrestag-gescheitertes-attentat-20-7-07\/#breadcrumb"},"inLanguage":"de","potentialAction":[{"@type":"ReadAction","target":["https:\/\/feminissima.de\/index.php\/2007\/07\/20\/63-jahrestag-gescheitertes-attentat-20-7-07\/"]}]},{"@type":"BreadcrumbList","@id":"https:\/\/feminissima.de\/index.php\/2007\/07\/20\/63-jahrestag-gescheitertes-attentat-20-7-07\/#breadcrumb","itemListElement":[{"@type":"ListItem","position":1,"name":"Startseite","item":"https:\/\/feminissima.de\/"},{"@type":"ListItem","position":2,"name":"63. Jahrestag gescheitertes Attentat (20.7.07)"}]},{"@type":"WebSite","@id":"https:\/\/feminissima.de\/#website","url":"https:\/\/feminissima.de\/","name":"Feminissima","description":"","potentialAction":[{"@type":"SearchAction","target":{"@type":"EntryPoint","urlTemplate":"https:\/\/feminissima.de\/?s={search_term_string}"},"query-input":"required name=search_term_string"}],"inLanguage":"de"},{"@type":"Person","@id":"https:\/\/feminissima.de\/#\/schema\/person\/0b901e053624f88e7ecbea289d9d5128","name":"admin","image":{"@type":"ImageObject","inLanguage":"de","@id":"https:\/\/feminissima.de\/#\/schema\/person\/image\/","url":"https:\/\/secure.gravatar.com\/avatar\/8da1f51327453c0bf63338e8e2a791948b7d2ac19b68839492d1e69aac6924a8?s=96&d=mm&r=g","contentUrl":"https:\/\/secure.gravatar.com\/avatar\/8da1f51327453c0bf63338e8e2a791948b7d2ac19b68839492d1e69aac6924a8?s=96&d=mm&r=g","caption":"admin"},"url":"https:\/\/feminissima.de\/index.php\/author\/admin\/"}]}},"jetpack_featured_media_url":"","_links":{"self":[{"href":"https:\/\/feminissima.de\/index.php\/wp-json\/wp\/v2\/posts\/84873","targetHints":{"allow":["GET"]}}],"collection":[{"href":"https:\/\/feminissima.de\/index.php\/wp-json\/wp\/v2\/posts"}],"about":[{"href":"https:\/\/feminissima.de\/index.php\/wp-json\/wp\/v2\/types\/post"}],"author":[{"embeddable":true,"href":"https:\/\/feminissima.de\/index.php\/wp-json\/wp\/v2\/users\/2"}],"replies":[{"embeddable":true,"href":"https:\/\/feminissima.de\/index.php\/wp-json\/wp\/v2\/comments?post=84873"}],"version-history":[{"count":0,"href":"https:\/\/feminissima.de\/index.php\/wp-json\/wp\/v2\/posts\/84873\/revisions"}],"wp:attachment":[{"href":"https:\/\/feminissima.de\/index.php\/wp-json\/wp\/v2\/media?parent=84873"}],"wp:term":[{"taxonomy":"category","embeddable":true,"href":"https:\/\/feminissima.de\/index.php\/wp-json\/wp\/v2\/categories?post=84873"},{"taxonomy":"post_tag","embeddable":true,"href":"https:\/\/feminissima.de\/index.php\/wp-json\/wp\/v2\/tags?post=84873"}],"curies":[{"name":"wp","href":"https:\/\/api.w.org\/{rel}","templated":true}]}}