{"id":84872,"date":"2007-07-18T13:38:57","date_gmt":"2007-07-18T13:38:57","guid":{"rendered":"http:\/\/www.feminissima.de\/?p=84872"},"modified":"2007-07-18T13:38:57","modified_gmt":"2007-07-18T13:38:57","slug":"airbus-320-crasht-in-sao-paulo-18-7-07","status":"publish","type":"post","link":"https:\/\/feminissima.de\/index.php\/2007\/07\/18\/airbus-320-crasht-in-sao-paulo-18-7-07\/","title":{"rendered":"AIRBUS 320 crasht in Sao Paulo \/18.7.07"},"content":{"rendered":"<p>am falschen Ende gespart.  <\/p>\n<p>Mehr: dpa-Bericht<br \/>18.07.2007<\/p>\n<p>Etwa 200 Tote bei Absturz in S\u00e3o Paulo<\/p>\n<p>S\u00e3o Paulo\/Brasilia (dpa) &#8211; Bei dem bisher wahrscheinlich schwersten Flugzeugungl\u00fcck in Brasilien sind nach Sch\u00e4tzungen der Feuerwehr in S\u00e3o Paulo etwa 200 Menschen ums Leben gekommen. <\/p>\n<p>\nGrauenvoller Tod im FlammeninfernoFlugzeugungl\u00fcck in S\u00e3o Paulo<\/p>\n<p>Etwa 200 Tote bei Absturz in S\u00e3o PauloDie schwersten Flugzeugungl\u00fcckeExperte: Landung im Regen kann schwierig werdenAirbus schickt ExpertenteamStichwort: Airbus A320<\/p>\n<p>Bei einem schweren Flugzeugungl\u00fcck in der brasilianischen Stadt Sao Paulo sind nach Sch\u00e4tzungen der Feuerwehr 200 Menschen ums Leben gekommen.<\/p>\n<p>\u00a9 dpa<\/p>\n<p>Ein Airbus A320 der brasilianischen Fluggesellschaft TAM war am Dienstagabend nach einem Inlandsflug bei der Landung auf dem Flughafen Congonhas mitten in der Millionenmetropole \u00fcber die regennasse Landebahn hinausgeschossen, \u00fcber eine Hauptstra\u00dfe gerutscht und in eine Tankstelle und ein Gesch\u00e4ftsgeb\u00e4ude gerast. Die Maschine und mehrere H\u00e4user gingen in Flammen auf. Die Rettungskr\u00e4fte gehen nicht davon aus, dass es unter den 176 Menschen an Bord der Maschine \u00dcberlebende gibt. Auch in den Geb\u00e4uden seien Menschen umgekommen.<\/p>\n<p>Bis zum fr\u00fchen Mittwochmorgen (Ortszeit) wurden nach offiziellen Angaben 40 Leichen geborgen. Staatspr\u00e4sident Luiz In\u00e1cio Lula da Silva ordnete eine dreit\u00e4gige Staatstrauer an. Die Ungl\u00fccksursache war zun\u00e4chst nicht bekannt. Erst Ende Juni war die Modernisierung der Hauptlandebahn abgeschlossen worden. Experten hatten jedoch kritisiert, dass sie ohne sicherheitserh\u00f6hende Rillen in Betrieb genommen wurde. Die Rillen sollen die Gefahr von Aquaplaning verringern.<\/p>\n<p>&#8222;Da gibt es wohl rund 200 tote Menschen&#8220;, meldete Feuerwehroberst Manuel da Silva Ara\u00fajo vom Unfallort. Rund 400 Feuerwehrm\u00e4nner sowie Dutzende Not\u00e4rzte und Polizeibeamte waren im Einsatz. Die Flammen waren auch Stunden nach dem Unfall noch nicht v\u00f6llig gel\u00f6scht. Das Feuer habe ein Geb\u00e4ude der TAM-Frachtabteilung sowie weitere Gesch\u00e4ftsgeb\u00e4ude und angrenzende H\u00e4user zerst\u00f6rt. Ein Geb\u00e4ude sei eingest\u00fcrzt. Mehrere Explosionen seien zu h\u00f6ren gewesen. Augenzeugen sprachen von Panik unter den Anwohnern.<\/p>\n<p>TEIL II:<\/p>\n<p>  Zum Inhalt      Hilfe | Accesskey-\u00dcbersichtLogin <br \/>\nRSS Feed Sucheim Webbei GMXThemen<br \/>\nNachrichten<br \/>\nDeutschlandAuslandPanorama<br \/>\nNaturkatastrophenVermischtesUngl\u00fcckeGewaltProzesseKrankheitenSkurrilesWetterGMX hilftThemen<br \/>\nNachrichtenSportAmerica&#8217;s CupFinanzenBerufUnterhaltungLifestyleDigitale WeltGesundheitMotorReiseWissenMarktplatz<br \/>\nLottoserviceSinglesFinanzserviceBonusClubTool Download<\/p>\n<p> Sie sind hier: GMX Homepage  Themen  Nachrichten  Panorama  Ungl\u00fcckeUngl\u00fccke18.07.2007<br \/>\nEtwa 200 Tote bei Absturz in S\u00e3o Paulo<br \/>\n Zur\u00fcck1 | 2<br \/>\nDer st\u00e4dtische Flughafen Congonhas wurde f\u00fcr unbestimmte Zeit geschlossen, so ein Regierungssprecher. <\/p>\n<p>Ungl\u00fccke <br \/>\nDie schwersten Flugzeugungl\u00fccke<br \/>\nDie schlimmsten Katastrophen seit dem Jahr 2000. mehr<br \/>\nDer Airport Congonhas wurde in den 30er Jahren in einem damals menschenleeren Gebiet gebaut, steht heute aber im vornehmen Viertel Moema in unmittelbarer Nachbarschaft von Hochh\u00e4usern, Hotels und Einkaufszentren. Ein Richter hatte erst im Februar die Landung gr\u00f6\u00dferer Maschinen wegen der Beschaffenheit und der unzureichenden L\u00e4nge der Bahn verboten. Das Urteil wurde sp\u00e4ter aber wieder aufgehoben. Die Ungl\u00fccksmaschine war aus der s\u00fcdbrasilianischen Provinzhauptstadt Porto Alegre gekommen. Sie kollidierte nach Medienberichten bei dem Unfall auch mit einigen Autos, als sie \u00fcber die an den Flughafen grenzende Stra\u00dfe rutschte. <\/p>\n<p>Mehr zum Thema<\/p>\n<p>Grauenvoller Tod im FlammeninfernoFlugzeugungl\u00fcck in S\u00e3o Paulo<\/p>\n<p>Etwa 200 Tote bei Absturz in S\u00e3o PauloDie schwersten Flugzeugungl\u00fcckeExperte: Landung im Regen kann schwierig werdenAirbus schickt ExpertenteamStichwort: Airbus A320<br \/>\nVermutlich habe der Pilot nach der gescheiterten Landung noch versucht, durchzustarten, meinten Experten. Nach Angaben der Fluggesellschaft befanden sich 155 Passagiere, 15 TAM-Mitarbeiter sowie sechs Besatzungsmitglieder an Bord.<\/p>\n<p>Pr\u00e4sident Lula sei &#8222;tief betroffen&#8220; und verspreche eine gr\u00fcndliche Untersuchung, sagte ein Regierungssprecher. Der Staatschef rief einige seiner Minister noch in der Nacht zu einem Krisentreffen in Brasilia zusammen. Erst im September 2006 war das Land vom bis dato schlimmsten Flugzeugunfall seiner Geschichte ersch\u00fcttert worden. Eine Maschine der Airline Gol stie\u00df \u00fcber dem Amazonas-Urwald mit einer kleineren Privatmaschine zusammen. Alle 155 Insassen des Gol- Flugzeugs starben, die Privatmaschine konnte notlanden.<\/p>\n<p>Seitdem haben die Fluglotsen des Landes mehrfach gestreikt. Sie fordern bessere Arbeitsbedingungen und werfen der Regierung Tatenlosigkeit vor. Lula wies die Kritik zur\u00fcck und erkl\u00e4rte, Brasilien habe eines der modernsten Luftkontrollsysteme der Welt. Die Opposition drohte wegen der Krise mehrfach mit einem parlamentarischen Untersuchungsausschuss.<\/p>\n<p>Anzeige<br \/>\nCongonhas ist nach Guarulhos der zweitgr\u00f6\u00dfte Flughafen S\u00e3o Paulos. Erst am Montag war eine andere Maschine bei der Landung in Congonhas von der Landbahn abgekommen. Die Maschine kam erst auf einer Rasenfl\u00e4che unweit des Absperrzauns um den Flughafen zum Stehen. Am 31. Oktober 1996 war eine Fokker der TAM kurz nach dem Start in Congonhas abgest\u00fcrzt. Alle 90 Passagiere und sechs Besatzungsmitglieder sowie drei Menschen am Boden waren ums Leben gekommen.<\/p>\n<p>Die 1961 gegr\u00fcndete TAM ist auf Expansionskurs und mit einem Marktanteil von mehr als 50 Prozent die gr\u00f6\u00dfte Fluggesellschaft Brasiliens. Sie besch\u00e4ftigt 10 500 Menschen und fliegt die Nachbarl\u00e4nder, die USA sowie Gro\u00dfbritannien, Frankreich und Italien an.<\/p>\n<p><\/p>\n","protected":false},"excerpt":{"rendered":"<p>am falschen Ende gespart.  <\/p>\n<p>Mehr: dpa-Bericht<\/p>\n","protected":false},"author":2,"featured_media":0,"comment_status":"closed","ping_status":"closed","sticky":false,"template":"","format":"standard","meta":{"footnotes":""},"categories":[17],"tags":[],"class_list":["post-84872","post","type-post","status-publish","format-standard","hentry","category-femwirtschaft","entry"],"yoast_head":"<!-- This site is optimized with the Yoast SEO plugin v21.0 - https:\/\/yoast.com\/wordpress\/plugins\/seo\/ -->\n<title>AIRBUS 320 crasht in Sao Paulo \/18.7.07 - Feminissima<\/title>\n<meta name=\"robots\" content=\"index, follow, max-snippet:-1, max-image-preview:large, max-video-preview:-1\" \/>\n<link rel=\"canonical\" href=\"https:\/\/feminissima.de\/index.php\/2007\/07\/18\/airbus-320-crasht-in-sao-paulo-18-7-07\/\" \/>\n<meta property=\"og:locale\" content=\"de_DE\" \/>\n<meta property=\"og:type\" content=\"article\" \/>\n<meta property=\"og:title\" content=\"AIRBUS 320 crasht in Sao Paulo \/18.7.07 - Feminissima\" \/>\n<meta property=\"og:description\" content=\"am falschen Ende gespart.  Mehr: dpa-Bericht\" \/>\n<meta property=\"og:url\" content=\"https:\/\/feminissima.de\/index.php\/2007\/07\/18\/airbus-320-crasht-in-sao-paulo-18-7-07\/\" \/>\n<meta property=\"og:site_name\" content=\"Feminissima\" \/>\n<meta property=\"article:published_time\" content=\"2007-07-18T13:38:57+00:00\" \/>\n<meta name=\"author\" content=\"admin\" \/>\n<meta name=\"twitter:card\" content=\"summary_large_image\" \/>\n<meta name=\"twitter:label1\" content=\"Verfasst von\" \/>\n\t<meta name=\"twitter:data1\" content=\"admin\" \/>\n\t<meta name=\"twitter:label2\" content=\"Gesch\u00e4tzte Lesezeit\" \/>\n\t<meta name=\"twitter:data2\" content=\"4\u00a0Minuten\" \/>\n<script type=\"application\/ld+json\" class=\"yoast-schema-graph\">{\"@context\":\"https:\/\/schema.org\",\"@graph\":[{\"@type\":\"WebPage\",\"@id\":\"https:\/\/feminissima.de\/index.php\/2007\/07\/18\/airbus-320-crasht-in-sao-paulo-18-7-07\/\",\"url\":\"https:\/\/feminissima.de\/index.php\/2007\/07\/18\/airbus-320-crasht-in-sao-paulo-18-7-07\/\",\"name\":\"AIRBUS 320 crasht in Sao Paulo \/18.7.07 - Feminissima\",\"isPartOf\":{\"@id\":\"https:\/\/feminissima.de\/#website\"},\"datePublished\":\"2007-07-18T13:38:57+00:00\",\"dateModified\":\"2007-07-18T13:38:57+00:00\",\"author\":{\"@id\":\"https:\/\/feminissima.de\/#\/schema\/person\/0b901e053624f88e7ecbea289d9d5128\"},\"breadcrumb\":{\"@id\":\"https:\/\/feminissima.de\/index.php\/2007\/07\/18\/airbus-320-crasht-in-sao-paulo-18-7-07\/#breadcrumb\"},\"inLanguage\":\"de\",\"potentialAction\":[{\"@type\":\"ReadAction\",\"target\":[\"https:\/\/feminissima.de\/index.php\/2007\/07\/18\/airbus-320-crasht-in-sao-paulo-18-7-07\/\"]}]},{\"@type\":\"BreadcrumbList\",\"@id\":\"https:\/\/feminissima.de\/index.php\/2007\/07\/18\/airbus-320-crasht-in-sao-paulo-18-7-07\/#breadcrumb\",\"itemListElement\":[{\"@type\":\"ListItem\",\"position\":1,\"name\":\"Startseite\",\"item\":\"https:\/\/feminissima.de\/\"},{\"@type\":\"ListItem\",\"position\":2,\"name\":\"AIRBUS 320 crasht in Sao Paulo \/18.7.07\"}]},{\"@type\":\"WebSite\",\"@id\":\"https:\/\/feminissima.de\/#website\",\"url\":\"https:\/\/feminissima.de\/\",\"name\":\"Feminissima\",\"description\":\"\",\"potentialAction\":[{\"@type\":\"SearchAction\",\"target\":{\"@type\":\"EntryPoint\",\"urlTemplate\":\"https:\/\/feminissima.de\/?s={search_term_string}\"},\"query-input\":\"required name=search_term_string\"}],\"inLanguage\":\"de\"},{\"@type\":\"Person\",\"@id\":\"https:\/\/feminissima.de\/#\/schema\/person\/0b901e053624f88e7ecbea289d9d5128\",\"name\":\"admin\",\"image\":{\"@type\":\"ImageObject\",\"inLanguage\":\"de\",\"@id\":\"https:\/\/feminissima.de\/#\/schema\/person\/image\/\",\"url\":\"https:\/\/secure.gravatar.com\/avatar\/8da1f51327453c0bf63338e8e2a791948b7d2ac19b68839492d1e69aac6924a8?s=96&d=mm&r=g\",\"contentUrl\":\"https:\/\/secure.gravatar.com\/avatar\/8da1f51327453c0bf63338e8e2a791948b7d2ac19b68839492d1e69aac6924a8?s=96&d=mm&r=g\",\"caption\":\"admin\"},\"url\":\"https:\/\/feminissima.de\/index.php\/author\/admin\/\"}]}<\/script>\n<!-- \/ Yoast SEO plugin. -->","yoast_head_json":{"title":"AIRBUS 320 crasht in Sao Paulo \/18.7.07 - Feminissima","robots":{"index":"index","follow":"follow","max-snippet":"max-snippet:-1","max-image-preview":"max-image-preview:large","max-video-preview":"max-video-preview:-1"},"canonical":"https:\/\/feminissima.de\/index.php\/2007\/07\/18\/airbus-320-crasht-in-sao-paulo-18-7-07\/","og_locale":"de_DE","og_type":"article","og_title":"AIRBUS 320 crasht in Sao Paulo \/18.7.07 - Feminissima","og_description":"am falschen Ende gespart.  Mehr: dpa-Bericht","og_url":"https:\/\/feminissima.de\/index.php\/2007\/07\/18\/airbus-320-crasht-in-sao-paulo-18-7-07\/","og_site_name":"Feminissima","article_published_time":"2007-07-18T13:38:57+00:00","author":"admin","twitter_card":"summary_large_image","twitter_misc":{"Verfasst von":"admin","Gesch\u00e4tzte Lesezeit":"4\u00a0Minuten"},"schema":{"@context":"https:\/\/schema.org","@graph":[{"@type":"WebPage","@id":"https:\/\/feminissima.de\/index.php\/2007\/07\/18\/airbus-320-crasht-in-sao-paulo-18-7-07\/","url":"https:\/\/feminissima.de\/index.php\/2007\/07\/18\/airbus-320-crasht-in-sao-paulo-18-7-07\/","name":"AIRBUS 320 crasht in Sao Paulo \/18.7.07 - Feminissima","isPartOf":{"@id":"https:\/\/feminissima.de\/#website"},"datePublished":"2007-07-18T13:38:57+00:00","dateModified":"2007-07-18T13:38:57+00:00","author":{"@id":"https:\/\/feminissima.de\/#\/schema\/person\/0b901e053624f88e7ecbea289d9d5128"},"breadcrumb":{"@id":"https:\/\/feminissima.de\/index.php\/2007\/07\/18\/airbus-320-crasht-in-sao-paulo-18-7-07\/#breadcrumb"},"inLanguage":"de","potentialAction":[{"@type":"ReadAction","target":["https:\/\/feminissima.de\/index.php\/2007\/07\/18\/airbus-320-crasht-in-sao-paulo-18-7-07\/"]}]},{"@type":"BreadcrumbList","@id":"https:\/\/feminissima.de\/index.php\/2007\/07\/18\/airbus-320-crasht-in-sao-paulo-18-7-07\/#breadcrumb","itemListElement":[{"@type":"ListItem","position":1,"name":"Startseite","item":"https:\/\/feminissima.de\/"},{"@type":"ListItem","position":2,"name":"AIRBUS 320 crasht in Sao Paulo \/18.7.07"}]},{"@type":"WebSite","@id":"https:\/\/feminissima.de\/#website","url":"https:\/\/feminissima.de\/","name":"Feminissima","description":"","potentialAction":[{"@type":"SearchAction","target":{"@type":"EntryPoint","urlTemplate":"https:\/\/feminissima.de\/?s={search_term_string}"},"query-input":"required name=search_term_string"}],"inLanguage":"de"},{"@type":"Person","@id":"https:\/\/feminissima.de\/#\/schema\/person\/0b901e053624f88e7ecbea289d9d5128","name":"admin","image":{"@type":"ImageObject","inLanguage":"de","@id":"https:\/\/feminissima.de\/#\/schema\/person\/image\/","url":"https:\/\/secure.gravatar.com\/avatar\/8da1f51327453c0bf63338e8e2a791948b7d2ac19b68839492d1e69aac6924a8?s=96&d=mm&r=g","contentUrl":"https:\/\/secure.gravatar.com\/avatar\/8da1f51327453c0bf63338e8e2a791948b7d2ac19b68839492d1e69aac6924a8?s=96&d=mm&r=g","caption":"admin"},"url":"https:\/\/feminissima.de\/index.php\/author\/admin\/"}]}},"jetpack_featured_media_url":"","_links":{"self":[{"href":"https:\/\/feminissima.de\/index.php\/wp-json\/wp\/v2\/posts\/84872","targetHints":{"allow":["GET"]}}],"collection":[{"href":"https:\/\/feminissima.de\/index.php\/wp-json\/wp\/v2\/posts"}],"about":[{"href":"https:\/\/feminissima.de\/index.php\/wp-json\/wp\/v2\/types\/post"}],"author":[{"embeddable":true,"href":"https:\/\/feminissima.de\/index.php\/wp-json\/wp\/v2\/users\/2"}],"replies":[{"embeddable":true,"href":"https:\/\/feminissima.de\/index.php\/wp-json\/wp\/v2\/comments?post=84872"}],"version-history":[{"count":0,"href":"https:\/\/feminissima.de\/index.php\/wp-json\/wp\/v2\/posts\/84872\/revisions"}],"wp:attachment":[{"href":"https:\/\/feminissima.de\/index.php\/wp-json\/wp\/v2\/media?parent=84872"}],"wp:term":[{"taxonomy":"category","embeddable":true,"href":"https:\/\/feminissima.de\/index.php\/wp-json\/wp\/v2\/categories?post=84872"},{"taxonomy":"post_tag","embeddable":true,"href":"https:\/\/feminissima.de\/index.php\/wp-json\/wp\/v2\/tags?post=84872"}],"curies":[{"name":"wp","href":"https:\/\/api.w.org\/{rel}","templated":true}]}}