{"id":84871,"date":"2007-07-18T13:25:31","date_gmt":"2007-07-18T13:25:31","guid":{"rendered":"http:\/\/www.feminissima.de\/?p=84871"},"modified":"2007-07-18T13:25:31","modified_gmt":"2007-07-18T13:25:31","slug":"berliner-bankenskandal-prof-grottian-voruebergehend-inhaftiert7-07","status":"publish","type":"post","link":"https:\/\/feminissima.de\/index.php\/2007\/07\/18\/berliner-bankenskandal-prof-grottian-voruebergehend-inhaftiert7-07\/","title":{"rendered":"Berliner Bankenskandal: Prof. Grottian vor\u00fcbergehend inhaftiert(7\/07)"},"content":{"rendered":"<p>Quelle: Neue Rheinische Zeitung online<br \/>Unabh\u00e4ngige Nachrichten, Berichte &#038; MeinungenAktueller Online-Flyer vom 18. Juli 2007  <\/p>\n<p>Inland<br \/>\nGeheimvertrag zum Verkauf der LBB trotz \u201eBel\u00e4stigung\u201c erfolgreich abgenickt<br \/>\nProfessor Peter Grottian festgenommen <br \/>\nVon Benedict Ugarte Chac\u00f3n<\/p>\n<p>\nEs war schon ein seltsames Schauspiel, was sich letzten Donnerstag den zum Berliner Gropius-Bau anreisenden Touristen bot. Vor dem gegen\u00fcberliegenden Abgeordnetenhaus parkten acht Mannschaftswagen der Polizei, in der Umgebung patrouillierten weitere Polizisten als gelte es, h\u00f6chste Gefahren von den Volksvertretern abzuwehren. Grund f\u00fcr dieses ma\u00dflos \u00fcberzogene Polizeiaufgebot waren ein paar Aktivisten \u2013 vornehmlich aus der Initiative Berliner Bankenskandal \u2013 die vorher angek\u00fcndigt hatten, anreisende Abgeordnete &#8222;konstruktiv zu bel\u00e4stigen&#8220;.<\/p>\n<p>\nDie Initiative begr\u00fcndete ihre Aktion damit, dass die Abgeordneten an diesem Tag \u00fcber einen Kaufvertrag zwischen dem Land Berlin und dem Deutschen Sparkassen- und Giroverband (DSGV) zum Verkauf der zur Landesbank Holding umbenannten Bankgesellschaft samt Sparkasse abstimmen wollten \u2013 allerdings unter geradezu konspirativen Bedingungen. So tagte ab 14 Uhr der Verm\u00f6gensausschuss in nicht-\u00f6ffentlicher Sitzung, im Anschluss daran der Hauptausschuss &#8211; ebenfalls hinter verschlossenen T\u00fcren -, und ab 18 Uhr sollte das Parlament in nicht-\u00f6ffentlicher Sitzung zusammentreten. <\/p>\n<p>Nachdem es im \u00c4ltestenrat des Hohen Hauses zum Thema einigen Hickhack gegeben haben soll, wurde f\u00fcr die Parlamentssitzung schlie\u00dflich doch Publikum zugelassen. Doch diese Geheimniskr\u00e4merei war nicht das einzige, was die Initiative beanstandete. Sie machte darauf aufmerksam, dass der besagte 500seitige Vertrag vor der Abstimmung lediglich eine Woche im Geheimschutzraum des Parlaments auslag. Wenn auch einzelne Abgeordnete diesen Vertrag vor der Abstimmung wenigstens gelesen haben sollten, so war doch die einw\u00f6chige Frist viel zu kurz, um dieses Werk der internationalen Kanzlei Freshfields Bruckhaus Deringer eingehend zu pr\u00fcfen.<\/p>\n<p>Einige Aktivisten festgenommen<\/p>\n<p>und Die &#8222;konstruktive Bel\u00e4stigung&#8220; konnte leider nicht wie geplant stattfinden, da die Polizei einige Aktivisten vor\u00fcbergehend festnahm und diverse bel\u00e4stigungsf\u00e4hige Schilder und Plakate beschlagnahmte. Unter den Festgenommenen war auch der inzwischen emeritierte Sozialwissenschaftler Professor f\u00fcr Politikwissenschaft am Otto-Suhr-Institut der Freien Universit\u00e4t Berlin, Peter Grottian (65). Diese heftige Reaktion der Staatsmacht w\u00e4re eigentlich gar nicht n\u00f6tig gewesen, da sich die meisten Abgeordneten v\u00f6llig unbel\u00e4stigt durch den Hintereingang zu ihrem Arbeitsplatz schlichen und wie erwartet den Vertrag abnickten.<\/p>\n<p>\nProfessor Peter Grottian auf einer Protestveranstaltung der WASG vor der Mainzer Staatskanzlei | Foto: H.-D. Hey, arbeiterfotografie.com <\/p>\n<p>Doch warum all die Aufregung? Eigentlich k\u00f6nnte man in Berlin doch froh sein, dass der DSGV bereit ist, 5,3 Milliarden Euro f\u00fcr die Skandal-Bank hinzubl\u00e4ttern. Und fast alle Berliner Parteien freuen sich \u00fcber diese L\u00f6sung: SPD und CDU wollen den Bankenskandal, in den sie tief verstrickt sind, endlich vom Tisch haben. Die FDP war Komplizin im Bankenskandal und will ideologiebedingt ohnehin alles \u00f6ffentliche Eigentum verkaufen. Und die so genannte LINKE freut sich \u00fcber den DSGV als K\u00e4ufer, da sie nun f\u00e4lschlicherweise verlautbaren kann, sie habe die Privatisierung der Berliner Sparkasse verhindert.<\/p>\n<p>Rot-Rot nimmt eigene Beschl\u00fcsse nicht ernst<\/p>\n<p>Doch genau hier liegt der Knackpunkt: Mit dem von der rot-roten Koalition verabschiedeten Berliner Sparkassengesetz, das \u00fcbrigens auch die Kanzlei Freshfields Bruckhaus Deringer erarbeitet hat, ist es der Berliner Sparkasse gestattet, ihr Gesch\u00e4ft weitgehend wie eine Privatbank zu f\u00fchren. Das ist wenig verwunderlich, da besagte Kanzlei nach Medienberichten auch f\u00fcr Privatbanken und den Bundesverband Deutscher Banken \u2013 also die Privatbankenlobby \u2013 arbeitet.<\/p>\n<p>Diese Verhunzung der Sparkasse wurde von Rot-Rot immer damit begr\u00fcndet, dass man ja im von der EU-Kommission auferlegten Verkaufsverfahren keinen K\u00e4ufer diskriminieren und deshalb auch keine sozialen Auflagen ins Sparkassengesetz schreiben d\u00fcrfe. Die EU hat zwar den Verkauf der Bankgesellschaft\/Landesbank verlangt, von einem Verkauf der Sparkasse steht im Auflagenbescheid aber kein Wort. Auch erkl\u00e4rte die Kommission, dass Berlin sehr wohl soziale Auflagen in sein Sparkassengesetz schreiben k\u00f6nne, wenn es denn wollte. Berlin bzw. der rot-rote Senat wollte nicht. Man hatte sich entschieden, die Bankgesellschaft samt Sparkasse zu verkaufen und wollte die potentiellen K\u00e4ufer nicht mit sozialen Auflagen abschrecken.<\/p>\n<p>Nun ist die Berliner Sparkasse also in den H\u00e4nden des DSGV und dieser freut sich \u00fcber ein Sparkassengesetz, dass ihm gestattet, die Sparkasse weitgehend wie eine Privatbank zu f\u00fchren. Irgendwie m\u00fcssen die gezahlten 5,3 Milliarden ja wieder rein kommen.<\/p>\n<p>Im Februar hatten die Regierungsfraktionen von SPD und LINKE noch get\u00f6nt, dass sie f\u00fcr soziale Auflagen (Girokonto f\u00fcr alle, Arbeitsplatzerhalt, Erhalt der Filialdichte) wenn schon nicht im Sparkassengesetz so doch auf vertraglicher Ebene k\u00e4mpfen w\u00fcrden. Nach bislang vorliegenden Informationen findet sich dazu nichts im Kaufvertrag. Die Abgeordneten von SPD und LINKE nehmen offensichtlich ihre eigenen Beschl\u00fcsse nicht ernst \u2013 vielleicht legten sie deshalb so gro\u00dfen Wert auf Geheimhaltung. (PK)<\/p>\n<p>Benedict Ugarte Chac\u00f3n ist einer der Sprecher der Initiative Berliner Bankenskandal<\/p>\n<p>Die Initiative Berliner Bankenskandal und ihre B\u00fcndnispartner \u201ebel\u00e4stigen&#8220; die Volksvertreter seit Juni u. a. mit einem Volksbegehren zum Sparkassengesetz.<\/p>\n<p>Informationen zu den drei Berliner Volksbegehren sind auf den Seiten des Berliner B\u00fcndnisses gegen Privatisierung zu finden: www.unverkaeuflich.org<\/p>\n","protected":false},"excerpt":{"rendered":"<p>Quelle: Neue Rheinische Zeitung online<\/p>\n","protected":false},"author":2,"featured_media":0,"comment_status":"closed","ping_status":"closed","sticky":false,"template":"","format":"standard","meta":{"footnotes":""},"categories":[14],"tags":[],"class_list":["post-84871","post","type-post","status-publish","format-standard","hentry","category-fempolitik","entry"],"yoast_head":"<!-- This site is optimized with the Yoast SEO plugin v21.0 - https:\/\/yoast.com\/wordpress\/plugins\/seo\/ -->\n<title>Berliner Bankenskandal: Prof. Grottian vor\u00fcbergehend inhaftiert(7\/07) - Feminissima<\/title>\n<meta name=\"robots\" content=\"index, follow, max-snippet:-1, max-image-preview:large, max-video-preview:-1\" \/>\n<link rel=\"canonical\" href=\"https:\/\/feminissima.de\/index.php\/2007\/07\/18\/berliner-bankenskandal-prof-grottian-voruebergehend-inhaftiert7-07\/\" \/>\n<meta property=\"og:locale\" content=\"de_DE\" \/>\n<meta property=\"og:type\" content=\"article\" \/>\n<meta property=\"og:title\" content=\"Berliner Bankenskandal: Prof. Grottian vor\u00fcbergehend inhaftiert(7\/07) - Feminissima\" \/>\n<meta property=\"og:description\" content=\"Quelle: Neue Rheinische Zeitung online\" \/>\n<meta property=\"og:url\" content=\"https:\/\/feminissima.de\/index.php\/2007\/07\/18\/berliner-bankenskandal-prof-grottian-voruebergehend-inhaftiert7-07\/\" \/>\n<meta property=\"og:site_name\" content=\"Feminissima\" \/>\n<meta property=\"article:published_time\" content=\"2007-07-18T13:25:31+00:00\" \/>\n<meta name=\"author\" content=\"admin\" \/>\n<meta name=\"twitter:card\" content=\"summary_large_image\" \/>\n<meta name=\"twitter:label1\" content=\"Verfasst von\" \/>\n\t<meta name=\"twitter:data1\" content=\"admin\" \/>\n\t<meta name=\"twitter:label2\" content=\"Gesch\u00e4tzte Lesezeit\" \/>\n\t<meta name=\"twitter:data2\" content=\"4\u00a0Minuten\" \/>\n<script type=\"application\/ld+json\" class=\"yoast-schema-graph\">{\"@context\":\"https:\/\/schema.org\",\"@graph\":[{\"@type\":\"WebPage\",\"@id\":\"https:\/\/feminissima.de\/index.php\/2007\/07\/18\/berliner-bankenskandal-prof-grottian-voruebergehend-inhaftiert7-07\/\",\"url\":\"https:\/\/feminissima.de\/index.php\/2007\/07\/18\/berliner-bankenskandal-prof-grottian-voruebergehend-inhaftiert7-07\/\",\"name\":\"Berliner Bankenskandal: Prof. Grottian vor\u00fcbergehend inhaftiert(7\/07) - Feminissima\",\"isPartOf\":{\"@id\":\"https:\/\/feminissima.de\/#website\"},\"datePublished\":\"2007-07-18T13:25:31+00:00\",\"dateModified\":\"2007-07-18T13:25:31+00:00\",\"author\":{\"@id\":\"https:\/\/feminissima.de\/#\/schema\/person\/0b901e053624f88e7ecbea289d9d5128\"},\"breadcrumb\":{\"@id\":\"https:\/\/feminissima.de\/index.php\/2007\/07\/18\/berliner-bankenskandal-prof-grottian-voruebergehend-inhaftiert7-07\/#breadcrumb\"},\"inLanguage\":\"de\",\"potentialAction\":[{\"@type\":\"ReadAction\",\"target\":[\"https:\/\/feminissima.de\/index.php\/2007\/07\/18\/berliner-bankenskandal-prof-grottian-voruebergehend-inhaftiert7-07\/\"]}]},{\"@type\":\"BreadcrumbList\",\"@id\":\"https:\/\/feminissima.de\/index.php\/2007\/07\/18\/berliner-bankenskandal-prof-grottian-voruebergehend-inhaftiert7-07\/#breadcrumb\",\"itemListElement\":[{\"@type\":\"ListItem\",\"position\":1,\"name\":\"Startseite\",\"item\":\"https:\/\/feminissima.de\/\"},{\"@type\":\"ListItem\",\"position\":2,\"name\":\"Berliner Bankenskandal: Prof. Grottian vor\u00fcbergehend inhaftiert(7\/07)\"}]},{\"@type\":\"WebSite\",\"@id\":\"https:\/\/feminissima.de\/#website\",\"url\":\"https:\/\/feminissima.de\/\",\"name\":\"Feminissima\",\"description\":\"\",\"potentialAction\":[{\"@type\":\"SearchAction\",\"target\":{\"@type\":\"EntryPoint\",\"urlTemplate\":\"https:\/\/feminissima.de\/?s={search_term_string}\"},\"query-input\":\"required name=search_term_string\"}],\"inLanguage\":\"de\"},{\"@type\":\"Person\",\"@id\":\"https:\/\/feminissima.de\/#\/schema\/person\/0b901e053624f88e7ecbea289d9d5128\",\"name\":\"admin\",\"image\":{\"@type\":\"ImageObject\",\"inLanguage\":\"de\",\"@id\":\"https:\/\/feminissima.de\/#\/schema\/person\/image\/\",\"url\":\"https:\/\/secure.gravatar.com\/avatar\/8da1f51327453c0bf63338e8e2a791948b7d2ac19b68839492d1e69aac6924a8?s=96&d=mm&r=g\",\"contentUrl\":\"https:\/\/secure.gravatar.com\/avatar\/8da1f51327453c0bf63338e8e2a791948b7d2ac19b68839492d1e69aac6924a8?s=96&d=mm&r=g\",\"caption\":\"admin\"},\"url\":\"https:\/\/feminissima.de\/index.php\/author\/admin\/\"}]}<\/script>\n<!-- \/ Yoast SEO plugin. -->","yoast_head_json":{"title":"Berliner Bankenskandal: Prof. Grottian vor\u00fcbergehend inhaftiert(7\/07) - Feminissima","robots":{"index":"index","follow":"follow","max-snippet":"max-snippet:-1","max-image-preview":"max-image-preview:large","max-video-preview":"max-video-preview:-1"},"canonical":"https:\/\/feminissima.de\/index.php\/2007\/07\/18\/berliner-bankenskandal-prof-grottian-voruebergehend-inhaftiert7-07\/","og_locale":"de_DE","og_type":"article","og_title":"Berliner Bankenskandal: Prof. Grottian vor\u00fcbergehend inhaftiert(7\/07) - Feminissima","og_description":"Quelle: Neue Rheinische Zeitung online","og_url":"https:\/\/feminissima.de\/index.php\/2007\/07\/18\/berliner-bankenskandal-prof-grottian-voruebergehend-inhaftiert7-07\/","og_site_name":"Feminissima","article_published_time":"2007-07-18T13:25:31+00:00","author":"admin","twitter_card":"summary_large_image","twitter_misc":{"Verfasst von":"admin","Gesch\u00e4tzte Lesezeit":"4\u00a0Minuten"},"schema":{"@context":"https:\/\/schema.org","@graph":[{"@type":"WebPage","@id":"https:\/\/feminissima.de\/index.php\/2007\/07\/18\/berliner-bankenskandal-prof-grottian-voruebergehend-inhaftiert7-07\/","url":"https:\/\/feminissima.de\/index.php\/2007\/07\/18\/berliner-bankenskandal-prof-grottian-voruebergehend-inhaftiert7-07\/","name":"Berliner Bankenskandal: Prof. Grottian vor\u00fcbergehend inhaftiert(7\/07) - Feminissima","isPartOf":{"@id":"https:\/\/feminissima.de\/#website"},"datePublished":"2007-07-18T13:25:31+00:00","dateModified":"2007-07-18T13:25:31+00:00","author":{"@id":"https:\/\/feminissima.de\/#\/schema\/person\/0b901e053624f88e7ecbea289d9d5128"},"breadcrumb":{"@id":"https:\/\/feminissima.de\/index.php\/2007\/07\/18\/berliner-bankenskandal-prof-grottian-voruebergehend-inhaftiert7-07\/#breadcrumb"},"inLanguage":"de","potentialAction":[{"@type":"ReadAction","target":["https:\/\/feminissima.de\/index.php\/2007\/07\/18\/berliner-bankenskandal-prof-grottian-voruebergehend-inhaftiert7-07\/"]}]},{"@type":"BreadcrumbList","@id":"https:\/\/feminissima.de\/index.php\/2007\/07\/18\/berliner-bankenskandal-prof-grottian-voruebergehend-inhaftiert7-07\/#breadcrumb","itemListElement":[{"@type":"ListItem","position":1,"name":"Startseite","item":"https:\/\/feminissima.de\/"},{"@type":"ListItem","position":2,"name":"Berliner Bankenskandal: Prof. Grottian vor\u00fcbergehend inhaftiert(7\/07)"}]},{"@type":"WebSite","@id":"https:\/\/feminissima.de\/#website","url":"https:\/\/feminissima.de\/","name":"Feminissima","description":"","potentialAction":[{"@type":"SearchAction","target":{"@type":"EntryPoint","urlTemplate":"https:\/\/feminissima.de\/?s={search_term_string}"},"query-input":"required name=search_term_string"}],"inLanguage":"de"},{"@type":"Person","@id":"https:\/\/feminissima.de\/#\/schema\/person\/0b901e053624f88e7ecbea289d9d5128","name":"admin","image":{"@type":"ImageObject","inLanguage":"de","@id":"https:\/\/feminissima.de\/#\/schema\/person\/image\/","url":"https:\/\/secure.gravatar.com\/avatar\/8da1f51327453c0bf63338e8e2a791948b7d2ac19b68839492d1e69aac6924a8?s=96&d=mm&r=g","contentUrl":"https:\/\/secure.gravatar.com\/avatar\/8da1f51327453c0bf63338e8e2a791948b7d2ac19b68839492d1e69aac6924a8?s=96&d=mm&r=g","caption":"admin"},"url":"https:\/\/feminissima.de\/index.php\/author\/admin\/"}]}},"jetpack_featured_media_url":"","_links":{"self":[{"href":"https:\/\/feminissima.de\/index.php\/wp-json\/wp\/v2\/posts\/84871","targetHints":{"allow":["GET"]}}],"collection":[{"href":"https:\/\/feminissima.de\/index.php\/wp-json\/wp\/v2\/posts"}],"about":[{"href":"https:\/\/feminissima.de\/index.php\/wp-json\/wp\/v2\/types\/post"}],"author":[{"embeddable":true,"href":"https:\/\/feminissima.de\/index.php\/wp-json\/wp\/v2\/users\/2"}],"replies":[{"embeddable":true,"href":"https:\/\/feminissima.de\/index.php\/wp-json\/wp\/v2\/comments?post=84871"}],"version-history":[{"count":0,"href":"https:\/\/feminissima.de\/index.php\/wp-json\/wp\/v2\/posts\/84871\/revisions"}],"wp:attachment":[{"href":"https:\/\/feminissima.de\/index.php\/wp-json\/wp\/v2\/media?parent=84871"}],"wp:term":[{"taxonomy":"category","embeddable":true,"href":"https:\/\/feminissima.de\/index.php\/wp-json\/wp\/v2\/categories?post=84871"},{"taxonomy":"post_tag","embeddable":true,"href":"https:\/\/feminissima.de\/index.php\/wp-json\/wp\/v2\/tags?post=84871"}],"curies":[{"name":"wp","href":"https:\/\/api.w.org\/{rel}","templated":true}]}}