{"id":84870,"date":"2007-07-18T05:33:22","date_gmt":"2007-07-18T05:33:22","guid":{"rendered":"http:\/\/www.feminissima.de\/?p=84870"},"modified":"2007-07-18T05:33:22","modified_gmt":"2007-07-18T05:33:22","slug":"sat-1-jetzt-ohne-news-7-07","status":"publish","type":"post","link":"https:\/\/feminissima.de\/index.php\/2007\/07\/18\/sat-1-jetzt-ohne-news-7-07\/","title":{"rendered":"Sat.1 jetzt ohne News (7\/07)"},"content":{"rendered":"<p>..mehr:<br \/>Quelle:<\/p>\n<p>\nnewsroom &#8211; nachrichten f\u00fcr journalisten<\/p>\n<p>\nTV vom 17.07.2007Sat.1 ohne Hauptnachrichtensendungen <\/p>\n<p>\n\u00abSat.1 am Mittag\u00bb und \u00abSat.1 am Abend\u00bb wurden am Montag zum letzten Mal ausgestrahlt. Der Medienkonzern ProSiebenSat.1 Media will rund 180 Stellen abbauen. <\/p>\n<p>Berlin (ddp).Sat.1 ohne Hauptnachrichtensendungen  <\/p>\n<p>\nStatt der Mittagssendung strahlte der TV-Sender am Dienstag eine Folge von \u00abRichterin Barbara Salesch\u00bb aus. Im Laufband teilte der Sender mit: \u00abLiebe Zuschauer, &#8218;Sat.1 am Mittag&#8216; wird nicht mehr gesendet\u00bb. Moderatorin Mareile H\u00f6ppner und ihrem Redaktionsteam wurde zugleich f\u00fcr ihre Arbeit gedankt.<\/p>\n<p>Der Medienkonzern ProSiebenSat.1 Media will rund 180 Stellen abbauen. \u00abAm Standort Berlin sind 100 Mitarbeiter, in M\u00fcnchen 80 betroffen\u00bb, hie\u00df es am Dienstag am Rande der Hauptversammlung der Senderkette in M\u00fcnchen. Rund 80 der betroffenen Mitarbeiter h\u00e4tten Zeitvertr\u00e4ge. Laut Medienberichten ist der mit der \u00dcbernahme der skandinavischen Sendergruppe SBS einhergehende Renditedruck der Finanzinvestoren KKR und Permira Hintergrund der Entlassungen. Die neue Mediengruppe soll etwa vier Milliarden Euro Schulden haben.<\/p>\n<p>Der Vorstandsvorsitzende der Sendergruppe, Guillaume de Posch, dementierte, dass die geplanten Entlassungen auf Druck von KKR und Permira erfolgen. \u00abDie Entscheidung \u00fcber s\u00e4mtliche Ma\u00dfnahmen ist alleine vom Management der Gruppe getroffen worden\u00bb, sagte er auf der Hauptversammlung. Dies betreffe sowohl die Programmreform bei Sat.1 als auch die Sparma\u00dfnahmen in der Gruppe. \u00abDurch den weiteren Ausbau der Gesch\u00e4ftsaktivit\u00e4ten der ProSiebenSat.1-Gruppe wird es mittelfristig wieder zu einem Aufbau von Stellen kommen\u00bb, sagte de Posch weiter.<\/p>\n<p>ProSiebenSat.1: Aus f\u00fcr Boulevard-Magazine <\/p>\n<p>\nProSiebenSat.1-Chef: Sat.1 soll auf Kurs gebracht werden <\/p>\n<p>\nEinstellung von Sat.1-Magazinen besch\u00e4ftigt Medienaufsicht <\/p>\n<p>\nProSiebenSat.1 l\u00e4dt zur Hauptversammlung <\/p>\n<p>\nAngeblich massiver Stellenabbau bei ProSiebenSat.1 <\/p>\n<p>\n Suchen nach: Sat.1<\/p>\n<p>16.07.2007 I 15:17 <\/p>\n<p>media-ocean.de<\/p>\n<p>\nSCOOP: Axel-Springer l\u00e4sst ne halbe Million springen<\/p>\n<p><\/p>\n","protected":false},"excerpt":{"rendered":"<p>..mehr:<\/p>\n","protected":false},"author":2,"featured_media":0,"comment_status":"closed","ping_status":"closed","sticky":false,"template":"","format":"standard","meta":{"footnotes":""},"categories":[13],"tags":[],"class_list":["post-84870","post","type-post","status-publish","format-standard","hentry","category-femmedien","entry"],"yoast_head":"<!-- This site is optimized with the Yoast SEO plugin v21.0 - https:\/\/yoast.com\/wordpress\/plugins\/seo\/ -->\n<title>Sat.1 jetzt ohne News (7\/07) - Feminissima<\/title>\n<meta name=\"robots\" content=\"index, follow, max-snippet:-1, max-image-preview:large, max-video-preview:-1\" \/>\n<link rel=\"canonical\" href=\"https:\/\/feminissima.de\/index.php\/2007\/07\/18\/sat-1-jetzt-ohne-news-7-07\/\" \/>\n<meta property=\"og:locale\" content=\"de_DE\" \/>\n<meta property=\"og:type\" content=\"article\" \/>\n<meta property=\"og:title\" content=\"Sat.1 jetzt ohne News (7\/07) - Feminissima\" \/>\n<meta property=\"og:description\" content=\"..mehr:\" \/>\n<meta property=\"og:url\" content=\"https:\/\/feminissima.de\/index.php\/2007\/07\/18\/sat-1-jetzt-ohne-news-7-07\/\" \/>\n<meta property=\"og:site_name\" content=\"Feminissima\" \/>\n<meta property=\"article:published_time\" content=\"2007-07-18T05:33:22+00:00\" \/>\n<meta name=\"author\" content=\"admin\" \/>\n<meta name=\"twitter:card\" content=\"summary_large_image\" \/>\n<meta name=\"twitter:label1\" content=\"Verfasst von\" \/>\n\t<meta name=\"twitter:data1\" content=\"admin\" \/>\n\t<meta name=\"twitter:label2\" content=\"Gesch\u00e4tzte Lesezeit\" \/>\n\t<meta name=\"twitter:data2\" content=\"1\u00a0Minute\" \/>\n<script type=\"application\/ld+json\" class=\"yoast-schema-graph\">{\"@context\":\"https:\/\/schema.org\",\"@graph\":[{\"@type\":\"WebPage\",\"@id\":\"https:\/\/feminissima.de\/index.php\/2007\/07\/18\/sat-1-jetzt-ohne-news-7-07\/\",\"url\":\"https:\/\/feminissima.de\/index.php\/2007\/07\/18\/sat-1-jetzt-ohne-news-7-07\/\",\"name\":\"Sat.1 jetzt ohne News (7\/07) - Feminissima\",\"isPartOf\":{\"@id\":\"https:\/\/feminissima.de\/#website\"},\"datePublished\":\"2007-07-18T05:33:22+00:00\",\"dateModified\":\"2007-07-18T05:33:22+00:00\",\"author\":{\"@id\":\"https:\/\/feminissima.de\/#\/schema\/person\/0b901e053624f88e7ecbea289d9d5128\"},\"breadcrumb\":{\"@id\":\"https:\/\/feminissima.de\/index.php\/2007\/07\/18\/sat-1-jetzt-ohne-news-7-07\/#breadcrumb\"},\"inLanguage\":\"de\",\"potentialAction\":[{\"@type\":\"ReadAction\",\"target\":[\"https:\/\/feminissima.de\/index.php\/2007\/07\/18\/sat-1-jetzt-ohne-news-7-07\/\"]}]},{\"@type\":\"BreadcrumbList\",\"@id\":\"https:\/\/feminissima.de\/index.php\/2007\/07\/18\/sat-1-jetzt-ohne-news-7-07\/#breadcrumb\",\"itemListElement\":[{\"@type\":\"ListItem\",\"position\":1,\"name\":\"Startseite\",\"item\":\"https:\/\/feminissima.de\/\"},{\"@type\":\"ListItem\",\"position\":2,\"name\":\"Sat.1 jetzt ohne News (7\/07)\"}]},{\"@type\":\"WebSite\",\"@id\":\"https:\/\/feminissima.de\/#website\",\"url\":\"https:\/\/feminissima.de\/\",\"name\":\"Feminissima\",\"description\":\"\",\"potentialAction\":[{\"@type\":\"SearchAction\",\"target\":{\"@type\":\"EntryPoint\",\"urlTemplate\":\"https:\/\/feminissima.de\/?s={search_term_string}\"},\"query-input\":\"required name=search_term_string\"}],\"inLanguage\":\"de\"},{\"@type\":\"Person\",\"@id\":\"https:\/\/feminissima.de\/#\/schema\/person\/0b901e053624f88e7ecbea289d9d5128\",\"name\":\"admin\",\"image\":{\"@type\":\"ImageObject\",\"inLanguage\":\"de\",\"@id\":\"https:\/\/feminissima.de\/#\/schema\/person\/image\/\",\"url\":\"https:\/\/secure.gravatar.com\/avatar\/8da1f51327453c0bf63338e8e2a791948b7d2ac19b68839492d1e69aac6924a8?s=96&d=mm&r=g\",\"contentUrl\":\"https:\/\/secure.gravatar.com\/avatar\/8da1f51327453c0bf63338e8e2a791948b7d2ac19b68839492d1e69aac6924a8?s=96&d=mm&r=g\",\"caption\":\"admin\"},\"url\":\"https:\/\/feminissima.de\/index.php\/author\/admin\/\"}]}<\/script>\n<!-- \/ Yoast SEO plugin. -->","yoast_head_json":{"title":"Sat.1 jetzt ohne News (7\/07) - Feminissima","robots":{"index":"index","follow":"follow","max-snippet":"max-snippet:-1","max-image-preview":"max-image-preview:large","max-video-preview":"max-video-preview:-1"},"canonical":"https:\/\/feminissima.de\/index.php\/2007\/07\/18\/sat-1-jetzt-ohne-news-7-07\/","og_locale":"de_DE","og_type":"article","og_title":"Sat.1 jetzt ohne News (7\/07) - Feminissima","og_description":"..mehr:","og_url":"https:\/\/feminissima.de\/index.php\/2007\/07\/18\/sat-1-jetzt-ohne-news-7-07\/","og_site_name":"Feminissima","article_published_time":"2007-07-18T05:33:22+00:00","author":"admin","twitter_card":"summary_large_image","twitter_misc":{"Verfasst von":"admin","Gesch\u00e4tzte Lesezeit":"1\u00a0Minute"},"schema":{"@context":"https:\/\/schema.org","@graph":[{"@type":"WebPage","@id":"https:\/\/feminissima.de\/index.php\/2007\/07\/18\/sat-1-jetzt-ohne-news-7-07\/","url":"https:\/\/feminissima.de\/index.php\/2007\/07\/18\/sat-1-jetzt-ohne-news-7-07\/","name":"Sat.1 jetzt ohne News (7\/07) - Feminissima","isPartOf":{"@id":"https:\/\/feminissima.de\/#website"},"datePublished":"2007-07-18T05:33:22+00:00","dateModified":"2007-07-18T05:33:22+00:00","author":{"@id":"https:\/\/feminissima.de\/#\/schema\/person\/0b901e053624f88e7ecbea289d9d5128"},"breadcrumb":{"@id":"https:\/\/feminissima.de\/index.php\/2007\/07\/18\/sat-1-jetzt-ohne-news-7-07\/#breadcrumb"},"inLanguage":"de","potentialAction":[{"@type":"ReadAction","target":["https:\/\/feminissima.de\/index.php\/2007\/07\/18\/sat-1-jetzt-ohne-news-7-07\/"]}]},{"@type":"BreadcrumbList","@id":"https:\/\/feminissima.de\/index.php\/2007\/07\/18\/sat-1-jetzt-ohne-news-7-07\/#breadcrumb","itemListElement":[{"@type":"ListItem","position":1,"name":"Startseite","item":"https:\/\/feminissima.de\/"},{"@type":"ListItem","position":2,"name":"Sat.1 jetzt ohne News (7\/07)"}]},{"@type":"WebSite","@id":"https:\/\/feminissima.de\/#website","url":"https:\/\/feminissima.de\/","name":"Feminissima","description":"","potentialAction":[{"@type":"SearchAction","target":{"@type":"EntryPoint","urlTemplate":"https:\/\/feminissima.de\/?s={search_term_string}"},"query-input":"required name=search_term_string"}],"inLanguage":"de"},{"@type":"Person","@id":"https:\/\/feminissima.de\/#\/schema\/person\/0b901e053624f88e7ecbea289d9d5128","name":"admin","image":{"@type":"ImageObject","inLanguage":"de","@id":"https:\/\/feminissima.de\/#\/schema\/person\/image\/","url":"https:\/\/secure.gravatar.com\/avatar\/8da1f51327453c0bf63338e8e2a791948b7d2ac19b68839492d1e69aac6924a8?s=96&d=mm&r=g","contentUrl":"https:\/\/secure.gravatar.com\/avatar\/8da1f51327453c0bf63338e8e2a791948b7d2ac19b68839492d1e69aac6924a8?s=96&d=mm&r=g","caption":"admin"},"url":"https:\/\/feminissima.de\/index.php\/author\/admin\/"}]}},"jetpack_featured_media_url":"","_links":{"self":[{"href":"https:\/\/feminissima.de\/index.php\/wp-json\/wp\/v2\/posts\/84870","targetHints":{"allow":["GET"]}}],"collection":[{"href":"https:\/\/feminissima.de\/index.php\/wp-json\/wp\/v2\/posts"}],"about":[{"href":"https:\/\/feminissima.de\/index.php\/wp-json\/wp\/v2\/types\/post"}],"author":[{"embeddable":true,"href":"https:\/\/feminissima.de\/index.php\/wp-json\/wp\/v2\/users\/2"}],"replies":[{"embeddable":true,"href":"https:\/\/feminissima.de\/index.php\/wp-json\/wp\/v2\/comments?post=84870"}],"version-history":[{"count":0,"href":"https:\/\/feminissima.de\/index.php\/wp-json\/wp\/v2\/posts\/84870\/revisions"}],"wp:attachment":[{"href":"https:\/\/feminissima.de\/index.php\/wp-json\/wp\/v2\/media?parent=84870"}],"wp:term":[{"taxonomy":"category","embeddable":true,"href":"https:\/\/feminissima.de\/index.php\/wp-json\/wp\/v2\/categories?post=84870"},{"taxonomy":"post_tag","embeddable":true,"href":"https:\/\/feminissima.de\/index.php\/wp-json\/wp\/v2\/tags?post=84870"}],"curies":[{"name":"wp","href":"https:\/\/api.w.org\/{rel}","templated":true}]}}