{"id":84869,"date":"2007-07-16T22:53:48","date_gmt":"2007-07-16T22:53:48","guid":{"rendered":"http:\/\/www.feminissima.de\/?p=84869"},"modified":"2007-07-16T22:53:48","modified_gmt":"2007-07-16T22:53:48","slug":"report-swr-deckt-auf-luftfracht-ungesichert-7-07","status":"publish","type":"post","link":"https:\/\/feminissima.de\/index.php\/2007\/07\/16\/report-swr-deckt-auf-luftfracht-ungesichert-7-07\/","title":{"rendered":"REPORT\/SWR  DECKT AUF: Luftfracht ungesichert! 7\/07"},"content":{"rendered":"<p>Noch mal Gl\u00fcck gehabt! Bisher!<\/p>\n<p>REPORT MAINZ hat aufgedeckt, dass praktisch jeder, der es darauf anlegt, an die Luftfracht gelangt, an drei gro\u00dfen deutschen Flugh\u00e4fen:<br \/>L\u00fccken bei Luftfrachtsicherheit<\/p>\n<p>Bei der Lagerung von Luftfracht, die auch auf Passagiermaschinen mitgef\u00fchrt wird, gibt es offenbar gravierende Sicherheitsl\u00fccken. Das zeigen die Recherchen des ARD Politikmagazins &#8222;Report Mainz&#8220;. <\/p>\n<p>In dem Bericht, der heute Abend in der ARD ausgestrahlt wurde, ist zu sehen, dass der Zugang zum Frachtbereich an den Flugh\u00e4fen Hamburg, M\u00fcnchen und Frankfurt f\u00fcr Betriebsfremde ohne Kontrollen m\u00f6glich ist. Die verdeckt gedrehten Bilder dokumentieren, dass die Fracht entgegen den Richtlinien des Luftfahrtbundesamtes (LBA) zum Teil unbewacht auf dem Flughafengel\u00e4nde in M\u00fcnchen und Hamburg gelagert wird. <\/p>\n<p>Ein Risiko im Bereich des Terrors<\/p>\n<p>Zu den Aufnahmen erkl\u00e4rte der Sprecher der Pilotenvereinigung Cockpit, Markus Kirschneck gegen\u00fcber &#8222;Report Mainz&#8220;: &#8222;Erschreckend. Man kann hier offenbar an Fracht, die demn\u00e4chst auf Flugzeuge verladen werden soll, ungehindert hingreifen oder unter Umst\u00e4nden auch einmal ein P\u00e4ckchen austauschen. Das ist definitiv ein Risiko in allen Bereichen, auch im Bereich des Terrors.&#8220;<\/p>\n<p>Der f\u00fcr Luftsicherheit zust\u00e4ndige Gewerkschafter der Polizei, Josef Scheuring, sagte dem ARD-Politikmagazin nach Ansicht der Aufnahmen: &#8222;Das kann nicht sein, dass auf der einen Seite gegen\u00fcber dem Passagier konsequent kontrolliert wird, mit allen M\u00f6glichkeiten richtigerweise kontrolliert wird, und auf der anderen Seite regelrechte Scheunentore an den deutschen Flugh\u00e4fen offen sind.&#8220;<\/p>\n<p>Tiefensee: Vers\u00e4umnissen nachgehen<\/p>\n<p>Der f\u00fcr Luftfrachtsicherheit zust\u00e4ndige Bundesverkehrsminister Wolfgang Tiefensee (SPD) k\u00fcndigte im Interview mit &#8222;Report Mainz&#8220; an, den Vers\u00e4umnissen der Spediteure nachzugehen. &#8222;Wenn diese Informationen richtig sind, dann wird im Luftfahrtbundesamt, und zwar unter der Federf\u00fchrung des Pr\u00e4sidenten, gr\u00fcndlich gepr\u00fcft, und wir werden dann entsprechend reagieren&#8220;, so Tiefensee.<\/p>\n<p>Luftfracht-Spediteure m\u00fcssen seit Anfang 2006 eine Zertifizierung als sogenannte Reglementierte Beauftragte beim Luftfahrtbundesamt beantragen und als zertifizierte Spediteure strenge Sicherheitsauflagen erf\u00fcllen. <\/p>\n<p>Sicherheitsauflagen nicht \u00fcberpr\u00fcft<\/p>\n<p>Der LBA-Pr\u00e4sident Ulrich Schwierczinski erkl\u00e4rte gegen\u00fcber &#8222;Report Mainz&#8220;, dass die Spediteure seit Beginn der Zertifizierung bisher noch nicht dahingehend \u00fcberpr\u00fcft worden seien, ob sie die Sicherheitsauflagen des Luftfahrtbundesamtes auch tats\u00e4chlich erf\u00fcllen. <\/p>\n<p>Der Hauptgesch\u00e4ftsf\u00fchrer des Deutschen Speditions- und Logistikverbandes, Heiner Rogge, sagte angesichts der Recherchen, dass nicht alles korrekt gelaufen sei.<\/p>\n","protected":false},"excerpt":{"rendered":"<p>Noch mal Gl\u00fcck gehabt! Bisher!<\/p>\n<p>REPORT MAINZ hat aufgedeckt, dass praktisch jeder, der es darauf anlegt, an die Luftfracht gelangt, an drei gro\u00dfen deutschen Flugh\u00e4fen:<\/p>\n","protected":false},"author":2,"featured_media":0,"comment_status":"closed","ping_status":"closed","sticky":false,"template":"","format":"standard","meta":{"footnotes":""},"categories":[17],"tags":[],"class_list":["post-84869","post","type-post","status-publish","format-standard","hentry","category-femwirtschaft","entry"],"yoast_head":"<!-- This site is optimized with the Yoast SEO plugin v21.0 - https:\/\/yoast.com\/wordpress\/plugins\/seo\/ -->\n<title>REPORT\/SWR DECKT AUF: Luftfracht ungesichert! 7\/07 - Feminissima<\/title>\n<meta name=\"robots\" content=\"index, follow, max-snippet:-1, max-image-preview:large, max-video-preview:-1\" \/>\n<link rel=\"canonical\" href=\"https:\/\/feminissima.de\/index.php\/2007\/07\/16\/report-swr-deckt-auf-luftfracht-ungesichert-7-07\/\" \/>\n<meta property=\"og:locale\" content=\"de_DE\" \/>\n<meta property=\"og:type\" content=\"article\" \/>\n<meta property=\"og:title\" content=\"REPORT\/SWR DECKT AUF: Luftfracht ungesichert! 7\/07 - Feminissima\" \/>\n<meta property=\"og:description\" content=\"Noch mal Gl\u00fcck gehabt! Bisher! REPORT MAINZ hat aufgedeckt, dass praktisch jeder, der es darauf anlegt, an die Luftfracht gelangt, an drei gro\u00dfen deutschen Flugh\u00e4fen:\" \/>\n<meta property=\"og:url\" content=\"https:\/\/feminissima.de\/index.php\/2007\/07\/16\/report-swr-deckt-auf-luftfracht-ungesichert-7-07\/\" \/>\n<meta property=\"og:site_name\" content=\"Feminissima\" \/>\n<meta property=\"article:published_time\" content=\"2007-07-16T22:53:48+00:00\" \/>\n<meta name=\"author\" content=\"admin\" \/>\n<meta name=\"twitter:card\" content=\"summary_large_image\" \/>\n<meta name=\"twitter:label1\" content=\"Verfasst von\" \/>\n\t<meta name=\"twitter:data1\" content=\"admin\" \/>\n\t<meta name=\"twitter:label2\" content=\"Gesch\u00e4tzte Lesezeit\" \/>\n\t<meta name=\"twitter:data2\" content=\"2\u00a0Minuten\" \/>\n<script type=\"application\/ld+json\" class=\"yoast-schema-graph\">{\"@context\":\"https:\/\/schema.org\",\"@graph\":[{\"@type\":\"WebPage\",\"@id\":\"https:\/\/feminissima.de\/index.php\/2007\/07\/16\/report-swr-deckt-auf-luftfracht-ungesichert-7-07\/\",\"url\":\"https:\/\/feminissima.de\/index.php\/2007\/07\/16\/report-swr-deckt-auf-luftfracht-ungesichert-7-07\/\",\"name\":\"REPORT\/SWR DECKT AUF: Luftfracht ungesichert! 7\/07 - Feminissima\",\"isPartOf\":{\"@id\":\"https:\/\/feminissima.de\/#website\"},\"datePublished\":\"2007-07-16T22:53:48+00:00\",\"dateModified\":\"2007-07-16T22:53:48+00:00\",\"author\":{\"@id\":\"https:\/\/feminissima.de\/#\/schema\/person\/0b901e053624f88e7ecbea289d9d5128\"},\"breadcrumb\":{\"@id\":\"https:\/\/feminissima.de\/index.php\/2007\/07\/16\/report-swr-deckt-auf-luftfracht-ungesichert-7-07\/#breadcrumb\"},\"inLanguage\":\"de\",\"potentialAction\":[{\"@type\":\"ReadAction\",\"target\":[\"https:\/\/feminissima.de\/index.php\/2007\/07\/16\/report-swr-deckt-auf-luftfracht-ungesichert-7-07\/\"]}]},{\"@type\":\"BreadcrumbList\",\"@id\":\"https:\/\/feminissima.de\/index.php\/2007\/07\/16\/report-swr-deckt-auf-luftfracht-ungesichert-7-07\/#breadcrumb\",\"itemListElement\":[{\"@type\":\"ListItem\",\"position\":1,\"name\":\"Startseite\",\"item\":\"https:\/\/feminissima.de\/\"},{\"@type\":\"ListItem\",\"position\":2,\"name\":\"REPORT\/SWR DECKT AUF: Luftfracht ungesichert! 7\/07\"}]},{\"@type\":\"WebSite\",\"@id\":\"https:\/\/feminissima.de\/#website\",\"url\":\"https:\/\/feminissima.de\/\",\"name\":\"Feminissima\",\"description\":\"\",\"potentialAction\":[{\"@type\":\"SearchAction\",\"target\":{\"@type\":\"EntryPoint\",\"urlTemplate\":\"https:\/\/feminissima.de\/?s={search_term_string}\"},\"query-input\":\"required name=search_term_string\"}],\"inLanguage\":\"de\"},{\"@type\":\"Person\",\"@id\":\"https:\/\/feminissima.de\/#\/schema\/person\/0b901e053624f88e7ecbea289d9d5128\",\"name\":\"admin\",\"image\":{\"@type\":\"ImageObject\",\"inLanguage\":\"de\",\"@id\":\"https:\/\/feminissima.de\/#\/schema\/person\/image\/\",\"url\":\"https:\/\/secure.gravatar.com\/avatar\/8da1f51327453c0bf63338e8e2a791948b7d2ac19b68839492d1e69aac6924a8?s=96&d=mm&r=g\",\"contentUrl\":\"https:\/\/secure.gravatar.com\/avatar\/8da1f51327453c0bf63338e8e2a791948b7d2ac19b68839492d1e69aac6924a8?s=96&d=mm&r=g\",\"caption\":\"admin\"},\"url\":\"https:\/\/feminissima.de\/index.php\/author\/admin\/\"}]}<\/script>\n<!-- \/ Yoast SEO plugin. -->","yoast_head_json":{"title":"REPORT\/SWR DECKT AUF: Luftfracht ungesichert! 7\/07 - Feminissima","robots":{"index":"index","follow":"follow","max-snippet":"max-snippet:-1","max-image-preview":"max-image-preview:large","max-video-preview":"max-video-preview:-1"},"canonical":"https:\/\/feminissima.de\/index.php\/2007\/07\/16\/report-swr-deckt-auf-luftfracht-ungesichert-7-07\/","og_locale":"de_DE","og_type":"article","og_title":"REPORT\/SWR DECKT AUF: Luftfracht ungesichert! 7\/07 - Feminissima","og_description":"Noch mal Gl\u00fcck gehabt! Bisher! REPORT MAINZ hat aufgedeckt, dass praktisch jeder, der es darauf anlegt, an die Luftfracht gelangt, an drei gro\u00dfen deutschen Flugh\u00e4fen:","og_url":"https:\/\/feminissima.de\/index.php\/2007\/07\/16\/report-swr-deckt-auf-luftfracht-ungesichert-7-07\/","og_site_name":"Feminissima","article_published_time":"2007-07-16T22:53:48+00:00","author":"admin","twitter_card":"summary_large_image","twitter_misc":{"Verfasst von":"admin","Gesch\u00e4tzte Lesezeit":"2\u00a0Minuten"},"schema":{"@context":"https:\/\/schema.org","@graph":[{"@type":"WebPage","@id":"https:\/\/feminissima.de\/index.php\/2007\/07\/16\/report-swr-deckt-auf-luftfracht-ungesichert-7-07\/","url":"https:\/\/feminissima.de\/index.php\/2007\/07\/16\/report-swr-deckt-auf-luftfracht-ungesichert-7-07\/","name":"REPORT\/SWR DECKT AUF: Luftfracht ungesichert! 7\/07 - Feminissima","isPartOf":{"@id":"https:\/\/feminissima.de\/#website"},"datePublished":"2007-07-16T22:53:48+00:00","dateModified":"2007-07-16T22:53:48+00:00","author":{"@id":"https:\/\/feminissima.de\/#\/schema\/person\/0b901e053624f88e7ecbea289d9d5128"},"breadcrumb":{"@id":"https:\/\/feminissima.de\/index.php\/2007\/07\/16\/report-swr-deckt-auf-luftfracht-ungesichert-7-07\/#breadcrumb"},"inLanguage":"de","potentialAction":[{"@type":"ReadAction","target":["https:\/\/feminissima.de\/index.php\/2007\/07\/16\/report-swr-deckt-auf-luftfracht-ungesichert-7-07\/"]}]},{"@type":"BreadcrumbList","@id":"https:\/\/feminissima.de\/index.php\/2007\/07\/16\/report-swr-deckt-auf-luftfracht-ungesichert-7-07\/#breadcrumb","itemListElement":[{"@type":"ListItem","position":1,"name":"Startseite","item":"https:\/\/feminissima.de\/"},{"@type":"ListItem","position":2,"name":"REPORT\/SWR DECKT AUF: Luftfracht ungesichert! 7\/07"}]},{"@type":"WebSite","@id":"https:\/\/feminissima.de\/#website","url":"https:\/\/feminissima.de\/","name":"Feminissima","description":"","potentialAction":[{"@type":"SearchAction","target":{"@type":"EntryPoint","urlTemplate":"https:\/\/feminissima.de\/?s={search_term_string}"},"query-input":"required name=search_term_string"}],"inLanguage":"de"},{"@type":"Person","@id":"https:\/\/feminissima.de\/#\/schema\/person\/0b901e053624f88e7ecbea289d9d5128","name":"admin","image":{"@type":"ImageObject","inLanguage":"de","@id":"https:\/\/feminissima.de\/#\/schema\/person\/image\/","url":"https:\/\/secure.gravatar.com\/avatar\/8da1f51327453c0bf63338e8e2a791948b7d2ac19b68839492d1e69aac6924a8?s=96&d=mm&r=g","contentUrl":"https:\/\/secure.gravatar.com\/avatar\/8da1f51327453c0bf63338e8e2a791948b7d2ac19b68839492d1e69aac6924a8?s=96&d=mm&r=g","caption":"admin"},"url":"https:\/\/feminissima.de\/index.php\/author\/admin\/"}]}},"jetpack_featured_media_url":"","_links":{"self":[{"href":"https:\/\/feminissima.de\/index.php\/wp-json\/wp\/v2\/posts\/84869","targetHints":{"allow":["GET"]}}],"collection":[{"href":"https:\/\/feminissima.de\/index.php\/wp-json\/wp\/v2\/posts"}],"about":[{"href":"https:\/\/feminissima.de\/index.php\/wp-json\/wp\/v2\/types\/post"}],"author":[{"embeddable":true,"href":"https:\/\/feminissima.de\/index.php\/wp-json\/wp\/v2\/users\/2"}],"replies":[{"embeddable":true,"href":"https:\/\/feminissima.de\/index.php\/wp-json\/wp\/v2\/comments?post=84869"}],"version-history":[{"count":0,"href":"https:\/\/feminissima.de\/index.php\/wp-json\/wp\/v2\/posts\/84869\/revisions"}],"wp:attachment":[{"href":"https:\/\/feminissima.de\/index.php\/wp-json\/wp\/v2\/media?parent=84869"}],"wp:term":[{"taxonomy":"category","embeddable":true,"href":"https:\/\/feminissima.de\/index.php\/wp-json\/wp\/v2\/categories?post=84869"},{"taxonomy":"post_tag","embeddable":true,"href":"https:\/\/feminissima.de\/index.php\/wp-json\/wp\/v2\/tags?post=84869"}],"curies":[{"name":"wp","href":"https:\/\/api.w.org\/{rel}","templated":true}]}}