{"id":84868,"date":"2007-07-16T20:45:17","date_gmt":"2007-07-16T20:45:17","guid":{"rendered":"http:\/\/www.feminissima.de\/?p=84868"},"modified":"2007-07-16T20:45:17","modified_gmt":"2007-07-16T20:45:17","slug":"mehr-internet-radio-print-faellt-7-07","status":"publish","type":"post","link":"https:\/\/feminissima.de\/index.php\/2007\/07\/16\/mehr-internet-radio-print-faellt-7-07\/","title":{"rendered":"mehr Internet &#038; Radio, Print f\u00e4llt \/ 7\/07"},"content":{"rendered":"<p>Gesamtreichweite aller Printmedien r\u00fcckl\u00e4ufig. <\/p>\n<p>Radionutzung der J\u00dcNGEREN steigt.<\/p>\n<p>INTERNET-Nutzung nimmt zu&#8230; <\/p>\n<p>Hier f\u00fcr FEM-LeserInnen ein \u00dcberblick, was sich so tut, auf dem Medienmarkt&#8230;<\/p>\n<p>Quelle: F.A.Z. &#8211; Institut f\u00fcr Managment-, Markt- und Medieninformation GmbH, Frankfurt\/Main.<br \/>Gesendet:  Montag, 16. Juli 2007 13:20:35 <\/p>\n<p>Betreff:  F.A.Z.-Institut >kommunikationsmanager Newsletter Nr. 13 \/ 2007 <\/p>\n<p>Ausgabe Nr. 13 \/ 2007 <\/p>\n<p>Neue Informationen aus den Redaktionen deutscher Medien.<\/p>\n<p>Lesen Sie heute unter anderem:<\/p>\n<p> Neu: Magazin f\u00fcr Haus\u00e4rzte <\/p>\n<p> Zeitschrift f\u00fcr erneuerbare Energien startet im Herbst <\/p>\n<p> Focus bietet individuelles Online-Nachrichtenmagazin <\/p>\n<p> Lutz Marmor wird neuer NDR-Intendant <\/p>\n<p> Schweizer Anlegermagazin Stocks mit neuem Chefredakteur <\/p>\n<p>MEDIEN <\/p>\n<p>Gesamtreichweite aller Printmedien r\u00fcckl\u00e4ufig <\/p>\n<p>\u00dcberwiegend Leserverluste zeigt die aktuelle Allensbacher Markt- und Werbetr\u00e4geranalyse 2007. Die Gesamtreichweite aller Printmedien ist in der AWA im Vergleich zum Jahr 2006 um 1,6 Prozent zur\u00fcckgegangen. Gestiegen ist hingegen die Internetnutzung. Zu den Verlierern der aktuellen Erhebung z\u00e4hlen unter anderem die aktuellen Magazine Stern, Spiegel und Focus.<\/p>\n<p>Neues Magazin f\u00fcr Haus\u00e4rzte <\/p>\n<p>Der Wort &#038; Bild Verlag bringt in Kooperation mit dem Deutschen Haus\u00e4rzteverband das Journal HausArzt &#8211; Das Gesundheitsmagazin aus Ihrer Praxis heraus. Ab 1. Oktober steht der kostenlose Titel zur Patienteninformation niedergelassenen \u00c4rzten zur Verf\u00fcgung. Viermal j\u00e4hrlich, jeweils zu Quartalsbeginn, soll das Heft k\u00fcnftig erscheinen. In einer Druckauflage von 1,8 Millionen Exemplaren wird der HausArzt in mehr als 50.000 Praxen verteilt. <\/p>\n<p>Fachzeitschrift: IKZ Energy startet <\/p>\n<p>Der Strobel Verlag in Arnsberg bringt im Herbst den Titel IKZ Energy auf den Markt, eine Fachzeitschrift f\u00fcr den Bereich erneuerbare Energien. Inhaltlich befasst sich der Titel mit den Bereichen Solartechnik und Photovoltaik, Bioenergie, Geothermie und in Teilbereichen mit Wind- und Wasserkraft. Die zweite Ausgabe soll im November erscheinen. Ab 2008 wird das Fachmagazin dann zehnmal im Jahr erscheinen. Die Auflage betr\u00e4gt 22.000 Exemplare. Chefredakteur wird Hilmar D\u00fcppel. <\/p>\n<p>Taz stellt NRW-Ausgabe ein <\/p>\n<p>Die Tageszeitung (Taz) stellt ihre Regionalausgabe Nordrhein-Westfalen ein. <\/p>\n<p>Spiegel mit Kulturmagazin <\/p>\n<p>Am 27. August liegt der Gesamtauflage des Spiegel der Kultur Spiegel bei. Bislang lag das Kulturmagazin nur der Abonnentenauflage bei. Die Auflage des Kultur Spiegel wird dadurch mit voraussichtlich mehr als einer Million Exemplaren doppelt so hoch sein wie sonst. Themenschwerpunkt des Heftes ist die Beziehung zwischen Kunst und Kommerz. <\/p>\n<p>Auto Bild Sportcars mit Ferrari-DVD <\/p>\n<p>Die Zeitschrift Auto Bild Sportcars (Axel Springer) hat mit der Ausgabe vom 13. Juli erstmals eine von der Redaktion produzierte DVD in den Handel gebracht. Das Heft mit DVD zum Thema &#8222;60 Jahre Ferrari&#8220; kostet wie sonst auch 3,20 Euro. <\/p>\n<p>Lebenslauf ersetzt 55 Plus <\/p>\n<p>Am 21. September kommt der Titel Lebenslauf: wach glauben &#8211; mutig handeln &#8211; dankbar genie\u00dfen (Bundes-Verlag, Witten) auf den Markt. Zur Zielgruppe z\u00e4hlen Menschen im Rentenalter mit christlichem Hintergrund. Das Magazin startet mit einer Auflage von 180.000 Exemplaren. Gr\u00f6\u00dftenteils wird die Startauflage bis zum Jahresende auf Veranstaltungen und per Versand an Kirchengemeinden dazu genutzt, potentielle K\u00e4ufer mit dem Titel vertraut zu machen. F\u00fcr 2008 wird eine durchschnittliche Auflage von 20.000 Heften angestrebt. Ab Dezember erscheint das Magazin dann zu einem Preis von 3,80 Euro sechsmal im Jahr. Mit dem Erscheinen von Lebenslauf wird der Vorg\u00e4ngertitel 55 Plus vom Markt genommen. <\/p>\n<p>Jugendzeitschrift Spiesser k\u00fcnftig bundesweit <\/p>\n<p>Die ostdeutsche Jugendzeitschrift Spiesser aus Dresden erscheint ab dem 10. September bundesweit. Der Titel kommt f\u00fcnfmal im Jahr heraus und wird k\u00fcnftig an 15.000 Auslagestellen frei verteilt. Die Zeitschrift startete 1994 in Dresden und ist nach eigenen Angaben heute mit einer verbreiteten Auflage von knapp 266.000 Exemplaren Ostdeutschlands auflagenst\u00e4rkster Jugendtitel. Ab dem deutschlandweiten Start wird Spiesser mit einer verbreiteten Auflage von einer Million Heften erscheinen. <\/p>\n<p>Axel Springer: Pl\u00e4ne f\u00fcr Boulevardblatt in Frankreich verworfen <\/p>\n<p>Axel Springer f\u00fchrt die Entwicklungsarbeit und Marktsondierung f\u00fcr die Einf\u00fchrung einer \u00fcberregionalen Tageszeitung in Frankreich nicht fort. <\/p>\n<p>Petra: Drei Varianten <\/p>\n<p>Die August-Ausgabe der monatlichen Frauenzeitschrift Petra (Jahreszeiten Verlag) erscheint in drei Varianten. F\u00fcr die Urlaubstage am Strand ist der Titel seit dem 12. Juli im Pocket-Format mit einer Zusatzauflage von 50.000 Exemplaren f\u00fcr 1,30 Euro auf dem Markt. Neben dem Standardheft erscheint zudem eine XXL-Ausgabe zur D\u00fcsseldorfer Modemesse CPD, erg\u00e4nzt um einen Trend-Report mit dem Titel &#8222;Mode, Design, Lifestyle &#8211; was uns 2008 bewegt&#8220;. Das XXL-Heft wird bei der Messe sowie den Petra Fashion Awards 2007 verteilt und bundesweit an ausgew\u00e4hlten Bahnhofsbuchhandlungen f\u00fcr 4,00 Euro verkauft. <\/p>\n<p>Nachrichtensendung &#8222;Heute&#8220; f\u00fcr das Handy <\/p>\n<p>Das ZDF plant eine mobile 100-Sekunden-Version seiner Nachrichtensendung &#8222;Heute&#8220;. Damit reagiert der Sender auf die Ank\u00fcndigung der ARD, die &#8222;Tagesschau&#8220; via Mobiltelefon \u00fcbertragen zu wollen. <\/p>\n<p>Radionutzung der J\u00fcngeren steigt <\/p>\n<p>Die Arbeitsgemeinschaft Media-Analyse berichtet in der aktuellen Studie zur Radionutzung (MA 2007 Radio II), dass unver\u00e4ndert vier von f\u00fcnf Deutschen ab 14 Jahre (79,4 Prozent) an einem durchschnittlichen Tag Radio h\u00f6ren (Tagesreichweite). Dabei ist die Radionutzung bei den Berufst\u00e4tigen mit 83,2 Prozent etwas h\u00f6her. Das Alterssegment der 14- bis 49-J\u00e4hrigen erreicht eine Tagesreichweite von 79,2 Prozent. Mit durchschnittlich t\u00e4glich 3 Stunden 20 Minuten liegt die H\u00f6rdauer der Deutschen ab 14 Jahre auf unver\u00e4ndertem Niveau. Im Vergleich zur MA 2007 Radio I (M\u00e4rz-Berichterstattung) zeigt die j\u00fcngere Altersgruppe der 14- bis 29-J\u00e4hrigen einen H\u00f6rdauerzuwachs von 10 Minuten auf jetzt 158 Minuten. <\/p>\n<p>Neuer Wirtschaftssender in Polen <\/p>\n<p>Der Wirtschafts- und Nachrichtensender CNBC und die TVN-Gruppe, ein privates Medienunternehmen in Polen, gr\u00fcnden gemeinsam einen neuen polnischen Wirtschaftssender. Der Kanal TVN CNBC Biznes wird voraussichtlich im Herbst 2007 starten und soll zuk\u00fcnftig eng mit CNBC zusammenarbeiten. Die Vereinbarung betrifft sowohl die t\u00e4gliche redaktionelle Zusammenarbeit als auch die technische Abwicklung. <\/p>\n<p>IPTV: Nutzer unzufrieden <\/p>\n<p>Nutzer von Breitband-Internetanschl\u00fcssen sind mit dem TV-Angebot gr\u00f6\u00dftenteils unzufrieden. Das ist das Ergebnis einer von Motorola in Auftrag gegebenen Studie zum Thema IPTV. Demnach sind 80 Prozent der Zuschauer, die einen Breitbandanschluss haben, der Meinung, dass im Fernsehen deutlich zu viel Werbung zu sehen ist. 64 Prozent beklagen, auf eine zu geringe Zahl von Sendern festgelegt zu sein, und fast die H\u00e4lfte gibt an, dass nie das Programm l\u00e4uft, das sie gerade sehen m\u00f6chten. An der Umfrage beteiligten sich rund 2.600 Breitbandnutzer aus Deutschland, Gro\u00dfbritannien, Frankreich, Italien und Spanien. <\/p>\n<p>Journalistische Inhalte im Netz gefragt <\/p>\n<p>Einer Umfrage von Media Transfer Netresearch &#038; Consulting zufolge haben 48 Prozent der Befragten schon einmal kostenpflichtige Inhalte im Internet bezogen, 26 Prozent haben bereits f\u00fcr redaktionelle Inhalte bezahlt. Nichtnutzer k\u00f6nnen sich am ehesten vorstellen, Paid Content von der Website eines bekannten Print-Titels oder einer Special-Interest-Website zu beziehen. Am h\u00e4ufigsten werden Testberichte, Artikel aus Archiven, Hintergrundberichte aus dem Bereich Computer &#038; Technik sowie Beratung\/Tipps aus dem Bereich Wirtschaft &#038; Finanzen nachgefragt. <\/p>\n<p>Focus bietet individuelles Online-Magazin <\/p>\n<p>Unter dem Namen Mein Focus startet Focus Online jetzt ein individualisierbares Online-Nachrichtenmagazin. Auf http:\/\/mein.focus.de k\u00f6nnen die Nutzer unter anderem beliebige Inhalte von Focus Online per Drag&#038;Drop zusammenstellen: Politiknachrichten, Wissens-Videos, die &#8222;Bilder des Tages&#8220; oder verschiedene Kolumnen. Im Laufe der kommenden Monate soll das neue Angebot ausgebaut werden. <\/p>\n<p>Neustart f\u00fcr Computerbild.de <\/p>\n<p>Axel Springer hat sein Technik-Portal Computerbild.de relauncht. K\u00fcnftig bietet die Website Informationen rund um die Themen Computer, Telekommunikation, Spiele und Unterhaltungselektronik. Damit b\u00fcndelt Axel Springer die Internetauftritte der Titel Computer Bild Spiele und Audio Video Foto Bild unter dem Dach von Computerbild.de. Der Fokus des Portals liegt vor allem auf der redaktionellen Kaufberatung mit mehr als 1.000 Produkttests. Au\u00dferdem finden Nutzer hier M\u00f6glichkeiten zum Preisvergleich, kostenlose Software-Downloads, Rezensionen zu Computerspielen sowie Schritt-f\u00fcr-Schritt-Anleitungen. Hilfestellung geben Bewegtbildkurse und Videos zu ausgew\u00e4hlten Produkten. Mit dem Relaunch hat Axel Springer eine eigene Online-Redaktion eingerichtet. Die Redaktion leitet Falko Ossmann, 40. Er war zuvor bei Computec Media als stellvertretender Chefredakteur f\u00fcr den Titel SFT t\u00e4tig. <\/p>\n<p>Sueddeutsche.de \u00fcberarbeitet <\/p>\n<p>Die S\u00fcddeutsche Zeitung hat die Finanzseiten ihres Portals sueddeutsche.de \u00fcberarbeitet. Die Rubrik bietet k\u00fcnftig zus\u00e4tzliche Features und einen stark erweiterten Kursteil. So sollen sich Leser des Internetportals k\u00fcnftig einen \u00dcberblick \u00fcber das Geschehen an der B\u00f6rse in allen wichtigen Wertpapierkategorien verschaffen k\u00f6nnen. Informationen soll es nicht nur wie bisher zu Aktien und Fonds, sondern auch zu Anleihen, Zertifikaten und verschiedenen anderen Derivaten geben. <\/p>\n<p>Madsack relauncht seine Internetportale <\/p>\n<p>Die Verlagsgesellschaft Madsack in Hannover hat das Projekt zur Neuausrichtung seiner 15 Internetportale mit dem Relaunch der drei Websites Haz.de, Neuepresse.de und Op-Marburg.de begonnen. \u00dcberarbeitete Men\u00fcs, Registerreiter und neue Bl\u00e4tterfunktionen sollen die Navigation erleichtern. Zum Relaunch wurde eine zentrale Online-Redaktion geschaffen, die alle \u00fcberregionalen Artikel t\u00e4glich von 7 bis 24 Uhr erstellt. Die Lokalredaktionen vervollst\u00e4ndigen das Angebot. <\/p>\n<p>n-tv.de \u00fcberarbeitet <\/p>\n<p>Das Informationsportal des Nachrichtensenders n-tv ist \u00fcberarbeitet worden und zeigt sich nun bedienungsfreundlicher und in einem neuen Design. Von der Startseite aus kann der Nutzer beispielsweise s\u00e4mtliche Schlagzeilen und Meldungen des Tages direkt abrufen. Zudem wurde das Video-on-Demand-Angebot weiter ausgebaut. Au\u00dferdem wurden die zwei neuen Bereiche &#8222;Ratgeber&#8220; (Rechts- und Finanzthemen) und &#8222;Wissen&#8220; (Wissenschaft und Technik) aufgebaut. <\/p>\n<p>\nPERSONALIEN <\/p>\n<p>Lutz Marmor wird neuer NDR-Intendant <\/p>\n<p>Lutz Marmor, 53, wird neuer NDR-Intendant und Arno Beyer, 52, stellvertretender Intendant. Der NDR-Rundfunkrat w\u00e4hlte die beiden Kandidaten, die der Verwaltungsrat vorgeschlagen hatte. Marmor, langj\u00e4hriger NDR-Verwaltungsdirektor und derzeit in gleicher Funktion sowie als stellvertretender Intendant beim WDR, tritt die Nachfolge von Jobst Plog an, der im Januar 2008 ausscheidet. <\/p>\n<p>Iris Mayer leitet Nachrichtenredaktion von Focus Online <\/p>\n<p>Iris Mayer, 32, leitet ab sofort die Nachrichtenredaktion von Focus Online. Sie verantwortet k\u00fcnftig die aktuelle politische Berichterstattung und den Bereich Panorama. Mayer ist seit M\u00e4rz 2006 als Stellvertretende Nachrichtenchefin bei dem Internetportal des Nachrichtenmagazins t\u00e4tig. Zum Stellvertretenden Nachrichtenchef r\u00fcckt gleichzeitig Harry Luck, 34, auf. Er ist seit April 2006 Chef vom Dienst der Focus-Online-Nachrichtenredaktion und war zuvor Chef vom Dienst in der Zentralredaktion der Nachrichtenagentur ddp. Julia Kleine, 38, \u00fcbernimmt die Leitung des neu geschaffenen Ressorts Jobs. Sie arbeitet seit f\u00fcnf Jahren bei Focus Online und widmet sich nach Stationen in der Nachrichten- und der Wissensredaktion ab sofort dem Ausbau der Themen Karriere und Arbeitsmarkt. Christine Steinlein, 25, ist ab August Redakteurin im Ressort Wissen. <\/p>\n<p>Schweizer Anlegermagazin Stocks mit neuem Chefredakteur <\/p>\n<p>Urs Aeberli, 40, ist neuer Chefredakteur des Schweizer Anlegermagazins Stocks (Verlagsgruppe Handelszeitung\/Axel Springer AG). Er tritt die Nachfolge von Hansj\u00f6rg Ryser an, der im Juni zum Wirtschaftstitel Bilanz (Jean Frey AG\/ebenfalls Axel-Springer-Tochter) wechselte. Aeberli ist seit der Gr\u00fcndung des Heftes im November 2000 Stellvertretender Chefredakteur. Zum 1. September \u00fcbernimmt Marc Boris Reisner, 44, die Funktion des Stellvertretenden Chefredakteurs und Blattmachers von Stocks. Reisner war bislang als Leitender Redakteur und Chefredakteur bei verschiedenen Publikationen t\u00e4tig (unter anderem Geldzeitung, Euro am Sonntag). Daneben bleibt Hans Peter Arnold, 41, weiterer Stellvertretender Chefredakteur des Magazins. <\/p>\n<p>R\u00fcdi Steiner Chefredakteur von Cash Daily <\/p>\n<p>In dem zum Schweizer Ringier Verlag geh\u00f6renden Cash-Medienverbund \u00fcbernimmt R\u00fcdi Steiner die Position des Chefredakteurs und verantwortet damit die journalistischen Inhalte der t\u00e4glichen Gratis-Wirtschaftszeitung Cash Daily sowie von Cash.ch und Cash Mobile. Zuvor war er Ressortleiter Wirtschaft bei der Boulevardzeitung Blick und seit September 2006 Redaktionsleiter von Cash Daily. <\/p>\n<p>Meike Kirsch gesch\u00e4ftsf\u00fchrende GEO Special-Redakteurin <\/p>\n<p>Meike Kirsch, 28, wird neue gesch\u00e4ftsf\u00fchrende Redakteurin von GEO Special. Ende 2004 kam sie als Praktikantin zu dem Reisemagazin aus der GEO-Gruppe (Gruner + Jahr) und ist seit Januar 2005 Redakteurin in der Textredaktion. Sie folgt auf Florian Hanig, der neue Aufgaben in der GEO-Redaktion \u00fcbernommen hat. <\/p>\n<p>Wechsel beim Express <\/p>\n<p>In der Unternehmensgruppe M. DuMont Schauberg (MDS) steigt Uwe Hoffmann, 51, zum Stellvertretenden Chefredakteur der Tageszeitung Express auf. Er begann seine berufliche Laufbahn 1980 als Redakteur bei MDS. Seit 1990 ist er Ressortleiter Sport in der Redaktion des Express. Er folgt auf Christian Schims, 46, der den Posten seit 1999 innehatte und die Unternehmensgruppe zum 1. September verl\u00e4sst. <\/p>\n<p>Stefan Willeke leitet die Redaktion von suedkurier.de <\/p>\n<p>Stefan Willeke, 35, ist neuer Ressortleiter der Online-Redaktion des S\u00fcdkurier-Medienhauses, Konstanz. Er wird die redaktionellen Angebote des Medienhaus-Portals suedkurier.de ausbauen und den Internetauftritt weiterentwickeln. Sein Zust\u00e4ndigkeitsbereich umfasst dar\u00fcber hinaus die inhaltliche Ausgestaltung neuer Online-Portale, den Bereich Web-TV und die Zusammenarbeit mit dem Online-Produktmanagement des Medienhauses. <\/p>\n<p>Wechsel bei Amica <\/p>\n<p>Claudia Delorme, Stellvertretende Chefredakteurin der Zeitschrift Amica (Hubert Burda Media) hat den Verlag in &#8222;bestem gegenseitigen Einvernehmen&#8220; verlassen. Margret M\u00fcller ist ab sofort Fashion Director bei der Zeitschrift und zugleich Mitglied der Chefredaktion. M\u00fcller war bis Juni 2006 bereits zwei Jahre als Leiterin Mode bei Amica t\u00e4tig. <\/p>\n<p>Sabine Pracht wechselt zur FVW Mediengruppe <\/p>\n<p>Sabine Pracht, 33, startet im August als Redakteurin bei fvw, dem Magazin f\u00fcr Touristik und Business Travel aus der FVW Mediengruppe. In ihrer neuen Funktion wird sie f\u00fcr die Themenbereiche Vertrieb und Gesch\u00e4ftsreisen zust\u00e4ndig sein. <\/p>\n<p>Herausgegeben gemeinsam von: <\/p>\n<p>F.A.Z.-Institut f\u00fcr<\/p>\n<p>Management-, Markt- und<\/p>\n<p>Medieninformationen GmbH <\/p>\n<p>Mainzer Landstra\u00dfe 199<\/p>\n<p>60326 Frankfurt am Main<\/p>\n<p>Telefon (069) 75 91-22 16<\/p>\n<p>Telefax (069) 75 91-24 23<\/p>\n<p>Registergericht:<\/p>\n<p>Amstgericht Frankfurt am Main<\/p>\n<p>HRB 28290<\/p>\n<p>Gesch\u00e4ftsf\u00fchrung:<\/p>\n<p>Volker Sach, Dr. Andr\u00e9 H\u00fclsb\u00f6mer<\/p>\n<p>und <\/p>\n<p>PRIME research <\/p>\n<p>international AG &#038; Co KG<\/p>\n<p>Kaiserstra\u00dfe 22<\/p>\n<p>55116 Mainz<\/p>\n<p>Telefon (06131) 21 80-0<\/p>\n<p>Telefax (06131) 21 80-530 <\/p>\n<p><\/p>\n","protected":false},"excerpt":{"rendered":"<p>Gesamtreichweite aller Printmedien r\u00fcckl\u00e4ufig. <\/p>\n<p>Radionutzung der J\u00dcNGEREN steigt.<\/p>\n<p>INTERNET-Nutzung nimmt zu&#8230; <\/p>\n<p>Hier f\u00fcr FEM-LeserInnen ein \u00dcberblick, was sich so tut, auf dem Medienmarkt&#8230;<\/p>\n<p>Quelle: F.A.Z. &#8211; Institut f\u00fcr Managment-, Markt- und Medieninformation GmbH, Frankfurt\/Main.<\/p>\n","protected":false},"author":2,"featured_media":0,"comment_status":"closed","ping_status":"closed","sticky":false,"template":"","format":"standard","meta":{"footnotes":""},"categories":[13],"tags":[],"class_list":["post-84868","post","type-post","status-publish","format-standard","hentry","category-femmedien","entry"],"yoast_head":"<!-- This site is optimized with the Yoast SEO plugin v21.0 - https:\/\/yoast.com\/wordpress\/plugins\/seo\/ -->\n<title>mehr Internet &amp; Radio, Print f\u00e4llt \/ 7\/07 - Feminissima<\/title>\n<meta name=\"robots\" content=\"index, follow, max-snippet:-1, max-image-preview:large, max-video-preview:-1\" \/>\n<link rel=\"canonical\" href=\"https:\/\/feminissima.de\/index.php\/2007\/07\/16\/mehr-internet-radio-print-faellt-7-07\/\" \/>\n<meta property=\"og:locale\" content=\"de_DE\" \/>\n<meta property=\"og:type\" content=\"article\" \/>\n<meta property=\"og:title\" content=\"mehr Internet &amp; Radio, Print f\u00e4llt \/ 7\/07 - Feminissima\" \/>\n<meta property=\"og:description\" content=\"Gesamtreichweite aller Printmedien r\u00fcckl\u00e4ufig. Radionutzung der J\u00dcNGEREN steigt. INTERNET-Nutzung nimmt zu... Hier f\u00fcr FEM-LeserInnen ein \u00dcberblick, was sich so tut, auf dem Medienmarkt... Quelle: F.A.Z. - Institut f\u00fcr Managment-, Markt- und Medieninformation GmbH, Frankfurt\/Main.\" \/>\n<meta property=\"og:url\" content=\"https:\/\/feminissima.de\/index.php\/2007\/07\/16\/mehr-internet-radio-print-faellt-7-07\/\" \/>\n<meta property=\"og:site_name\" content=\"Feminissima\" \/>\n<meta property=\"article:published_time\" content=\"2007-07-16T20:45:17+00:00\" \/>\n<meta name=\"author\" content=\"admin\" \/>\n<meta name=\"twitter:card\" content=\"summary_large_image\" \/>\n<meta name=\"twitter:label1\" content=\"Verfasst von\" \/>\n\t<meta name=\"twitter:data1\" content=\"admin\" \/>\n\t<meta name=\"twitter:label2\" content=\"Gesch\u00e4tzte Lesezeit\" \/>\n\t<meta name=\"twitter:data2\" content=\"10\u00a0Minuten\" \/>\n<script type=\"application\/ld+json\" class=\"yoast-schema-graph\">{\"@context\":\"https:\/\/schema.org\",\"@graph\":[{\"@type\":\"WebPage\",\"@id\":\"https:\/\/feminissima.de\/index.php\/2007\/07\/16\/mehr-internet-radio-print-faellt-7-07\/\",\"url\":\"https:\/\/feminissima.de\/index.php\/2007\/07\/16\/mehr-internet-radio-print-faellt-7-07\/\",\"name\":\"mehr Internet & Radio, Print f\u00e4llt \/ 7\/07 - Feminissima\",\"isPartOf\":{\"@id\":\"https:\/\/feminissima.de\/#website\"},\"datePublished\":\"2007-07-16T20:45:17+00:00\",\"dateModified\":\"2007-07-16T20:45:17+00:00\",\"author\":{\"@id\":\"https:\/\/feminissima.de\/#\/schema\/person\/0b901e053624f88e7ecbea289d9d5128\"},\"breadcrumb\":{\"@id\":\"https:\/\/feminissima.de\/index.php\/2007\/07\/16\/mehr-internet-radio-print-faellt-7-07\/#breadcrumb\"},\"inLanguage\":\"de\",\"potentialAction\":[{\"@type\":\"ReadAction\",\"target\":[\"https:\/\/feminissima.de\/index.php\/2007\/07\/16\/mehr-internet-radio-print-faellt-7-07\/\"]}]},{\"@type\":\"BreadcrumbList\",\"@id\":\"https:\/\/feminissima.de\/index.php\/2007\/07\/16\/mehr-internet-radio-print-faellt-7-07\/#breadcrumb\",\"itemListElement\":[{\"@type\":\"ListItem\",\"position\":1,\"name\":\"Startseite\",\"item\":\"https:\/\/feminissima.de\/\"},{\"@type\":\"ListItem\",\"position\":2,\"name\":\"mehr Internet &#038; Radio, Print f\u00e4llt \/ 7\/07\"}]},{\"@type\":\"WebSite\",\"@id\":\"https:\/\/feminissima.de\/#website\",\"url\":\"https:\/\/feminissima.de\/\",\"name\":\"Feminissima\",\"description\":\"\",\"potentialAction\":[{\"@type\":\"SearchAction\",\"target\":{\"@type\":\"EntryPoint\",\"urlTemplate\":\"https:\/\/feminissima.de\/?s={search_term_string}\"},\"query-input\":\"required name=search_term_string\"}],\"inLanguage\":\"de\"},{\"@type\":\"Person\",\"@id\":\"https:\/\/feminissima.de\/#\/schema\/person\/0b901e053624f88e7ecbea289d9d5128\",\"name\":\"admin\",\"image\":{\"@type\":\"ImageObject\",\"inLanguage\":\"de\",\"@id\":\"https:\/\/feminissima.de\/#\/schema\/person\/image\/\",\"url\":\"https:\/\/secure.gravatar.com\/avatar\/8da1f51327453c0bf63338e8e2a791948b7d2ac19b68839492d1e69aac6924a8?s=96&d=mm&r=g\",\"contentUrl\":\"https:\/\/secure.gravatar.com\/avatar\/8da1f51327453c0bf63338e8e2a791948b7d2ac19b68839492d1e69aac6924a8?s=96&d=mm&r=g\",\"caption\":\"admin\"},\"url\":\"https:\/\/feminissima.de\/index.php\/author\/admin\/\"}]}<\/script>\n<!-- \/ Yoast SEO plugin. -->","yoast_head_json":{"title":"mehr Internet & Radio, Print f\u00e4llt \/ 7\/07 - Feminissima","robots":{"index":"index","follow":"follow","max-snippet":"max-snippet:-1","max-image-preview":"max-image-preview:large","max-video-preview":"max-video-preview:-1"},"canonical":"https:\/\/feminissima.de\/index.php\/2007\/07\/16\/mehr-internet-radio-print-faellt-7-07\/","og_locale":"de_DE","og_type":"article","og_title":"mehr Internet & Radio, Print f\u00e4llt \/ 7\/07 - Feminissima","og_description":"Gesamtreichweite aller Printmedien r\u00fcckl\u00e4ufig. Radionutzung der J\u00dcNGEREN steigt. INTERNET-Nutzung nimmt zu... Hier f\u00fcr FEM-LeserInnen ein \u00dcberblick, was sich so tut, auf dem Medienmarkt... Quelle: F.A.Z. - Institut f\u00fcr Managment-, Markt- und Medieninformation GmbH, Frankfurt\/Main.","og_url":"https:\/\/feminissima.de\/index.php\/2007\/07\/16\/mehr-internet-radio-print-faellt-7-07\/","og_site_name":"Feminissima","article_published_time":"2007-07-16T20:45:17+00:00","author":"admin","twitter_card":"summary_large_image","twitter_misc":{"Verfasst von":"admin","Gesch\u00e4tzte Lesezeit":"10\u00a0Minuten"},"schema":{"@context":"https:\/\/schema.org","@graph":[{"@type":"WebPage","@id":"https:\/\/feminissima.de\/index.php\/2007\/07\/16\/mehr-internet-radio-print-faellt-7-07\/","url":"https:\/\/feminissima.de\/index.php\/2007\/07\/16\/mehr-internet-radio-print-faellt-7-07\/","name":"mehr Internet & Radio, Print f\u00e4llt \/ 7\/07 - Feminissima","isPartOf":{"@id":"https:\/\/feminissima.de\/#website"},"datePublished":"2007-07-16T20:45:17+00:00","dateModified":"2007-07-16T20:45:17+00:00","author":{"@id":"https:\/\/feminissima.de\/#\/schema\/person\/0b901e053624f88e7ecbea289d9d5128"},"breadcrumb":{"@id":"https:\/\/feminissima.de\/index.php\/2007\/07\/16\/mehr-internet-radio-print-faellt-7-07\/#breadcrumb"},"inLanguage":"de","potentialAction":[{"@type":"ReadAction","target":["https:\/\/feminissima.de\/index.php\/2007\/07\/16\/mehr-internet-radio-print-faellt-7-07\/"]}]},{"@type":"BreadcrumbList","@id":"https:\/\/feminissima.de\/index.php\/2007\/07\/16\/mehr-internet-radio-print-faellt-7-07\/#breadcrumb","itemListElement":[{"@type":"ListItem","position":1,"name":"Startseite","item":"https:\/\/feminissima.de\/"},{"@type":"ListItem","position":2,"name":"mehr Internet &#038; Radio, Print f\u00e4llt \/ 7\/07"}]},{"@type":"WebSite","@id":"https:\/\/feminissima.de\/#website","url":"https:\/\/feminissima.de\/","name":"Feminissima","description":"","potentialAction":[{"@type":"SearchAction","target":{"@type":"EntryPoint","urlTemplate":"https:\/\/feminissima.de\/?s={search_term_string}"},"query-input":"required name=search_term_string"}],"inLanguage":"de"},{"@type":"Person","@id":"https:\/\/feminissima.de\/#\/schema\/person\/0b901e053624f88e7ecbea289d9d5128","name":"admin","image":{"@type":"ImageObject","inLanguage":"de","@id":"https:\/\/feminissima.de\/#\/schema\/person\/image\/","url":"https:\/\/secure.gravatar.com\/avatar\/8da1f51327453c0bf63338e8e2a791948b7d2ac19b68839492d1e69aac6924a8?s=96&d=mm&r=g","contentUrl":"https:\/\/secure.gravatar.com\/avatar\/8da1f51327453c0bf63338e8e2a791948b7d2ac19b68839492d1e69aac6924a8?s=96&d=mm&r=g","caption":"admin"},"url":"https:\/\/feminissima.de\/index.php\/author\/admin\/"}]}},"jetpack_featured_media_url":"","_links":{"self":[{"href":"https:\/\/feminissima.de\/index.php\/wp-json\/wp\/v2\/posts\/84868","targetHints":{"allow":["GET"]}}],"collection":[{"href":"https:\/\/feminissima.de\/index.php\/wp-json\/wp\/v2\/posts"}],"about":[{"href":"https:\/\/feminissima.de\/index.php\/wp-json\/wp\/v2\/types\/post"}],"author":[{"embeddable":true,"href":"https:\/\/feminissima.de\/index.php\/wp-json\/wp\/v2\/users\/2"}],"replies":[{"embeddable":true,"href":"https:\/\/feminissima.de\/index.php\/wp-json\/wp\/v2\/comments?post=84868"}],"version-history":[{"count":0,"href":"https:\/\/feminissima.de\/index.php\/wp-json\/wp\/v2\/posts\/84868\/revisions"}],"wp:attachment":[{"href":"https:\/\/feminissima.de\/index.php\/wp-json\/wp\/v2\/media?parent=84868"}],"wp:term":[{"taxonomy":"category","embeddable":true,"href":"https:\/\/feminissima.de\/index.php\/wp-json\/wp\/v2\/categories?post=84868"},{"taxonomy":"post_tag","embeddable":true,"href":"https:\/\/feminissima.de\/index.php\/wp-json\/wp\/v2\/tags?post=84868"}],"curies":[{"name":"wp","href":"https:\/\/api.w.org\/{rel}","templated":true}]}}