{"id":84867,"date":"2007-07-15T15:14:28","date_gmt":"2007-07-15T15:14:28","guid":{"rendered":"http:\/\/www.feminissima.de\/?p=84867"},"modified":"2007-07-15T15:14:28","modified_gmt":"2007-07-15T15:14:28","slug":"pol-die-befreiung-des-kz-buchenwald-1945","status":"publish","type":"post","link":"https:\/\/feminissima.de\/index.php\/2007\/07\/15\/pol-die-befreiung-des-kz-buchenwald-1945\/","title":{"rendered":"Pol: Die Befreiung des KZ Buchenwald, 1945"},"content":{"rendered":"<p>Quelle: ARD-online.de<\/p>\n<p>&#8211; Gedenkst\u00e4tte Buchenwald<\/p>\n<p>Homepage der Stiftung Gedenkst\u00e4tte Buchenwald und Mittelbau-Dora mit umfangreichen Informationen zur Geschichte des Konzentrationslagers. <\/p>\n<p>Mit Quellenangaben zu Buchmaterial.<\/p>\n<p>KZ Buchenwald:<\/p>\n<p> Am 11. April 1945 erreichten US-Truppen das Stammlager auf dem Ettersberg bei Weimar. Rund 21.000 H\u00e4ftlinge wurden befreit. Den Soldaten bot sich ein Bild des Grauens.<\/p>\n<p>\u00dcbersicht.11.04.1945, Weimar, Holocaust: <\/p>\n<p>Die Befreiung des KZ Buchenwald<\/p>\n<p> Buchenwald: Eingangstor mit der Inschrift &#8222;Jedem das Seine&#8220;, April 1945. &#8222;Kameraden, wir haben das Lager in unserer Hand&#8220;, schallte es am fr\u00fchen Nachmittag des 11. April 1945 \u00fcber das Lagergel\u00e4nde des Konzentrationslagers Buchenwald, auf dem Ettersberg bei Weimar gelegen. Die Stimme kam aus demselben Lautsprecher, \u00fcber den gew\u00f6hnlich die SS lautstark ihre Befehle erteilte. &#8222;&#8218;Kameraden&#8216; sagte diese Stimme &#8211; unglaublich. Die SS hatte sich nie dieses Wortes bedient&#8220;, schildert Rolf Kralovitz, ehemaliger H\u00e4ftling in Buchenwald, in seinen Memoiren diesen bewegenden Moment. Danach habe er es in dem Block, in dem er sich versteckt hielt, nicht mehr ausgehalten und sei zum Appellplatz gelaufen. &#8222;Dort sah ich den ersten amerikanischen Panzer. Auf ihm stand ein amerikanischer Soldat, der zu den umstehenden H\u00e4ftlingen sprach. Jemand \u00fcbersetzte: &#8218;Habt keine Angst, der Krieg ist bald aus'&#8220;, so Rolf Kralovitz. Obwohl das Ende des Lagers f\u00fcr den als Juden inhaftierten Kralovitz und seine \u00fcberlebenden Mith\u00e4ftlinge \u00fcberraschend gekommen war, konnten sie erst allm\u00e4hlich begreifen, dass der Schrecken nun ein Ende hatte &#8211; dass sie frei waren.<\/p>\n<p>Das Grauen der letzten Tage<\/p>\n<p> Buchenwald: Ausmarsch der \u00fcberlebenden Kinder und Jugendlichen im April 1945. In den letzten Tagen des Konzentrationslagers Buchenwald war die Stimmung unter den H\u00e4ftlingen des Lagers bereits unertr\u00e4glich gespannt. Im April 1945 befanden sich noch rund 48.000 H\u00e4ftlinge im Lager. Schon seit Mitte M\u00e4rz 1945 war klar, dass die westlichen Alliierten in Richtung Mitteldeutschland auf dem Vormarsch waren. Seit dem 5. April 1945 bereitete die Lager-SS die R\u00e4umung des KZ Buchenwald vor. Am 6. April gab Himmler den Befehl, das Lager zu evakuieren. Die SS schickte mehrere tausend j\u00fcdische H\u00e4ftlinge auf den ersten Evakuierungsmarsch. Wer den Razzien der SS entkommen konnte, tauchte unter &#8211; ein Gl\u00fccksspiel. Auch Rolf Kralovitz, H\u00e4ftling &#8222;ZehnNullNeunzig&#8220;, hielt sich versteckt, konnte so der SS entkommen. In den kommenden Tagen ging die Kommandatur dazu \u00fcber, alle H\u00e4ftlinge zu deportieren. Auf insgesamt 60 Marschrouten &#8211; meist zu Fu\u00df &#8211; mussten etwa 28.000 H\u00e4ftlinge des Stammlagers und mindestens 10.000 H\u00e4ftlinge der Au\u00dfenlager in den letzten Tagen seiner Existenz das Lager verlassen. Die meisten fanden auf den ber\u00fcchtigten Todesm\u00e4rschen der SS nach Theresienstadt oder nach S\u00fcddeutschland den Tod, wurden erschossen oder starben vor Hunger und Ersch\u00f6pfung.<\/p>\n<p>Der interne Widerstand wird st\u00e4rker<\/p>\n<p>Das KZ Buchenwald geriet St\u00fcck f\u00fcr St\u00fcck au\u00dfer Kontrolle. Der SS-Befehlsapparat war nicht mehr voll handlungsf\u00e4hig. L\u00e4ngst hatte sich eine interne Widerstandsbewegung organisiert, die die SS in die Irre f\u00fchrte und schwer zu kontrollieren war. Sie stiftete Chaos, versteckte verfolgte H\u00e4ftlinge, widersetzte sich den Befehlen, rief zum Ungehorsam und zur Geschlossenheit unter den H\u00e4ftlingen auf. Bei einem Bombenangriff auf das KZ im August 1944 hatte sich das illegale Lagerkomitee das entstandene Chaos zunutze gemacht und war in den Besitz von Waffen aus einem Lager der SS gelangt, die in den Blocks versteckt, vergraben oder eingemauert wurden. Einen bewaffneten Aufstand planten die Widerst\u00e4ndler nicht. Vielmehr erwarteten sie die Unterst\u00fctzung der Alliierten bei der Befreiung des Lagers.<\/p>\n<p>Befreiung mit amerikanischer Hilfe<\/p>\n<p> KZ Buchenwald: H\u00e4ftling im kleinen Lager nach der Befreiung im April 1945. &#8222;An die Alliiertten! An die Armee des Generals Patton! S.O.S.! Wir bitten um Hilfe. Man will uns evakuieren. Die SS will uns vernichten&#8220;, lautete ein Funkspruch, der am 8. April bei den US-Truppen unter General Georg Smith Patton einging. In der Kinobaracke des Lagers hatten zwei Elektriker im Auftrag der illegalen Lagerleitung heimlich einen Sender installiert, um die herannahenden US-Truppen zu informieren. Am 11. April erreichten die Amerikaner das Stammlager in Buchenwald. Im Lagerbericht Nr. 1 hielten H\u00e4ftlinge des KZ die Ereignisse des Tages fest. Etwa um 14.30 Uhr erreichten die Panzer der US-Truppen den SS-Bereich. Kurze Zeit sp\u00e4ter starteten die H\u00e4ftlinge ihre Aktion zur Entwaffnung der noch verbliebenen SS-Leute und zur \u00dcbernahme des Lagers. Bereits um 15.00 Uhr nahmen Gruppen von H\u00e4ftlingen nach K\u00e4mpfen mit den Wachen den Befehlsturm der SS in Besitz. Die Befreiung des Lagers war gegl\u00fcckt. Rund 21.000 H\u00e4ftlinge wurden befreit.<\/p>\n<p>F\u00fcr viele politische Gegner der Nazis, Juden, Homosexuelle, Zeugen Jehovas, so genannte Zigeuner, &#8222;Berufsverbrecher\u201d und &#8222;Asoziale\u201d kam die Befreiung zu sp\u00e4t. \u00dcber 56.000 Menschen wurden von der Gr\u00fcndung des Konzentrationslagers 1937 bis zu dessen Ende 1945 in Buchenwald ermordet; insgesamt hatten etwa 250.000 das Lager durchlaufen.<\/p>\n<p>Der Mythos von der Befreiung<\/p>\n<p> Buchenwald: Besichtigung des Konzentrationslagers durch die Weimarer Bev\u00f6lkerung am 16. April 1945. Selbstbefreiung oder Befreiung von au\u00dfen? In der geschichtlichen Darstellung der DDR wurde die Widerstandsbewegung im KZ Buchenwald heroisiert. Der Mythos von der Selbstbefreiung dominierte die sozialistische Geschichtsschreibung. Tats\u00e4chlich hat es ein illegales Lagerkomitee gegeben, das auch den Widerstand gegen die SS organisierte. Ohne die Hilfe der US-Armee h\u00e4tten die H\u00e4ftlinge jedoch keine Chance gehabt, denn sie verf\u00fcgten nur \u00fcber wenige Waffen &#8211; nach Sch\u00e4tzungen von Volkhard Knigge, Direktor der Gedenkst\u00e4tte Buchenwald, waren es etwa 70 -, mit denen sie auf keinen Fall in der Lage gewesen w\u00e4ren, die SS zu \u00fcberw\u00e4ltigen.<\/p>\n<p>Vom sowjetischen Speziallager zur Nationalen Mahn- und Gedenkst\u00e4tte<\/p>\n<p> Buchenwald: Mahnmal f\u00fcr die Opfer des KZ. Von August 1945 an wurde das Lager auf dem Ettersberg als sowjetisches &#8222;Speziallager 2&#8220;, als Internierungslager des sowjetischen Geheimdienstes NKWD f\u00fcr Nazi- und Kriegsverbrecher eingerichtet. Es galt als &#8222;Schweigelager\u201d und war v\u00f6llig von der Au\u00dfenwelt isoliert. Insgesamt 28.455 Menschen wurden dort bis zur Aufl\u00f6sung des Lagers 1950 und der \u00dcbergabe der Insassen an die DDR-Justiz interniert. Neben NS- und Kriegsverbrechern sowie kleinen und mittleren Funktion\u00e4ren der NSDAP und Milit\u00e4r- und HJ-Angeh\u00f6rigen gab es unter ihnen auch eine gro\u00dfe Zahl von Personen, die infolge von Denunziationen, Verwechslungen und willk\u00fcrlichen Festnahmen in dieses Lager gekommen war. Nach sowjetischen Quellen starben dort insgesamt 7.113 Menschen, beerdigt wurden sie in Massengr\u00e4bern. Ihre Angeh\u00f6rigen erhielten nie eine offizielle Benachrichtigung. Etwa 1.500 Menschen wurden von hier aus in die Sowjetunion deportiert.<\/p>\n<p>Die Speziallager dienten der Durchsetzung der sowjetischen Besatzungspolitik. Bis zum Ende der DDR war das Thema ein Tabu. Stattdessen diente das Gel\u00e4nde seit 1958 mit der Einweihung eines monumentalen Mahnmals als &#8222;Nationale Mahn- und Gedenkst\u00e4tte Buchenwald\u201d, in der ausschlie\u00dflich an das Konzentrationslager der Nationalsozialisten und die heroische Selbstbefreiung erinnert wurde &#8211; gewisserma\u00dfen als Gr\u00fcndungsmythos der DDR.<\/p>\n<p>Beatrix Hasse, NDR Online<\/p>\n<p>Einf\u00fchrung<\/p>\n<p>Das pr\u00e4zedenzlose Verbrechen<\/p>\n<p>Der Holocaust ist das gr\u00f6\u00dfte Verbrechen der Menschheitsgeschichte. \u00dcber sechs Millonen J\u00fcdinnen und Juden sowie zahllose Kriegsgefangene, Sinti und Roma, Homosexuelle und andere wurden von Deutschen systematisch ermordet: in den &#8222;Todesfabriken&#8220; weit im Osten, in den Lagern in Deutschland und von &#8222;Einsatzgruppen&#8220; hinter der Front. Dem Mord vorausgegangen war eine fortschreitende Entrechtung j\u00fcdischer Menschen, involviert waren nicht nur die T\u00e4ter, die von Angesicht zu Angesicht t\u00f6teten, sondern ein ganzer b\u00fcrokratischer Apparat. Heute bezeichnet der Holocaust das Leid, das Menschen Menschen zuf\u00fcgen k\u00f6nnen. Die Konsequenz &#8222;Nie wieder!&#8220; bleibt auch sechzig Jahre nach Ende des Zweiten Weltkriegs stetige Mahnung an die Enkel. mehr<\/p>\n<p>ZEITZEUGEN<\/p>\n<p>Die letzten Tage von Buchenwald<\/p>\n<p>Ottomar Rothmann war 24 Jahre alt, als das Konzentrationslager befreit wurde. Er erinnert sich an die letzten Tage des Lagers. mehr<\/p>\n<p>Die Befreiung des KZ Buchenwald<\/p>\n<p>Die Zeitzeugen Rolf Kralovitz und Ottomar Rothmann erinnern sich an die Befreiung des KZ Buchenwald am 11. April 1945. mehr<\/p>\n<p>LITERATUR<\/p>\n<p>Der Buchenwald-Report<\/p>\n<p>Bericht \u00fcber das Konzentrationslager Buchenwald bei Weimar<\/p>\n<p>Autor: David A. Hackett <\/p>\n<p>ISBN\/Best.-Nr.: 3-406-41168-1 <\/p>\n<p>Verlag: C. H. Beck 1996, M\u00fcnchen <\/p>\n<p>ZehnNullNeunzig in Buchenwald<\/p>\n<p>Ein j\u00fcdischer H\u00e4ftling erz\u00e4hlt<\/p>\n<p>Autor: Rolf Kralovitz <\/p>\n<p>ISBN\/Best.-Nr.: 3-923622-10-4 <\/p>\n<p>Verlag: Walter Meckauer Kreis e.V. 1996, K\u00f6ln <\/p>\n<p>Konzentrationslager Buchenwald 1937-1945<\/p>\n<p>Begleitband zur st\u00e4ndigen historischen Ausstellung. Herausgegeben von der Gedenkst\u00e4tte Buchenwald, erstellt von Harry Stein.<\/p>\n<p>Autor: Gedenkst\u00e4tte Buchenwald <\/p>\n<p>ISBN\/Best.-Nr.: 3-89244-222-3 <\/p>\n<p>Verlag: Wallstein-Verlag 1999, G\u00f6ttingen <\/p>\n<p>Externe Links<\/p>\n<p>Gedenkst\u00e4tte Buchenwald<\/p>\n<p>Homepage der Stiftung Gedenkst\u00e4tte Buchenwald und Mittelbau-Dora mit umfangreichen Informationen zur Geschichte des Konzentrationslagers. <\/p>\n","protected":false},"excerpt":{"rendered":"<p>Quelle: ARD-online.de<\/p>\n<p>&#8211; Gedenkst\u00e4tte Buchenwald<\/p>\n<p>Homepage der Stiftung Gedenkst\u00e4tte Buchenwald und Mittelbau-Dora mit umfangreichen Informationen zur Geschichte des Konzentrationslagers. <\/p>\n<p>Mit Quellenangaben zu Buchmaterial.<\/p>\n","protected":false},"author":2,"featured_media":0,"comment_status":"closed","ping_status":"closed","sticky":false,"template":"","format":"standard","meta":{"footnotes":""},"categories":[14],"tags":[],"class_list":["post-84867","post","type-post","status-publish","format-standard","hentry","category-fempolitik","entry"],"yoast_head":"<!-- This site is optimized with the Yoast SEO plugin v21.0 - https:\/\/yoast.com\/wordpress\/plugins\/seo\/ -->\n<title>Pol: Die Befreiung des KZ Buchenwald, 1945 - Feminissima<\/title>\n<meta name=\"robots\" content=\"index, follow, max-snippet:-1, max-image-preview:large, max-video-preview:-1\" \/>\n<link rel=\"canonical\" href=\"https:\/\/feminissima.de\/index.php\/2007\/07\/15\/pol-die-befreiung-des-kz-buchenwald-1945\/\" \/>\n<meta property=\"og:locale\" content=\"de_DE\" \/>\n<meta property=\"og:type\" content=\"article\" \/>\n<meta property=\"og:title\" content=\"Pol: Die Befreiung des KZ Buchenwald, 1945 - Feminissima\" \/>\n<meta property=\"og:description\" content=\"Quelle: ARD-online.de - Gedenkst\u00e4tte Buchenwald Homepage der Stiftung Gedenkst\u00e4tte Buchenwald und Mittelbau-Dora mit umfangreichen Informationen zur Geschichte des Konzentrationslagers. Mit Quellenangaben zu Buchmaterial.\" \/>\n<meta property=\"og:url\" content=\"https:\/\/feminissima.de\/index.php\/2007\/07\/15\/pol-die-befreiung-des-kz-buchenwald-1945\/\" \/>\n<meta property=\"og:site_name\" content=\"Feminissima\" \/>\n<meta property=\"article:published_time\" content=\"2007-07-15T15:14:28+00:00\" \/>\n<meta name=\"author\" content=\"admin\" \/>\n<meta name=\"twitter:card\" content=\"summary_large_image\" \/>\n<meta name=\"twitter:label1\" content=\"Verfasst von\" \/>\n\t<meta name=\"twitter:data1\" content=\"admin\" \/>\n\t<meta name=\"twitter:label2\" content=\"Gesch\u00e4tzte Lesezeit\" \/>\n\t<meta name=\"twitter:data2\" content=\"7\u00a0Minuten\" \/>\n<script type=\"application\/ld+json\" class=\"yoast-schema-graph\">{\"@context\":\"https:\/\/schema.org\",\"@graph\":[{\"@type\":\"WebPage\",\"@id\":\"https:\/\/feminissima.de\/index.php\/2007\/07\/15\/pol-die-befreiung-des-kz-buchenwald-1945\/\",\"url\":\"https:\/\/feminissima.de\/index.php\/2007\/07\/15\/pol-die-befreiung-des-kz-buchenwald-1945\/\",\"name\":\"Pol: Die Befreiung des KZ Buchenwald, 1945 - Feminissima\",\"isPartOf\":{\"@id\":\"https:\/\/feminissima.de\/#website\"},\"datePublished\":\"2007-07-15T15:14:28+00:00\",\"dateModified\":\"2007-07-15T15:14:28+00:00\",\"author\":{\"@id\":\"https:\/\/feminissima.de\/#\/schema\/person\/0b901e053624f88e7ecbea289d9d5128\"},\"breadcrumb\":{\"@id\":\"https:\/\/feminissima.de\/index.php\/2007\/07\/15\/pol-die-befreiung-des-kz-buchenwald-1945\/#breadcrumb\"},\"inLanguage\":\"de\",\"potentialAction\":[{\"@type\":\"ReadAction\",\"target\":[\"https:\/\/feminissima.de\/index.php\/2007\/07\/15\/pol-die-befreiung-des-kz-buchenwald-1945\/\"]}]},{\"@type\":\"BreadcrumbList\",\"@id\":\"https:\/\/feminissima.de\/index.php\/2007\/07\/15\/pol-die-befreiung-des-kz-buchenwald-1945\/#breadcrumb\",\"itemListElement\":[{\"@type\":\"ListItem\",\"position\":1,\"name\":\"Startseite\",\"item\":\"https:\/\/feminissima.de\/\"},{\"@type\":\"ListItem\",\"position\":2,\"name\":\"Pol: Die Befreiung des KZ Buchenwald, 1945\"}]},{\"@type\":\"WebSite\",\"@id\":\"https:\/\/feminissima.de\/#website\",\"url\":\"https:\/\/feminissima.de\/\",\"name\":\"Feminissima\",\"description\":\"\",\"potentialAction\":[{\"@type\":\"SearchAction\",\"target\":{\"@type\":\"EntryPoint\",\"urlTemplate\":\"https:\/\/feminissima.de\/?s={search_term_string}\"},\"query-input\":\"required name=search_term_string\"}],\"inLanguage\":\"de\"},{\"@type\":\"Person\",\"@id\":\"https:\/\/feminissima.de\/#\/schema\/person\/0b901e053624f88e7ecbea289d9d5128\",\"name\":\"admin\",\"image\":{\"@type\":\"ImageObject\",\"inLanguage\":\"de\",\"@id\":\"https:\/\/feminissima.de\/#\/schema\/person\/image\/\",\"url\":\"https:\/\/secure.gravatar.com\/avatar\/8da1f51327453c0bf63338e8e2a791948b7d2ac19b68839492d1e69aac6924a8?s=96&d=mm&r=g\",\"contentUrl\":\"https:\/\/secure.gravatar.com\/avatar\/8da1f51327453c0bf63338e8e2a791948b7d2ac19b68839492d1e69aac6924a8?s=96&d=mm&r=g\",\"caption\":\"admin\"},\"url\":\"https:\/\/feminissima.de\/index.php\/author\/admin\/\"}]}<\/script>\n<!-- \/ Yoast SEO plugin. -->","yoast_head_json":{"title":"Pol: Die Befreiung des KZ Buchenwald, 1945 - Feminissima","robots":{"index":"index","follow":"follow","max-snippet":"max-snippet:-1","max-image-preview":"max-image-preview:large","max-video-preview":"max-video-preview:-1"},"canonical":"https:\/\/feminissima.de\/index.php\/2007\/07\/15\/pol-die-befreiung-des-kz-buchenwald-1945\/","og_locale":"de_DE","og_type":"article","og_title":"Pol: Die Befreiung des KZ Buchenwald, 1945 - Feminissima","og_description":"Quelle: ARD-online.de - Gedenkst\u00e4tte Buchenwald Homepage der Stiftung Gedenkst\u00e4tte Buchenwald und Mittelbau-Dora mit umfangreichen Informationen zur Geschichte des Konzentrationslagers. Mit Quellenangaben zu Buchmaterial.","og_url":"https:\/\/feminissima.de\/index.php\/2007\/07\/15\/pol-die-befreiung-des-kz-buchenwald-1945\/","og_site_name":"Feminissima","article_published_time":"2007-07-15T15:14:28+00:00","author":"admin","twitter_card":"summary_large_image","twitter_misc":{"Verfasst von":"admin","Gesch\u00e4tzte Lesezeit":"7\u00a0Minuten"},"schema":{"@context":"https:\/\/schema.org","@graph":[{"@type":"WebPage","@id":"https:\/\/feminissima.de\/index.php\/2007\/07\/15\/pol-die-befreiung-des-kz-buchenwald-1945\/","url":"https:\/\/feminissima.de\/index.php\/2007\/07\/15\/pol-die-befreiung-des-kz-buchenwald-1945\/","name":"Pol: Die Befreiung des KZ Buchenwald, 1945 - Feminissima","isPartOf":{"@id":"https:\/\/feminissima.de\/#website"},"datePublished":"2007-07-15T15:14:28+00:00","dateModified":"2007-07-15T15:14:28+00:00","author":{"@id":"https:\/\/feminissima.de\/#\/schema\/person\/0b901e053624f88e7ecbea289d9d5128"},"breadcrumb":{"@id":"https:\/\/feminissima.de\/index.php\/2007\/07\/15\/pol-die-befreiung-des-kz-buchenwald-1945\/#breadcrumb"},"inLanguage":"de","potentialAction":[{"@type":"ReadAction","target":["https:\/\/feminissima.de\/index.php\/2007\/07\/15\/pol-die-befreiung-des-kz-buchenwald-1945\/"]}]},{"@type":"BreadcrumbList","@id":"https:\/\/feminissima.de\/index.php\/2007\/07\/15\/pol-die-befreiung-des-kz-buchenwald-1945\/#breadcrumb","itemListElement":[{"@type":"ListItem","position":1,"name":"Startseite","item":"https:\/\/feminissima.de\/"},{"@type":"ListItem","position":2,"name":"Pol: Die Befreiung des KZ Buchenwald, 1945"}]},{"@type":"WebSite","@id":"https:\/\/feminissima.de\/#website","url":"https:\/\/feminissima.de\/","name":"Feminissima","description":"","potentialAction":[{"@type":"SearchAction","target":{"@type":"EntryPoint","urlTemplate":"https:\/\/feminissima.de\/?s={search_term_string}"},"query-input":"required name=search_term_string"}],"inLanguage":"de"},{"@type":"Person","@id":"https:\/\/feminissima.de\/#\/schema\/person\/0b901e053624f88e7ecbea289d9d5128","name":"admin","image":{"@type":"ImageObject","inLanguage":"de","@id":"https:\/\/feminissima.de\/#\/schema\/person\/image\/","url":"https:\/\/secure.gravatar.com\/avatar\/8da1f51327453c0bf63338e8e2a791948b7d2ac19b68839492d1e69aac6924a8?s=96&d=mm&r=g","contentUrl":"https:\/\/secure.gravatar.com\/avatar\/8da1f51327453c0bf63338e8e2a791948b7d2ac19b68839492d1e69aac6924a8?s=96&d=mm&r=g","caption":"admin"},"url":"https:\/\/feminissima.de\/index.php\/author\/admin\/"}]}},"jetpack_featured_media_url":"","_links":{"self":[{"href":"https:\/\/feminissima.de\/index.php\/wp-json\/wp\/v2\/posts\/84867","targetHints":{"allow":["GET"]}}],"collection":[{"href":"https:\/\/feminissima.de\/index.php\/wp-json\/wp\/v2\/posts"}],"about":[{"href":"https:\/\/feminissima.de\/index.php\/wp-json\/wp\/v2\/types\/post"}],"author":[{"embeddable":true,"href":"https:\/\/feminissima.de\/index.php\/wp-json\/wp\/v2\/users\/2"}],"replies":[{"embeddable":true,"href":"https:\/\/feminissima.de\/index.php\/wp-json\/wp\/v2\/comments?post=84867"}],"version-history":[{"count":0,"href":"https:\/\/feminissima.de\/index.php\/wp-json\/wp\/v2\/posts\/84867\/revisions"}],"wp:attachment":[{"href":"https:\/\/feminissima.de\/index.php\/wp-json\/wp\/v2\/media?parent=84867"}],"wp:term":[{"taxonomy":"category","embeddable":true,"href":"https:\/\/feminissima.de\/index.php\/wp-json\/wp\/v2\/categories?post=84867"},{"taxonomy":"post_tag","embeddable":true,"href":"https:\/\/feminissima.de\/index.php\/wp-json\/wp\/v2\/tags?post=84867"}],"curies":[{"name":"wp","href":"https:\/\/api.w.org\/{rel}","templated":true}]}}