{"id":84826,"date":"2007-03-31T15:45:38","date_gmt":"2007-03-31T15:45:38","guid":{"rendered":"http:\/\/www.feminissima.de\/?p=84826"},"modified":"2007-03-31T15:45:38","modified_gmt":"2007-03-31T15:45:38","slug":"nachruf-virginia-woolf-28-3-07","status":"publish","type":"post","link":"https:\/\/feminissima.de\/index.php\/2007\/03\/31\/nachruf-virginia-woolf-28-3-07\/","title":{"rendered":"NACHRUF: VIRGINIA WOOLF (28.3.07)"},"content":{"rendered":"<p>Am 28. M\u00e4rz 1941 hat Virginia ihrem Leben ein Ende gesetzt. Sie ging ins Wasser. Sie hinterlie\u00df 248 Werke. Hier eine aktuelle Biographie &#8211; von Wikipedia:<br \/>1882-1941  <\/p>\n<p> Virginia Woolf <br \/>\nSchriftstellerin <\/p>\n<p>\n1882 <br \/>\n25. Januar: Adeline Virginia Stephen wird als drittes Kind des angesehenen Biographen und Kritikers Leslie Stephen und seiner Frau Julia (geb. Jackson, geschiedene Ducksworth) in London geboren. Da beide Elternteile zuvor schon einmal verheiratet waren, w\u00e4chst sie als zweitj\u00fcngstes von insgesamt acht Geschwistern und Halbgeschwistern auf. In ihrer Kindheit wird sie sexuell mi\u00dfbraucht, vermutlich von einem ihrer Halbbr\u00fcder. <br \/>\nStephen besucht keine Schule, hat aber Zugang zur gro\u00dfen Bibliothek ihres Vaters und \u00e4u\u00dfert fr\u00fch den Wunsch, Schriftstellerin zu werden. <\/p>\n<p>\n1895 <br \/>\n5. Mai: Der Tod ihrer Mutter l\u00f6st ihren ersten psychischen Zusammenbruch aus. <\/p>\n<p>\n1904 <br \/>\n22. Februar: Der inzwischen geadelte Vater Sir Leslie Stephen stirbt an Krebs. <br \/>\nSommer: Stephens zweiter Zusammenbruch zieht sich bis Ende des Jahres hin. <br \/>\nSie ist Mitglied der &#8222;Bloomsbury Group&#8220;, eines bekannten Zirkels von Literaten, Malern, Verlegern, Kritikern und Wissenschaftlern, zu denen auch der \u00d6konom John Maynard Keynes (1883-1946) z\u00e4hlt. <\/p>\n<p>\n1905 <br \/>\nSie beginnt, f\u00fcr verschiedene Zeitungen Buchrezensionen und Artikel zu schreiben. Ihre Autorenschaft f\u00fcr das renommierte &#8222;Times Literary Supplement&#8220; dauert bis zu ihrem Tod an. <\/p>\n<p>\n1912 <br \/>\nM\u00e4rz\/April: Nach einem Heiratsantrag des Schriftstellers und Journalisten Leonard W. Woolf (1880-1969) erkrankt Stephen erneut psychisch. <br \/>\n10. August: Sie heiratet Woolf. <br \/>\nSeptember: Virginia Woolf unternimmt einen Suizidversuch. <\/p>\n<p>\n1915 <br \/>\nUmzug nach Richmond bei London. <br \/>\nM\u00e4rz: Woolfs erster von zahlreichen Romanen &#8222;The Voyage Out&#8220; (Die Fahrt hinaus), an dem sie seit 1907 gearbeitet hat, erscheint. Der Schwerpunkt des Werks liegt auf der psychologischen Entwicklung einer jungen Frau w\u00e4hrend einer S\u00fcdamerikareise. Dieser wohl konventionellste ihrer Romane wird von Presse und \u00d6ffentlichkeit positiv aufgenommen. In all ihren literarischen Werken will Woolf die Psyche des Menschen ergr\u00fcnden und sieht es als die Aufgabe von Literatur an, die zerrissene Wirklichkeitserfahrung der Menschen in der Moderne auszudr\u00fccken. <\/p>\n<p>\n1917 <br \/>\nWoolf und ihr Ehemann gr\u00fcnden einen eigenen Verlag, &#8222;The Hogarth Press&#8220;. Als erstes Werk verlegen sie &#8222;Two Stories&#8220;, das je eine Geschichte der Ehepartner enth\u00e4lt. <br \/>\nAlle 17 weiteren literarischen Werke Virginia Woolfs erscheinen in diesem Verlag, ebenso Romane von T. S. Eliot und anderen. <\/p>\n<p>\n1919 <br \/>\nUmzug nach Rodmell (Sussex). <\/p>\n<p>\n1922 <br \/>\nIm selben Jahr wie James Joyces Roman &#8222;Ulysses&#8220; erscheint Woolfs &#8222;Jacob&#8217;s Room&#8220; (Jakobs Raum). Der Protagonist tr\u00e4gt viele Z\u00fcge ihres verstorbenen Bruders Thoby. Beide Romane arbeiten mit der neuen Technik des inneren Monologs. <\/p>\n<p>\n1925 <br \/>\nMai: Der Roman &#8222;Mrs. Dalloway&#8220; wird ver\u00f6ffentlicht. Die st\u00e4ndig durch Erinnerungen der Titelfigur unterbrochene Handlung beschr\u00e4nkt sich, wie h\u00e4ufig bei Woolf, auf einen Tag. <\/p>\n<p>\n1927 <br \/>\nMai: Woolf publiziert &#8222;To the Lighthouse&#8220; (Die Fahrt zum Leuchtturm), eine literarische Auseinandersetzung mit ihren Kindheitserinnerungen. <\/p>\n<p>\n1928 <br \/>\nOktober: Ver\u00f6ffentlichung von &#8222;Orlando. A Biography&#8220; (Orlando. Geschichte eines Lebens). Diesen humorvollsten Roman schrieb Woolf f\u00fcr ihre Geliebte Vita Sackville-West (1892-1962). <\/p>\n<p>\n1929 <br \/>\nOktober: &#8222;A Room Of One&#8217;s Own&#8220; (Ein Zimmer f\u00fcr sich allein) erscheint, ein feministisches Essay, das zu einem der meistzitierten Texte der neuen Frauenbewegung wird. <\/p>\n<p>\n1931 <br \/>\nOktober: Erscheinen des Romans &#8222;The Waves&#8220; (Die Wellen). Die inneren Monologe von sechs Personen werden miteinander verkn\u00fcpft, die \u00e4u\u00dfere Handlung tritt fast v\u00f6llig zur\u00fcck. Das Werk ist eine konsequente Fortsetzung der literarischen Experimente Woolfs aus den zwanziger Jahren. <\/p>\n<p>\n1936 <br \/>\nApril-Oktober: Nach der Fertigstellung von &#8222;The Years&#8220; (Die Jahre) erkrankt Woolf erneut psychisch. <\/p>\n<p>\n1937 <br \/>\nM\u00e4rz: Ver\u00f6ffentlichung von &#8222;The Years&#8220;, einer Auseinandersetzung mit dem Zeitempfinden von Menschen. <\/p>\n<p>\n1938 <br \/>\nJuni: &#8222;Three Guineas&#8220; (Drei Guineen) erscheint, eine bis heute umstrittene feministische Schrift, in der Woolf kurz vor dem Zweiten Weltkrieg die patriarchalische Gesellschaftsform mit Militarismus, Faschismus und Krieg verkn\u00fcpft. <\/p>\n<p>\n1941 <br \/>\n28. M\u00e4rz: Virginia Woolf stirbt durch Freitod im Flu\u00df Ouse bei Lewes in Sussex. <br \/>\n21. April: Nach dem Auffinden ihrer Leiche wird Woolf einge\u00e4schert. <br \/>\nPostum wird ihr fast fertiggestellter Roman &#8222;Between the Acts&#8220; (Zwischen den Akten) ver\u00f6ffentlicht, der sich wieder mit dem Bewu\u00dftsein einer Gruppe von Menschen auseinandersetzt. <br \/>\n(cp) <\/p>\n<p><\/p>\n","protected":false},"excerpt":{"rendered":"<p>Am 28. M\u00e4rz 1941 hat Virginia ihrem Leben ein Ende gesetzt. Sie ging ins Wasser. Sie hinterlie\u00df 248 Werke. Hier eine aktuelle Biographie &#8211; von Wikipedia:<\/p>\n","protected":false},"author":2,"featured_media":0,"comment_status":"closed","ping_status":"closed","sticky":false,"template":"","format":"standard","meta":{"footnotes":""},"categories":[27],"tags":[],"class_list":["post-84826","post","type-post","status-publish","format-standard","hentry","category-portrait","entry"],"yoast_head":"<!-- This site is optimized with the Yoast SEO plugin v21.0 - https:\/\/yoast.com\/wordpress\/plugins\/seo\/ -->\n<title>NACHRUF: VIRGINIA WOOLF (28.3.07) - Feminissima<\/title>\n<meta name=\"robots\" content=\"index, follow, max-snippet:-1, max-image-preview:large, max-video-preview:-1\" \/>\n<link rel=\"canonical\" href=\"https:\/\/feminissima.de\/index.php\/2007\/03\/31\/nachruf-virginia-woolf-28-3-07\/\" \/>\n<meta property=\"og:locale\" content=\"de_DE\" \/>\n<meta property=\"og:type\" content=\"article\" \/>\n<meta property=\"og:title\" content=\"NACHRUF: VIRGINIA WOOLF (28.3.07) - Feminissima\" \/>\n<meta property=\"og:description\" content=\"Am 28. M\u00e4rz 1941 hat Virginia ihrem Leben ein Ende gesetzt. Sie ging ins Wasser. Sie hinterlie\u00df 248 Werke. Hier eine aktuelle Biographie - von Wikipedia:\" \/>\n<meta property=\"og:url\" content=\"https:\/\/feminissima.de\/index.php\/2007\/03\/31\/nachruf-virginia-woolf-28-3-07\/\" \/>\n<meta property=\"og:site_name\" content=\"Feminissima\" \/>\n<meta property=\"article:published_time\" content=\"2007-03-31T15:45:38+00:00\" \/>\n<meta name=\"author\" content=\"admin\" \/>\n<meta name=\"twitter:card\" content=\"summary_large_image\" \/>\n<meta name=\"twitter:label1\" content=\"Verfasst von\" \/>\n\t<meta name=\"twitter:data1\" content=\"admin\" \/>\n\t<meta name=\"twitter:label2\" content=\"Gesch\u00e4tzte Lesezeit\" \/>\n\t<meta name=\"twitter:data2\" content=\"3\u00a0Minuten\" \/>\n<script type=\"application\/ld+json\" class=\"yoast-schema-graph\">{\"@context\":\"https:\/\/schema.org\",\"@graph\":[{\"@type\":\"WebPage\",\"@id\":\"https:\/\/feminissima.de\/index.php\/2007\/03\/31\/nachruf-virginia-woolf-28-3-07\/\",\"url\":\"https:\/\/feminissima.de\/index.php\/2007\/03\/31\/nachruf-virginia-woolf-28-3-07\/\",\"name\":\"NACHRUF: VIRGINIA WOOLF (28.3.07) - Feminissima\",\"isPartOf\":{\"@id\":\"https:\/\/feminissima.de\/#website\"},\"datePublished\":\"2007-03-31T15:45:38+00:00\",\"dateModified\":\"2007-03-31T15:45:38+00:00\",\"author\":{\"@id\":\"https:\/\/feminissima.de\/#\/schema\/person\/0b901e053624f88e7ecbea289d9d5128\"},\"breadcrumb\":{\"@id\":\"https:\/\/feminissima.de\/index.php\/2007\/03\/31\/nachruf-virginia-woolf-28-3-07\/#breadcrumb\"},\"inLanguage\":\"de\",\"potentialAction\":[{\"@type\":\"ReadAction\",\"target\":[\"https:\/\/feminissima.de\/index.php\/2007\/03\/31\/nachruf-virginia-woolf-28-3-07\/\"]}]},{\"@type\":\"BreadcrumbList\",\"@id\":\"https:\/\/feminissima.de\/index.php\/2007\/03\/31\/nachruf-virginia-woolf-28-3-07\/#breadcrumb\",\"itemListElement\":[{\"@type\":\"ListItem\",\"position\":1,\"name\":\"Startseite\",\"item\":\"https:\/\/feminissima.de\/\"},{\"@type\":\"ListItem\",\"position\":2,\"name\":\"NACHRUF: VIRGINIA WOOLF (28.3.07)\"}]},{\"@type\":\"WebSite\",\"@id\":\"https:\/\/feminissima.de\/#website\",\"url\":\"https:\/\/feminissima.de\/\",\"name\":\"Feminissima\",\"description\":\"\",\"potentialAction\":[{\"@type\":\"SearchAction\",\"target\":{\"@type\":\"EntryPoint\",\"urlTemplate\":\"https:\/\/feminissima.de\/?s={search_term_string}\"},\"query-input\":\"required name=search_term_string\"}],\"inLanguage\":\"de\"},{\"@type\":\"Person\",\"@id\":\"https:\/\/feminissima.de\/#\/schema\/person\/0b901e053624f88e7ecbea289d9d5128\",\"name\":\"admin\",\"image\":{\"@type\":\"ImageObject\",\"inLanguage\":\"de\",\"@id\":\"https:\/\/feminissima.de\/#\/schema\/person\/image\/\",\"url\":\"https:\/\/secure.gravatar.com\/avatar\/8da1f51327453c0bf63338e8e2a791948b7d2ac19b68839492d1e69aac6924a8?s=96&d=mm&r=g\",\"contentUrl\":\"https:\/\/secure.gravatar.com\/avatar\/8da1f51327453c0bf63338e8e2a791948b7d2ac19b68839492d1e69aac6924a8?s=96&d=mm&r=g\",\"caption\":\"admin\"},\"url\":\"https:\/\/feminissima.de\/index.php\/author\/admin\/\"}]}<\/script>\n<!-- \/ Yoast SEO plugin. -->","yoast_head_json":{"title":"NACHRUF: VIRGINIA WOOLF (28.3.07) - Feminissima","robots":{"index":"index","follow":"follow","max-snippet":"max-snippet:-1","max-image-preview":"max-image-preview:large","max-video-preview":"max-video-preview:-1"},"canonical":"https:\/\/feminissima.de\/index.php\/2007\/03\/31\/nachruf-virginia-woolf-28-3-07\/","og_locale":"de_DE","og_type":"article","og_title":"NACHRUF: VIRGINIA WOOLF (28.3.07) - Feminissima","og_description":"Am 28. M\u00e4rz 1941 hat Virginia ihrem Leben ein Ende gesetzt. Sie ging ins Wasser. Sie hinterlie\u00df 248 Werke. Hier eine aktuelle Biographie - von Wikipedia:","og_url":"https:\/\/feminissima.de\/index.php\/2007\/03\/31\/nachruf-virginia-woolf-28-3-07\/","og_site_name":"Feminissima","article_published_time":"2007-03-31T15:45:38+00:00","author":"admin","twitter_card":"summary_large_image","twitter_misc":{"Verfasst von":"admin","Gesch\u00e4tzte Lesezeit":"3\u00a0Minuten"},"schema":{"@context":"https:\/\/schema.org","@graph":[{"@type":"WebPage","@id":"https:\/\/feminissima.de\/index.php\/2007\/03\/31\/nachruf-virginia-woolf-28-3-07\/","url":"https:\/\/feminissima.de\/index.php\/2007\/03\/31\/nachruf-virginia-woolf-28-3-07\/","name":"NACHRUF: VIRGINIA WOOLF (28.3.07) - Feminissima","isPartOf":{"@id":"https:\/\/feminissima.de\/#website"},"datePublished":"2007-03-31T15:45:38+00:00","dateModified":"2007-03-31T15:45:38+00:00","author":{"@id":"https:\/\/feminissima.de\/#\/schema\/person\/0b901e053624f88e7ecbea289d9d5128"},"breadcrumb":{"@id":"https:\/\/feminissima.de\/index.php\/2007\/03\/31\/nachruf-virginia-woolf-28-3-07\/#breadcrumb"},"inLanguage":"de","potentialAction":[{"@type":"ReadAction","target":["https:\/\/feminissima.de\/index.php\/2007\/03\/31\/nachruf-virginia-woolf-28-3-07\/"]}]},{"@type":"BreadcrumbList","@id":"https:\/\/feminissima.de\/index.php\/2007\/03\/31\/nachruf-virginia-woolf-28-3-07\/#breadcrumb","itemListElement":[{"@type":"ListItem","position":1,"name":"Startseite","item":"https:\/\/feminissima.de\/"},{"@type":"ListItem","position":2,"name":"NACHRUF: VIRGINIA WOOLF (28.3.07)"}]},{"@type":"WebSite","@id":"https:\/\/feminissima.de\/#website","url":"https:\/\/feminissima.de\/","name":"Feminissima","description":"","potentialAction":[{"@type":"SearchAction","target":{"@type":"EntryPoint","urlTemplate":"https:\/\/feminissima.de\/?s={search_term_string}"},"query-input":"required name=search_term_string"}],"inLanguage":"de"},{"@type":"Person","@id":"https:\/\/feminissima.de\/#\/schema\/person\/0b901e053624f88e7ecbea289d9d5128","name":"admin","image":{"@type":"ImageObject","inLanguage":"de","@id":"https:\/\/feminissima.de\/#\/schema\/person\/image\/","url":"https:\/\/secure.gravatar.com\/avatar\/8da1f51327453c0bf63338e8e2a791948b7d2ac19b68839492d1e69aac6924a8?s=96&d=mm&r=g","contentUrl":"https:\/\/secure.gravatar.com\/avatar\/8da1f51327453c0bf63338e8e2a791948b7d2ac19b68839492d1e69aac6924a8?s=96&d=mm&r=g","caption":"admin"},"url":"https:\/\/feminissima.de\/index.php\/author\/admin\/"}]}},"jetpack_featured_media_url":"","_links":{"self":[{"href":"https:\/\/feminissima.de\/index.php\/wp-json\/wp\/v2\/posts\/84826","targetHints":{"allow":["GET"]}}],"collection":[{"href":"https:\/\/feminissima.de\/index.php\/wp-json\/wp\/v2\/posts"}],"about":[{"href":"https:\/\/feminissima.de\/index.php\/wp-json\/wp\/v2\/types\/post"}],"author":[{"embeddable":true,"href":"https:\/\/feminissima.de\/index.php\/wp-json\/wp\/v2\/users\/2"}],"replies":[{"embeddable":true,"href":"https:\/\/feminissima.de\/index.php\/wp-json\/wp\/v2\/comments?post=84826"}],"version-history":[{"count":0,"href":"https:\/\/feminissima.de\/index.php\/wp-json\/wp\/v2\/posts\/84826\/revisions"}],"wp:attachment":[{"href":"https:\/\/feminissima.de\/index.php\/wp-json\/wp\/v2\/media?parent=84826"}],"wp:term":[{"taxonomy":"category","embeddable":true,"href":"https:\/\/feminissima.de\/index.php\/wp-json\/wp\/v2\/categories?post=84826"},{"taxonomy":"post_tag","embeddable":true,"href":"https:\/\/feminissima.de\/index.php\/wp-json\/wp\/v2\/tags?post=84826"}],"curies":[{"name":"wp","href":"https:\/\/api.w.org\/{rel}","templated":true}]}}