{"id":84825,"date":"2007-03-31T14:00:46","date_gmt":"2007-03-31T14:00:46","guid":{"rendered":"http:\/\/www.feminissima.de\/?p=84825"},"modified":"2007-03-31T14:00:46","modified_gmt":"2007-03-31T14:00:46","slug":"presse-schau-stern-schaeuble-die-anti-terror-datei","status":"publish","type":"post","link":"https:\/\/feminissima.de\/index.php\/2007\/03\/31\/presse-schau-stern-schaeuble-die-anti-terror-datei\/","title":{"rendered":"PRESSE-SCHAU\/STERN: Sch\u00e4uble &#038; die Anti-Terror-Datei"},"content":{"rendered":"<p>siehe auch den FEM-live-Text von gestern auf der live-Site&#8230;<br \/>\nHier ein Artikel von \u00fcber 200 aus dem WEB \u00fcber die Anti-Terror-Datei, die Sch\u00e4uble gestern &#8222;er\u00f6ffnete&#8220;.<br \/>Anti-Terror-Datei<\/p>\n<p>&#8222;Es gibt keine Insel der Seligen&#8220;<\/p>\n<p> \u00a9 Andreas Rentz\/Getty Images Innenminister Sch\u00e4uble hat die Anti-Terror-Datei freigegeben <br \/>\nBundesinnenminister Wolfgang Sch\u00e4uble (CDU) hat die jahrelang umstrittene Anti-Terror-Datei freigeschaltet. Sie sei wichtig, um Anschl\u00e4ge in Deutschland zu verhindern. &#8220; Die Bedrohung durch den Terrorismus ist auch hier pr\u00e4sent.&#8220;<\/p>\n<p>Bundesinnenminister Wolfgang Sch\u00e4uble (CDU) hat die gemeinsame Anti-Terror-Datei von Polizei und Geheimdiensten in Dienst gestellt. &#8222;Die Bedrohung durch den Terrorismus ist auch hier pr\u00e4sent (&#8230;). Es gibt keine Insel der Seligen&#8220;, sagte er bei der Freischaltung der Datei im Gemeinsamen Terrorismusabwehrzentrum (GTAZ) in Berlin-Treptow. Niemand wisse, ob die Anschl\u00e4ge vom 11. September 2001 mit Hilfe einer Anti-Terror-Datei h\u00e4tten verhindert werden k\u00f6nnen. Eine US-Untersuchung habe aber festgestellt, dass entscheidende Hinweise bei verschiedenen US-Stellen vor den Angriffen bekannt gewesen seien. Deshalb sei auch in Deutschland eine Vernetzung der Informationen von Polizei und Geheimdiensten wichtig, um Anschl\u00e4ge abwehren zu k\u00f6nnen. <\/p>\n<p>\n\u00dcber die Anti-Terror-Datei hatten Union und SPD seit den Anschl\u00e4gen vom 11. September 2001 gestritten. In der beim Bundeskriminalamt angesiedelten Datensammlung sollen die Erkenntnisse der 38 deutschen Sicherheitsbeh\u00f6rden bei Bund und L\u00e4ndern \u00fcber Terrorverd\u00e4chtige gespeichert werden. <\/p>\n<p>\nMehr zum Thema<br \/>\nKofferbomber: Zur Terror-Anklage reicht es nichtAnti-Terror-Datei: Das gro\u00dfe SammelnUnter dem Eindruck der fehlgeschlagenen Koffernbombenanschl\u00e4ge auf deutsche Regionalz\u00fcge im vergangenen Sommer einigten sich die Innenminister von Bund und L\u00e4ndern schlie\u00dflich, die Datensammlung als Mischform zwischen Volltext- und Indexdatei anzulegen. Offenen Zugriff erhalten die Ermittler danach nur auf die Grunddaten zur Identit\u00e4t eines Verd\u00e4chtigen. Dar\u00fcber hinaus werden weitere Einzelheiten erst auf Anfrage freigegeben. Dazu z\u00e4hlen Religionszugeh\u00f6rigkeit, Waffenbesitz, Kenntnisse im Umgang mit Sprengstoff, Zugeh\u00f6rigkeit zu terroristischen Vereinigungen, Beruf, Reisebewegungen, Bank- und Telekommunikationsdaten sowie Kontaktpersonen.  <br \/>\nReuters<\/p>\n<p>\n      Artikel vom 30. M\u00e4rz 2007 <\/p>\n<p><\/p>\n","protected":false},"excerpt":{"rendered":"<p>siehe auch den FEM-live-Text von gestern auf der live-Site&#8230;<br \/>\nHier ein Artikel von \u00fcber 200 aus dem WEB \u00fcber die Anti-Terror-Datei, die Sch\u00e4uble gestern &#8222;er\u00f6ffnete&#8220;.<\/p>\n","protected":false},"author":2,"featured_media":0,"comment_status":"closed","ping_status":"closed","sticky":false,"template":"","format":"standard","meta":{"footnotes":""},"categories":[13],"tags":[],"class_list":["post-84825","post","type-post","status-publish","format-standard","hentry","category-femmedien","entry"],"yoast_head":"<!-- This site is optimized with the Yoast SEO plugin v21.0 - https:\/\/yoast.com\/wordpress\/plugins\/seo\/ -->\n<title>PRESSE-SCHAU\/STERN: Sch\u00e4uble &amp; die Anti-Terror-Datei - Feminissima<\/title>\n<meta name=\"robots\" content=\"index, follow, max-snippet:-1, max-image-preview:large, max-video-preview:-1\" \/>\n<link rel=\"canonical\" href=\"https:\/\/feminissima.de\/index.php\/2007\/03\/31\/presse-schau-stern-schaeuble-die-anti-terror-datei\/\" \/>\n<meta property=\"og:locale\" content=\"de_DE\" \/>\n<meta property=\"og:type\" content=\"article\" \/>\n<meta property=\"og:title\" content=\"PRESSE-SCHAU\/STERN: Sch\u00e4uble &amp; die Anti-Terror-Datei - Feminissima\" \/>\n<meta property=\"og:description\" content=\"siehe auch den FEM-live-Text von gestern auf der live-Site... Hier ein Artikel von \u00fcber 200 aus dem WEB \u00fcber die Anti-Terror-Datei, die Sch\u00e4uble gestern &quot;er\u00f6ffnete&quot;.\" \/>\n<meta property=\"og:url\" content=\"https:\/\/feminissima.de\/index.php\/2007\/03\/31\/presse-schau-stern-schaeuble-die-anti-terror-datei\/\" \/>\n<meta property=\"og:site_name\" content=\"Feminissima\" \/>\n<meta property=\"article:published_time\" content=\"2007-03-31T14:00:46+00:00\" \/>\n<meta name=\"author\" content=\"admin\" \/>\n<meta name=\"twitter:card\" content=\"summary_large_image\" \/>\n<meta name=\"twitter:label1\" content=\"Verfasst von\" \/>\n\t<meta name=\"twitter:data1\" content=\"admin\" \/>\n\t<meta name=\"twitter:label2\" content=\"Gesch\u00e4tzte Lesezeit\" \/>\n\t<meta name=\"twitter:data2\" content=\"2\u00a0Minuten\" \/>\n<script type=\"application\/ld+json\" class=\"yoast-schema-graph\">{\"@context\":\"https:\/\/schema.org\",\"@graph\":[{\"@type\":\"WebPage\",\"@id\":\"https:\/\/feminissima.de\/index.php\/2007\/03\/31\/presse-schau-stern-schaeuble-die-anti-terror-datei\/\",\"url\":\"https:\/\/feminissima.de\/index.php\/2007\/03\/31\/presse-schau-stern-schaeuble-die-anti-terror-datei\/\",\"name\":\"PRESSE-SCHAU\/STERN: Sch\u00e4uble & die Anti-Terror-Datei - Feminissima\",\"isPartOf\":{\"@id\":\"https:\/\/feminissima.de\/#website\"},\"datePublished\":\"2007-03-31T14:00:46+00:00\",\"dateModified\":\"2007-03-31T14:00:46+00:00\",\"author\":{\"@id\":\"https:\/\/feminissima.de\/#\/schema\/person\/0b901e053624f88e7ecbea289d9d5128\"},\"breadcrumb\":{\"@id\":\"https:\/\/feminissima.de\/index.php\/2007\/03\/31\/presse-schau-stern-schaeuble-die-anti-terror-datei\/#breadcrumb\"},\"inLanguage\":\"de\",\"potentialAction\":[{\"@type\":\"ReadAction\",\"target\":[\"https:\/\/feminissima.de\/index.php\/2007\/03\/31\/presse-schau-stern-schaeuble-die-anti-terror-datei\/\"]}]},{\"@type\":\"BreadcrumbList\",\"@id\":\"https:\/\/feminissima.de\/index.php\/2007\/03\/31\/presse-schau-stern-schaeuble-die-anti-terror-datei\/#breadcrumb\",\"itemListElement\":[{\"@type\":\"ListItem\",\"position\":1,\"name\":\"Startseite\",\"item\":\"https:\/\/feminissima.de\/\"},{\"@type\":\"ListItem\",\"position\":2,\"name\":\"PRESSE-SCHAU\/STERN: Sch\u00e4uble &#038; die Anti-Terror-Datei\"}]},{\"@type\":\"WebSite\",\"@id\":\"https:\/\/feminissima.de\/#website\",\"url\":\"https:\/\/feminissima.de\/\",\"name\":\"Feminissima\",\"description\":\"\",\"potentialAction\":[{\"@type\":\"SearchAction\",\"target\":{\"@type\":\"EntryPoint\",\"urlTemplate\":\"https:\/\/feminissima.de\/?s={search_term_string}\"},\"query-input\":\"required name=search_term_string\"}],\"inLanguage\":\"de\"},{\"@type\":\"Person\",\"@id\":\"https:\/\/feminissima.de\/#\/schema\/person\/0b901e053624f88e7ecbea289d9d5128\",\"name\":\"admin\",\"image\":{\"@type\":\"ImageObject\",\"inLanguage\":\"de\",\"@id\":\"https:\/\/feminissima.de\/#\/schema\/person\/image\/\",\"url\":\"https:\/\/secure.gravatar.com\/avatar\/8da1f51327453c0bf63338e8e2a791948b7d2ac19b68839492d1e69aac6924a8?s=96&d=mm&r=g\",\"contentUrl\":\"https:\/\/secure.gravatar.com\/avatar\/8da1f51327453c0bf63338e8e2a791948b7d2ac19b68839492d1e69aac6924a8?s=96&d=mm&r=g\",\"caption\":\"admin\"},\"url\":\"https:\/\/feminissima.de\/index.php\/author\/admin\/\"}]}<\/script>\n<!-- \/ Yoast SEO plugin. -->","yoast_head_json":{"title":"PRESSE-SCHAU\/STERN: Sch\u00e4uble & die Anti-Terror-Datei - Feminissima","robots":{"index":"index","follow":"follow","max-snippet":"max-snippet:-1","max-image-preview":"max-image-preview:large","max-video-preview":"max-video-preview:-1"},"canonical":"https:\/\/feminissima.de\/index.php\/2007\/03\/31\/presse-schau-stern-schaeuble-die-anti-terror-datei\/","og_locale":"de_DE","og_type":"article","og_title":"PRESSE-SCHAU\/STERN: Sch\u00e4uble & die Anti-Terror-Datei - Feminissima","og_description":"siehe auch den FEM-live-Text von gestern auf der live-Site... Hier ein Artikel von \u00fcber 200 aus dem WEB \u00fcber die Anti-Terror-Datei, die Sch\u00e4uble gestern \"er\u00f6ffnete\".","og_url":"https:\/\/feminissima.de\/index.php\/2007\/03\/31\/presse-schau-stern-schaeuble-die-anti-terror-datei\/","og_site_name":"Feminissima","article_published_time":"2007-03-31T14:00:46+00:00","author":"admin","twitter_card":"summary_large_image","twitter_misc":{"Verfasst von":"admin","Gesch\u00e4tzte Lesezeit":"2\u00a0Minuten"},"schema":{"@context":"https:\/\/schema.org","@graph":[{"@type":"WebPage","@id":"https:\/\/feminissima.de\/index.php\/2007\/03\/31\/presse-schau-stern-schaeuble-die-anti-terror-datei\/","url":"https:\/\/feminissima.de\/index.php\/2007\/03\/31\/presse-schau-stern-schaeuble-die-anti-terror-datei\/","name":"PRESSE-SCHAU\/STERN: Sch\u00e4uble & die Anti-Terror-Datei - Feminissima","isPartOf":{"@id":"https:\/\/feminissima.de\/#website"},"datePublished":"2007-03-31T14:00:46+00:00","dateModified":"2007-03-31T14:00:46+00:00","author":{"@id":"https:\/\/feminissima.de\/#\/schema\/person\/0b901e053624f88e7ecbea289d9d5128"},"breadcrumb":{"@id":"https:\/\/feminissima.de\/index.php\/2007\/03\/31\/presse-schau-stern-schaeuble-die-anti-terror-datei\/#breadcrumb"},"inLanguage":"de","potentialAction":[{"@type":"ReadAction","target":["https:\/\/feminissima.de\/index.php\/2007\/03\/31\/presse-schau-stern-schaeuble-die-anti-terror-datei\/"]}]},{"@type":"BreadcrumbList","@id":"https:\/\/feminissima.de\/index.php\/2007\/03\/31\/presse-schau-stern-schaeuble-die-anti-terror-datei\/#breadcrumb","itemListElement":[{"@type":"ListItem","position":1,"name":"Startseite","item":"https:\/\/feminissima.de\/"},{"@type":"ListItem","position":2,"name":"PRESSE-SCHAU\/STERN: Sch\u00e4uble &#038; die Anti-Terror-Datei"}]},{"@type":"WebSite","@id":"https:\/\/feminissima.de\/#website","url":"https:\/\/feminissima.de\/","name":"Feminissima","description":"","potentialAction":[{"@type":"SearchAction","target":{"@type":"EntryPoint","urlTemplate":"https:\/\/feminissima.de\/?s={search_term_string}"},"query-input":"required name=search_term_string"}],"inLanguage":"de"},{"@type":"Person","@id":"https:\/\/feminissima.de\/#\/schema\/person\/0b901e053624f88e7ecbea289d9d5128","name":"admin","image":{"@type":"ImageObject","inLanguage":"de","@id":"https:\/\/feminissima.de\/#\/schema\/person\/image\/","url":"https:\/\/secure.gravatar.com\/avatar\/8da1f51327453c0bf63338e8e2a791948b7d2ac19b68839492d1e69aac6924a8?s=96&d=mm&r=g","contentUrl":"https:\/\/secure.gravatar.com\/avatar\/8da1f51327453c0bf63338e8e2a791948b7d2ac19b68839492d1e69aac6924a8?s=96&d=mm&r=g","caption":"admin"},"url":"https:\/\/feminissima.de\/index.php\/author\/admin\/"}]}},"jetpack_featured_media_url":"","_links":{"self":[{"href":"https:\/\/feminissima.de\/index.php\/wp-json\/wp\/v2\/posts\/84825","targetHints":{"allow":["GET"]}}],"collection":[{"href":"https:\/\/feminissima.de\/index.php\/wp-json\/wp\/v2\/posts"}],"about":[{"href":"https:\/\/feminissima.de\/index.php\/wp-json\/wp\/v2\/types\/post"}],"author":[{"embeddable":true,"href":"https:\/\/feminissima.de\/index.php\/wp-json\/wp\/v2\/users\/2"}],"replies":[{"embeddable":true,"href":"https:\/\/feminissima.de\/index.php\/wp-json\/wp\/v2\/comments?post=84825"}],"version-history":[{"count":0,"href":"https:\/\/feminissima.de\/index.php\/wp-json\/wp\/v2\/posts\/84825\/revisions"}],"wp:attachment":[{"href":"https:\/\/feminissima.de\/index.php\/wp-json\/wp\/v2\/media?parent=84825"}],"wp:term":[{"taxonomy":"category","embeddable":true,"href":"https:\/\/feminissima.de\/index.php\/wp-json\/wp\/v2\/categories?post=84825"},{"taxonomy":"post_tag","embeddable":true,"href":"https:\/\/feminissima.de\/index.php\/wp-json\/wp\/v2\/tags?post=84825"}],"curies":[{"name":"wp","href":"https:\/\/api.w.org\/{rel}","templated":true}]}}