{"id":84824,"date":"2007-03-31T00:37:45","date_gmt":"2007-03-31T00:37:45","guid":{"rendered":"http:\/\/www.feminissima.de\/?p=84824"},"modified":"2007-03-31T00:37:45","modified_gmt":"2007-03-31T00:37:45","slug":"iran-gb-ton-wird-schaerfer","status":"publish","type":"post","link":"https:\/\/feminissima.de\/index.php\/2007\/03\/31\/iran-gb-ton-wird-schaerfer\/","title":{"rendered":"IRAN &#038; GB &#8211; Ton wird sch\u00e4rfer"},"content":{"rendered":"<p>ausf\u00fchrliche online-news vom 30.3. bei  Lycos<br <br \/>\ngefunden. Dabei f\u00e4llt der Droh-Ton der EU auf.<br \/>\nFEM hatte den zunehmenden MILITARISMUS der EU unl\u00e4ngst..besorgt registriert.<br \/>\u00abgest\u00e4ndnisse\u00bb versch\u00e4rfen iran-gefangenen-krise<\/p>\n<p>\nDer Iran hat die Krise um die Gefangennahme von 15 britischen Soldaten mit der Ver\u00f6ffentlichung neuer angeblicher Gest\u00e4ndnisse der Briten weiter angeheizt.<\/p>\n<p>London reagierte mit Emp\u00f6rung, w\u00e4hrend die Europ\u00e4ische Union dem Iran in einer Protesterkl\u00e4rung einen Bruch internationalen Rechts vorwarf und die sofortige und bedingungslose Freilassung der Briten forderte. Zugleich drohte die EU mit \u00abangemessenen Ma\u00dfnahmen\u00bb.<\/p>\n<p>In einem vom iranischen Staatsfernsehen verbreiteten Video erkl\u00e4rte der Marinesoldat Nathan Thomas Summers: \u00abWir sind ohne Erlaubnis in iranische Gew\u00e4sser eingedrungen und wurden von der iranischen K\u00fcstenwache festgenommen. Ich m\u00f6chte mich daf\u00fcr beim iranischen Volk entschuldigen.\u00bb Der Brite war in dem Video gemeinsam mit einem weiteren Soldaten und der einzigen Frau unter den Gefangenen zu sehen, der 26-j\u00e4hrigen Faye Turney.<\/p>\n<p>Parallel lie\u00df Teheran durch seine Botschaft in London einen dritten angeblichen Brief Turneys ver\u00f6ffentlichen. Darin soll die Marinesoldatin und Mutter einer dreij\u00e4hrigen Tochter sich direkt an das britische Volk richten und beklagen, dass sie der britischen und der US-amerikanischen \u00abInterventionspolitik\u00bb geopfert worden sei.<\/p>\n<p>Britische Sicherheitsexperten erkl\u00e4rten, der Brief sei ihr offenbar ebenso wie die zwei fr\u00fcheren diktiert worden. In dem dritten Brief spricht sich Turney angeblich daf\u00fcr aus, dass Gro\u00dfbritannien seine Truppen aus dem Irak zur\u00fcckzieht. \u00abEs ist jetzt an der Zeit, dass unsere Regierung ihr unterdr\u00fcckerisches Verhalten gegen\u00fcber anderen V\u00f6lkern \u00e4ndert\u00bb, hei\u00dft es in dem Text.<\/p>\n<p>Die britische Regierung sprach von \u00abManipulation\u00bb. Die Ver\u00f6ffentlichung von Bildern und Videos der Gefangenen nannte Premierminister Tony Blair am Freitag \u00ababscheulich\u00bb. Damit k\u00f6nne niemand get\u00e4uscht werden. Die einzige m\u00f6gliche L\u00f6sung der Krise sei die sofortige Freilassung der 15 Soldaten.<\/p>\n<p>Sie waren am 23. M\u00e4rz bei der Kontrolle eines Handelsschiffes im M\u00fcndungsgebiet des Grenzflusses Schatt el Arab gefangen genommen worden. London und Teheran streiten sich seither dar\u00fcber, ob die Aktion auf irakischer oder iranischer Seite der Grenze erfolgte. Der Iran verlangte eine Garantie, dass es zu keinen Grenzverletzungen mehr komme.<\/p>\n<p>Die Europ\u00e4ische Union unterst\u00fctze Gro\u00dfbritannien, teilten die EU-Au\u00dfenminister am Freitag in Bremen bei ihrem informellen Treffen in einer Erkl\u00e4rung mit. \u00abWir haben ein klares Signal gegeben, dass wir zusammenstehen k\u00f6nnen\u00bb, sagte Bundesau\u00dfenminister Frank-Walter Steinmeier als amtierender EU-Ratsvorsitzender.<\/p>\n<p>Teheran forderte die EU umgehend auf, sich nicht einzumischen. \u00abDie europ\u00e4ischen Staats- und Regierungschefs sollten ernsthaft Abstand davon nehmen, den Vorsto\u00df britischer Streitkr\u00e4fte in iranische Gew\u00e4sser zu unterst\u00fctzen\u00bb, erkl\u00e4rte der Sprecher des Teheraner Au\u00dfenministeriums, Mohammad-Ali Hosseini, nach Angaben der staatlichen Nachrichtenagentur IRNA.<\/p>\n<p>EU-Chefdiplomat Javier Solana lie\u00df offen, was die EU konkret als \u00abangemessene Ma\u00dfnahmen\u00bb unternehmen k\u00f6nnte. Er werde versuchen, mit dem iranischen Pr\u00e4sidenten Mahmud Ahmadinedschad zu telefonieren. \u00abDie iranische F\u00fchrung muss verstehen, dass es sich nicht um ein bilaterales Problem handelt, sondern ein Problem mit der EU.\u00bb<\/p>\n<p>Der UN-Sicherheitsrat in New York \u00e4u\u00dferte nach einer kontroversen Debatte am Donnerstagabend \u00abgro\u00dfe Besorgnis\u00bb. Die Freilassung der Soldaten wurde nur indirekt gefordert. US-Au\u00dfenministerin Condoleezza Rice sprach sich f\u00fcr Verhandlungen aus. Zugleich rief sie die internationale Gemeinschaft auf, den Druck auf die Regierung in Teheran zu verst\u00e4rken.<\/p>\n","protected":false},"excerpt":{"rendered":"<p>ausf\u00fchrliche online-news vom 30.3. bei  Lycos<br <br \/>\ngefunden. Dabei f\u00e4llt der Droh-Ton der EU auf.<br \/>\nFEM hatte den zunehmenden MILITARISMUS der EU unl\u00e4ngst..besorgt registriert.<\/p>\n","protected":false},"author":2,"featured_media":0,"comment_status":"closed","ping_status":"closed","sticky":false,"template":"","format":"standard","meta":{"footnotes":""},"categories":[14],"tags":[],"class_list":["post-84824","post","type-post","status-publish","format-standard","hentry","category-fempolitik","entry"],"yoast_head":"<!-- This site is optimized with the Yoast SEO plugin v21.0 - https:\/\/yoast.com\/wordpress\/plugins\/seo\/ -->\n<title>IRAN &amp; GB - Ton wird sch\u00e4rfer - Feminissima<\/title>\n<meta name=\"robots\" content=\"index, follow, max-snippet:-1, max-image-preview:large, max-video-preview:-1\" \/>\n<link rel=\"canonical\" href=\"https:\/\/feminissima.de\/index.php\/2007\/03\/31\/iran-gb-ton-wird-schaerfer\/\" \/>\n<meta property=\"og:locale\" content=\"de_DE\" \/>\n<meta property=\"og:type\" content=\"article\" \/>\n<meta property=\"og:title\" content=\"IRAN &amp; GB - Ton wird sch\u00e4rfer - Feminissima\" \/>\n<meta property=\"og:description\" content=\"ausf\u00fchrliche online-news vom 30.3. bei Lycos\" \/>\n<meta property=\"og:url\" content=\"https:\/\/feminissima.de\/index.php\/2007\/03\/31\/iran-gb-ton-wird-schaerfer\/\" \/>\n<meta property=\"og:site_name\" content=\"Feminissima\" \/>\n<meta property=\"article:published_time\" content=\"2007-03-31T00:37:45+00:00\" \/>\n<meta name=\"author\" content=\"admin\" \/>\n<meta name=\"twitter:card\" content=\"summary_large_image\" \/>\n<meta name=\"twitter:label1\" content=\"Verfasst von\" \/>\n\t<meta name=\"twitter:data1\" content=\"admin\" \/>\n<script type=\"application\/ld+json\" class=\"yoast-schema-graph\">{\"@context\":\"https:\/\/schema.org\",\"@graph\":[{\"@type\":\"WebPage\",\"@id\":\"https:\/\/feminissima.de\/index.php\/2007\/03\/31\/iran-gb-ton-wird-schaerfer\/\",\"url\":\"https:\/\/feminissima.de\/index.php\/2007\/03\/31\/iran-gb-ton-wird-schaerfer\/\",\"name\":\"IRAN & GB - Ton wird sch\u00e4rfer - Feminissima\",\"isPartOf\":{\"@id\":\"https:\/\/feminissima.de\/#website\"},\"datePublished\":\"2007-03-31T00:37:45+00:00\",\"dateModified\":\"2007-03-31T00:37:45+00:00\",\"author\":{\"@id\":\"https:\/\/feminissima.de\/#\/schema\/person\/0b901e053624f88e7ecbea289d9d5128\"},\"breadcrumb\":{\"@id\":\"https:\/\/feminissima.de\/index.php\/2007\/03\/31\/iran-gb-ton-wird-schaerfer\/#breadcrumb\"},\"inLanguage\":\"de\",\"potentialAction\":[{\"@type\":\"ReadAction\",\"target\":[\"https:\/\/feminissima.de\/index.php\/2007\/03\/31\/iran-gb-ton-wird-schaerfer\/\"]}]},{\"@type\":\"BreadcrumbList\",\"@id\":\"https:\/\/feminissima.de\/index.php\/2007\/03\/31\/iran-gb-ton-wird-schaerfer\/#breadcrumb\",\"itemListElement\":[{\"@type\":\"ListItem\",\"position\":1,\"name\":\"Startseite\",\"item\":\"https:\/\/feminissima.de\/\"},{\"@type\":\"ListItem\",\"position\":2,\"name\":\"IRAN &#038; GB &#8211; Ton wird sch\u00e4rfer\"}]},{\"@type\":\"WebSite\",\"@id\":\"https:\/\/feminissima.de\/#website\",\"url\":\"https:\/\/feminissima.de\/\",\"name\":\"Feminissima\",\"description\":\"\",\"potentialAction\":[{\"@type\":\"SearchAction\",\"target\":{\"@type\":\"EntryPoint\",\"urlTemplate\":\"https:\/\/feminissima.de\/?s={search_term_string}\"},\"query-input\":\"required name=search_term_string\"}],\"inLanguage\":\"de\"},{\"@type\":\"Person\",\"@id\":\"https:\/\/feminissima.de\/#\/schema\/person\/0b901e053624f88e7ecbea289d9d5128\",\"name\":\"admin\",\"image\":{\"@type\":\"ImageObject\",\"inLanguage\":\"de\",\"@id\":\"https:\/\/feminissima.de\/#\/schema\/person\/image\/\",\"url\":\"https:\/\/secure.gravatar.com\/avatar\/8da1f51327453c0bf63338e8e2a791948b7d2ac19b68839492d1e69aac6924a8?s=96&d=mm&r=g\",\"contentUrl\":\"https:\/\/secure.gravatar.com\/avatar\/8da1f51327453c0bf63338e8e2a791948b7d2ac19b68839492d1e69aac6924a8?s=96&d=mm&r=g\",\"caption\":\"admin\"},\"url\":\"https:\/\/feminissima.de\/index.php\/author\/admin\/\"}]}<\/script>\n<!-- \/ Yoast SEO plugin. -->","yoast_head_json":{"title":"IRAN & GB - Ton wird sch\u00e4rfer - Feminissima","robots":{"index":"index","follow":"follow","max-snippet":"max-snippet:-1","max-image-preview":"max-image-preview:large","max-video-preview":"max-video-preview:-1"},"canonical":"https:\/\/feminissima.de\/index.php\/2007\/03\/31\/iran-gb-ton-wird-schaerfer\/","og_locale":"de_DE","og_type":"article","og_title":"IRAN & GB - Ton wird sch\u00e4rfer - Feminissima","og_description":"ausf\u00fchrliche online-news vom 30.3. bei Lycos","og_url":"https:\/\/feminissima.de\/index.php\/2007\/03\/31\/iran-gb-ton-wird-schaerfer\/","og_site_name":"Feminissima","article_published_time":"2007-03-31T00:37:45+00:00","author":"admin","twitter_card":"summary_large_image","twitter_misc":{"Verfasst von":"admin"},"schema":{"@context":"https:\/\/schema.org","@graph":[{"@type":"WebPage","@id":"https:\/\/feminissima.de\/index.php\/2007\/03\/31\/iran-gb-ton-wird-schaerfer\/","url":"https:\/\/feminissima.de\/index.php\/2007\/03\/31\/iran-gb-ton-wird-schaerfer\/","name":"IRAN & GB - Ton wird sch\u00e4rfer - Feminissima","isPartOf":{"@id":"https:\/\/feminissima.de\/#website"},"datePublished":"2007-03-31T00:37:45+00:00","dateModified":"2007-03-31T00:37:45+00:00","author":{"@id":"https:\/\/feminissima.de\/#\/schema\/person\/0b901e053624f88e7ecbea289d9d5128"},"breadcrumb":{"@id":"https:\/\/feminissima.de\/index.php\/2007\/03\/31\/iran-gb-ton-wird-schaerfer\/#breadcrumb"},"inLanguage":"de","potentialAction":[{"@type":"ReadAction","target":["https:\/\/feminissima.de\/index.php\/2007\/03\/31\/iran-gb-ton-wird-schaerfer\/"]}]},{"@type":"BreadcrumbList","@id":"https:\/\/feminissima.de\/index.php\/2007\/03\/31\/iran-gb-ton-wird-schaerfer\/#breadcrumb","itemListElement":[{"@type":"ListItem","position":1,"name":"Startseite","item":"https:\/\/feminissima.de\/"},{"@type":"ListItem","position":2,"name":"IRAN &#038; GB &#8211; Ton wird sch\u00e4rfer"}]},{"@type":"WebSite","@id":"https:\/\/feminissima.de\/#website","url":"https:\/\/feminissima.de\/","name":"Feminissima","description":"","potentialAction":[{"@type":"SearchAction","target":{"@type":"EntryPoint","urlTemplate":"https:\/\/feminissima.de\/?s={search_term_string}"},"query-input":"required name=search_term_string"}],"inLanguage":"de"},{"@type":"Person","@id":"https:\/\/feminissima.de\/#\/schema\/person\/0b901e053624f88e7ecbea289d9d5128","name":"admin","image":{"@type":"ImageObject","inLanguage":"de","@id":"https:\/\/feminissima.de\/#\/schema\/person\/image\/","url":"https:\/\/secure.gravatar.com\/avatar\/8da1f51327453c0bf63338e8e2a791948b7d2ac19b68839492d1e69aac6924a8?s=96&d=mm&r=g","contentUrl":"https:\/\/secure.gravatar.com\/avatar\/8da1f51327453c0bf63338e8e2a791948b7d2ac19b68839492d1e69aac6924a8?s=96&d=mm&r=g","caption":"admin"},"url":"https:\/\/feminissima.de\/index.php\/author\/admin\/"}]}},"jetpack_featured_media_url":"","_links":{"self":[{"href":"https:\/\/feminissima.de\/index.php\/wp-json\/wp\/v2\/posts\/84824","targetHints":{"allow":["GET"]}}],"collection":[{"href":"https:\/\/feminissima.de\/index.php\/wp-json\/wp\/v2\/posts"}],"about":[{"href":"https:\/\/feminissima.de\/index.php\/wp-json\/wp\/v2\/types\/post"}],"author":[{"embeddable":true,"href":"https:\/\/feminissima.de\/index.php\/wp-json\/wp\/v2\/users\/2"}],"replies":[{"embeddable":true,"href":"https:\/\/feminissima.de\/index.php\/wp-json\/wp\/v2\/comments?post=84824"}],"version-history":[{"count":0,"href":"https:\/\/feminissima.de\/index.php\/wp-json\/wp\/v2\/posts\/84824\/revisions"}],"wp:attachment":[{"href":"https:\/\/feminissima.de\/index.php\/wp-json\/wp\/v2\/media?parent=84824"}],"wp:term":[{"taxonomy":"category","embeddable":true,"href":"https:\/\/feminissima.de\/index.php\/wp-json\/wp\/v2\/categories?post=84824"},{"taxonomy":"post_tag","embeddable":true,"href":"https:\/\/feminissima.de\/index.php\/wp-json\/wp\/v2\/tags?post=84824"}],"curies":[{"name":"wp","href":"https:\/\/api.w.org\/{rel}","templated":true}]}}