{"id":84823,"date":"2007-03-29T12:16:33","date_gmt":"2007-03-29T12:16:33","guid":{"rendered":"http:\/\/www.feminissima.de\/?p=84823"},"modified":"2007-03-29T12:16:33","modified_gmt":"2007-03-29T12:16:33","slug":"ausgehen-co-garnele-gut-drauf-3-07","status":"publish","type":"post","link":"https:\/\/feminissima.de\/index.php\/2007\/03\/29\/ausgehen-co-garnele-gut-drauf-3-07\/","title":{"rendered":"AUSGEHEN  &#038; Co.: Garnele, gut drauf! \/3\/07"},"content":{"rendered":"<p>&#8230;ja, Text leicht \u00fcberarbeitet, live-text aus der Nacht..<br \/>446680.<br \/>Gestern: 2.524 <br \/>heute 66 G\u00e4ste, hallo!<\/p>\n<p>welcome to the night-riders:<br \/> Sommerzeit. <br \/>Und alle nehmen es w\u00f6rtlich.<br \/>Bei stark zunehmendem Stadtmond.<br \/>Willkommen..!<\/p>\n<p><\/p>\n<table width=\"100%\">\n<tr>\n<td style=\"background-image=url('images\/monet-heller.jpg')\"><font size=\"+1\"><\/p>\n<p>Berlin&#8230;downtown.<br \/>29.3. ..die U2, Garnele, gut-aufgelegt, &#038; les copains d&#8217;abord !Wenn du <br \/>in die falsche Richtung gehst, <br \/>entdeckst du ja immer Neues.<br \/>Oft ungewollt, klar.<br \/>Denn vorher wei\u00dft du ja nicht, <br \/>daass du dich mit jedem Schritt Deiner U-Bahn-Station entfernst, <br \/>statt sich ihr zu n\u00e4hern. <br \/>Das hat Vorteile!<br \/>Und h\u00e4ngt auch damit zusammen,<br \/>dass sich in Berlin die Stra\u00dfen lange, <br \/>sehr lange sogar, <br \/>hinziehen,<br \/>und nachts zwar nicht alle Katzen grau sind,<br \/>aber vieles, na ja, <br \/>auch am Ende des Winterfeldtplatzes ragen im Dunklen <br \/>die Umrisse einer Kirche,<br \/>von Ferne leicht verwechselbar mit der Kirche an der Akazienstra\u00dfe und <br \/> an der U7 &#8211; , der Teil der Goltzstra\u00dfe,<br \/> auf dem du dachtest, dich zu bewegen, m\u00fcndet an der U-7 <br \/>namens &#8222;Eisenacher Stra\u00dfe&#8220; in die Akazienstra\u00dfe,<br \/>wenn du die Grunewaldstra\u00dfe \u00fcberquert hast, <br \/>alles klar?<\/p>\n<p>Die andere H\u00e4lfte m\u00fcndet in den entgegensetzt situierten Winterfeldtplatz <br \/>(Sch\u00f6neberg, samstags Markt, und mindestens ..<br \/>wenngleich anders, <br \/>wie der am Kollwitzplatz in Prenzlauer Berg allerdings).<br \/>Ja. So streifst du also die Goltzstra\u00dfe entlang,<br \/>falsche Richtung,<br \/>und wunderst dich st\u00e4ndig,<br \/>wieso der Wiedererkennungseffekt ausbleibt.<br \/>Das ist doch unfair.<br \/>Auch Aufsetzen der Brille \u00e4nderts gar nichts.<br \/>Na, wollen wir uns doch nicht<br \/> mit pedantischen Beschreibunge herumplagen!<br \/>Dennoch &#8211; wenn du denkst, du hast recht,<br \/>dann bringt dich ja nichts davon ab!<\/p>\n<p>Statt des erwarteten<br \/> kleinen griechischen Ladens plus Sitz-Pl\u00e4tzen<br \/>lacht dich ein &#8222;TAPAS Y MAS&#8220; an.<br \/>Na, egal, <br \/>erst mal reingehen. <br \/>Und fragen, ob hier nicht noch unl\u00e4ngst&#8230;.<br \/>(ein herrlich vager Zeitbegriff!)<br \/>ein kleiner griechischer Laden mit &#8230;?<br \/>Nein, nein &#8211; <br \/>ein spanischer Lebensmittelmarkt!<br \/>Naja, <br \/>was soll&#8217;s.<br \/>Wer will schon so kleinlich sein.<br \/>Aber es war auf jeden Fall ein griechischer Laden,<br \/> mit dem Oliven\u00f6l von Papas Olivenhain in Griechenland.<br \/>Da bist du aber sowas von sicher.<br \/>Aber, eine Portion spanischer Oliven ist ja auch nicht schlecht.<br \/>Ganz und gar nicht.<br \/>Oh, sie werden zelebriert!<br \/>K\u00f6stliches halb-Grau-Brot aber locker,<br \/>gebacken,  locker-gebacken, <br \/>und ein Sch\u00e4lchen Aioli dazu und sogar Besteck &#8211; <br \/>und &#8211; einen eingeschwei\u00dften Zahnstocher, das Licht wohltemperiert,<br \/>die spanische Popmusik ebenfalls.<br \/>Die Kellnerin, wie sie sein sollte: perfekt!<br \/>Nicht zu freundlich, nicht zu distanziert.<br \/> Atmosph\u00e4re.<br \/>&#8222;Neu?&#8220;<br \/>&#8222;Ja, ungef\u00e4hr. Seit zwei Monaten.&#8220;<br \/>Na gut.<\/p>\n<p>Im Blick das Restaurant, lehnst du dich behaglich zur\u00fcck.<br \/>Ein mitt-junges P\u00e4rchen betritt das Etablissement.<br \/>Sie lassen sich einem Tisch nieder,<br \/> ein Fa\u00df, <br \/>halb-k\u00f6rperhoch, mit Hockern, davor.<br \/>Alsbald bringt die Kellnerin <br \/>Sch\u00e4lchen um Sch\u00e4lchen von Tapas,<br \/>und das P\u00e4rchen l\u00e4sst es sich munden.<br \/>Dann wird es gespr\u00e4chig.<br \/>Und du ahnst, ah, <br \/>die sind von einem Privatsender.<br \/>Garantiert.<br \/>Die hauchd\u00fcnne Blondine spricht mit klar-akzentuierter Stimme,<br \/>oder eher leicht maniriert, <br \/>die eigentlich nicht zu ihrem berlin-aktuell-look passt.<br \/>Oder doch, genau doch!?<br \/>Klein, d\u00fcnn, figurnaher Strickpullover, <br \/>Haare hellblond, Pferdeschwanz,<br \/>an den Seiten mit Haarklemmen,<br \/>blo\u00df keine lockere Str\u00e4hne!<br \/>Die Kellnerin m\u00f6chte etwas Platz auf dem runden Fa\u00df-Tisch &#8230;<\/p>\n<p>&#8222;ICH BIN NOCH NICHT FERTIG!&#8220;<br \/>herrscht da die kleine Blonde die Kellerin an.<br \/>&#8222;Meine Sachen k\u00f6nnen Sie ruhig schon mal mitnehmen!&#8220;<br \/>zeigt sich das m\u00e4nnliche Pendant, <br \/>klein, blond, spitzb\u00e4rtig, gro\u00dfm\u00fctig.<\/p>\n<p>Es geht die T\u00fcr auf.<br \/> Eine Stra\u00dfenzeitungs-Verk\u00e4uferin.<br \/>Dezent n\u00e4hert sie sich den Tischen.<br \/>&#8230;&#8220;auch eine kleine Spende  hilft uns weiter&#8230;&#8220;.<br \/>In Berlin solltest du daher immer etwas Kleingeld&#8230;in Deiner Jackentasche..<\/p>\n<p>Sie dankt artig, <br \/>dabei ist es wirklcih nicht viel.<br \/>Sie fragt jetzt bei dem P\u00e4rchen an.<\/p>\n<p>&#8222;Wir zahlen mit Karte, das sagt doch wohl alles!&#8220;<br \/>tr\u00f6tet der&#8230;<br \/>vielleicht Jung-Redakteur oder Jung-Producer..?<\/p>\n<p>Da kannst du es dir ja nicht verkneifen &#8211; <br \/>&#8222;Sie nimmt auch Kleingeld!&#8220;<\/p>\n<p>Sie sind f\u00fcr den Bruchteil einer Sekunde baff,<br \/>dann kramt die zierliche Blondine in ihrer Handtasche<br \/> und findet ein Kleingeld&#8230;<\/p>\n<p>Schlu\u00dfendlich darf die Kellnerin alles abr\u00e4umen.<br \/>Und man m\u00f6chte zahlen.<br \/>&#8222;Mit Karte, geht doch&#8230;?&#8220;<br \/>Selbstverst\u00e4ndlich.<\/p>\n<p>Das P\u00e4rchen rutscht von seinen Hockern. Und dann &#8211; <br \/>Noch einen kleinen Auftritt, vor dem Abtritt:<\/p>\n<p>&#8222;Auf Ihrer Tafel \u00fcber der Bar hat sich ein,<br \/> nein da sind zwei Schreibfehler!&#8220;<br \/>meint der&#8230;<br \/>ist es gar ein Jung-Germanist? Jungmann,<br \/> und f\u00fchlt sich charmant,<br \/> die Kellnerin halb-angrinsend.<br \/>&#8230;&#8220;und es mu\u00df hei\u00dfen&#8230;&#8220;aufgelegte Garnele&#8220;, <br \/>statt:<br \/>&#8222;aufgelegter Garnele&#8220;.<\/p>\n<p>Wird da was spannend?<br \/>Du stehst auf und schaust wie angelegentlich auf die Tafel<br \/> und das mit Kreide<br \/>Geschriebene:<\/p>\n<p>&#8222;N\u00f6.<br \/>Das ist doch richtig!<br \/>&#8230;&#8220;Salat und aufgelegter Garnele..!&#8220;<br \/>Nein, sagt der Jungmann &#8211;<br \/>&#8222;Dann h\u00e4tte es &#8222;mit&#8220; hei\u00dfen m\u00fcssen, <br \/>mit aufgelegter Garnele&#8230;!&#8220;<br \/>Da freut sich der Gast eines anderesn  Tischens: auf:<\/p>\n<p>&#8222;jut-uffgelegte Garnele, wa?&#8220;<br \/>Garnele, gut-drauf!<br \/>Der Br\u00fcller.<br \/>Das P\u00e4rchen beeilt nun doch, leicht skeptisch blickend,<br \/>seinen Abgang&#8230;<\/p>\n<p>Ja, auch allm\u00e4hlich Zeit, selbst zu gehen.<\/p>\n<p>Links weiter geradeaus.<br \/>Freundliche Lichter blinken.<br \/>Und dieser nie zuvor bemerkte Laden f\u00fcr K\u00fcnstlerbedarf, sagenhaft.<br \/>Im Hintergrund vor  dir die Kirche.<br \/>Und vor dir auch die Querstra\u00dfe.<br \/>Aber wo  das U-Bahn-Schild?<br \/>Dann stehst du an der Querstra\u00dfe.<br \/>Ach, nein, es ist NICHT die Grunewaldstra\u00dfe&#8230;aber die Kirche&#8230;?<br \/>Nein, sieht auch anders aus.<br \/>Wie ein Traum.<br \/>Du fragst zwei junge M\u00e4nner, ungeduldig:<br \/>&#8222;Wieso ist hier nicht die U7&#8230;?&#8220;<\/p>\n<p>&#8222;Ach du meinst die U2?<br \/>Die ist da vorne!<br \/>Paar Schritte..<br \/>da vorne ist der Winterfeldtplatz und dann <br \/>noch ein paar Meter bis  zum Nollendorfplatz,..die U2..<\/p>\n<p>Die U7..?<br \/>&#8222;Da m\u00fcssen Sie umkehren,<br \/> die Stra\u00dfe ganz zur\u00fcck  und dann&#8230;<\/p>\n<p>Ja, danke auch.<\/p>\n<p>Wie beruhigend, <br \/>der kleine griechische Laden also doch noch&#8230;<br \/>ganz weit dahinten&#8230;<br \/>freudig stapfst du jetzt weiter geradeaus<br \/> zur heimischen U-2 &#8230;<br \/>bist weit gelaufen!<\/p>\n<p>Der Bahnsteig wirkt  ..franz\u00f6sisch&#8230;<br \/>Stimmt ja, <br \/>&#8222;LA FRANCE EN SC\u00c8NE..!<br \/>Das Festival gerade..!<br \/>Eine Gruppe junger Franzosen t\u00e4nzelt, lacht und singt auf dem Perron der U-2.<\/p>\n<p>Jemand schmettert..das unvergessene Chanson..<br \/>na, ein paar Takte&#8230;<br \/>von Georges Brassens, <br \/>und die anderen fallen ein&#8230;<br \/>&#8222;Les copains d&#8217;abord, les copains d&#8217;abord..!&#8220;<\/p>\n<p>Die U2 rauscht heran&#8230;<br \/>&#8222;Les copains d&#8217;abord!&#8220;<br \/>sagst du mit gewohnter Liebensw\u00fcrdigkeit, als sich die automatischen T\u00fcren \u00f6ffnen.<br \/>Und une jeune fille antwortet:<\/p>\n<p>&#8222;Ils parlent francais,<br \/> les allemands, <br \/>und sogar ganze S\u00e4tze!<br \/>C&#8217;est bizarre, non?&#8220;<\/p>\n<p>&#8230;hey-hey&#8230;kommt weiterhin gut durch die Nacht&#8230;!<\/p>\n","protected":false},"excerpt":{"rendered":"<p>&#8230;ja, Text leicht \u00fcberarbeitet, live-text aus der Nacht..<\/p>\n","protected":false},"author":2,"featured_media":0,"comment_status":"closed","ping_status":"closed","sticky":false,"template":"","format":"standard","meta":{"footnotes":""},"categories":[16],"tags":[],"class_list":["post-84823","post","type-post","status-publish","format-standard","hentry","category-femreise","entry"],"yoast_head":"<!-- This site is optimized with the Yoast SEO plugin v21.0 - https:\/\/yoast.com\/wordpress\/plugins\/seo\/ -->\n<title>AUSGEHEN &amp; Co.: Garnele, gut drauf! \/3\/07 - Feminissima<\/title>\n<meta name=\"robots\" content=\"index, follow, max-snippet:-1, max-image-preview:large, max-video-preview:-1\" \/>\n<link rel=\"canonical\" href=\"https:\/\/feminissima.de\/index.php\/2007\/03\/29\/ausgehen-co-garnele-gut-drauf-3-07\/\" \/>\n<meta property=\"og:locale\" content=\"de_DE\" \/>\n<meta property=\"og:type\" content=\"article\" \/>\n<meta property=\"og:title\" content=\"AUSGEHEN &amp; Co.: Garnele, gut drauf! \/3\/07 - Feminissima\" \/>\n<meta property=\"og:description\" content=\"...ja, Text leicht \u00fcberarbeitet, live-text aus der Nacht..\" \/>\n<meta property=\"og:url\" content=\"https:\/\/feminissima.de\/index.php\/2007\/03\/29\/ausgehen-co-garnele-gut-drauf-3-07\/\" \/>\n<meta property=\"og:site_name\" content=\"Feminissima\" \/>\n<meta property=\"article:published_time\" content=\"2007-03-29T12:16:33+00:00\" \/>\n<meta name=\"author\" content=\"admin\" \/>\n<meta name=\"twitter:card\" content=\"summary_large_image\" \/>\n<meta name=\"twitter:label1\" content=\"Verfasst von\" \/>\n\t<meta name=\"twitter:data1\" content=\"admin\" \/>\n\t<meta name=\"twitter:label2\" content=\"Gesch\u00e4tzte Lesezeit\" \/>\n\t<meta name=\"twitter:data2\" content=\"5\u00a0Minuten\" \/>\n<script type=\"application\/ld+json\" class=\"yoast-schema-graph\">{\"@context\":\"https:\/\/schema.org\",\"@graph\":[{\"@type\":\"WebPage\",\"@id\":\"https:\/\/feminissima.de\/index.php\/2007\/03\/29\/ausgehen-co-garnele-gut-drauf-3-07\/\",\"url\":\"https:\/\/feminissima.de\/index.php\/2007\/03\/29\/ausgehen-co-garnele-gut-drauf-3-07\/\",\"name\":\"AUSGEHEN & Co.: Garnele, gut drauf! \/3\/07 - Feminissima\",\"isPartOf\":{\"@id\":\"https:\/\/feminissima.de\/#website\"},\"datePublished\":\"2007-03-29T12:16:33+00:00\",\"dateModified\":\"2007-03-29T12:16:33+00:00\",\"author\":{\"@id\":\"https:\/\/feminissima.de\/#\/schema\/person\/0b901e053624f88e7ecbea289d9d5128\"},\"breadcrumb\":{\"@id\":\"https:\/\/feminissima.de\/index.php\/2007\/03\/29\/ausgehen-co-garnele-gut-drauf-3-07\/#breadcrumb\"},\"inLanguage\":\"de\",\"potentialAction\":[{\"@type\":\"ReadAction\",\"target\":[\"https:\/\/feminissima.de\/index.php\/2007\/03\/29\/ausgehen-co-garnele-gut-drauf-3-07\/\"]}]},{\"@type\":\"BreadcrumbList\",\"@id\":\"https:\/\/feminissima.de\/index.php\/2007\/03\/29\/ausgehen-co-garnele-gut-drauf-3-07\/#breadcrumb\",\"itemListElement\":[{\"@type\":\"ListItem\",\"position\":1,\"name\":\"Startseite\",\"item\":\"https:\/\/feminissima.de\/\"},{\"@type\":\"ListItem\",\"position\":2,\"name\":\"AUSGEHEN &#038; Co.: Garnele, gut drauf! \/3\/07\"}]},{\"@type\":\"WebSite\",\"@id\":\"https:\/\/feminissima.de\/#website\",\"url\":\"https:\/\/feminissima.de\/\",\"name\":\"Feminissima\",\"description\":\"\",\"potentialAction\":[{\"@type\":\"SearchAction\",\"target\":{\"@type\":\"EntryPoint\",\"urlTemplate\":\"https:\/\/feminissima.de\/?s={search_term_string}\"},\"query-input\":\"required name=search_term_string\"}],\"inLanguage\":\"de\"},{\"@type\":\"Person\",\"@id\":\"https:\/\/feminissima.de\/#\/schema\/person\/0b901e053624f88e7ecbea289d9d5128\",\"name\":\"admin\",\"image\":{\"@type\":\"ImageObject\",\"inLanguage\":\"de\",\"@id\":\"https:\/\/feminissima.de\/#\/schema\/person\/image\/\",\"url\":\"https:\/\/secure.gravatar.com\/avatar\/8da1f51327453c0bf63338e8e2a791948b7d2ac19b68839492d1e69aac6924a8?s=96&d=mm&r=g\",\"contentUrl\":\"https:\/\/secure.gravatar.com\/avatar\/8da1f51327453c0bf63338e8e2a791948b7d2ac19b68839492d1e69aac6924a8?s=96&d=mm&r=g\",\"caption\":\"admin\"},\"url\":\"https:\/\/feminissima.de\/index.php\/author\/admin\/\"}]}<\/script>\n<!-- \/ Yoast SEO plugin. -->","yoast_head_json":{"title":"AUSGEHEN & Co.: Garnele, gut drauf! \/3\/07 - Feminissima","robots":{"index":"index","follow":"follow","max-snippet":"max-snippet:-1","max-image-preview":"max-image-preview:large","max-video-preview":"max-video-preview:-1"},"canonical":"https:\/\/feminissima.de\/index.php\/2007\/03\/29\/ausgehen-co-garnele-gut-drauf-3-07\/","og_locale":"de_DE","og_type":"article","og_title":"AUSGEHEN & Co.: Garnele, gut drauf! \/3\/07 - Feminissima","og_description":"...ja, Text leicht \u00fcberarbeitet, live-text aus der Nacht..","og_url":"https:\/\/feminissima.de\/index.php\/2007\/03\/29\/ausgehen-co-garnele-gut-drauf-3-07\/","og_site_name":"Feminissima","article_published_time":"2007-03-29T12:16:33+00:00","author":"admin","twitter_card":"summary_large_image","twitter_misc":{"Verfasst von":"admin","Gesch\u00e4tzte Lesezeit":"5\u00a0Minuten"},"schema":{"@context":"https:\/\/schema.org","@graph":[{"@type":"WebPage","@id":"https:\/\/feminissima.de\/index.php\/2007\/03\/29\/ausgehen-co-garnele-gut-drauf-3-07\/","url":"https:\/\/feminissima.de\/index.php\/2007\/03\/29\/ausgehen-co-garnele-gut-drauf-3-07\/","name":"AUSGEHEN & Co.: Garnele, gut drauf! \/3\/07 - Feminissima","isPartOf":{"@id":"https:\/\/feminissima.de\/#website"},"datePublished":"2007-03-29T12:16:33+00:00","dateModified":"2007-03-29T12:16:33+00:00","author":{"@id":"https:\/\/feminissima.de\/#\/schema\/person\/0b901e053624f88e7ecbea289d9d5128"},"breadcrumb":{"@id":"https:\/\/feminissima.de\/index.php\/2007\/03\/29\/ausgehen-co-garnele-gut-drauf-3-07\/#breadcrumb"},"inLanguage":"de","potentialAction":[{"@type":"ReadAction","target":["https:\/\/feminissima.de\/index.php\/2007\/03\/29\/ausgehen-co-garnele-gut-drauf-3-07\/"]}]},{"@type":"BreadcrumbList","@id":"https:\/\/feminissima.de\/index.php\/2007\/03\/29\/ausgehen-co-garnele-gut-drauf-3-07\/#breadcrumb","itemListElement":[{"@type":"ListItem","position":1,"name":"Startseite","item":"https:\/\/feminissima.de\/"},{"@type":"ListItem","position":2,"name":"AUSGEHEN &#038; Co.: Garnele, gut drauf! \/3\/07"}]},{"@type":"WebSite","@id":"https:\/\/feminissima.de\/#website","url":"https:\/\/feminissima.de\/","name":"Feminissima","description":"","potentialAction":[{"@type":"SearchAction","target":{"@type":"EntryPoint","urlTemplate":"https:\/\/feminissima.de\/?s={search_term_string}"},"query-input":"required name=search_term_string"}],"inLanguage":"de"},{"@type":"Person","@id":"https:\/\/feminissima.de\/#\/schema\/person\/0b901e053624f88e7ecbea289d9d5128","name":"admin","image":{"@type":"ImageObject","inLanguage":"de","@id":"https:\/\/feminissima.de\/#\/schema\/person\/image\/","url":"https:\/\/secure.gravatar.com\/avatar\/8da1f51327453c0bf63338e8e2a791948b7d2ac19b68839492d1e69aac6924a8?s=96&d=mm&r=g","contentUrl":"https:\/\/secure.gravatar.com\/avatar\/8da1f51327453c0bf63338e8e2a791948b7d2ac19b68839492d1e69aac6924a8?s=96&d=mm&r=g","caption":"admin"},"url":"https:\/\/feminissima.de\/index.php\/author\/admin\/"}]}},"jetpack_featured_media_url":"","_links":{"self":[{"href":"https:\/\/feminissima.de\/index.php\/wp-json\/wp\/v2\/posts\/84823","targetHints":{"allow":["GET"]}}],"collection":[{"href":"https:\/\/feminissima.de\/index.php\/wp-json\/wp\/v2\/posts"}],"about":[{"href":"https:\/\/feminissima.de\/index.php\/wp-json\/wp\/v2\/types\/post"}],"author":[{"embeddable":true,"href":"https:\/\/feminissima.de\/index.php\/wp-json\/wp\/v2\/users\/2"}],"replies":[{"embeddable":true,"href":"https:\/\/feminissima.de\/index.php\/wp-json\/wp\/v2\/comments?post=84823"}],"version-history":[{"count":0,"href":"https:\/\/feminissima.de\/index.php\/wp-json\/wp\/v2\/posts\/84823\/revisions"}],"wp:attachment":[{"href":"https:\/\/feminissima.de\/index.php\/wp-json\/wp\/v2\/media?parent=84823"}],"wp:term":[{"taxonomy":"category","embeddable":true,"href":"https:\/\/feminissima.de\/index.php\/wp-json\/wp\/v2\/categories?post=84823"},{"taxonomy":"post_tag","embeddable":true,"href":"https:\/\/feminissima.de\/index.php\/wp-json\/wp\/v2\/tags?post=84823"}],"curies":[{"name":"wp","href":"https:\/\/api.w.org\/{rel}","templated":true}]}}