{"id":84804,"date":"2007-03-11T22:09:00","date_gmt":"2007-03-11T22:09:00","guid":{"rendered":"http:\/\/www.feminissima.de\/?p=84804"},"modified":"2007-03-11T22:09:00","modified_gmt":"2007-03-11T22:09:00","slug":"ruege-fuer-bohlen-wg-dsds-2007","status":"publish","type":"post","link":"https:\/\/feminissima.de\/index.php\/2007\/03\/11\/ruege-fuer-bohlen-wg-dsds-2007\/","title":{"rendered":"R\u00dcGE  f\u00fcr Bohlen wg. DSDS 2007"},"content":{"rendered":"<p>Jugendschutzkommission kritisiert Ver\u00e4chtlichmachung von Kandidaten bei der DSDS-Casting-Show.<br \/> 15 Uhr in Berlin.<br \/>408711.<br \/>Gestern: 848<br \/>Heute bisher: 1.262 &#8211; willkommen!<\/p>\n<p>****+++ Das erkl\u00e4rt auch, warum  sie gestern Abend so &#8222;lahm&#8220; waren &#8211; <br \/>weil sie sich zu benehmen hatten, verbal, Bohlen &#038; Co.<br \/>Und dann ihr mangelhafter Sprach-Ausdruck peinlich sichtbar wurde&#8230;siehe auch FEM-Text von gestern..<br \/>Zu Beginn der diesj\u00e4hrigen Staffel hatte sich unsere Crissy fast bis zum Herzinfarkt \u00fcber das frech-ordin\u00e4r-beleidigende Jury-Trio<br \/>aufgeregt,<br \/>un\u00fcbertroffen Oberproll Bohlen.<br \/>Jetzt haben sie einen Maulkorb verpasst bekommen &#8211; <br \/>und das ist gut so!<\/p>\n<table width=\"100%\">\n<tr>\n<td style=\"background-image=url('images\/monet-heller.jpg')\"><font size=\"+1\"><\/p>\n<p>\nRTL-Castingshow &#8222;DSDS&#8220; <br \/>wird von Jugendsch\u00fctzern beanstandet<\/p>\n<p>  Die Show war vor allem wegen der derben Kommentare <br \/>von Musikproduzent und &#8222;DSDS&#8220;-Juror Dieter Bohlen<br \/> an den Bewerbern in den Castings in die Kritik geraten.<\/p>\n<p>  Berlin (ddp) &#8211; Die Jugendsch\u00fctzer halten auch nach einer Anh\u00f6rung von RTL an ihrer Kritik an Teilen der Castingshow &#8222;Deutschland sucht den Superstar&#8220; (&#8222;DSDS&#8220;) fest. <br \/>RTL habe in den Nachmittags-Wiederholungssendungen am 13., 14., 20. und 27. Januar <br \/>gegen die Jugendschutzbestimmungen versto\u00dfen, <br \/>teilte die Kommission f\u00fcr Jugendmedienschutz der Landesmedienanstalten (KJM) am Donnerstag in M\u00fcnchen mit. <br \/>Die zust\u00e4ndige Nieders\u00e4chsische Landesmedienanstalt<br \/> werde nun &#8222;eine Beanstandung aussprechen&#8220;. <\/p>\n<p>Der Sender wird gegen diese nach eigenen Angaben<br \/> nicht den Rechtsweg einschlagen. <br \/>Beide Seiten hoben zugleich <br \/>den &#8222;konstruktiven Dialog&#8220; zu dem Thema hervor.<\/p>\n<p>Nach Auffassung der KJM waren beleidigende Kommentare der Jury <br \/>sowie die redaktionelle Aufbereitung und Inszenierung der Auftritte einiger Kandidaten geeignet, <\/p>\n<p>&#8222;die Entwicklung von Kindern unter zw\u00f6lf Jahren zu beeintr\u00e4chtigen&#8220;. <\/p>\n<p>Es sei vorgef\u00fchrt worden,<\/p>\n<p> &#8222;wie Menschen herabgesetzt, <br \/>verspottet und l\u00e4cherlich gemacht werden&#8220;. <\/p>\n<p>Antisoziales Verhalten werde auf diese Weise als Normalit\u00e4t dargestellt.<\/p>\n<p>(GENAU!! Anm. FEMINISSIMA).<\/p>\n<p>Als problematisch bewertete die KJM dar\u00fcber hinaus die Ausstrahlungen<br \/> der betreffenden Sendungen im Hauptabendprogramm<br \/> im Hinblick auf Kinder und Jugendliche zwischen 12 und 16 Jahren. <\/p>\n<p>Die Kommission kritisierte zudem erneut, <br \/>dass die Shows vor Ausstrahlung<br \/> nicht von der Freiwilligen Selbstkontrolle Fernsehen (FSF) gepr\u00fcft worden waren. <br \/>(DAS ERKL\u00c4RT VIELES UND WARUM NICHT..?? Anm.FEM).<\/p>\n<p>Der Bereichsleiter Unterhaltung Show &#038; Daytime bei RTL,<br \/> Tom S\u00e4nger, sagte, <br \/>der Sender sei sehr darauf bedacht, <br \/>die Akteure nicht zu besch\u00e4digen. <\/p>\n<p>&#8222;Einige der jetzt diskutierten Fragen sind aber wohl eher Geschmackssache<br \/> und weniger ein nachhaltiges Problem des Jugendschutzes&#8220;, <\/p>\n<p>(Was soll jemand in dieser Position auch sonst sagen..Anm. FEM)<br \/>f\u00fcgte er hinzu.<\/p>\n<p> &#8222;Entsprechend freuen wir uns, <br \/>dass es hinsichtlich des Formats &#8218;DSDS&#8216; und den Ausstrahlungen im Hauptabendprogramm<br \/> keine Beanstandung geben wird.&#8220;<\/p>\n<p> Der Sender wisse nat\u00fcrlich um seine &#8222;besondere Verantwortung als Familiensender&#8220;, <\/p>\n<p>(Oh&#8230;.??? so FEM)<br \/>die er &#8222;sehr gewissenhaft&#8220; wahrnehme.<\/p>\n<p>Der Bereichleiter Medienpolitik bei RTL, <br \/>Tobias Schmid, sagte, <br \/>die Gespr\u00e4che mit der KJM seien &#8222;sehr konstruktiv&#8220; verlaufen.<br \/> Auch die Kommission selbst regte die &#8222;Fortf\u00fchrung <br \/>dieses konstruktiven Dialogs&#8220; an.<\/p>\n<p>Bei der Anh\u00f6rung am Dienstag hatten laut KJM Vertreter des Senders den Unterhaltungscharakter der Sendungen und den Drang der Kandidaten zur &#8222;Selbstdarstellung&#8220; hervorgehoben. <br \/>Sie h\u00e4tten sich aber auch bereit erkl\u00e4rt,<br \/> in Zukunft die zust\u00e4ndigen Redakteure <br \/>st\u00e4rker zu sensibilisieren.<\/p>\n<p>(Ah&#8230;!)<\/p>\n<p>Die Show war vor allem wegen der derben Kommentare<br \/> von Musikproduzent und &#8222;DSDS&#8220;-Juror Dieter Bohlen<br \/> an den Bewerbern in den Castings in die Kritik geraten. <br \/>Mittlerweile laufen die Live-Shows <br \/>mit den besten Kandidaten. <br \/>Die vierte Staffel war am 10. Januar gestartet.<\/p>\n<p>Quelle: www.newsroom.de<br \/>vom 8. M\u00e4rz 2007<\/p>\n","protected":false},"excerpt":{"rendered":"<p>Jugendschutzkommission kritisiert Ver\u00e4chtlichmachung von Kandidaten bei der DSDS-Casting-Show.<\/p>\n","protected":false},"author":2,"featured_media":0,"comment_status":"closed","ping_status":"closed","sticky":false,"template":"","format":"standard","meta":{"footnotes":""},"categories":[25],"tags":[],"class_list":["post-84804","post","type-post","status-publish","format-standard","hentry","category-piazza","entry"],"yoast_head":"<!-- This site is optimized with the Yoast SEO plugin v21.0 - https:\/\/yoast.com\/wordpress\/plugins\/seo\/ -->\n<title>R\u00dcGE f\u00fcr Bohlen wg. DSDS 2007 - Feminissima<\/title>\n<meta name=\"robots\" content=\"index, follow, max-snippet:-1, max-image-preview:large, max-video-preview:-1\" \/>\n<link rel=\"canonical\" href=\"https:\/\/feminissima.de\/index.php\/2007\/03\/11\/ruege-fuer-bohlen-wg-dsds-2007\/\" \/>\n<meta property=\"og:locale\" content=\"de_DE\" \/>\n<meta property=\"og:type\" content=\"article\" \/>\n<meta property=\"og:title\" content=\"R\u00dcGE f\u00fcr Bohlen wg. DSDS 2007 - Feminissima\" \/>\n<meta property=\"og:description\" content=\"Jugendschutzkommission kritisiert Ver\u00e4chtlichmachung von Kandidaten bei der DSDS-Casting-Show.\" \/>\n<meta property=\"og:url\" content=\"https:\/\/feminissima.de\/index.php\/2007\/03\/11\/ruege-fuer-bohlen-wg-dsds-2007\/\" \/>\n<meta property=\"og:site_name\" content=\"Feminissima\" \/>\n<meta property=\"article:published_time\" content=\"2007-03-11T22:09:00+00:00\" \/>\n<meta name=\"author\" content=\"admin\" \/>\n<meta name=\"twitter:card\" content=\"summary_large_image\" \/>\n<meta name=\"twitter:label1\" content=\"Verfasst von\" \/>\n\t<meta name=\"twitter:data1\" content=\"admin\" \/>\n\t<meta name=\"twitter:label2\" content=\"Gesch\u00e4tzte Lesezeit\" \/>\n\t<meta name=\"twitter:data2\" content=\"3\u00a0Minuten\" \/>\n<script type=\"application\/ld+json\" class=\"yoast-schema-graph\">{\"@context\":\"https:\/\/schema.org\",\"@graph\":[{\"@type\":\"WebPage\",\"@id\":\"https:\/\/feminissima.de\/index.php\/2007\/03\/11\/ruege-fuer-bohlen-wg-dsds-2007\/\",\"url\":\"https:\/\/feminissima.de\/index.php\/2007\/03\/11\/ruege-fuer-bohlen-wg-dsds-2007\/\",\"name\":\"R\u00dcGE f\u00fcr Bohlen wg. DSDS 2007 - Feminissima\",\"isPartOf\":{\"@id\":\"https:\/\/feminissima.de\/#website\"},\"datePublished\":\"2007-03-11T22:09:00+00:00\",\"dateModified\":\"2007-03-11T22:09:00+00:00\",\"author\":{\"@id\":\"https:\/\/feminissima.de\/#\/schema\/person\/0b901e053624f88e7ecbea289d9d5128\"},\"breadcrumb\":{\"@id\":\"https:\/\/feminissima.de\/index.php\/2007\/03\/11\/ruege-fuer-bohlen-wg-dsds-2007\/#breadcrumb\"},\"inLanguage\":\"de\",\"potentialAction\":[{\"@type\":\"ReadAction\",\"target\":[\"https:\/\/feminissima.de\/index.php\/2007\/03\/11\/ruege-fuer-bohlen-wg-dsds-2007\/\"]}]},{\"@type\":\"BreadcrumbList\",\"@id\":\"https:\/\/feminissima.de\/index.php\/2007\/03\/11\/ruege-fuer-bohlen-wg-dsds-2007\/#breadcrumb\",\"itemListElement\":[{\"@type\":\"ListItem\",\"position\":1,\"name\":\"Startseite\",\"item\":\"https:\/\/feminissima.de\/\"},{\"@type\":\"ListItem\",\"position\":2,\"name\":\"R\u00dcGE f\u00fcr Bohlen wg. DSDS 2007\"}]},{\"@type\":\"WebSite\",\"@id\":\"https:\/\/feminissima.de\/#website\",\"url\":\"https:\/\/feminissima.de\/\",\"name\":\"Feminissima\",\"description\":\"\",\"potentialAction\":[{\"@type\":\"SearchAction\",\"target\":{\"@type\":\"EntryPoint\",\"urlTemplate\":\"https:\/\/feminissima.de\/?s={search_term_string}\"},\"query-input\":\"required name=search_term_string\"}],\"inLanguage\":\"de\"},{\"@type\":\"Person\",\"@id\":\"https:\/\/feminissima.de\/#\/schema\/person\/0b901e053624f88e7ecbea289d9d5128\",\"name\":\"admin\",\"image\":{\"@type\":\"ImageObject\",\"inLanguage\":\"de\",\"@id\":\"https:\/\/feminissima.de\/#\/schema\/person\/image\/\",\"url\":\"https:\/\/secure.gravatar.com\/avatar\/8da1f51327453c0bf63338e8e2a791948b7d2ac19b68839492d1e69aac6924a8?s=96&d=mm&r=g\",\"contentUrl\":\"https:\/\/secure.gravatar.com\/avatar\/8da1f51327453c0bf63338e8e2a791948b7d2ac19b68839492d1e69aac6924a8?s=96&d=mm&r=g\",\"caption\":\"admin\"},\"url\":\"https:\/\/feminissima.de\/index.php\/author\/admin\/\"}]}<\/script>\n<!-- \/ Yoast SEO plugin. -->","yoast_head_json":{"title":"R\u00dcGE f\u00fcr Bohlen wg. DSDS 2007 - Feminissima","robots":{"index":"index","follow":"follow","max-snippet":"max-snippet:-1","max-image-preview":"max-image-preview:large","max-video-preview":"max-video-preview:-1"},"canonical":"https:\/\/feminissima.de\/index.php\/2007\/03\/11\/ruege-fuer-bohlen-wg-dsds-2007\/","og_locale":"de_DE","og_type":"article","og_title":"R\u00dcGE f\u00fcr Bohlen wg. DSDS 2007 - Feminissima","og_description":"Jugendschutzkommission kritisiert Ver\u00e4chtlichmachung von Kandidaten bei der DSDS-Casting-Show.","og_url":"https:\/\/feminissima.de\/index.php\/2007\/03\/11\/ruege-fuer-bohlen-wg-dsds-2007\/","og_site_name":"Feminissima","article_published_time":"2007-03-11T22:09:00+00:00","author":"admin","twitter_card":"summary_large_image","twitter_misc":{"Verfasst von":"admin","Gesch\u00e4tzte Lesezeit":"3\u00a0Minuten"},"schema":{"@context":"https:\/\/schema.org","@graph":[{"@type":"WebPage","@id":"https:\/\/feminissima.de\/index.php\/2007\/03\/11\/ruege-fuer-bohlen-wg-dsds-2007\/","url":"https:\/\/feminissima.de\/index.php\/2007\/03\/11\/ruege-fuer-bohlen-wg-dsds-2007\/","name":"R\u00dcGE f\u00fcr Bohlen wg. DSDS 2007 - Feminissima","isPartOf":{"@id":"https:\/\/feminissima.de\/#website"},"datePublished":"2007-03-11T22:09:00+00:00","dateModified":"2007-03-11T22:09:00+00:00","author":{"@id":"https:\/\/feminissima.de\/#\/schema\/person\/0b901e053624f88e7ecbea289d9d5128"},"breadcrumb":{"@id":"https:\/\/feminissima.de\/index.php\/2007\/03\/11\/ruege-fuer-bohlen-wg-dsds-2007\/#breadcrumb"},"inLanguage":"de","potentialAction":[{"@type":"ReadAction","target":["https:\/\/feminissima.de\/index.php\/2007\/03\/11\/ruege-fuer-bohlen-wg-dsds-2007\/"]}]},{"@type":"BreadcrumbList","@id":"https:\/\/feminissima.de\/index.php\/2007\/03\/11\/ruege-fuer-bohlen-wg-dsds-2007\/#breadcrumb","itemListElement":[{"@type":"ListItem","position":1,"name":"Startseite","item":"https:\/\/feminissima.de\/"},{"@type":"ListItem","position":2,"name":"R\u00dcGE f\u00fcr Bohlen wg. DSDS 2007"}]},{"@type":"WebSite","@id":"https:\/\/feminissima.de\/#website","url":"https:\/\/feminissima.de\/","name":"Feminissima","description":"","potentialAction":[{"@type":"SearchAction","target":{"@type":"EntryPoint","urlTemplate":"https:\/\/feminissima.de\/?s={search_term_string}"},"query-input":"required name=search_term_string"}],"inLanguage":"de"},{"@type":"Person","@id":"https:\/\/feminissima.de\/#\/schema\/person\/0b901e053624f88e7ecbea289d9d5128","name":"admin","image":{"@type":"ImageObject","inLanguage":"de","@id":"https:\/\/feminissima.de\/#\/schema\/person\/image\/","url":"https:\/\/secure.gravatar.com\/avatar\/8da1f51327453c0bf63338e8e2a791948b7d2ac19b68839492d1e69aac6924a8?s=96&d=mm&r=g","contentUrl":"https:\/\/secure.gravatar.com\/avatar\/8da1f51327453c0bf63338e8e2a791948b7d2ac19b68839492d1e69aac6924a8?s=96&d=mm&r=g","caption":"admin"},"url":"https:\/\/feminissima.de\/index.php\/author\/admin\/"}]}},"jetpack_featured_media_url":"","_links":{"self":[{"href":"https:\/\/feminissima.de\/index.php\/wp-json\/wp\/v2\/posts\/84804","targetHints":{"allow":["GET"]}}],"collection":[{"href":"https:\/\/feminissima.de\/index.php\/wp-json\/wp\/v2\/posts"}],"about":[{"href":"https:\/\/feminissima.de\/index.php\/wp-json\/wp\/v2\/types\/post"}],"author":[{"embeddable":true,"href":"https:\/\/feminissima.de\/index.php\/wp-json\/wp\/v2\/users\/2"}],"replies":[{"embeddable":true,"href":"https:\/\/feminissima.de\/index.php\/wp-json\/wp\/v2\/comments?post=84804"}],"version-history":[{"count":0,"href":"https:\/\/feminissima.de\/index.php\/wp-json\/wp\/v2\/posts\/84804\/revisions"}],"wp:attachment":[{"href":"https:\/\/feminissima.de\/index.php\/wp-json\/wp\/v2\/media?parent=84804"}],"wp:term":[{"taxonomy":"category","embeddable":true,"href":"https:\/\/feminissima.de\/index.php\/wp-json\/wp\/v2\/categories?post=84804"},{"taxonomy":"post_tag","embeddable":true,"href":"https:\/\/feminissima.de\/index.php\/wp-json\/wp\/v2\/tags?post=84804"}],"curies":[{"name":"wp","href":"https:\/\/api.w.org\/{rel}","templated":true}]}}