{"id":84768,"date":"2007-02-06T20:05:38","date_gmt":"2007-02-06T20:05:38","guid":{"rendered":"http:\/\/www.feminissima.de\/?p=84768"},"modified":"2007-02-06T20:05:38","modified_gmt":"2007-02-06T20:05:38","slug":"presse-schau-faz-net-wowereit-der-unsichtbare-kultursenator","status":"publish","type":"post","link":"https:\/\/feminissima.de\/index.php\/2007\/02\/06\/presse-schau-faz-net-wowereit-der-unsichtbare-kultursenator\/","title":{"rendered":"PRESSE-SCHAU &#8211; faz.net &#8222;Wowereit, der unsichtbare Kultursenator&#8220;"},"content":{"rendered":"<p>Hervorragend!<br \/>\nFeminissima hatte es vor l\u00e4ngerer Zeit kurz und knapp formuliert: &#8222;Wowereit(SPD)kann nichts.&#8220;<br \/>\nAu\u00dfer Parties. Und Talk-Shows.<br \/>Wowereit, der unsichtbare Kultursenator<\/p>\n<p>Von Heinrich Wefing<\/p>\n<p>Der eingebildete Kultursenator: Klaus Wowereit? <br \/>\n06. Februar 2007 <br \/>\nWo ist eigentlich Wowereit? Wo steckt der Regierende Kultursenator von Berlin, der auf den Tag genau vor drei Monaten l\u00e4chelnd verk\u00fcndet hat, er werde die Kultur fortan zur Chefsache in der Hauptstadt machen?<\/p>\n<p>\nWas tut der Mann, der nach den letzten Wahlen im Herbst nicht nur seinen ungeliebten Kultursenator Thomas Flierl von der Linkspartei demontierte, sondern kurzerhand auch dessen Amt, um dann breit grinsend vor der Presse mitzuteilen, mehr Gewicht als in seiner Hand an der Regierungsspitze k\u00f6nnten die sch\u00f6nen K\u00fcnste doch gar nicht erlangen? Selten ist eine Blase so schnell geplatzt. Als Kulturpolitiker ist Wowereit unsichtbar.<\/p>\n<p>\nM\u00f6rderischer Parcours aus Partys und roten Teppichen<\/p>\n<p>\nNat\u00fcrlich kann man ihn \u00fcberall sehen, wo es Scheinwerfer gibt und sich die anderen Granden der Berliner Republik herumtreiben. Am Donnerstagabend sa\u00df er bei der Verleihung der \u201eGoldenen Kamera\u201c pr\u00e4chtig gelaunt in der Ullstein-Halle, vierundzwanzig Stunden sp\u00e4ter schm\u00fcckte er das Benefizkonzert des Bundespr\u00e4sidenten in der Philharmonie, nicht ohne dort den Chefdirigenten der Philharmoniker ausdr\u00fccklich als Preistr\u00e4ger der \u201eGoldenen Kamera\u201c zu begr\u00fc\u00dfen.<\/p>\n<p>\nUnl\u00e4ngst sprach er sogar bei der Er\u00f6ffnung der Ausstellung von Graft Architekten in der Galerie Aedes ein Gru\u00dfwort, und von Mittwoch an, wenn die Berlinale er\u00f6ffnet wird, stehen dem Mann wieder m\u00f6rderisch viele Partys, Empf\u00e4nge, Galaauff\u00fchrungen und rote Teppiche bevor; ein Parcours, um den man ihn nicht beneiden muss. Schon klar, dass da die Lider schwer werden und sich die dicken Akten noch fader lesen.<\/p>\n<p>\nKultur als Fehlstelle im Roten Rathaus<\/p>\n<p>\nAber wenn Kulturpolitik mehr sein soll als Repr\u00e4sentation und Bussiwirtschaft, dann muss sich der Regierungschef und Richtlinienf\u00fcrst Wowereit als Kulturbeauftragter m\u00f6glichst rasch auswechseln. Bislang n\u00e4mlich gibt es von ihm keinen Plan, keinen Gedanken, keine konzeptionelle Rede. Die Kultur ist eine Fehlstelle im Roten Rathaus. In der uns\u00e4glich peinlichen Causa Biermann, die nun heute endlich im Senat angekommen ist, wo sie schon vor Wochen hingeh\u00f6rt h\u00e4tte, war von Wowereit nichts zu h\u00f6ren: kein Satz, keine Silbe, weder als Regierender noch als Kulturmensch.<\/p>\n<p>\nZum Humboldt-Forum auf dem Berliner Schlossplatz, dessen Realisierung dank einer neuen Initiative aus dem Bauministerium pl\u00f6tzlich doch noch m\u00f6glich zu werden scheint, l\u00e4sst sich Wowereits Kulturstaatssekret\u00e4r Andr\u00e9 Schmitz euphorisch vernehmen, nicht aber der Chef selbst &#8211; was, nebenbei bemerkt, nur konsequent ist, hatte Wowereit doch gleich nach der Wiederwahl bockig erkl\u00e4rt, die Gestaltung der historischen Mitte Berlins sei Sache des Bundes, nicht der Stadt.<\/p>\n<p>\nLahmer Start der zweiten Amtszeit<\/p>\n<p>\nUnd die leidige Opern-Frage? Die soll nun hau ruck bis zur Sommerpause gel\u00f6st werden. Wie, wird nicht verraten. Und selbst wenn es gelingen sollte &#8211; das w\u00e4re kein Wurf, sondern allenfalls eine Reparaturaufgabe, die \u00fcberf\u00e4llige Korrektur einer jahrelangen Politik des Verschiebens, Verschleierns, Herumtricksens, f\u00fcr die ohnehin niemand anders als Wowereit die Verantwortung tr\u00e4gt.<\/p>\n<p>\nNun w\u00e4re man vielleicht noch geneigt, Wowereits kulturelle Abstinenz hinzunehmen, wenn man tagt\u00e4glich verfolgen k\u00f6nnte, wie er sich Arme und Beine f\u00fcr seine Stadt ausrei\u00dft: Wowereit im heroischen Kampf gegen die Gettoisierung ganzer Innenstadtquartiere; Wowereit, der die unruhigen Stra\u00dfen von Neuk\u00f6lln und Kreuzberg befriedet; Wowereit, der die maroden Schulen der Hauptstadt saniert und den Schuldenberg von sechzig Milliarden Euro abbaut.<\/p>\n<p>\nDoch ach, au\u00dfer einer Reise nach Namibia, einem Ausflug nach Paris &#8211; als deutsch-franz\u00f6sischer Kulturbevollm\u00e4chtigter -, einigen patzigen Bemerkungen nach dem Karlsruher Urteil \u00fcber die Berliner Haushaltslage und der Berufung des achtundzwanzigj\u00e4hrigen Juso-Chefs Bj\u00f6rn B\u00f6hning zum Chefberater im Rathaus ist aus den ersten drei Monaten der zweiten Amtszeit von Klaus Wowereit wenig zu vermelden.<\/p>\n<p>\nDer Bauchpolitiker hat seinen Instinkt verloren<\/p>\n<p>\nDass sich in Berlin die dr\u00e4ngenden sozialen und kulturellen Fragen der Republik dramatisch verdichten; dass sich hier eine moderne Gro\u00dfstadtsozialdemokratie erproben k\u00f6nnte, die auch dorthin geht, wo es schmerzt, mit allen Ausstrahlungen auf die Bundespolitik &#8211; das scheint Wowereit gleichg\u00fcltig zu sein.<\/p>\n<p>\nOder es ist ihm entgangen. Selbst in seinem n\u00e4heren Umfeld wird kaum mehr bestritten, dass den Bauchpolitiker seit der j\u00fcngsten Wahl sein Instinkt verlassen hat. Sp\u00e4testens seit dem verheerenden Karlsruher Urteil macht er Fehler, die ihm fr\u00fcher kaum unterlaufen w\u00e4ren. So wispert das Rote Rathaus nun in Ermangelung anderer Erfolge und Vorhaben gern von der Gr\u00fcndung einer Berliner Kunsthalle, f\u00fcr die sich Wowereit einsetzen wolle. Das, immerhin, w\u00e4re verdienstvoll, als kulturpolitisches Regierungsprogramm aber mehr als d\u00fcrftig.<\/p>\n<p>Text: F.A.Z., 06.02.2007, Nr. 31 \/ Seite 37<\/p>\n","protected":false},"excerpt":{"rendered":"<p>Hervorragend!<br \/>\nFeminissima hatte es vor l\u00e4ngerer Zeit kurz und knapp formuliert: &#8222;Wowereit(SPD)kann nichts.&#8220;<br \/>\nAu\u00dfer Parties. Und Talk-Shows.<\/p>\n","protected":false},"author":2,"featured_media":0,"comment_status":"closed","ping_status":"closed","sticky":false,"template":"","format":"standard","meta":{"footnotes":""},"categories":[11],"tags":[],"class_list":["post-84768","post","type-post","status-publish","format-standard","hentry","category-femkultur","entry"],"yoast_head":"<!-- This site is optimized with the Yoast SEO plugin v21.0 - https:\/\/yoast.com\/wordpress\/plugins\/seo\/ -->\n<title>PRESSE-SCHAU - faz.net &quot;Wowereit, der unsichtbare Kultursenator&quot; - Feminissima<\/title>\n<meta name=\"robots\" content=\"index, follow, max-snippet:-1, max-image-preview:large, max-video-preview:-1\" \/>\n<link rel=\"canonical\" href=\"https:\/\/feminissima.de\/index.php\/2007\/02\/06\/presse-schau-faz-net-wowereit-der-unsichtbare-kultursenator\/\" \/>\n<meta property=\"og:locale\" content=\"de_DE\" \/>\n<meta property=\"og:type\" content=\"article\" \/>\n<meta property=\"og:title\" content=\"PRESSE-SCHAU - faz.net &quot;Wowereit, der unsichtbare Kultursenator&quot; - Feminissima\" \/>\n<meta property=\"og:description\" content=\"Hervorragend! Feminissima hatte es vor l\u00e4ngerer Zeit kurz und knapp formuliert: &quot;Wowereit(SPD)kann nichts.&quot; Au\u00dfer Parties. Und Talk-Shows.\" \/>\n<meta property=\"og:url\" content=\"https:\/\/feminissima.de\/index.php\/2007\/02\/06\/presse-schau-faz-net-wowereit-der-unsichtbare-kultursenator\/\" \/>\n<meta property=\"og:site_name\" content=\"Feminissima\" \/>\n<meta property=\"article:published_time\" content=\"2007-02-06T20:05:38+00:00\" \/>\n<meta name=\"author\" content=\"admin\" \/>\n<meta name=\"twitter:card\" content=\"summary_large_image\" \/>\n<meta name=\"twitter:label1\" content=\"Verfasst von\" \/>\n\t<meta name=\"twitter:data1\" content=\"admin\" \/>\n\t<meta name=\"twitter:label2\" content=\"Gesch\u00e4tzte Lesezeit\" \/>\n\t<meta name=\"twitter:data2\" content=\"4\u00a0Minuten\" \/>\n<script type=\"application\/ld+json\" class=\"yoast-schema-graph\">{\"@context\":\"https:\/\/schema.org\",\"@graph\":[{\"@type\":\"WebPage\",\"@id\":\"https:\/\/feminissima.de\/index.php\/2007\/02\/06\/presse-schau-faz-net-wowereit-der-unsichtbare-kultursenator\/\",\"url\":\"https:\/\/feminissima.de\/index.php\/2007\/02\/06\/presse-schau-faz-net-wowereit-der-unsichtbare-kultursenator\/\",\"name\":\"PRESSE-SCHAU - faz.net \\\"Wowereit, der unsichtbare Kultursenator\\\" - Feminissima\",\"isPartOf\":{\"@id\":\"https:\/\/feminissima.de\/#website\"},\"datePublished\":\"2007-02-06T20:05:38+00:00\",\"dateModified\":\"2007-02-06T20:05:38+00:00\",\"author\":{\"@id\":\"https:\/\/feminissima.de\/#\/schema\/person\/0b901e053624f88e7ecbea289d9d5128\"},\"breadcrumb\":{\"@id\":\"https:\/\/feminissima.de\/index.php\/2007\/02\/06\/presse-schau-faz-net-wowereit-der-unsichtbare-kultursenator\/#breadcrumb\"},\"inLanguage\":\"de\",\"potentialAction\":[{\"@type\":\"ReadAction\",\"target\":[\"https:\/\/feminissima.de\/index.php\/2007\/02\/06\/presse-schau-faz-net-wowereit-der-unsichtbare-kultursenator\/\"]}]},{\"@type\":\"BreadcrumbList\",\"@id\":\"https:\/\/feminissima.de\/index.php\/2007\/02\/06\/presse-schau-faz-net-wowereit-der-unsichtbare-kultursenator\/#breadcrumb\",\"itemListElement\":[{\"@type\":\"ListItem\",\"position\":1,\"name\":\"Startseite\",\"item\":\"https:\/\/feminissima.de\/\"},{\"@type\":\"ListItem\",\"position\":2,\"name\":\"PRESSE-SCHAU &#8211; faz.net &#8222;Wowereit, der unsichtbare Kultursenator&#8220;\"}]},{\"@type\":\"WebSite\",\"@id\":\"https:\/\/feminissima.de\/#website\",\"url\":\"https:\/\/feminissima.de\/\",\"name\":\"Feminissima\",\"description\":\"\",\"potentialAction\":[{\"@type\":\"SearchAction\",\"target\":{\"@type\":\"EntryPoint\",\"urlTemplate\":\"https:\/\/feminissima.de\/?s={search_term_string}\"},\"query-input\":\"required name=search_term_string\"}],\"inLanguage\":\"de\"},{\"@type\":\"Person\",\"@id\":\"https:\/\/feminissima.de\/#\/schema\/person\/0b901e053624f88e7ecbea289d9d5128\",\"name\":\"admin\",\"image\":{\"@type\":\"ImageObject\",\"inLanguage\":\"de\",\"@id\":\"https:\/\/feminissima.de\/#\/schema\/person\/image\/\",\"url\":\"https:\/\/secure.gravatar.com\/avatar\/8da1f51327453c0bf63338e8e2a791948b7d2ac19b68839492d1e69aac6924a8?s=96&d=mm&r=g\",\"contentUrl\":\"https:\/\/secure.gravatar.com\/avatar\/8da1f51327453c0bf63338e8e2a791948b7d2ac19b68839492d1e69aac6924a8?s=96&d=mm&r=g\",\"caption\":\"admin\"},\"url\":\"https:\/\/feminissima.de\/index.php\/author\/admin\/\"}]}<\/script>\n<!-- \/ Yoast SEO plugin. -->","yoast_head_json":{"title":"PRESSE-SCHAU - faz.net \"Wowereit, der unsichtbare Kultursenator\" - Feminissima","robots":{"index":"index","follow":"follow","max-snippet":"max-snippet:-1","max-image-preview":"max-image-preview:large","max-video-preview":"max-video-preview:-1"},"canonical":"https:\/\/feminissima.de\/index.php\/2007\/02\/06\/presse-schau-faz-net-wowereit-der-unsichtbare-kultursenator\/","og_locale":"de_DE","og_type":"article","og_title":"PRESSE-SCHAU - faz.net \"Wowereit, der unsichtbare Kultursenator\" - Feminissima","og_description":"Hervorragend! Feminissima hatte es vor l\u00e4ngerer Zeit kurz und knapp formuliert: \"Wowereit(SPD)kann nichts.\" Au\u00dfer Parties. Und Talk-Shows.","og_url":"https:\/\/feminissima.de\/index.php\/2007\/02\/06\/presse-schau-faz-net-wowereit-der-unsichtbare-kultursenator\/","og_site_name":"Feminissima","article_published_time":"2007-02-06T20:05:38+00:00","author":"admin","twitter_card":"summary_large_image","twitter_misc":{"Verfasst von":"admin","Gesch\u00e4tzte Lesezeit":"4\u00a0Minuten"},"schema":{"@context":"https:\/\/schema.org","@graph":[{"@type":"WebPage","@id":"https:\/\/feminissima.de\/index.php\/2007\/02\/06\/presse-schau-faz-net-wowereit-der-unsichtbare-kultursenator\/","url":"https:\/\/feminissima.de\/index.php\/2007\/02\/06\/presse-schau-faz-net-wowereit-der-unsichtbare-kultursenator\/","name":"PRESSE-SCHAU - faz.net \"Wowereit, der unsichtbare Kultursenator\" - Feminissima","isPartOf":{"@id":"https:\/\/feminissima.de\/#website"},"datePublished":"2007-02-06T20:05:38+00:00","dateModified":"2007-02-06T20:05:38+00:00","author":{"@id":"https:\/\/feminissima.de\/#\/schema\/person\/0b901e053624f88e7ecbea289d9d5128"},"breadcrumb":{"@id":"https:\/\/feminissima.de\/index.php\/2007\/02\/06\/presse-schau-faz-net-wowereit-der-unsichtbare-kultursenator\/#breadcrumb"},"inLanguage":"de","potentialAction":[{"@type":"ReadAction","target":["https:\/\/feminissima.de\/index.php\/2007\/02\/06\/presse-schau-faz-net-wowereit-der-unsichtbare-kultursenator\/"]}]},{"@type":"BreadcrumbList","@id":"https:\/\/feminissima.de\/index.php\/2007\/02\/06\/presse-schau-faz-net-wowereit-der-unsichtbare-kultursenator\/#breadcrumb","itemListElement":[{"@type":"ListItem","position":1,"name":"Startseite","item":"https:\/\/feminissima.de\/"},{"@type":"ListItem","position":2,"name":"PRESSE-SCHAU &#8211; faz.net &#8222;Wowereit, der unsichtbare Kultursenator&#8220;"}]},{"@type":"WebSite","@id":"https:\/\/feminissima.de\/#website","url":"https:\/\/feminissima.de\/","name":"Feminissima","description":"","potentialAction":[{"@type":"SearchAction","target":{"@type":"EntryPoint","urlTemplate":"https:\/\/feminissima.de\/?s={search_term_string}"},"query-input":"required name=search_term_string"}],"inLanguage":"de"},{"@type":"Person","@id":"https:\/\/feminissima.de\/#\/schema\/person\/0b901e053624f88e7ecbea289d9d5128","name":"admin","image":{"@type":"ImageObject","inLanguage":"de","@id":"https:\/\/feminissima.de\/#\/schema\/person\/image\/","url":"https:\/\/secure.gravatar.com\/avatar\/8da1f51327453c0bf63338e8e2a791948b7d2ac19b68839492d1e69aac6924a8?s=96&d=mm&r=g","contentUrl":"https:\/\/secure.gravatar.com\/avatar\/8da1f51327453c0bf63338e8e2a791948b7d2ac19b68839492d1e69aac6924a8?s=96&d=mm&r=g","caption":"admin"},"url":"https:\/\/feminissima.de\/index.php\/author\/admin\/"}]}},"jetpack_featured_media_url":"","_links":{"self":[{"href":"https:\/\/feminissima.de\/index.php\/wp-json\/wp\/v2\/posts\/84768","targetHints":{"allow":["GET"]}}],"collection":[{"href":"https:\/\/feminissima.de\/index.php\/wp-json\/wp\/v2\/posts"}],"about":[{"href":"https:\/\/feminissima.de\/index.php\/wp-json\/wp\/v2\/types\/post"}],"author":[{"embeddable":true,"href":"https:\/\/feminissima.de\/index.php\/wp-json\/wp\/v2\/users\/2"}],"replies":[{"embeddable":true,"href":"https:\/\/feminissima.de\/index.php\/wp-json\/wp\/v2\/comments?post=84768"}],"version-history":[{"count":0,"href":"https:\/\/feminissima.de\/index.php\/wp-json\/wp\/v2\/posts\/84768\/revisions"}],"wp:attachment":[{"href":"https:\/\/feminissima.de\/index.php\/wp-json\/wp\/v2\/media?parent=84768"}],"wp:term":[{"taxonomy":"category","embeddable":true,"href":"https:\/\/feminissima.de\/index.php\/wp-json\/wp\/v2\/categories?post=84768"},{"taxonomy":"post_tag","embeddable":true,"href":"https:\/\/feminissima.de\/index.php\/wp-json\/wp\/v2\/tags?post=84768"}],"curies":[{"name":"wp","href":"https:\/\/api.w.org\/{rel}","templated":true}]}}