{"id":84766,"date":"2007-02-05T05:53:46","date_gmt":"2007-02-05T05:53:46","guid":{"rendered":"http:\/\/www.feminissima.de\/?p=84766"},"modified":"2007-02-05T05:53:46","modified_gmt":"2007-02-05T05:53:46","slug":"ja-hoehere-beitraege-fuer-kinderlose","status":"publish","type":"post","link":"https:\/\/feminissima.de\/index.php\/2007\/02\/05\/ja-hoehere-beitraege-fuer-kinderlose\/","title":{"rendered":"JA. H\u00f6here Beitr\u00e4ge f\u00fcr Kinderlose."},"content":{"rendered":"<p>Schmerzensgeld f\u00fcr die berufliche Benachteiligung von M\u00fcttern&#8230;<br \/>372300.<br \/>heute:  335 \/ 19 Uhr 18 &#8211; hallo &#8211; !<\/p>\n<table width=\"100%\">\n<tr>\n<td style=\"background-image=url('images\/monet-heller.jpg')\"><font size=\"+1\"><\/p>\n<p>Au\u00dferdem<br \/> die Abschaffung des &#8222;Ehegatten-Splittings&#8220;!<\/p>\n<p>Das skandal\u00f6se neue Unterhaltsrecht,<br \/>das die neue Gattin <br \/> oder anderswie Gespielin,<br \/> sofern sie Nachwuchs wirft,<br \/>gegen\u00fcber der &#8222;alten&#8220; bevorzugt,<br \/>und auch die &#8222;neuen&#8220; Kinder &#8211; <\/p>\n<p>durchgepeitscht von den Wulffs,  den Pfl\u00fcgers, den Seehofers, den Schr\u00f6ders, den Fischers..und-und-und &#8230;<\/p>\n<p>ger\u00e4t nun  doch ins Stolpern!<\/p>\n<p>Wenn noch ein Funken Gerechtigkeit irgendwo in diesem Staat glimmt&#8230;<br \/>wird diese &#8222;Reform&#8220; gekippt!<\/p>\n<p>Hier sollten die FRAUEN-VERB\u00c4NDE mal echt auf die Barrikaden gehen.<\/p>\n<p>Zum Thema &#8222;H\u00f6here Rentenbeitr\u00e4ge etc. f\u00fcr Kinderlose&#8220; gleich mehr, mal saven.<\/p>\n<p>Nichts gegen all die formidablen <br \/>kinderlosen Karriere-Frauen:<br \/>die Alice Schwarzers, <br \/>die Christiansens, <br \/>die Elke Heidenreichs,<br \/> die Anne Wills &#8211; <br \/>Frau Maischberger wird mit 40 Mutter, <br \/>Karriere ist schon rund gewesen,<br \/> jetzt kann noch ein Kind..<br \/>um gerade mal in der Medienbranche zu bleiben &#8211; <br \/>(auch die bundeskanzlerin \u00fcbrigens, ist kinderlos,<br \/> ebenso die Bundesjustizministerin Zypries&#8230;)<\/p>\n<p>w\u00fcrden nicht M\u00fctter in diesem Land doppelt und dreifach &#8222;bestraft&#8220;, <br \/>wobei das Gl\u00fcck, <br \/>Kinder oder ein  Kind zu haben,<br \/>in diesem kalten Land<br \/>verlorengegangen scheint..,<br \/>weil es nur noch um  Mammon geht:<\/p>\n<p>Die M\u00fctter &#8211; sie werden als Berufst\u00e4tige &#8222;mit Kind&#8220; oder gar &#8222;Kindern&#8220;<\/p>\n<p>1000% benachteiligt &#8211; <br \/>erhalten gar nicht erst die BERUFS-CHANCEN kinderloser Frauen!<\/p>\n<p>Das kann und darf so nicht bleiben!<\/p>\n<p>Umgekehrt lie\u00dfe sich fragen &#8211; <\/p>\n<p>&#8222;G\u00e4be es am Ende GAR KEINE KARRIEREFRAUEN in this country &#8211; <br \/>wenn die Frauen auch M\u00fctter w\u00e4ren&#8230;?????????????????????<\/p>\n<p> Sch\u00f6nen Abend noch !<br \/>19 Uhr in Berlin.<\/p>\n<p><\/p>\n","protected":false},"excerpt":{"rendered":"<p>Schmerzensgeld f\u00fcr die berufliche Benachteiligung von M\u00fcttern&#8230;<\/p>\n","protected":false},"author":2,"featured_media":0,"comment_status":"closed","ping_status":"closed","sticky":false,"template":"","format":"standard","meta":{"footnotes":""},"categories":[12],"tags":[],"class_list":["post-84766","post","type-post","status-publish","format-standard","hentry","category-femleben","entry"],"yoast_head":"<!-- This site is optimized with the Yoast SEO plugin v21.0 - https:\/\/yoast.com\/wordpress\/plugins\/seo\/ -->\n<title>JA. H\u00f6here Beitr\u00e4ge f\u00fcr Kinderlose. - Feminissima<\/title>\n<meta name=\"robots\" content=\"index, follow, max-snippet:-1, max-image-preview:large, max-video-preview:-1\" \/>\n<link rel=\"canonical\" href=\"https:\/\/feminissima.de\/index.php\/2007\/02\/05\/ja-hoehere-beitraege-fuer-kinderlose\/\" \/>\n<meta property=\"og:locale\" content=\"de_DE\" \/>\n<meta property=\"og:type\" content=\"article\" \/>\n<meta property=\"og:title\" content=\"JA. H\u00f6here Beitr\u00e4ge f\u00fcr Kinderlose. - Feminissima\" \/>\n<meta property=\"og:description\" content=\"Schmerzensgeld f\u00fcr die berufliche Benachteiligung von M\u00fcttern...\" \/>\n<meta property=\"og:url\" content=\"https:\/\/feminissima.de\/index.php\/2007\/02\/05\/ja-hoehere-beitraege-fuer-kinderlose\/\" \/>\n<meta property=\"og:site_name\" content=\"Feminissima\" \/>\n<meta property=\"article:published_time\" content=\"2007-02-05T05:53:46+00:00\" \/>\n<meta name=\"author\" content=\"admin\" \/>\n<meta name=\"twitter:card\" content=\"summary_large_image\" \/>\n<meta name=\"twitter:label1\" content=\"Verfasst von\" \/>\n\t<meta name=\"twitter:data1\" content=\"admin\" \/>\n\t<meta name=\"twitter:label2\" content=\"Gesch\u00e4tzte Lesezeit\" \/>\n\t<meta name=\"twitter:data2\" content=\"1\u00a0Minute\" \/>\n<script type=\"application\/ld+json\" class=\"yoast-schema-graph\">{\"@context\":\"https:\/\/schema.org\",\"@graph\":[{\"@type\":\"WebPage\",\"@id\":\"https:\/\/feminissima.de\/index.php\/2007\/02\/05\/ja-hoehere-beitraege-fuer-kinderlose\/\",\"url\":\"https:\/\/feminissima.de\/index.php\/2007\/02\/05\/ja-hoehere-beitraege-fuer-kinderlose\/\",\"name\":\"JA. H\u00f6here Beitr\u00e4ge f\u00fcr Kinderlose. - Feminissima\",\"isPartOf\":{\"@id\":\"https:\/\/feminissima.de\/#website\"},\"datePublished\":\"2007-02-05T05:53:46+00:00\",\"dateModified\":\"2007-02-05T05:53:46+00:00\",\"author\":{\"@id\":\"https:\/\/feminissima.de\/#\/schema\/person\/0b901e053624f88e7ecbea289d9d5128\"},\"breadcrumb\":{\"@id\":\"https:\/\/feminissima.de\/index.php\/2007\/02\/05\/ja-hoehere-beitraege-fuer-kinderlose\/#breadcrumb\"},\"inLanguage\":\"de\",\"potentialAction\":[{\"@type\":\"ReadAction\",\"target\":[\"https:\/\/feminissima.de\/index.php\/2007\/02\/05\/ja-hoehere-beitraege-fuer-kinderlose\/\"]}]},{\"@type\":\"BreadcrumbList\",\"@id\":\"https:\/\/feminissima.de\/index.php\/2007\/02\/05\/ja-hoehere-beitraege-fuer-kinderlose\/#breadcrumb\",\"itemListElement\":[{\"@type\":\"ListItem\",\"position\":1,\"name\":\"Startseite\",\"item\":\"https:\/\/feminissima.de\/\"},{\"@type\":\"ListItem\",\"position\":2,\"name\":\"JA. H\u00f6here Beitr\u00e4ge f\u00fcr Kinderlose.\"}]},{\"@type\":\"WebSite\",\"@id\":\"https:\/\/feminissima.de\/#website\",\"url\":\"https:\/\/feminissima.de\/\",\"name\":\"Feminissima\",\"description\":\"\",\"potentialAction\":[{\"@type\":\"SearchAction\",\"target\":{\"@type\":\"EntryPoint\",\"urlTemplate\":\"https:\/\/feminissima.de\/?s={search_term_string}\"},\"query-input\":\"required name=search_term_string\"}],\"inLanguage\":\"de\"},{\"@type\":\"Person\",\"@id\":\"https:\/\/feminissima.de\/#\/schema\/person\/0b901e053624f88e7ecbea289d9d5128\",\"name\":\"admin\",\"image\":{\"@type\":\"ImageObject\",\"inLanguage\":\"de\",\"@id\":\"https:\/\/feminissima.de\/#\/schema\/person\/image\/\",\"url\":\"https:\/\/secure.gravatar.com\/avatar\/8da1f51327453c0bf63338e8e2a791948b7d2ac19b68839492d1e69aac6924a8?s=96&d=mm&r=g\",\"contentUrl\":\"https:\/\/secure.gravatar.com\/avatar\/8da1f51327453c0bf63338e8e2a791948b7d2ac19b68839492d1e69aac6924a8?s=96&d=mm&r=g\",\"caption\":\"admin\"},\"url\":\"https:\/\/feminissima.de\/index.php\/author\/admin\/\"}]}<\/script>\n<!-- \/ Yoast SEO plugin. -->","yoast_head_json":{"title":"JA. H\u00f6here Beitr\u00e4ge f\u00fcr Kinderlose. - Feminissima","robots":{"index":"index","follow":"follow","max-snippet":"max-snippet:-1","max-image-preview":"max-image-preview:large","max-video-preview":"max-video-preview:-1"},"canonical":"https:\/\/feminissima.de\/index.php\/2007\/02\/05\/ja-hoehere-beitraege-fuer-kinderlose\/","og_locale":"de_DE","og_type":"article","og_title":"JA. H\u00f6here Beitr\u00e4ge f\u00fcr Kinderlose. - Feminissima","og_description":"Schmerzensgeld f\u00fcr die berufliche Benachteiligung von M\u00fcttern...","og_url":"https:\/\/feminissima.de\/index.php\/2007\/02\/05\/ja-hoehere-beitraege-fuer-kinderlose\/","og_site_name":"Feminissima","article_published_time":"2007-02-05T05:53:46+00:00","author":"admin","twitter_card":"summary_large_image","twitter_misc":{"Verfasst von":"admin","Gesch\u00e4tzte Lesezeit":"1\u00a0Minute"},"schema":{"@context":"https:\/\/schema.org","@graph":[{"@type":"WebPage","@id":"https:\/\/feminissima.de\/index.php\/2007\/02\/05\/ja-hoehere-beitraege-fuer-kinderlose\/","url":"https:\/\/feminissima.de\/index.php\/2007\/02\/05\/ja-hoehere-beitraege-fuer-kinderlose\/","name":"JA. H\u00f6here Beitr\u00e4ge f\u00fcr Kinderlose. - Feminissima","isPartOf":{"@id":"https:\/\/feminissima.de\/#website"},"datePublished":"2007-02-05T05:53:46+00:00","dateModified":"2007-02-05T05:53:46+00:00","author":{"@id":"https:\/\/feminissima.de\/#\/schema\/person\/0b901e053624f88e7ecbea289d9d5128"},"breadcrumb":{"@id":"https:\/\/feminissima.de\/index.php\/2007\/02\/05\/ja-hoehere-beitraege-fuer-kinderlose\/#breadcrumb"},"inLanguage":"de","potentialAction":[{"@type":"ReadAction","target":["https:\/\/feminissima.de\/index.php\/2007\/02\/05\/ja-hoehere-beitraege-fuer-kinderlose\/"]}]},{"@type":"BreadcrumbList","@id":"https:\/\/feminissima.de\/index.php\/2007\/02\/05\/ja-hoehere-beitraege-fuer-kinderlose\/#breadcrumb","itemListElement":[{"@type":"ListItem","position":1,"name":"Startseite","item":"https:\/\/feminissima.de\/"},{"@type":"ListItem","position":2,"name":"JA. H\u00f6here Beitr\u00e4ge f\u00fcr Kinderlose."}]},{"@type":"WebSite","@id":"https:\/\/feminissima.de\/#website","url":"https:\/\/feminissima.de\/","name":"Feminissima","description":"","potentialAction":[{"@type":"SearchAction","target":{"@type":"EntryPoint","urlTemplate":"https:\/\/feminissima.de\/?s={search_term_string}"},"query-input":"required name=search_term_string"}],"inLanguage":"de"},{"@type":"Person","@id":"https:\/\/feminissima.de\/#\/schema\/person\/0b901e053624f88e7ecbea289d9d5128","name":"admin","image":{"@type":"ImageObject","inLanguage":"de","@id":"https:\/\/feminissima.de\/#\/schema\/person\/image\/","url":"https:\/\/secure.gravatar.com\/avatar\/8da1f51327453c0bf63338e8e2a791948b7d2ac19b68839492d1e69aac6924a8?s=96&d=mm&r=g","contentUrl":"https:\/\/secure.gravatar.com\/avatar\/8da1f51327453c0bf63338e8e2a791948b7d2ac19b68839492d1e69aac6924a8?s=96&d=mm&r=g","caption":"admin"},"url":"https:\/\/feminissima.de\/index.php\/author\/admin\/"}]}},"jetpack_featured_media_url":"","_links":{"self":[{"href":"https:\/\/feminissima.de\/index.php\/wp-json\/wp\/v2\/posts\/84766","targetHints":{"allow":["GET"]}}],"collection":[{"href":"https:\/\/feminissima.de\/index.php\/wp-json\/wp\/v2\/posts"}],"about":[{"href":"https:\/\/feminissima.de\/index.php\/wp-json\/wp\/v2\/types\/post"}],"author":[{"embeddable":true,"href":"https:\/\/feminissima.de\/index.php\/wp-json\/wp\/v2\/users\/2"}],"replies":[{"embeddable":true,"href":"https:\/\/feminissima.de\/index.php\/wp-json\/wp\/v2\/comments?post=84766"}],"version-history":[{"count":0,"href":"https:\/\/feminissima.de\/index.php\/wp-json\/wp\/v2\/posts\/84766\/revisions"}],"wp:attachment":[{"href":"https:\/\/feminissima.de\/index.php\/wp-json\/wp\/v2\/media?parent=84766"}],"wp:term":[{"taxonomy":"category","embeddable":true,"href":"https:\/\/feminissima.de\/index.php\/wp-json\/wp\/v2\/categories?post=84766"},{"taxonomy":"post_tag","embeddable":true,"href":"https:\/\/feminissima.de\/index.php\/wp-json\/wp\/v2\/tags?post=84766"}],"curies":[{"name":"wp","href":"https:\/\/api.w.org\/{rel}","templated":true}]}}