{"id":84679,"date":"2006-10-08T15:24:47","date_gmt":"2006-10-08T15:24:47","guid":{"rendered":"http:\/\/www.feminissima.de\/?p=84679"},"modified":"2006-10-08T15:24:47","modified_gmt":"2006-10-08T15:24:47","slug":"chemo-macht-auch-das-hirn-kaputt","status":"publish","type":"post","link":"https:\/\/feminissima.de\/index.php\/2006\/10\/08\/chemo-macht-auch-das-hirn-kaputt\/","title":{"rendered":"CHEMO macht auch das Hirn kaputt"},"content":{"rendered":"<p>Ja!<br \/>vom 5. 10.\/ live site\/Dank PET-Scanning war der Beweis nun auch optisch m\u00f6glich, lest bitte den nachfolgenden Text,<br \/> er ist ultimativ spannend!<\/p>\n<table width=\"100%\">\n<tr>\n<td style=\"background-image=url('images\/monet-heller.jpg')\"><font size=\"+1\"><\/p>\n<p>&#8230;&#8230;&#8230;.gleich mehr. <br \/>Es ist 12 Uhr 18 &#8211; MITTAGSPAUSE&#8230;&#8230;.!<\/p>\n<p>FEMINISSIMA warnt von Anfang an vor all den Giften: <br \/>Wenn die Nebenwirkungen t\u00f6dlicher sind, <br \/>als die Erkrankung selbst&#8230;<br \/>Aber gleich geht es um neue Ehrlichkeiten,<br \/>in puncto &#8222;Nebenwirkungen&#8220;&#8230;<br \/>logischerweise kommen sie NICHT aus Deutschland&#8230;<br \/>HIER BEI UNS wird der Patient<br \/> grunds\u00e4tzlich dumm gehalten <br \/>&#038; zugleich f\u00fcr dumm verkauft.<\/p>\n<p>Hold on!<\/p>\n<p>           Die Nebenwirkung ist seit langem bekannt,<br \/>nur   Patientinnen wundern sich&#8230;., <br \/>wenn sie Konzentrationsst\u00f6rungen nach Chemotherapien feststellen, <br \/>weil sie ja niemand aufgekl\u00e4rt hat&#8230;!<\/p>\n<p>Hier ein Bericht aus \u00d6sterreich und den USA, von heute,<br \/>wurde FEMINISSIMA gemailt:<\/p>\n<p>Los Angeles\/Wien:<br \/> Chemotherapien k\u00f6nnen neben ihren herk\u00f6mmlichen Nebenwirkungen<br \/> wie beispielsweise Haarausfall und \u00dcbelkeit <br \/>noch weitere, langj\u00e4hrige Auswirkungen auf das Gehirn haben. <\/p>\n<p>So beeintr\u00e4chtigt etwa die Chemobehandlung das Ged\u00e4chtnis <br \/>sowie die Konzentrationsf\u00e4higkeit<br \/> ehemaliger Brustkrebspatientinnen noch zehn Jahre nach der Behandlung. <\/p>\n<p>Eine Studie zeigte zum ersten Mal, <br \/>welche Ver\u00e4nderungen im Gehirn verantwortlich f\u00fcr die kognitive Beeintr\u00e4chtigung sind. <br \/>Nun sollen weitere Studien in diesem Bereich folgen. <\/p>\n<p>Mit Hilfe von Hirnscans haben Forscher von der University of California in Los Angeles http:\/\/www.ucla.edu bei ehemaligen Brustkrebspatientinnen kognitive Einschr\u00e4nkungen bis zu zehn Jahre nach der Chemobehandlung nachgewiesen. <\/p>\n<p>Wie die Positronen-Emissions-Tomographie (PET) gezeigt hat, <br \/>wirkt sich die Chemotherapie auf die Stoffwechselvorg\u00e4nge und den Blutfluss im Gehirn aus. <\/p>\n<p>Dadurch kommt es zu geringeren<br \/> Stoffwechselaktivit\u00e4ten in Vorderhirn, <br \/>wodurch es den Frauen schwerer fiel, <br \/>Ged\u00e4chtnisaufgaben zu bew\u00e4ltigen. <\/p>\n<p>Weiters wurden bei der Aufgabenl\u00f6sung selbst ungew\u00f6hnlich starke Aktivit\u00e4t im Bereich des Vorderhirns und ein erh\u00f6hten Blutfluss registriert, <br \/>was als Zeichen erh\u00f6hter Anstrengung gedeutet wurde.<br \/> Die Ergebnisse der Forschung werden nun unter dem Titel:<\/p>\n<p> &#8222;Brustkrebs &#8211; Forschung und Behandlung&#8220; <\/p>\n<p>publiziert. <\/p>\n<p>\nWie die gyn\u00e4kologische Abteilung des AKH Wiens auf Anfrage von pressetext erkl\u00e4rt,<br \/> sind die m\u00f6glichen negativen Auswirkungen einer Chemotherapie auf die kognitiven Leistungen der Patienten schon l\u00e4nger bekannt.<\/p>\n<p> Doch stehe aus onkologischer Sicht die Effektivit\u00e4t einer Behandlung im Vordergrund <br \/>und diese sei bei einer Chemotherapie in jedem Fall gegeben. <br \/>Weiters solle man bei der Interpretation einer derartigen deskriptiven Studie vorsichtig sein, <br \/>da diese vordergr\u00fcndig nur dazu dient, <br \/>Annahmen und Vermutungen wissenschaftlich zu best\u00e4tigen. (ANMERKUNGE FEM: &#8222;AHA&#8230;.!&#8220; Zieht bitte Eure Schlu\u00dffolgerungen aus dieser letzten Bemerkung &#8230;..!)<\/p>\n<p>quelle: www.pressetext.at<br \/> <\/tr>\n<\/table>\n","protected":false},"excerpt":{"rendered":"<p>Ja!<\/p>\n","protected":false},"author":2,"featured_media":0,"comment_status":"closed","ping_status":"closed","sticky":false,"template":"","format":"standard","meta":{"footnotes":""},"categories":[10],"tags":[],"class_list":["post-84679","post","type-post","status-publish","format-standard","hentry","category-femgesundheit","entry"],"yoast_head":"<!-- This site is optimized with the Yoast SEO plugin v21.0 - https:\/\/yoast.com\/wordpress\/plugins\/seo\/ -->\n<title>CHEMO macht auch das Hirn kaputt - Feminissima<\/title>\n<meta name=\"robots\" content=\"index, follow, max-snippet:-1, max-image-preview:large, max-video-preview:-1\" \/>\n<link rel=\"canonical\" href=\"https:\/\/feminissima.de\/index.php\/2006\/10\/08\/chemo-macht-auch-das-hirn-kaputt\/\" \/>\n<meta property=\"og:locale\" content=\"de_DE\" \/>\n<meta property=\"og:type\" content=\"article\" \/>\n<meta property=\"og:title\" content=\"CHEMO macht auch das Hirn kaputt - Feminissima\" \/>\n<meta property=\"og:description\" content=\"Ja!\" \/>\n<meta property=\"og:url\" content=\"https:\/\/feminissima.de\/index.php\/2006\/10\/08\/chemo-macht-auch-das-hirn-kaputt\/\" \/>\n<meta property=\"og:site_name\" content=\"Feminissima\" \/>\n<meta property=\"article:published_time\" content=\"2006-10-08T15:24:47+00:00\" \/>\n<meta name=\"author\" content=\"admin\" \/>\n<meta name=\"twitter:card\" content=\"summary_large_image\" \/>\n<meta name=\"twitter:label1\" content=\"Verfasst von\" \/>\n\t<meta name=\"twitter:data1\" content=\"admin\" \/>\n\t<meta name=\"twitter:label2\" content=\"Gesch\u00e4tzte Lesezeit\" \/>\n\t<meta name=\"twitter:data2\" content=\"2\u00a0Minuten\" \/>\n<script type=\"application\/ld+json\" class=\"yoast-schema-graph\">{\"@context\":\"https:\/\/schema.org\",\"@graph\":[{\"@type\":\"WebPage\",\"@id\":\"https:\/\/feminissima.de\/index.php\/2006\/10\/08\/chemo-macht-auch-das-hirn-kaputt\/\",\"url\":\"https:\/\/feminissima.de\/index.php\/2006\/10\/08\/chemo-macht-auch-das-hirn-kaputt\/\",\"name\":\"CHEMO macht auch das Hirn kaputt - Feminissima\",\"isPartOf\":{\"@id\":\"https:\/\/feminissima.de\/#website\"},\"datePublished\":\"2006-10-08T15:24:47+00:00\",\"dateModified\":\"2006-10-08T15:24:47+00:00\",\"author\":{\"@id\":\"https:\/\/feminissima.de\/#\/schema\/person\/0b901e053624f88e7ecbea289d9d5128\"},\"breadcrumb\":{\"@id\":\"https:\/\/feminissima.de\/index.php\/2006\/10\/08\/chemo-macht-auch-das-hirn-kaputt\/#breadcrumb\"},\"inLanguage\":\"de\",\"potentialAction\":[{\"@type\":\"ReadAction\",\"target\":[\"https:\/\/feminissima.de\/index.php\/2006\/10\/08\/chemo-macht-auch-das-hirn-kaputt\/\"]}]},{\"@type\":\"BreadcrumbList\",\"@id\":\"https:\/\/feminissima.de\/index.php\/2006\/10\/08\/chemo-macht-auch-das-hirn-kaputt\/#breadcrumb\",\"itemListElement\":[{\"@type\":\"ListItem\",\"position\":1,\"name\":\"Startseite\",\"item\":\"https:\/\/feminissima.de\/\"},{\"@type\":\"ListItem\",\"position\":2,\"name\":\"CHEMO macht auch das Hirn kaputt\"}]},{\"@type\":\"WebSite\",\"@id\":\"https:\/\/feminissima.de\/#website\",\"url\":\"https:\/\/feminissima.de\/\",\"name\":\"Feminissima\",\"description\":\"\",\"potentialAction\":[{\"@type\":\"SearchAction\",\"target\":{\"@type\":\"EntryPoint\",\"urlTemplate\":\"https:\/\/feminissima.de\/?s={search_term_string}\"},\"query-input\":\"required name=search_term_string\"}],\"inLanguage\":\"de\"},{\"@type\":\"Person\",\"@id\":\"https:\/\/feminissima.de\/#\/schema\/person\/0b901e053624f88e7ecbea289d9d5128\",\"name\":\"admin\",\"image\":{\"@type\":\"ImageObject\",\"inLanguage\":\"de\",\"@id\":\"https:\/\/feminissima.de\/#\/schema\/person\/image\/\",\"url\":\"https:\/\/secure.gravatar.com\/avatar\/8da1f51327453c0bf63338e8e2a791948b7d2ac19b68839492d1e69aac6924a8?s=96&d=mm&r=g\",\"contentUrl\":\"https:\/\/secure.gravatar.com\/avatar\/8da1f51327453c0bf63338e8e2a791948b7d2ac19b68839492d1e69aac6924a8?s=96&d=mm&r=g\",\"caption\":\"admin\"},\"url\":\"https:\/\/feminissima.de\/index.php\/author\/admin\/\"}]}<\/script>\n<!-- \/ Yoast SEO plugin. -->","yoast_head_json":{"title":"CHEMO macht auch das Hirn kaputt - Feminissima","robots":{"index":"index","follow":"follow","max-snippet":"max-snippet:-1","max-image-preview":"max-image-preview:large","max-video-preview":"max-video-preview:-1"},"canonical":"https:\/\/feminissima.de\/index.php\/2006\/10\/08\/chemo-macht-auch-das-hirn-kaputt\/","og_locale":"de_DE","og_type":"article","og_title":"CHEMO macht auch das Hirn kaputt - Feminissima","og_description":"Ja!","og_url":"https:\/\/feminissima.de\/index.php\/2006\/10\/08\/chemo-macht-auch-das-hirn-kaputt\/","og_site_name":"Feminissima","article_published_time":"2006-10-08T15:24:47+00:00","author":"admin","twitter_card":"summary_large_image","twitter_misc":{"Verfasst von":"admin","Gesch\u00e4tzte Lesezeit":"2\u00a0Minuten"},"schema":{"@context":"https:\/\/schema.org","@graph":[{"@type":"WebPage","@id":"https:\/\/feminissima.de\/index.php\/2006\/10\/08\/chemo-macht-auch-das-hirn-kaputt\/","url":"https:\/\/feminissima.de\/index.php\/2006\/10\/08\/chemo-macht-auch-das-hirn-kaputt\/","name":"CHEMO macht auch das Hirn kaputt - Feminissima","isPartOf":{"@id":"https:\/\/feminissima.de\/#website"},"datePublished":"2006-10-08T15:24:47+00:00","dateModified":"2006-10-08T15:24:47+00:00","author":{"@id":"https:\/\/feminissima.de\/#\/schema\/person\/0b901e053624f88e7ecbea289d9d5128"},"breadcrumb":{"@id":"https:\/\/feminissima.de\/index.php\/2006\/10\/08\/chemo-macht-auch-das-hirn-kaputt\/#breadcrumb"},"inLanguage":"de","potentialAction":[{"@type":"ReadAction","target":["https:\/\/feminissima.de\/index.php\/2006\/10\/08\/chemo-macht-auch-das-hirn-kaputt\/"]}]},{"@type":"BreadcrumbList","@id":"https:\/\/feminissima.de\/index.php\/2006\/10\/08\/chemo-macht-auch-das-hirn-kaputt\/#breadcrumb","itemListElement":[{"@type":"ListItem","position":1,"name":"Startseite","item":"https:\/\/feminissima.de\/"},{"@type":"ListItem","position":2,"name":"CHEMO macht auch das Hirn kaputt"}]},{"@type":"WebSite","@id":"https:\/\/feminissima.de\/#website","url":"https:\/\/feminissima.de\/","name":"Feminissima","description":"","potentialAction":[{"@type":"SearchAction","target":{"@type":"EntryPoint","urlTemplate":"https:\/\/feminissima.de\/?s={search_term_string}"},"query-input":"required name=search_term_string"}],"inLanguage":"de"},{"@type":"Person","@id":"https:\/\/feminissima.de\/#\/schema\/person\/0b901e053624f88e7ecbea289d9d5128","name":"admin","image":{"@type":"ImageObject","inLanguage":"de","@id":"https:\/\/feminissima.de\/#\/schema\/person\/image\/","url":"https:\/\/secure.gravatar.com\/avatar\/8da1f51327453c0bf63338e8e2a791948b7d2ac19b68839492d1e69aac6924a8?s=96&d=mm&r=g","contentUrl":"https:\/\/secure.gravatar.com\/avatar\/8da1f51327453c0bf63338e8e2a791948b7d2ac19b68839492d1e69aac6924a8?s=96&d=mm&r=g","caption":"admin"},"url":"https:\/\/feminissima.de\/index.php\/author\/admin\/"}]}},"jetpack_featured_media_url":"","_links":{"self":[{"href":"https:\/\/feminissima.de\/index.php\/wp-json\/wp\/v2\/posts\/84679","targetHints":{"allow":["GET"]}}],"collection":[{"href":"https:\/\/feminissima.de\/index.php\/wp-json\/wp\/v2\/posts"}],"about":[{"href":"https:\/\/feminissima.de\/index.php\/wp-json\/wp\/v2\/types\/post"}],"author":[{"embeddable":true,"href":"https:\/\/feminissima.de\/index.php\/wp-json\/wp\/v2\/users\/2"}],"replies":[{"embeddable":true,"href":"https:\/\/feminissima.de\/index.php\/wp-json\/wp\/v2\/comments?post=84679"}],"version-history":[{"count":0,"href":"https:\/\/feminissima.de\/index.php\/wp-json\/wp\/v2\/posts\/84679\/revisions"}],"wp:attachment":[{"href":"https:\/\/feminissima.de\/index.php\/wp-json\/wp\/v2\/media?parent=84679"}],"wp:term":[{"taxonomy":"category","embeddable":true,"href":"https:\/\/feminissima.de\/index.php\/wp-json\/wp\/v2\/categories?post=84679"},{"taxonomy":"post_tag","embeddable":true,"href":"https:\/\/feminissima.de\/index.php\/wp-json\/wp\/v2\/tags?post=84679"}],"curies":[{"name":"wp","href":"https:\/\/api.w.org\/{rel}","templated":true}]}}