{"id":84678,"date":"2006-10-08T15:12:45","date_gmt":"2006-10-08T15:12:45","guid":{"rendered":"http:\/\/www.feminissima.de\/?p=84678"},"modified":"2006-10-08T15:12:45","modified_gmt":"2006-10-08T15:12:45","slug":"zeit-zeichen-10-06","status":"publish","type":"post","link":"https:\/\/feminissima.de\/index.php\/2006\/10\/08\/zeit-zeichen-10-06\/","title":{"rendered":"ZEIT-ZEICHEN 10\/06"},"content":{"rendered":"<p>Politik, Kultur, Mord als ..Meinungs-Tod. Beste Anti-Kriegsfilme im ERSTEN. Fr\u00fcherer STASI-AGENT kein Hoteldirektor im ADLON-Berlin mehr. Und wie erzielte der Konzern seinen Namen namens Kempinski..Zuletzt: Das Ende der Buchmesse Frankurt\/Main<\/p>\n<table width=\"100%\">\n<tr>\n<td style=\"background-image=url('images\/monet-heller.jpg')\"><font size=\"+1\"><\/p>\n<p>Sontag, der 8. 10. 2006 &#8211; Heute geht die Frankfurter Buchmesse zu Ende<\/p>\n<p>303097.<\/p>\n<p>\ngestern: 726<\/p>\n<p>\nheute: 404<\/p>\n<p>\nEs ist 12 Uhr 21, hallo!<\/p>\n<p>\u00dcbrigens, Schlu\u00df mit LUSTIG:<\/p>\n<p>\nAb heute wird L\u00d6WENZAHN von oh, Hamesfahr, gerade der Vorname noch entfallen, aber er hei\u00dft in der Rolle als Nachfolger von Peter Lustig, der jetzt tats\u00e4chlich..in den Ruhestand gegangen ist, ja, er sieht sympa aus, mit Hund, einem Berner Sennehundi, <\/p>\n<p>\nder um 30 Jahre j\u00fcngere Nachfolger,<\/p>\n<p>\nder im L\u00d6WENZAHN mit Nachnamen &#8222;Fuchs&#8220; hei\u00dft.<\/p>\n<p>\nDie Kinder werden ihn m\u00f6gen&#8230;<\/p>\n<p>Peter Lustig &#8211; auf dass deine Zeit noch ultra-lustig&#8230;!<\/p>\n<p>\nDANKE&#8230;!!<\/p>\n<p>\nJa, so geht sie vorbei, die Zeit, <\/p>\n<p>\nund wir tun so, <\/p>\n<p>\nals merkten wir es gar nicht&#8230;.<\/p>\n<p>****Mit der Wiederholung von DAS BOOT (von 1981 !!)<\/p>\n<p>\nsetzte die ARD gestern zu sp\u00e4ter Stunde <\/p>\n<p>\nihr feines Anti-Kriegs-Erinnererungsprogramm fort, dazu mehr zwei Textstufen tiefer&#8230;<\/p>\n<p>Willkommen!<\/p>\n<p>\nEs ist Mittag.<\/p>\n<p>\nIn Berlin.<\/p>\n<p>Sonne.<\/p>\n<p>Die Kontraste:<\/p>\n<p>Erstes Programm: \u00dcbertragung der Rede zum Friedenspreis des Deutschen Buchhandels,<\/p>\n<p>\nauf dem ZDF ein nachgerade zu Tr\u00e4nen r\u00fchrendes Portrait von Roy Black,<\/p>\n<p>\nder in Wirklichkeit Gerhard hie\u00df,<\/p>\n<p>\nder an gebrochenem Herzen, Herzinfarkt, gestorben, <\/p>\n<p>\nwann eigentlich schon?<\/p>\n<p>\nSie wirken ungemein traurig, jetzt, all seine Lieder!<\/p>\n<p>Ein Satz von ihm:<\/p>\n<p>\n&#8222;So wurde aus einem Abiturienten ein Schlagers\u00e4nger&#8220;.<\/p>\n<p>\nAber auch:<\/p>\n<p>\n&#8222;Ich freute mich, als ich bekannter wurde, und auch mit den Schlagern Geld verdiente.<\/p>\n<p>\nIch komme aus einer sehr einfachen Familie und bekam nur wenig Taschengeld.&#8220;<\/p>\n<p>Seine Eltern:<\/p>\n<p>\nsind unsicher, <\/p>\n<p>\nob sie glauben, dass ihr Sohn jetzt gl\u00fccklich sei, als Schlagers\u00e4nger.<\/p>\n<p>\nSie vermissen ihn vor allem, <\/p>\n<p>\nweil er so wenig zu Hause ist.<\/p>\n<p>Auf 3-sat erklingt gerade eine Arie<\/p>\n<p>\nund auf RTL wird eine der vielen CHART-Sendungen wiederholt, <\/p>\n<p>\ngerade Matthias Reim,<\/p>\n<p>\nder nie geglaubt h\u00e4tte, <\/p>\n<p>\ndass er aus dem Frust heraus, den Song-Bestseller-Schlager, <\/p>\n<p>\nkurz auch &#8222;Hit&#8220; genannt&#8230;,:<\/p>\n<p>\n&#8222;Verdammt ich lieb dich!&#8220; hingekriegt hatte.<\/p>\n<p>\nEs wird eingeblendet, dass er zwischenzeitlich \u00fcber 15 Millionen Schulden hatte.<\/p>\n<p>\nWie kriegt man so viele Schulden hin..??<\/p>\n<p>\nNach so vielen Millionen &#8222;Gewinns?&#8220;<\/p>\n<p>Kehren wir zur\u00fcck <\/p>\n<p>\nzu den seltenen, sch\u00f6nen, mutmachenden Worten,<\/p>\n<p>\ndie jeweils <\/p>\n<p>\nanl\u00e4sslich der Verleihung des Friedenspreises des Deutschen Buchhandels ausgesprochen werden.<\/p>\n<p>Du w\u00fcrdest nie glauben,<\/p>\n<p>\ndass es dasselbe Land ist,<\/p>\n<p>\nin dem, <\/p>\n<p>\nwie in keinem anderen der Welt,<\/p>\n<p>\nderart gegen seine eigenen Menschen gehetzt wird.<\/p>\n<p>\nAch so, es geht um den erweiterten Dialog,<\/p>\n<p>\nin der Rede, <\/p>\n<p>\nmit wem wohl, <\/p>\n<p>\neigentlich mit allen,<\/p>\n<p>\naber es geht um den erweiterten Dialog zwischen &#8230;<\/p>\n<p>\n..mhh, welche Reihenfolge jetzt&#8230;<\/p>\n<p>\nna, formulieren wir es so &#8211; <\/p>\n<p>&#8222;ZWISCHEN DEN RELIGIONEN&#8220;.<\/p>\n<p>\nUnd um Demokratief\u00e4higkeit geht es, nat\u00fcrlich.<\/p>\n<p>Gleich mehr &#8211; Namen, Daten, das Konkrete.<\/p>\n<p>Der Preis geht an den Soziologen Wolf Lepenies,<\/p>\n<p>\nvom BERLINER WISSENSCHAFTSFORUM.<\/p>\n<p>\nEr wird vom B\u00f6rsenverein des Deutschen Buchhandels als \u00abwissenschaftlicher Schriftsteller\u00bb geehrt,<\/p>\n<p>\nder belegt habe,<\/p>\n<p>\ndass \u00abzwischen Moral und Wissenschaft ein unaufl\u00f6slicher Zusammenhang besteht\u00bb. <\/p>\n<p>Mit der Verleihung des Friedenspreises hat die Frankfurter Buchmesse ihren H\u00f6hepunkt erreicht.<\/p>\n<p>\nHeute Abend kannst du dir noch einmal<\/p>\n<p>\nbei TITEL, THESEN, TEMPERAMENTE, ARD, sp\u00e4t am Abend..!<\/p>\n<p>\ndie Hihglights und Atmos anschauen..!<\/p>\n<p>F\u00fcnf Tage! und vor allem N\u00e4chte! sind vor\u00fcber.<\/p>\n<p>\nUnd dennoch scheint es stiller geworden, um die &#8222;N\u00e4chte&#8220;, <\/p>\n<p>\ndie legend\u00e4ren Feste,<\/p>\n<p>\nEmpf\u00e4nge,<\/p>\n<p>\nzu denen eingeladen zu sein, <\/p>\n<p>\nschier alles bedeutete&#8230;.<\/p>\n<p>\nvorbei ein wenig die Zeit, <\/p>\n<p>\nda du den Rest einer Nacht in einer der 24-hours-Kneipen verbracht hast, im Bahnhofsviertel,<\/p>\n<p>\nweil der Zug heim noch nicht fuhr,<\/p>\n<p>\nund in Frankfurt jedes Bett, das in Frage kam,<\/p>\n<p>\nbelegt-besetzt war..<\/p>\n<p>\nOder dich zu sechst in eines der allerletzten Taxis gequetscht hast,<\/p>\n<p>\num ja blo\u00df noch irgenwie rechtzeitig<\/p>\n<p>\nnoch einen Blick werfen zu k\u00f6nnen, auf &#8211; !<\/p>\n<p>Ja, es mag daran liegen,<\/p>\n<p>\ndass die &#8222;Stars&#8220; <\/p>\n<p>\nder Buchmesse<\/p>\n<p>\noder die daf\u00fcr in Frage kamen&#8230;<\/p>\n<p>\nschon vorab so viel Wind, Wirbel verursacht,<\/p>\n<p>\nPorzellan auch zertr\u00fcmmert,<\/p>\n<p>nun auch die Buchmesse blo\u00df noch als &#8222;Show?&#8220;<\/p>\n<p>\nnein, das langweilt.<\/p>\n<p>So schlimm war es nicht&#8230;<\/p>\n<p>\nUnd doch wirkte Indien, <\/p>\n<p>\nwie hier vorab bef\u00fcrchtet,<\/p>\n<p>\nweniger politisch, denn &#8222;bunt&#8220;&#8230;<\/p>\n<p>Au\u00dferdem hatten wir in Berlin das unschlagbare,<\/p>\n<p>\nnoch junge, aber jedes Jahr &#8222;irrer-werdende-im-Sinn-von-obergeilo!&#8220; <\/p>\n<p>\ninternationale Literaturfestival gerade,<\/p>\n<p>\nund da gaben sich echte LITERATEN die Ehre, aus aller Welt!&#8230;<\/p>\n<p>\nUnd &#8211; engagierte Schreiber&#8230;.<\/p>\n<p>\ndas, was du eigentlich von der Literatur erwartest..<\/p>\n<p>\nw\u00e4hrend die Buchmessen die Literatur wie eine ALTA MODA allm\u00e4hlich&#8230;<\/p>\n<p>\nna, you know&#8230;\u00f6h..eh..die Schnell-Sch\u00fcsser !<\/p>\n<p>\nNach einer Saison fast wieder vergessen&#8230;zuweilen, <\/p>\n<p>\nnicht immer!<\/p>\n<p>Ja, es war die 58. Frankfurter Buchmesse.<\/p>\n<p>\nWie gestern ist die weltgr\u00f6\u00dfte Literaturschau <\/p>\n<p>\nauch heute f\u00fcr das Publikum ge\u00f6ffnet. <\/p>\n<p>\nJa, das kriegste klasse Sachen!!<\/p>\n<p>\nDenn:<\/p>\n<p>\nviele Verlage verkaufen am Ende der Messe ihre Produkte. <\/p>\n<p>Zu den prominentesten G\u00e4sten des letzten Messetages, <\/p>\n<p>\nso ist zu lesen,<\/p>\n<p>\nz\u00e4hlen die israelische Autorin Zeruya Shalev,<\/p>\n<p>\n(wir lernten sie im letzten Jahr <\/p>\n<p>\nw\u00e4hrend einer Lesung und Diskussion<\/p>\n<p>\nim J\u00fcdischen Museum zu Berlin kennen &#8211; <\/p>\n<p>\nleider viel viel zu kurz,<\/p>\n<p>\nsolch eine leidenschaftliche Person!<\/p>\n<p>\nUnd so schreibt sie auch.<\/p>\n<p>\nDazu sieht sie so blendend aus,<\/p>\n<p>\ndass du nicht aufh\u00f6ren kannst, <\/p>\n<p>\nzu versuchen, <\/p>\n<p>\nvon ihr best\u00e4tigend angel\u00e4chelt zu werden!)<\/p>\n<p>Auch die most adorable Schauspielerin Senta Berger,<\/p>\n<p>\ndie leider sicher von ihrer Freundin Elke Heidenreich<\/p>\n<p>\ndazu \u00fcberredet worden war,<\/p>\n<p>\nzu beweisen,<\/p>\n<p>\ndass sie auch &#8222;schreiben&#8220; kann&#8230;ja, ein Buch, <\/p>\n<p>\ndas sicher einfach nur Geld bringen soll, was sonst.<\/p>\n<p>Zum Abschluss der Buchmesse \u00fcbergibt das diesj\u00e4hrige Gastland Indien<\/p>\n<p>\nformal die \u00abGastrolle\u00bb an die autonome spanische Region Katalonien. <\/p>\n<p>ENTONCES &#8211; !<\/p>\n<p>HASTA LUEGO!<\/p>\n<p>\nHasta el pr\u00f3ximo ano!<\/p>\n<p>Und &#8211; <\/p>\n<p>kommt noch gut durch den Tag!<\/p>\n<p>Zeit f\u00fcr ein Fr\u00fchst\u00fcck:<\/p>\n<p>\nEs ist 13 Uhr 10 &#8211; !<\/p>\n<p>Crissy setzt das Wasser auf!<\/p>\n<p>Ist noch Kaffee in der Dose??<\/p>\n<p>Sontag, der 8. 10. 2006 &#8211; Heute geht die Frankfurter Buchmesse zu Ende<\/p>\n<p>7.10. Mutige Frauen werden (jetzt wieder!) einfach erschossen!<\/p>\n<p>22 Uhr 45: 645<\/p>\n<p>302568.<\/p>\n<p>\nheute: 600<\/p>\n<p>\nwillkommen!<\/p>\n<p>22 Uhr 05 in Berlin.<\/p>\n<p>\nErinnern wir uns: <\/p>\n<p>\nAuch Rosa Luxemburg war hinterr\u00fccks gemeuchelt, <\/p>\n<p>\nabgeknallt worden,<\/p>\n<p>\nweil sie mit ihren Gedanken und Forderungen unbequem war, <\/p>\n<p>\neinigen Unbelehrbaren!! <\/p>\n<p>\nBezeichnend, dass ihre M\u00f6rder nie &#8222;gefunden&#8220; wurden&#8230;<\/p>\n<p>Vor kurzem <\/p>\n<p>\ndie Frauenrechtlerin Ama Dschan im S\u00fcden Afghanistans, <\/p>\n<p>\nkeine Zeile mehr, <\/p>\n<p>\nseit ihrer Ermordung, <\/p>\n<p>\nvorbeirasende Motorr\u00e4der&#8230;,<\/p>\n<p>\nPistolensalven, wie im Horrofilm, <\/p>\n<p>\njetzt die unerschrockene, <\/p>\n<p>\nhoch-engagierte,<\/p>\n<p>\npreisgekr\u00f6nte, russische Journalistin<\/p>\n<p>ANNA POLITKOWSKAJA.<\/p>\n<p>Sie hatte sich seinerzeit als Vermittlerin<\/p>\n<p>\nVOR dem St\u00fcrmen des Musical Theaters in Moskau angeboten.<\/p>\n<p>Und z\u00e4hlte zu jenen Journalistinnen,<\/p>\n<p>\ndie die Kaukasus-Politik Putins ebenso anprangerte,<\/p>\n<p>\nwie den Verlust der Pressefreiheit in Russland.<\/p>\n<p>\nJetzt wurde sie mundtot gemacht.<\/p>\n<p>\nEs ist ein Signal.<\/p>\n<p>\nDie Mutter von zwei Kindern hatte sich bereits <\/p>\n<p>\nnach dem Massaker im Musical Theater, <\/p>\n<p>\ndas nach ihrer Ansicht h\u00e4tte verhindert werden k\u00f6nnen, <\/p>\n<p>\nwegen Morddrohungen ins Ausland abgesetzt &#8211; <\/p>\n<p>hatte es dort aber nicht ausgehalten<\/p>\n<p>\nund war in ihre Heimat zur\u00fcckgekehrt.<\/p>\n<p>Es ist furchtbar,<\/p>\n<p>\nso gemein, <\/p>\n<p>\nhinterh\u00e4ltig, <\/p>\n<p>\nso feige, <\/p>\n<p>\nso m\u00f6rderisch!!!!!!! wie Russland oft beschrieben und in Filmen dargestellt wurde.<\/p>\n<p>\nMit Putin ist das &#8222;alte&#8220; schlimme Ru\u00dfland zur\u00fcckgekehrt.<\/p>\n<p>Anl\u00e4sslich der Ermordung der beiden deutschen Journalisten jetzt im Norden Afghanistans, <\/p>\n<p>\nhat FEMINISSIMA heute Nachmittag <\/p>\n<p>\nin der Rubrik &#8222;Reportage&#8220; <\/p>\n<p>\neinen R\u00fcckblick auf das Jahr 2004 gepostet,<\/p>\n<p>\neine ard.online Zusammenfassung dessen, <\/p>\n<p>\nwas im Jahr 2004 geschah, <\/p>\n<p>\nund von Reportern ohne Grenzen<\/p>\n<p>\nals das traurigste und t\u00f6dlichste Jahr seit langem im Journalismus <\/p>\n<p>\nund in der Pressefreiheit bezeichnet worden war.<\/p>\n<p>Leider &#8211; leider hatte FEMINISSIMA w\u00e4hrend des hauseigenen Crashs<\/p>\n<p>\nder jungen FEMINISSIMA gegen Ende 2002 <\/p>\n<p>\ndie live-Dokumentation, <\/p>\n<p>\nwir schrieben mit,<\/p>\n<p>\nw\u00e4hrend alle Sender und TVs liefen,<\/p>\n<p>\nwas sich in Moskau seinerzeit tat, mit der \u00dcberschrift:<\/p>\n<p>NICHT ST\u00dcRMEN, BITTE NICHT ST\u00dcRMEN, verloren, einfach weg. <\/p>\n<p>Es sei denn, die damaligen leidenschaftlichen FANS,<\/p>\n<p>\nhaben es gesaved und melden sich &#8211; info@feminissima.de<\/p>\n<p>Pour l&#8217;hommage &#8230;zu Ehren der jetzt ermordeten russischen Journalistin!<\/p>\n<p>\nDer Frau.<\/p>\n<p>\nDer Mutter.<\/p>\n<p>\nDes Menschen,<\/p>\n<p>\nGeschlecht: weiblich, <\/p>\n<p>\nf\u00fcr das Recht, <\/p>\n<p>\nund gegen die staatliche Willk\u00fcr und Unterdr\u00fcckung!<\/p>\n<p>Sontag, der 8. 10. 2006 &#8211; Heute geht die Frankfurter Buchmesse zu Ende<\/p>\n<p>7.10. Mutige Frauen werden (jetzt wieder!) einfach erschossen!<\/p>\n<p>7.10. Drau\u00dfen Regen: Zeit zu lesen&#8230;&#8230;.!<\/p>\n<p>**&#8220;cognition**: von &#8218;aspekte&#8216;, zdf, angeblich live von der Buchmesse, blieb gestern nur die Geschichte eines traurigen schwarzen Hechts oder Herings oder einfach Fischs, der \u00f6lig und festfleischig, und nicht zerkochend,<\/p>\n<p>\naus der Tiefe des Meeresboden, haften, <\/p>\n<p>\nden nun alle entdeckt haben, weil er so teuer und sicher bald bei Kerner auf dem Sende-Tisch, <\/p>\n<p>\nja, Buchmesse, nat\u00fcrnah!<\/p>\n<p>15 Uhr 25 in Berlin.<\/p>\n<p>\n302267.<\/p>\n<p>\nheute: 300<\/p>\n<p>Die aktuellen Texte \u00fcber die CHARITE in Berlin sind schon wieder gel\u00f6scht, <\/p>\n<p>\naber klar, <\/p>\n<p>\n&#8222;wir bleiben dran&#8220;..<\/p>\n<p>\nDie Aspekte \u00e4ndern sich t\u00e4glich,<\/p>\n<p>\nnur die Toten bleiben unver\u00e4ndert tot&#8230;obwohl..?<\/p>\n<p>\nLest Ihr auch stets 10 B\u00fccher gleichzeitig, mindessssstens?<\/p>\n<p>\nDas ist so tisch-platz-sitz-platz-ablege-anlege-platz-intensiv, you know!<\/p>\n<p>\nUnd auch preis-intensiv.<\/p>\n<p>\nAllerdings gibt es den neuen GRASS, Die ZWIEBEL und so, <\/p>\n<p>\nin Berlin bereits im Antiquariat, <\/p>\n<p>\nf\u00fcr 10 Euro weniger&#8230;<\/p>\n<p>\nund andere B\u00fccher auch, <\/p>\n<p>\nzum Ramsch-&#038; Wegwerfpreis,<\/p>\n<p>\nso auch das &#8222;Eva-Prinzip&#8220;,<\/p>\n<p>\nvon wem auch immer&#8230;<\/p>\n<p>\nNicht alle Blondinen sind denkfaul.<\/p>\n<p>\nDas ist haarfarben-unabh\u00e4ngig&#8230;nicht?<\/p>\n<p>\n(Daher lassen sich die m\u00f6chte-gern &#8222;Herren der Sch\u00f6pfung&#8220; <\/p>\n<p>\nauch bevorzugt eine Glatze rasieren&#8230;.Musik hoch&#8230;hihi&#8230;!)<\/p>\n<p>Das Antiquariat, jenes, <\/p>\n<p>\nist in der Potsdamer Stra\u00dfe, Sch\u00f6neberg, <\/p>\n<p>\neine bunt &#038; schr\u00e4g angehauchte, wir lieben das!<\/p>\n<p>\nund noch schr\u00e4ger gegen\u00fcber des TAGESSPIEGEL&#8230;ja..<\/p>\n<p>Willkommen!<\/p>\n<p>\nWie das pl\u00e4tschert!<\/p>\n<p>\nGestern erkl\u00e4rte die letzte lila Petunie auf Balkonien:<\/p>\n<p>\n&#8222;Ich mach mich jetzt ab &#8211; in Winterurlaub!&#8220;<\/p>\n<p>Sie haben sich tapfer geschlagen, <\/p>\n<p>\nthe whole overlong Sommer lang..!<\/p>\n<p>\nBl\u00fch-as-can-bl\u00fch!<\/p>\n<p>Es ist 14 Uhr in Berlin.<\/p>\n<p>\nWolke tiefgrau.<\/p>\n<p>In der PINNWAND oder auf der PINNWAND <\/p>\n<p>\neiniges Neues,<\/p>\n<p>\ninformativ &#038; aktuell&#8230;.,<\/p>\n<p>\nkl\u00e4rt den Durchblick&#8230;ein wenig..<\/p>\n<p>Langsam steigt wieder die Lust auf <\/p>\n<p>\na cup of fine English tea!<\/p>\n<p>\nDen die Redaktion, strangely enough!<\/p>\n<p>\nnur in GB <\/p>\n<p>\noder hierzulande nur &#8222;im Winter&#8220; oder Herbst, <\/p>\n<p>\ntrinkt.<\/p>\n<p>Oder Vanilla-Tee im Teufelsmoor&#8230;<\/p>\n<p>Ja, der Herbst &#8211; hinrei\u00dfend!<\/p>\n<p>Zeit f\u00fcr echte Liebesgeschichten!<\/p>\n<p>(&#8222;Und auch falsche&#8230;!&#8220; <\/p>\n<p>\nkonnte sich Anaconda, <\/p>\n<p>\ndie K\u00fcchenschlange,<\/p>\n<p>\nnat\u00fcrlich nicht verkneifen&#8230;!)<\/p>\n<p>Zu zischeln.<\/p>\n<p>Sontag, der 8. 10. 2006 &#8211; Heute geht die Frankfurter Buchmesse zu Ende<\/p>\n<p>7.10. Mutige Frauen werden (jetzt wieder!) einfach erschossen!<\/p>\n<p>7.10. Drau\u00dfen Regen: Zeit zu lesen&#8230;&#8230;.!<\/p>\n<p>7.10. ZEIT-ZEICHEN<\/p>\n<p>302037.<\/p>\n<p>\nheute: 70<\/p>\n<p>\nWelcome to the night-riders! <\/p>\n<p>\nEs ist 02 Uhr 34 <\/p>\n<p>\noder auch: halb drei! <\/p>\n<p>\nDer Spontantext, von Stilistin Marion gerade etwas zurechtgezupft, <\/p>\n<p>\nist eine Art Direkt-Reaktion auf den v.Trotta-Film:<\/p>\n<p>\n&#8222;DIE ANDERE FRAU&#8220;,<\/p>\n<p>\nder vorhin in der ARD wiederholt wurde&#8230;<\/p>\n<p>Augenblick!<\/p>\n<p>Ja.<\/p>\n<p>Vielleicht ist in Berlin alles besonders dicht.<\/p>\n<p>\nDass jetzt der Chef des ADLON Berlin,<\/p>\n<p>\naus dem KEMPINSKI Weltkonzern,<\/p>\n<p>\nin dem Geld aus aller Welt steckt,<\/p>\n<p>\nein Konzern,<\/p>\n<p>\nin dem vor allem s\u00fcdpazifisches Geld stecken soll,<\/p>\n<p>\ndie thail\u00e4ndische K\u00f6nigsfamilie soll nicht wenige Anteile gehalten haben,<\/p>\n<p>\nso war zu lesen,<\/p>\n<p>\nauch die LUFTHANSA war einmal an diesem Konzern beteiligt,<\/p>\n<p>\nder von einer einzigen Familie gegr\u00fcndet worden war,<\/p>\n<p>\nEnde des vorvergangenen Jahrhunderts,<\/p>\n<p>\nbeginnend mit einer Weinstube,<\/p>\n<p>\njene j\u00fcdische polnische Familie Kempinski aus Breslau,<\/p>\n<p>\ndie Erlebnisgastronomie erfunden hatte,<\/p>\n<p>\nals es das Wort daf\u00fcr noch gar nicht gab,<\/p>\n<p>\nund die durch die NS-Gr\u00e4uel-Herrschaft gezwungen war, <\/p>\n<p>\nzu &#8222;verkaufen&#8220;, (wurde &#8218;arisiert&#8216;) <\/p>\n<p>\nan den &#8222;arischen&#8220; Aschinger-Hotel-Gesellschaftskomplex, <\/p>\n<p>dass nun in der feinen Kempinski-Kette&#8230;<\/p>\n<p>\nder Name wurde praktischerweise gleich &#8222;mit\u00fcbernommen&#8220; (&#8222;arisiert&#8220;) &#8211; <\/p>\n<p>\nin den KEMPINSKI-HOTELS ist kein Kempinski seit der NS-ZEIT..<\/p>\n<p>dass nun also sozusagen im &#8222;Flaggschiff&#8220; <\/p>\n<p>\nder Nobelherbergen des Weltkonzerns<\/p>\n<p>\nein ehemaliger STASI-Agent <\/p>\n<p>\ndie feinen G\u00e4ste aus aller Welt begr\u00fcssen durfte&#8230;<\/p>\n<p>\nhofieren durfte, <\/p>\n<p>\nbewirten durfte,<\/p>\n<p>bis er durch eine NDR-Reportage auffiel, aufflog, enttarnt wurde,<\/p>\n<p>\nwenngleich damals, <\/p>\n<p>\nim Hotel NEPTUN in Warnem\u00fcnde an der Ostsee, <\/p>\n<p>\nStadtteil von Rostock,<\/p>\n<p>\nnoch weitaus j\u00fcnger, <\/p>\n<p>\nes war schlie\u00dflich &#8222;vor der Wende&#8220; &#8211; <\/p>\n<p>&#8222;passt&#8220; auf merkw\u00fcrdige Weise<\/p>\n<p>zu der nicht explizit so angek\u00fcndigten,<\/p>\n<p>\naber dennoch derzeitigen ABRECHUNG, <\/p>\n<p>\ndie das ERSTE sendet, <\/p>\n<p>\ngegen das Vergessen, <\/p>\n<p>\ngegen die Sentimentalisierung der fr\u00fcheren DDR &#8211; <\/p>\n<p>so auch vorhin die Wiederholung von <\/p>\n<p>\n&#8222;DIE ANDERE FRAU&#8220; &#8211; von Margarethe von Trotta aus dem Jahr 2003<\/p>\n<p>\n(damals schon in der &#8222;Toplist&#8220; von FEMINISSIMA)<\/p>\n<p>wie eine Fortsetzung, Fortschreibung von <\/p>\n<p>\n&#8222;DIE MAUER &#8211; BERLIN &#8217;61&#8220; &#8211; <\/p>\n<p>\nwenngleich deren Erstausstrahlung am 4. 10. 2006 <\/p>\n<p>\n(\u00fcbrigens an der Spitze der TV-Quoten vom 4.10. 2006 mit 6,06 Mio Zuschauern), <\/p>\n<p>und auch die Wiederholung am 3. Oktober von &#8222;Good-Bye Lenin&#8220; &#8211; <\/p>\n<p>\ndem nach dem Abstand, dem zeitlichen,<\/p>\n<p>\ninzwischen rein gar nichts &#8222;Witziges&#8220; mehr anhaftete, <\/p>\n<p>und dann auch die hervorragende,<\/p>\n<p>\ntotal unter die Haut gehende Reportage (im Anschlu\u00df an &#8222;Die Mauer&#8220;) \u00fcber das Schicksal von zwangsadoptierten Kindern,<\/p>\n<p>\n(&#8222;Rabeneltern?&#8220;)<\/p>\n<p>\ndargestellt hautnah,<\/p>\n<p>\nein Sohn und seine Geschichte, <\/p>\n<p>\nund die seiner Mutter, <\/p>\n<p>\nein Sohn, inzwischen Anfang Drei\u00dfig, <\/p>\n<p>\nder nach 28 Jahren Zwangs-Trennung <\/p>\n<p>\nkeine &#8222;Bindung&#8220; mehr zu seiner leiblichen Mutter <\/p>\n<p>\nlogischerweise empfinden oder aufbauen konnte:<\/p>\n<p>zeigen dir diese Filme und Dokumentationen,<\/p>\n<p>\ndie auf eine nachgerade seltsam diskret wirkende Art ausgestrahlt werden,<\/p>\n<p>\ndas macht sie so intim und wie geheim,<\/p>\n<p>\ngleichzeitig,<\/p>\n<p>\nvielleicht weil ohne die br\u00fcllenden Ank\u00fcndigungen,<\/p>\n<p>\ndie uns jeweils erschlagen, <\/p>\n<p>\nwie jetzt schon das &#8222;Sommerm\u00e4rchen&#8220;, <\/p>\n<p>ja, da werden die sorgsamen Dokumentationen gesendet,<\/p>\n<p>\nin diesen Tagen der Erinnerungen an den Mauerfall, <\/p>\n<p>\ndie Spielfilme \u00fcber den unglaublichen, <\/p>\n<p>\nden unerh\u00f6rten Verrat an Menschen,<\/p>\n<p>\nwie auch die &#8222;Doppel-Ehen&#8220; der &#8222;Agenten&#8220;<\/p>\n<p>die Erpressungen,<\/p>\n<p>\ndamit STASI-Agenten und Spitzel (bis)heute eine Wei\u00dfe Weste haben, <\/p>\n<p>UND da knallt die Realit\u00e4t hinein!<\/p>\n<p>Der ADLON-BERLIN-Hoteldirektor, <\/p>\n<p>\nder ein STASI-AGENT war! <\/p>\n<p>Vergleichbar einem Beweis,<\/p>\n<p>\nden du so oft f\u00fcr die Zementierung einer Behauptung suchst, <\/p>\n<p>\nein non-fictional Beleg daf\u00fcr, <\/p>\n<p>dass da l\u00e4ngst und noch lange nicht, <\/p>\n<p>\nnichts,<\/p>\n<p>\nwirklich gar nichts,<\/p>\n<p>\nwirklich gekl\u00e4rt, aufgekl\u00e4rt oder gar vergessen ist.<\/p>\n<p>\nUnd nun auch wieder zugleich die Frage hochgesp\u00fclt wird, <\/p>\n<p>\nWER wurde bestochen <\/p>\n<p>\noder wer wu\u00dfte davon,<\/p>\n<p>\ndass ein ehemaliger STASI-AGENT Hoteldirektor der Nobelherberge ADLON-KEMPINSKI-BERLIN werden konnte&#8230;?? <\/p>\n<p>Und mit dem &#8222;Aufarbeiten&#8220; dieses deutsch-deutschen Dramas,<\/p>\n<p>\ndas sicher seine 50 und mehr Jahre wird brauchen, ben\u00f6tigen, <\/p>\n<p>\nr\u00fcckt auch die &#8222;Haupt-Vergangenheit&#8220; , <\/p>\n<p>\ndie &#8218;Ausl\u00f6ser-Verursacher-\u00c4ra&#8216;,<\/p>\n<p>\ndie NS-\u00c4RA, wieder ein ganzes St\u00fcck n\u00e4her:<\/p>\n<p>Denn, bis vor wenigen Jahren, <\/p>\n<p>\nes sind gerade mal 16 Jahre her!<\/p>\n<p>\n&#8222;wu\u00dften&#8220; sicher kaum Westdeutsche der j\u00fcngeren oder mittleren Generation davon,<\/p>\n<p>\ndass zuvor, <\/p>\n<p>\nvor dem Einfall der NS-Barbaren und <\/p>\n<p>\nehe dann die Aufteilung in die vier Sektoren, &#8222;Zonen&#8220;, erfolgte,<\/p>\n<p>\nnach dem endlich verlorenen Krieg,<\/p>\n<p>\ndass das heutige absolute &#8222;In&#8220; &#8211; Viertel in Ostberlin, <\/p>\n<p>\ndas sogenannte &#8222;Scheunenviertel&#8220; <\/p>\n<p>\nein vor allem von j\u00fcdischen Deutschen bewohntes Viertel war.<\/p>\n<p>\nDass man dort in H\u00e4usern wohnt, <\/p>\n<p>\ndie, wenn sie nicht von den Bomben der Alliierten sp\u00e4ter zerst\u00f6rt worden waren, <\/p>\n<p>\nj\u00fcdischen Familien geh\u00f6rt hatten,<\/p>\n<p>\nehe man sie vertrieben, in die KZ gebracht und ermordet hatte.<\/p>\n<p>So wie in Westberlin Charlottenburg und das Bayrische Viertel in Sch\u00f6neberg.<\/p>\n<p>Nicht zu vergessen die Wannsee-Villen-Siedlung. <\/p>\n<p>\nUnd die im Grunewald.<\/p>\n<p>Ach, es f\u00e4ngt vielleicht alles erst an,<\/p>\n<p>\njenseits der Doktorarbeiten der Historiker,<\/p>\n<p>\nund Wirtschafts-und Unternehmens-Historiker &#8211; <\/p>\n<p>in das Bewu\u00dftsein einer &#8222;breiten Masse&#8220; <\/p>\n<p>einzudringen,<\/p>\n<p>\nund daher noch einmal Dank an dieser kleinen Stelle <\/p>\n<p>\nhier,im weltweiten, riesigen Netz,<\/p>\n<p>\ndass nun das \u00f6ffentlich-rechtliche Fernsehen endlich und wieder, <\/p>\n<p>\nund das ist seine vornehmste Aufgabe -die der Aufkl\u00e4rung! <\/p>\n<p>diese nahe Vergangenheit aufklappt, <\/p>\n<p>\ngleichsam unspektakul\u00e4r,<\/p>\n<p>\ndaher besonders dicht am Leben,<\/p>\n<p>\nwie es war, <\/p>\n<p>und du merkst und sp\u00fcrst, <\/p>\n<p>wie dieser Schmerz, <\/p>\n<p>\ndieser tiefe, bleierne Schmerz, <\/p>\n<p>\ndiese Wunde &#8211; in dir sitzt,<\/p>\n<p>\nauch wenn du es nicht erlebt hast, <\/p>\n<p>\ndieses &#8222;Schicksal&#8220;, <\/p>\n<p>\ndas dieses Land, <\/p>\n<p>\nalso wir alle,<\/p>\n<p>\ntr\u00e4gt, <\/p>\n<p>\nund verursacht hat, <\/p>\n<p>\ndass es ein Drama ist, <\/p>\n<p>\ngegen das selbst eine griechische Trag\u00f6die <\/p>\n<p>\nbeinah wie ein Lustspiel daherkommt.<\/p>\n<p>Wirklich, wir sind noch lange nicht, <\/p>\n<p>\nnoch lange, lange, lange lange nicht <\/p>\n<p>\n&#8222;durch damit&#8220;, <\/p>\n<p>wie es doch tats\u00e4chlich manche Menschen<\/p>\n<p>\nund sogar Politiker..<\/p>\n<p>\nzuweilen in diesen Tagen und zuvor,<\/p>\n<p>formuliert haben.<\/p>\n<p>\nEs ist 2 Uhr nachts, in Berlin.<\/p>\n<p>Der Text entstand gerade spontan als Reaktion auf den Film:<\/p>\n<p>Die andere Frau&#8220;&#8230;<\/p>\n<p>\nAber nicht nur&#8230;ausschlie\u00dflich.<\/p>\n<p>Klar.<\/p>\n<p>Aber ist es nicht sensationell, <\/p>\n<p>\nwenn ein WERK dies ausl\u00f6sen kann?<\/p>\n<p>Es solch eine Kraft besitzt?<\/p>\n<p>Sontag, der 8. 10. 2006 &#8211; Heute geht die Frankfurter Buchmesse zu Ende<\/p>\n<p>7.10. Mutige Frauen werden (jetzt wieder!) einfach erschossen!<\/p>\n<p>7.10. Drau\u00dfen Regen: Zeit zu lesen&#8230;&#8230;.!<\/p>\n<p>7.10. ZEIT-ZEICHEN<\/p>\n<p>5.10. Vollmond &#038; schwirrende Gedanken&#8230;deprimiert..?<\/p>\n<p>18 Uhr 59 in Berlin<\/p>\n<p>\n301883.<\/p>\n<p>\ngestern: 810<\/p>\n<p>\nheute: 389<\/p>\n<p>Willkommen!<\/p>\n<p>&#8230;Macht Euch nichts draus.<\/p>\n<p>\nGibt solche Tage!<\/p>\n<p>Das Gute:<\/p>\n<p>\nSie gehen auch wieder vorbei!<\/p>\n<p>Was macht eigentlich nun der bisherige Chef vom ADLON, Berlin?<\/p>\n<p>\nNachdem er zugegeben hat, <\/p>\n<p>\nzuvor in Rostock,<\/p>\n<p>\n&#8222;vor der Wende&#8220;,<\/p>\n<p>\nein IM der Stasi gewesen zu sein..?<\/p>\n<p>Eine NDR-Reportage \u00fcber das Hotel NEPTUN in Warnem\u00fcnde hatte ihn enttarnt.<\/p>\n<p>\n(&#8222;Hotel Neptun, das Hotel der Spione&#8220;).<\/p>\n<p>Der Big Boss der Kempinski-Holding,<\/p>\n<p>\nSitz in Genf oder..?<\/p>\n<p>(der Name KEMPINSKI wurde damals,<\/p>\n<p>\n&#8222;damals&#8220;, als die Nazis wie von ungef\u00e4hr,<\/p>\n<p>\nwie es gerne dargestellt wird,<\/p>\n<p>\ndaherkamen&#8230;<\/p>\n<p>&#8222;arisiert&#8220;, <\/p>\n<p>\nalso der urspr\u00fcnglichen j\u00fcdischen Gr\u00fcnderfamilie kostenlos&#8230;entnommen..weggenommen..\u00fcbernommen..)<\/p>\n<p>w\u00e4hrend die j\u00fcdische Gr\u00fcnderfamilie um ihr Leben floh,<\/p>\n<p>\nund ein Mitglied der Familie im KZ ermordet wurde, <\/p>\n<p>\nwill am kommenden Montag den Nachfolger &#8211; <\/p>\n<p>\noder sollte es auch mal eine Nachfolgerin &#8230;sein?<\/p>\n<p>\nin Berlin vorstellen,<\/p>\n<p>\nhaben wir gelesen.<\/p>\n<p>Ja, die Kempinskis wurden wie alle anderen j\u00fcdischen Betriebe auch &#8211; <\/p>\n<p>\nden Nazis &#8222;einverleibt&#8220;, <\/p>\n<p>\nzwangs-geklaut,<\/p>\n<p>\noder mu\u00dften zwangsverkaufen,<\/p>\n<p>\nimmer weit unter Wert,<\/p>\n<p>\nversteht sich.<\/p>\n<p>Wenn der Kempinski-Konzern sich HEUTE <\/p>\n<p>\nmit \u00fcber 100j\u00e4hriger Tradition br\u00fcstet,<\/p>\n<p>\nist das eine eiskalt-glatte L\u00fcge.<\/p>\n<p>\nDenn bis zur &#8218;Macht\u00fcbernahme der Nazis&#8216; war die Kempinski-Gastronomie in j\u00fcdischem Besitz.<\/p>\n<p>\nEin Familienbetrieb.<\/p>\n<p>\nDer Familie Kempinski.<\/p>\n<p>Seither existiert nur noch der Name.<\/p>\n<p>War den Nazis im allgemeinen daran gelegen,<\/p>\n<p>\ndie ehemals j\u00fcdischen Namen &#8222;verschwinden zu lassen&#8220;<\/p>\n<p>\nso &#8222;sah man das bei den gro\u00dfen, ber\u00fchmten Namen&#8220; dann doch auch schon mal anders:<\/p>\n<p>\nUm von diesen Namen zu profitieren.<\/p>\n<p>\nSo sind bis heute erhalten geblieben eben <\/p>\n<p>\ndie Namen Kempinski, Karstadt, Wertheim, Ullstein, S. Fischer, <\/p>\n<p>um nur ein paar wenige, aber sehr ber\u00fchmte, zu nennen.<\/p>\n<p>\nAuch KARSTADT l\u00fcgt sich gerade mit <\/p>\n<p>&#8222;125j\u00e4hrigem Bestehen&#8220;<\/p>\n<p>gerade schwer um die Wahrheit.<\/p>\n<p>Denn bis zur &#8222;Arisierung&#8220; durch die Nazis, <\/p>\n<p>\ndie sich die Kaufh\u00e4user des Gr\u00fcnders Rudolf Karstadt aus Wismar unter den schmutzigen Nagel rissen,<\/p>\n<p>geh\u00f6rte das Kaufhaus seinem Besitzer.<\/p>\n<p>Es ist so UNREDLICH,<\/p>\n<p>um es mal sowas-von-milde <\/p>\n<p>\nzu formulieren,<\/p>\n<p>dass sich die Heutigen nicht sch\u00e4men.<\/p>\n<p>\nEinfach behaltenen Raub-Besitz aus der Nazi-Diktatur<\/p>\n<p>\nals &#8222;eigenen Traditionsbetrieb&#8220; hinzustellen!<\/p>\n<p>Sontag, der 8. 10. 2006 &#8211; Heute geht die Frankfurter Buchmesse zu Ende<\/p>\n<p>7.10. Mutige Frauen werden (jetzt wieder!) einfach erschossen!<\/p>\n<p>7.10. Drau\u00dfen Regen: Zeit zu lesen&#8230;&#8230;.!<\/p>\n<p>7.10. ZEIT-ZEICHEN<\/p>\n<p>5.10. Vollmond &#038; schwirrende Gedanken&#8230;deprimiert..?<\/p>\n<p>5.10. CHEMOTHERAPIE kann KOGNITIVE ST\u00d6RUNGEN verursachen &#8211;<\/p>\n<p>Dank PET-Scanning war der Beweis nun auch optisch m\u00f6glich, lest bitte den nachfolgenden Text,<\/p>\n<p>\ner ist ultimativ spannend!<\/p>\n<p>\n&#8230;&#8230;&#8230;.gleich mehr. <\/p>\n<p>\nEs ist 12 Uhr 18 &#8211; MITTAGSPAUSE&#8230;&#8230;.!<\/p>\n<p>FEMINISSIMA warnt von Anfang an vor all den Giften: <\/p>\n<p>\nWenn die Nebenwirkungen t\u00f6dlicher sind, <\/p>\n<p>\nals die Erkrankung selbst&#8230;<\/p>\n<p>\nAber gleich geht es um neue Ehrlichkeiten,<\/p>\n<p>\nin puncto &#8222;Nebenwirkungen&#8220;&#8230;<\/p>\n<p>\nlogischerweise kommen sie NICHT aus Deutschland&#8230;<\/p>\n<p>\nHIER BEI UNS wird der Patient<\/p>\n<p>\ngrunds\u00e4tzlich dumm gehalten <\/p>\n<p>\n&#038; zugleich f\u00fcr dumm verkauft.<\/p>\n<p>Hold on!<\/p>\n<p>Die Nebenwirkung ist seit langem bekannt,<\/p>\n<p>\nnur Patientinnen wundern sich&#8230;., <\/p>\n<p>\nwenn sie Konzentrationsst\u00f6rungen nach Chemotherapien feststellen, <\/p>\n<p>\nweil sie ja niemand aufgekl\u00e4rt hat&#8230;!<\/p>\n<p>Hier ein Bericht aus \u00d6sterreich und den USA, von heute,<\/p>\n<p>\nwurde FEMINISSIMA gemailt:<\/p>\n<p>Los Angeles\/Wien:<\/p>\n<p>\nChemotherapien k\u00f6nnen neben ihren herk\u00f6mmlichen Nebenwirkungen<\/p>\n<p>\nwie beispielsweise Haarausfall und \u00dcbelkeit <\/p>\n<p>\nnoch weitere, langj\u00e4hrige Auswirkungen auf das Gehirn haben. <\/p>\n<p>So beeintr\u00e4chtigt etwa die Chemobehandlung das Ged\u00e4chtnis <\/p>\n<p>\nsowie die Konzentrationsf\u00e4higkeit<\/p>\n<p>\nehemaliger Brustkrebspatientinnen noch zehn Jahre nach der Behandlung. <\/p>\n<p>Eine Studie zeigte zum ersten Mal, <\/p>\n<p>\nwelche Ver\u00e4nderungen im Gehirn verantwortlich f\u00fcr die kognitive Beeintr\u00e4chtigung sind. <\/p>\n<p>\nNun sollen weitere Studien in diesem Bereich folgen. <\/p>\n<p>Mit Hilfe von Hirnscans haben Forscher von der University of California in Los Angeles http:\/\/www.ucla.edu bei ehemaligen Brustkrebspatientinnen kognitive Einschr\u00e4nkungen bis zu zehn Jahre nach der Chemobehandlung nachgewiesen. <\/p>\n<p>Wie die Positronen-Emissions-Tomographie (PET) gezeigt hat, <\/p>\n<p>\nwirkt sich die Chemotherapie auf die Stoffwechselvorg\u00e4nge und den Blutfluss im Gehirn aus. <\/p>\n<p>Dadurch kommt es zu geringeren<\/p>\n<p>\nStoffwechselaktivit\u00e4ten in Vorderhirn, <\/p>\n<p>\nwodurch es den Frauen schwerer fiel, <\/p>\n<p>\nGed\u00e4chtnisaufgaben zu bew\u00e4ltigen. <\/p>\n<p>Weiters wurden bei der Aufgabenl\u00f6sung selbst ungew\u00f6hnlich starke Aktivit\u00e4t im Bereich des Vorderhirns und ein erh\u00f6hten Blutfluss registriert, <\/p>\n<p>\nwas als Zeichen erh\u00f6hter Anstrengung gedeutet wurde.<\/p>\n<p>\nDie Ergebnisse der Forschung werden nun unter dem Titel:<\/p>\n<p>&#8222;Brustkrebs &#8211; Forschung und Behandlung&#8220; <\/p>\n<p>publiziert. <\/p>\n<p>\nWie die gyn\u00e4kologische Abteilung des AKH Wiens auf Anfrage von pressetext erkl\u00e4rt,<\/p>\n<p>\nsind die m\u00f6glichen negativen Auswirkungen einer Chemotherapie auf die kognitiven Leistungen der Patienten schon l\u00e4nger bekannt.<\/p>\n<p>Doch stehe aus onkologischer Sicht die Effektivit\u00e4t einer Behandlung im Vordergrund <\/p>\n<p>\nund diese sei bei einer Chemotherapie in jedem Fall gegeben. <\/p>\n<p>\nWeiters solle man bei der Interpretation einer derartigen deskriptiven Studie vorsichtig sein, <\/p>\n<p>\nda diese vordergr\u00fcndig nur dazu dient, <\/p>\n<p>\nAnnahmen und Vermutungen wissenschaftlich zu best\u00e4tigen. (ANMERKUNGE FEM: &#8222;AHA&#8230;.!&#8220; Zieht bitte Eure Schlu\u00dffolgerungen aus dieser letzten Bemerkung &#8230;..!)<\/p>\n<p>\nquelle: www.pressetext.at<\/p>\n<p>\nSontag, der 8. 10. 2006 &#8211; Heute geht die Frankfurter Buchmesse zu Ende<\/p>\n<p>7.10. Mutige Frauen werden (jetzt wieder!) einfach erschossen!<\/p>\n<p>7.10. Drau\u00dfen Regen: Zeit zu lesen&#8230;&#8230;.!<\/p>\n<p>7.10. ZEIT-ZEICHEN<\/p>\n<p>5.10. Vollmond &#038; schwirrende Gedanken&#8230;deprimiert..?<\/p>\n<p>5.10. CHEMOTHERAPIE kann KOGNITIVE ST\u00d6RUNGEN verursachen &#8211;<\/p>\n<p>6.10. Auch Deutsche Forschungsgemeinschaft st\u00fctzte die NS-Wahn-Ideologie<\/p>\n<p>Eine Fachtagung in Bonn, bis zum Ende dieses Monats,<\/p>\n<p>\nzeigt die Mit-T\u00e4terschaft der DFG <\/p>\n<p>\ndurch Zuarbeiten <\/p>\n<p>\nw\u00e4hrend des Nazi-Regimes auf.<\/p>\n<p>\nDie DFG hat jetzt<\/p>\n<p>\ndiese Forschungsarbeit \u00fcber ihre Vergangenheit<\/p>\n<p>\nselbst in Auftrag gegeben.<\/p>\n<p>\nEs gab danach konkrete &#8222;Ansiedelungspl\u00e4ne&#8220; <\/p>\n<p>\nf\u00fcr nette, &#8222;arische&#8220; Germanen <\/p>\n<p>\nin den &#8222;eroberten&#8220; Gebieten, <\/p>\n<p>\netwa in Polen und der &#8218;Sowjet-Union&#8216;.<\/p>\n<p>\nDeren Bev\u00f6lkerung sollte zuvor eliminiert,<\/p>\n<p>\nvertrieben und versklavt werden&#8230;<\/p>\n<p>Mehr \u00fcber die Veranstaltung in der PINN-WAND! <\/p>\n<p>Sontag, der 8. 10. 2006 &#8211; Heute geht die Frankfurter Buchmesse zu Ende<\/p>\n<p>7.10. Mutige Frauen werden (jetzt wieder!) einfach erschossen!<\/p>\n<p>7.10. Drau\u00dfen Regen: Zeit zu lesen&#8230;&#8230;.!<\/p>\n<p>7.10. ZEIT-ZEICHEN<\/p>\n<p>5.10. Vollmond &#038; schwirrende Gedanken&#8230;deprimiert..?<\/p>\n<p>5.10. CHEMOTHERAPIE kann KOGNITIVE ST\u00d6RUNGEN verursachen &#8211;<\/p>\n<p>6.10. Auch Deutsche Forschungsgemeinschaft st\u00fctzte die NS-Wahn-Ideologie<\/p>\n<p>6.10 2006 &#8211; Diffuse Beliebigkeit &#8211; &#8222;Keine Angst ums Buch&#8220; &#8211; H-K\u00f6hler, Frankfurter Buchmesse 2006<\/p>\n<p>301613..<\/p>\n<p>\ngestern: 810<\/p>\n<p>\nheute: 137<\/p>\n<p>\nWillkommen!<\/p>\n<p>Ansonsten, so haben Besucher beobachtet,<\/p>\n<p>\ngeht der Trend zum Babytragen&#8230;<\/p>\n<p>\nBaby und Deutscher Romanpreis&#8230;<\/p>\n<p>\nDas Entz\u00fccken will ja nicht enden&#8230;!<\/p>\n<p>\nGuten Morgen.<\/p>\n<p>\nDrau\u00dfen Regen.<\/p>\n<p>\nWie angenehm.<\/p>\n<p>..Es war 10 Uhr 40 in Berlin.<\/p>\n<p>fem&#038;Medien: PRESSE-SCHAU: MORD an russischer Journalistin<\/p>\n<p>\nheute Abend: Presse-Agenturen\/ spiegel-online.de:<\/p>\n<p>\nVer\u00f6ffentlicht 07. Okt 2006 &#8211; 22:44  <\/p>\n<p>\nfem&#038;Bildung: Kognition: was ist das?<\/p>\n<p>\n&#8230;schon mal &#8218;vorneweg&#8216;: entstammt dem Lateinischen, dem Verb, cognoscere, und hat, klar, diverse Bedeutungen. Eins aber ist eindeutig:<\/p>\n<p>Nur die \u00dcbung macht den Meister. <\/p>\n<p>\nKochen zu erlernen ist einfacher als zum Beispiel Geige zu spielen. Die einfacheren T\u00e4tigkeiten sind daher wieder leichter &#8222;aufzufrischen&#8220;, als die komplizierteren, wie etwa eine Fremdsprache zu beherrschen, ein Instrument zu spielen, im Vergleich zum Autofahren, Schwimmen oder Kochen, zum Beispiel: aber auch das alles <\/p>\n<p>&#8218;ver&#8216;-lernst du ohne \u00dcbung&#8230;nur EIN Aspekt dessen, was &#8218;Kognition&#8216; charakterisiert, Lernen, und was Lernen IST, im weitesten und auch engeren Sinne.. <\/p>\n<p>Mehr, if you want to! Ein Abri\u00df der Uni Mainz, Allgemeine und Vergleichende Sprachwissenschaften, mu\u00df dich nicht erschrecken, liest sich locker!<\/p>\n<p>\nVer\u00f6ffentlicht 07. Okt 2006 &#8211; 16:40  <\/p>\n<p>\nReportage: R\u00fcckblick: 2004 Trauerjahr f\u00fcr Journalismus<\/p>\n<p>\nZwei deutsche Journalisten, ein Mann und eine Frau, f\u00fcr die DEUTSCHE WELLE arbeitend, sind im Norden Afghanistans erschossen worden. Bislang galt der Norden relativ &#8222;sicher&#8220;. Aber ab heute sind in &#8222;ganz Afghanistan&#8220; die internationalen &#8222;Friedenstruppen&#8220;&#8230;<\/p>\n<p>\nEin R\u00fcckblick auf die Situation des Journalismus:<\/p>\n<p>\nVer\u00f6ffentlicht 07. Okt 2006 &#8211; 16:16  <\/p>\n<p>\nPinnwand: PINN: Patientenuni in Hannover!<\/p>\n<p>\nspannend! Es geht bereits in diesem Monat los.\/Medizinische Hochschule Hannover<\/p>\n<p>\nVer\u00f6ffentlicht 07. Okt 2006 &#8211; 15:19  <\/p>\n<p>\nfem&#038;Medien: News-Medien: The Who ist Who, \/10\/06<\/p>\n<p>\n***Axel Springer besetzt Zeitungsposten neu<\/p>\n<p>\n***Cond\u00e9 Nast: &#8222;VANITY FAIR&#8220;:<\/p>\n<p>\nNeue Verantwortungsbereiche f\u00fcr Publisher<\/p>\n<p>\nund mehr: Quellen &#8211; net-publishing-Newsletter: Werbung &#038; Verkaufen; Karriere &#038; Job.<\/p>\n<p>\nVer\u00f6ffentlicht 07. Okt 2006 &#8211; 13:57  <\/p>\n<p>\nPinnwand: PINN: Rolle der DFG in der NAZI-Zeit!<\/p>\n<p>\nTja, &#8222;sauber&#8220; war wohl keiner!<\/p>\n<p>\nDie Ausstellung: &#8220; Wissenschaft, Planung Vertreibung: Der Generalplan Ost der Nationalsozialisten&#8220; &#8211; in Bonn, ist Teil der Bem\u00fchungen der DFG, ihre &#8222;Geschichte w\u00e4hrend der NS-Gewalt-Herrschaft aufzuarbeiten. (Quelle: informationsdienst der Wissenschaft e. V.) mehr:<\/p>\n<p>\nVer\u00f6ffentlicht 06. Okt 2006 &#8211; 11:47  <\/p>\n<p>\nfem&#038;Recht: NS-Verbrechen? Massengrab im Sauerland \/06<\/p>\n<p>\nEs soll sich vor allem um die sterblichen \u00dcberreste von Kindern und Jugendlichen handeln.<\/p>\n<p>Es wird von Euthanasie-Opfern ausgegangen:<\/p>\n<p>\nVer\u00f6ffentlicht 06. Okt 2006 &#8211; 11:12  <\/p>\n<p>\nfem&#038;Kultur: &#8222;Habenichtse&#8220;\/Kath. Hacker \/06<\/p>\n<p>\n3.10. &#8222;It&#8217;s a Lady!&#8220; Katharina Hacker setzt sich gegen 5 Kollegen durch&#8230;! <\/p>\n<p>\nVer\u00f6ffentlicht 06. Okt 2006 &#8211; 10:51  <\/p>\n<p>\nfem&#038;Kultur: Wickert, B\u00fccher &#038; das Peter Prinzip..\/06<\/p>\n<p>\nWenn M\u00e4nner wieder einmal nicht ihre Grenzen erkennen..&#8220;Kritischer Text&#8220; von gestern..<\/p>\n<p>\nVer\u00f6ffentlicht 06. Okt 2006 &#8211; 10:38  <\/p>\n<p>\nfem&#038;Kultur: DIE MAUER\/ARD \/06<\/p>\n<p>\nNote: &#8222;Hervorragend!&#8220; &#8211; der Film, und dann die Dokumentation \u00fcber ZWANGSADOPTIONEN in der DDR, man geht von mindestens 6.000 Kindern aus!<\/p>\n<p>\n\/Text vom 5.10.<\/p>\n<p>\n..und Atmos&#8230;\u00fcber Schiffe, die am Eintreffen sind, nun just in Zypern, Zwischenstopp..<\/p>\n<p>\nVer\u00f6ffentlicht 06. Okt 2006 &#8211; 10:31  <\/p>\n<p> 8.10.06 Polly verfolgt die Verleihung des<\/p>\n<p> Friedenspreises 2006 , Buchmesse, Frankfurt\/Main<\/p>\n<p>\n[ Results | Polls ]<\/p>\n<p>Votes: 0 | Comments: 0<\/p>\n<p>\n \u00b7 PRESSE-SCHAU: MORD an russischer Journalistin (07. Okt, 2006)<\/p>\n<p>\n\u00b7 Kognition: was ist das? (07. Okt, 2006)<\/p>\n<p>\n\u00b7 R\u00fcckblick: 2004 Trauerjahr f\u00fcr Journalismus (07. Okt, 2006)<\/p>\n<p>\n\u00b7 PINN: Patientenuni in Hannover! (07. Okt, 2006)<\/p>\n<p>\n\u00b7 News-Medien: The Who ist Who, \/10\/06 (07. Okt, 2006)<\/p>\n<p>\n\u00b7 PINN: Rolle der DFG in der NAZI-Zeit! (06. Okt, 2006)<\/p>\n<p>\n\u00b7 NS-Verbrechen? Massengrab im Sauerland \/06 (06. Okt, 2006)<\/p>\n<p>\n\u00b7 &#8222;Habenichtse&#8220;\/Kath. Hacker \/06 (06. Okt, 2006)<\/p>\n<p>\n\u00b7 Wickert, B\u00fccher &#038; das Peter Prinzip..\/06 (06. Okt, 2006)<\/p>\n<p>\n\u00b7 DIE MAUER\/ARD \/06 (06. Okt, 2006)<\/p>\n<p>\n Dienstag, 03. Oktober <\/p>\n<p>\n\u00b7 Studieren nur mit Geld? Ist gegen GG! (0) <\/p>\n<p>\n\u00b7 MITTAGSPAUSE: &#8222;Und Mama weinte&#8220; \/9\/06 (0) <\/p>\n<p>\n\u00b7 THEATER &#038; andere TAGE \/10\/06 (0) <\/p>\n<p>\n\u00b7 PRESSE: HYMNE AN WORTMANN (0) <\/p>\n<p>\nMontag, 02. Oktober <\/p>\n<p>\n\u00b7 PRESSE: &#8222;Furioser Start&#8220;- die Neuen am Gorki (0) <\/p>\n<p>\n\u00b7 PINN-&#8222;Eine Jugend in Deutschland&#8220; Autorenwettbewerb (0) <\/p>\n<p>\n\u00b7 JAZZ in der BIBLIOTHEK (0) <\/p>\n<p>\nSonntag, 01. Oktober <\/p>\n<p>\n\u00b7 TYPISCH DEUTSCH: ELTERNGELD, FALLE F\u00dcR ARME! (0) <\/p>\n<p>\n\u00b7 PINN: Neue USCHTRIN-Verlag-Infos (0) <\/p>\n<p>\nFreitag, 29. September <\/p>\n<p>\n\u00b7 HANDY-SIEMENS: Arglistige T\u00e4uschung??(9\/06) (0) <\/p>\n<p>\n  Older Articles <\/p>\n<p>(C) Feminissima 2002<\/p>\n<p>\nCMS by PostNuke<\/p>\n<p>\nHaftung f\u00fcr Inhalte auf verlinkten Seiten wird ausgeschlossen.<\/p>\n","protected":false},"excerpt":{"rendered":"<p>Politik, Kultur, Mord als ..Meinungs-Tod. Beste Anti-Kriegsfilme im ERSTEN. Fr\u00fcherer STASI-AGENT kein Hoteldirektor im ADLON-Berlin mehr. Und wie erzielte der Konzern seinen Namen namens Kempinski..Zuletzt: Das Ende der Buchmesse Frankurt\/Main<\/p>\n","protected":false},"author":2,"featured_media":0,"comment_status":"closed","ping_status":"closed","sticky":false,"template":"","format":"standard","meta":{"footnotes":""},"categories":[14],"tags":[],"class_list":["post-84678","post","type-post","status-publish","format-standard","hentry","category-fempolitik","entry"],"yoast_head":"<!-- This site is optimized with the Yoast SEO plugin v21.0 - https:\/\/yoast.com\/wordpress\/plugins\/seo\/ -->\n<title>ZEIT-ZEICHEN 10\/06 - Feminissima<\/title>\n<meta name=\"robots\" content=\"index, follow, max-snippet:-1, max-image-preview:large, max-video-preview:-1\" \/>\n<link rel=\"canonical\" href=\"https:\/\/feminissima.de\/index.php\/2006\/10\/08\/zeit-zeichen-10-06\/\" \/>\n<meta property=\"og:locale\" content=\"de_DE\" \/>\n<meta property=\"og:type\" content=\"article\" \/>\n<meta property=\"og:title\" content=\"ZEIT-ZEICHEN 10\/06 - Feminissima\" \/>\n<meta property=\"og:description\" content=\"Politik, Kultur, Mord als ..Meinungs-Tod. Beste Anti-Kriegsfilme im ERSTEN. Fr\u00fcherer STASI-AGENT kein Hoteldirektor im ADLON-Berlin mehr. Und wie erzielte der Konzern seinen Namen namens Kempinski..Zuletzt: Das Ende der Buchmesse Frankurt\/Main\" \/>\n<meta property=\"og:url\" content=\"https:\/\/feminissima.de\/index.php\/2006\/10\/08\/zeit-zeichen-10-06\/\" \/>\n<meta property=\"og:site_name\" content=\"Feminissima\" \/>\n<meta property=\"article:published_time\" content=\"2006-10-08T15:12:45+00:00\" \/>\n<meta name=\"author\" content=\"admin\" \/>\n<meta name=\"twitter:card\" content=\"summary_large_image\" \/>\n<meta name=\"twitter:label1\" content=\"Verfasst von\" \/>\n\t<meta name=\"twitter:data1\" content=\"admin\" \/>\n\t<meta name=\"twitter:label2\" content=\"Gesch\u00e4tzte Lesezeit\" \/>\n\t<meta name=\"twitter:data2\" content=\"21\u00a0Minuten\" \/>\n<script type=\"application\/ld+json\" class=\"yoast-schema-graph\">{\"@context\":\"https:\/\/schema.org\",\"@graph\":[{\"@type\":\"WebPage\",\"@id\":\"https:\/\/feminissima.de\/index.php\/2006\/10\/08\/zeit-zeichen-10-06\/\",\"url\":\"https:\/\/feminissima.de\/index.php\/2006\/10\/08\/zeit-zeichen-10-06\/\",\"name\":\"ZEIT-ZEICHEN 10\/06 - Feminissima\",\"isPartOf\":{\"@id\":\"https:\/\/feminissima.de\/#website\"},\"datePublished\":\"2006-10-08T15:12:45+00:00\",\"dateModified\":\"2006-10-08T15:12:45+00:00\",\"author\":{\"@id\":\"https:\/\/feminissima.de\/#\/schema\/person\/0b901e053624f88e7ecbea289d9d5128\"},\"breadcrumb\":{\"@id\":\"https:\/\/feminissima.de\/index.php\/2006\/10\/08\/zeit-zeichen-10-06\/#breadcrumb\"},\"inLanguage\":\"de\",\"potentialAction\":[{\"@type\":\"ReadAction\",\"target\":[\"https:\/\/feminissima.de\/index.php\/2006\/10\/08\/zeit-zeichen-10-06\/\"]}]},{\"@type\":\"BreadcrumbList\",\"@id\":\"https:\/\/feminissima.de\/index.php\/2006\/10\/08\/zeit-zeichen-10-06\/#breadcrumb\",\"itemListElement\":[{\"@type\":\"ListItem\",\"position\":1,\"name\":\"Startseite\",\"item\":\"https:\/\/feminissima.de\/\"},{\"@type\":\"ListItem\",\"position\":2,\"name\":\"ZEIT-ZEICHEN 10\/06\"}]},{\"@type\":\"WebSite\",\"@id\":\"https:\/\/feminissima.de\/#website\",\"url\":\"https:\/\/feminissima.de\/\",\"name\":\"Feminissima\",\"description\":\"\",\"potentialAction\":[{\"@type\":\"SearchAction\",\"target\":{\"@type\":\"EntryPoint\",\"urlTemplate\":\"https:\/\/feminissima.de\/?s={search_term_string}\"},\"query-input\":\"required name=search_term_string\"}],\"inLanguage\":\"de\"},{\"@type\":\"Person\",\"@id\":\"https:\/\/feminissima.de\/#\/schema\/person\/0b901e053624f88e7ecbea289d9d5128\",\"name\":\"admin\",\"image\":{\"@type\":\"ImageObject\",\"inLanguage\":\"de\",\"@id\":\"https:\/\/feminissima.de\/#\/schema\/person\/image\/\",\"url\":\"https:\/\/secure.gravatar.com\/avatar\/8da1f51327453c0bf63338e8e2a791948b7d2ac19b68839492d1e69aac6924a8?s=96&d=mm&r=g\",\"contentUrl\":\"https:\/\/secure.gravatar.com\/avatar\/8da1f51327453c0bf63338e8e2a791948b7d2ac19b68839492d1e69aac6924a8?s=96&d=mm&r=g\",\"caption\":\"admin\"},\"url\":\"https:\/\/feminissima.de\/index.php\/author\/admin\/\"}]}<\/script>\n<!-- \/ Yoast SEO plugin. -->","yoast_head_json":{"title":"ZEIT-ZEICHEN 10\/06 - Feminissima","robots":{"index":"index","follow":"follow","max-snippet":"max-snippet:-1","max-image-preview":"max-image-preview:large","max-video-preview":"max-video-preview:-1"},"canonical":"https:\/\/feminissima.de\/index.php\/2006\/10\/08\/zeit-zeichen-10-06\/","og_locale":"de_DE","og_type":"article","og_title":"ZEIT-ZEICHEN 10\/06 - Feminissima","og_description":"Politik, Kultur, Mord als ..Meinungs-Tod. Beste Anti-Kriegsfilme im ERSTEN. Fr\u00fcherer STASI-AGENT kein Hoteldirektor im ADLON-Berlin mehr. Und wie erzielte der Konzern seinen Namen namens Kempinski..Zuletzt: Das Ende der Buchmesse Frankurt\/Main","og_url":"https:\/\/feminissima.de\/index.php\/2006\/10\/08\/zeit-zeichen-10-06\/","og_site_name":"Feminissima","article_published_time":"2006-10-08T15:12:45+00:00","author":"admin","twitter_card":"summary_large_image","twitter_misc":{"Verfasst von":"admin","Gesch\u00e4tzte Lesezeit":"21\u00a0Minuten"},"schema":{"@context":"https:\/\/schema.org","@graph":[{"@type":"WebPage","@id":"https:\/\/feminissima.de\/index.php\/2006\/10\/08\/zeit-zeichen-10-06\/","url":"https:\/\/feminissima.de\/index.php\/2006\/10\/08\/zeit-zeichen-10-06\/","name":"ZEIT-ZEICHEN 10\/06 - Feminissima","isPartOf":{"@id":"https:\/\/feminissima.de\/#website"},"datePublished":"2006-10-08T15:12:45+00:00","dateModified":"2006-10-08T15:12:45+00:00","author":{"@id":"https:\/\/feminissima.de\/#\/schema\/person\/0b901e053624f88e7ecbea289d9d5128"},"breadcrumb":{"@id":"https:\/\/feminissima.de\/index.php\/2006\/10\/08\/zeit-zeichen-10-06\/#breadcrumb"},"inLanguage":"de","potentialAction":[{"@type":"ReadAction","target":["https:\/\/feminissima.de\/index.php\/2006\/10\/08\/zeit-zeichen-10-06\/"]}]},{"@type":"BreadcrumbList","@id":"https:\/\/feminissima.de\/index.php\/2006\/10\/08\/zeit-zeichen-10-06\/#breadcrumb","itemListElement":[{"@type":"ListItem","position":1,"name":"Startseite","item":"https:\/\/feminissima.de\/"},{"@type":"ListItem","position":2,"name":"ZEIT-ZEICHEN 10\/06"}]},{"@type":"WebSite","@id":"https:\/\/feminissima.de\/#website","url":"https:\/\/feminissima.de\/","name":"Feminissima","description":"","potentialAction":[{"@type":"SearchAction","target":{"@type":"EntryPoint","urlTemplate":"https:\/\/feminissima.de\/?s={search_term_string}"},"query-input":"required name=search_term_string"}],"inLanguage":"de"},{"@type":"Person","@id":"https:\/\/feminissima.de\/#\/schema\/person\/0b901e053624f88e7ecbea289d9d5128","name":"admin","image":{"@type":"ImageObject","inLanguage":"de","@id":"https:\/\/feminissima.de\/#\/schema\/person\/image\/","url":"https:\/\/secure.gravatar.com\/avatar\/8da1f51327453c0bf63338e8e2a791948b7d2ac19b68839492d1e69aac6924a8?s=96&d=mm&r=g","contentUrl":"https:\/\/secure.gravatar.com\/avatar\/8da1f51327453c0bf63338e8e2a791948b7d2ac19b68839492d1e69aac6924a8?s=96&d=mm&r=g","caption":"admin"},"url":"https:\/\/feminissima.de\/index.php\/author\/admin\/"}]}},"jetpack_featured_media_url":"","_links":{"self":[{"href":"https:\/\/feminissima.de\/index.php\/wp-json\/wp\/v2\/posts\/84678","targetHints":{"allow":["GET"]}}],"collection":[{"href":"https:\/\/feminissima.de\/index.php\/wp-json\/wp\/v2\/posts"}],"about":[{"href":"https:\/\/feminissima.de\/index.php\/wp-json\/wp\/v2\/types\/post"}],"author":[{"embeddable":true,"href":"https:\/\/feminissima.de\/index.php\/wp-json\/wp\/v2\/users\/2"}],"replies":[{"embeddable":true,"href":"https:\/\/feminissima.de\/index.php\/wp-json\/wp\/v2\/comments?post=84678"}],"version-history":[{"count":0,"href":"https:\/\/feminissima.de\/index.php\/wp-json\/wp\/v2\/posts\/84678\/revisions"}],"wp:attachment":[{"href":"https:\/\/feminissima.de\/index.php\/wp-json\/wp\/v2\/media?parent=84678"}],"wp:term":[{"taxonomy":"category","embeddable":true,"href":"https:\/\/feminissima.de\/index.php\/wp-json\/wp\/v2\/categories?post=84678"},{"taxonomy":"post_tag","embeddable":true,"href":"https:\/\/feminissima.de\/index.php\/wp-json\/wp\/v2\/tags?post=84678"}],"curies":[{"name":"wp","href":"https:\/\/api.w.org\/{rel}","templated":true}]}}