{"id":84677,"date":"2006-10-07T22:44:03","date_gmt":"2006-10-07T22:44:03","guid":{"rendered":"http:\/\/www.feminissima.de\/?p=84677"},"modified":"2006-10-07T22:44:03","modified_gmt":"2006-10-07T22:44:03","slug":"presse-schau-mord-an-russischer-journalistin","status":"publish","type":"post","link":"https:\/\/feminissima.de\/index.php\/2006\/10\/07\/presse-schau-mord-an-russischer-journalistin\/","title":{"rendered":"PRESSE-SCHAU: MORD an russischer  Journalistin"},"content":{"rendered":"<p>heute Abend: Presse-Agenturen\/ spiegel-online.de:<br \/>Russische Journalistin und Tschetschenie-Expertin ermordet<\/p>\n<p>Die prominente russische Kolumnistin Anna Politkowskaja ist heute in Moskau get\u00f6tet worden. Die Journalistin hatte sich durch kritische Reportagen \u00fcber den Tschetschenien-Krieg einen Namen gemacht. Europ\u00e4ische Politiker forderten eine gewissenhafte und schnelle Aufkl\u00e4rung der Tat. <\/p>\n<p>Moskau &#8211; Eine Nachbarin habe den Leichnam von Politkowskaja im Flur des von ihr bewohnten Hauses aufgefunden, meldete die Nachrichtenagentur Interfax. Die Polizei habe eine Pistole vom Typ PM und vier Geschossh\u00fclsen sichergestellt. Der Chefredakteur der &#8222;Nowaja Gaseta&#8220;, Dmitri Muratow, best\u00e4tigte den Mord. &#8222;Sie ist im Eingang zu ihrem Haus erschossen worden&#8220;, sagte er.<\/p>\n<p> DPA<\/p>\n<p>Anna Politkowskaja: Tod in Moskau<\/p>\n<p>Die 1958 geborene Journalistin berichtete kritisch \u00fcber den von Moskau gef\u00fchrten Krieg in der abtr\u00fcnnigen Kaukasusrepublik Tschetschenien. Sie schrieb vor allem f\u00fcr die kleine regierungskritische Zeitung &#8222;Nowaja Gaseta&#8220; in Moskau.<\/p>\n<p>Im Januar 2005 wurde sie in Schweden gemeinsam mit zwei weiteren russischen Menschenrechtsaktivisten f\u00fcr ihren Einsatz zur F\u00f6rderung der Demokratie in Tschetschenien mit dem Olof-Palme-Preis ausgezeichnet.<\/p>\n<p>Als Politkowskaja 2004 von Moskau in den Nordkaukasus zu der Geiselnahme von Beslan fliegen wollte, erlitt sie eine r\u00e4tselhafte Vergiftung, f\u00fcr die sie den russischen Geheimdienst verantwortlich machte.<\/p>\n<p>Vertreter des Europarats in Stra\u00dfburg \u00e4u\u00dferten sich schockiert \u00fcber die Ermordung der Journalistin. Der Generalsekret\u00e4r der Organisation, Terry Davis, w\u00fcrdigte Politkowskaja als &#8222;eine Journalistin mit au\u00dfergew\u00f6hnlichem Mut und Entschlossenheit&#8220;. Ihre Berichterstattung \u00fcber Tschetschenien habe der \u00d6ffentlichkeit Russlands und der ganzen Welt eine unabh\u00e4ngige Sicht auf die einfachen Menschen in der Konfliktregion geboten. Die Umst\u00e4nde ihres Todes sollten jetzt schnell und in \u00fcberzeugender Weise aufgekl\u00e4rt werden, forderte Davis.<\/p>\n<p>Der Menschenrechtskommissar des Europarats, Thomas Hammarberg, bezeichnete Politkowskaja als &#8222;eine der wichtigsten Verteidigerinnen der Menschenrechte im heutigen Russland&#8220;. Ihr Tod sei ein gro\u00dfer Verlust f\u00fcr Russland und f\u00fcr das Anliegen der Menschenrechte. Ihre Ermordung weise auf eine gr\u00f6\u00dfere Krise f\u00fcr die freie Meinungs\u00e4u\u00dferung und die Sicherheit von Journalisten in Russland hin, erkl\u00e4rte Hammarberg. Die russischen Beh\u00f6rden h\u00e4tten schon bei der Aufkl\u00e4rung fr\u00fcherer Versuche und Drohungen, Politkowskaja zu ermorden, versagt. Jetzt h\u00e4tten die Beh\u00f6rden keine Entschuldigung mehr, wenn sie die Umst\u00e4nde ihres Todes nicht gewissenhaft untersuchten und die T\u00e4ter nicht bestraften.<\/p>\n<p>kai\/AP\/dpa\/AFP<\/p>\n","protected":false},"excerpt":{"rendered":"<p>heute Abend: Presse-Agenturen\/ spiegel-online.de:<\/p>\n","protected":false},"author":2,"featured_media":0,"comment_status":"closed","ping_status":"closed","sticky":false,"template":"","format":"standard","meta":{"footnotes":""},"categories":[13],"tags":[],"class_list":["post-84677","post","type-post","status-publish","format-standard","hentry","category-femmedien","entry"],"yoast_head":"<!-- This site is optimized with the Yoast SEO plugin v21.0 - https:\/\/yoast.com\/wordpress\/plugins\/seo\/ -->\n<title>PRESSE-SCHAU: MORD an russischer Journalistin - Feminissima<\/title>\n<meta name=\"robots\" content=\"index, follow, max-snippet:-1, max-image-preview:large, max-video-preview:-1\" \/>\n<link rel=\"canonical\" href=\"https:\/\/feminissima.de\/index.php\/2006\/10\/07\/presse-schau-mord-an-russischer-journalistin\/\" \/>\n<meta property=\"og:locale\" content=\"de_DE\" \/>\n<meta property=\"og:type\" content=\"article\" \/>\n<meta property=\"og:title\" content=\"PRESSE-SCHAU: MORD an russischer Journalistin - Feminissima\" \/>\n<meta property=\"og:description\" content=\"heute Abend: Presse-Agenturen\/ spiegel-online.de:\" \/>\n<meta property=\"og:url\" content=\"https:\/\/feminissima.de\/index.php\/2006\/10\/07\/presse-schau-mord-an-russischer-journalistin\/\" \/>\n<meta property=\"og:site_name\" content=\"Feminissima\" \/>\n<meta property=\"article:published_time\" content=\"2006-10-07T22:44:03+00:00\" \/>\n<meta name=\"author\" content=\"admin\" \/>\n<meta name=\"twitter:card\" content=\"summary_large_image\" \/>\n<meta name=\"twitter:label1\" content=\"Verfasst von\" \/>\n\t<meta name=\"twitter:data1\" content=\"admin\" \/>\n\t<meta name=\"twitter:label2\" content=\"Gesch\u00e4tzte Lesezeit\" \/>\n\t<meta name=\"twitter:data2\" content=\"2\u00a0Minuten\" \/>\n<script type=\"application\/ld+json\" class=\"yoast-schema-graph\">{\"@context\":\"https:\/\/schema.org\",\"@graph\":[{\"@type\":\"WebPage\",\"@id\":\"https:\/\/feminissima.de\/index.php\/2006\/10\/07\/presse-schau-mord-an-russischer-journalistin\/\",\"url\":\"https:\/\/feminissima.de\/index.php\/2006\/10\/07\/presse-schau-mord-an-russischer-journalistin\/\",\"name\":\"PRESSE-SCHAU: MORD an russischer Journalistin - Feminissima\",\"isPartOf\":{\"@id\":\"https:\/\/feminissima.de\/#website\"},\"datePublished\":\"2006-10-07T22:44:03+00:00\",\"dateModified\":\"2006-10-07T22:44:03+00:00\",\"author\":{\"@id\":\"https:\/\/feminissima.de\/#\/schema\/person\/0b901e053624f88e7ecbea289d9d5128\"},\"breadcrumb\":{\"@id\":\"https:\/\/feminissima.de\/index.php\/2006\/10\/07\/presse-schau-mord-an-russischer-journalistin\/#breadcrumb\"},\"inLanguage\":\"de\",\"potentialAction\":[{\"@type\":\"ReadAction\",\"target\":[\"https:\/\/feminissima.de\/index.php\/2006\/10\/07\/presse-schau-mord-an-russischer-journalistin\/\"]}]},{\"@type\":\"BreadcrumbList\",\"@id\":\"https:\/\/feminissima.de\/index.php\/2006\/10\/07\/presse-schau-mord-an-russischer-journalistin\/#breadcrumb\",\"itemListElement\":[{\"@type\":\"ListItem\",\"position\":1,\"name\":\"Startseite\",\"item\":\"https:\/\/feminissima.de\/\"},{\"@type\":\"ListItem\",\"position\":2,\"name\":\"PRESSE-SCHAU: MORD an russischer Journalistin\"}]},{\"@type\":\"WebSite\",\"@id\":\"https:\/\/feminissima.de\/#website\",\"url\":\"https:\/\/feminissima.de\/\",\"name\":\"Feminissima\",\"description\":\"\",\"potentialAction\":[{\"@type\":\"SearchAction\",\"target\":{\"@type\":\"EntryPoint\",\"urlTemplate\":\"https:\/\/feminissima.de\/?s={search_term_string}\"},\"query-input\":\"required name=search_term_string\"}],\"inLanguage\":\"de\"},{\"@type\":\"Person\",\"@id\":\"https:\/\/feminissima.de\/#\/schema\/person\/0b901e053624f88e7ecbea289d9d5128\",\"name\":\"admin\",\"image\":{\"@type\":\"ImageObject\",\"inLanguage\":\"de\",\"@id\":\"https:\/\/feminissima.de\/#\/schema\/person\/image\/\",\"url\":\"https:\/\/secure.gravatar.com\/avatar\/8da1f51327453c0bf63338e8e2a791948b7d2ac19b68839492d1e69aac6924a8?s=96&d=mm&r=g\",\"contentUrl\":\"https:\/\/secure.gravatar.com\/avatar\/8da1f51327453c0bf63338e8e2a791948b7d2ac19b68839492d1e69aac6924a8?s=96&d=mm&r=g\",\"caption\":\"admin\"},\"url\":\"https:\/\/feminissima.de\/index.php\/author\/admin\/\"}]}<\/script>\n<!-- \/ Yoast SEO plugin. -->","yoast_head_json":{"title":"PRESSE-SCHAU: MORD an russischer Journalistin - Feminissima","robots":{"index":"index","follow":"follow","max-snippet":"max-snippet:-1","max-image-preview":"max-image-preview:large","max-video-preview":"max-video-preview:-1"},"canonical":"https:\/\/feminissima.de\/index.php\/2006\/10\/07\/presse-schau-mord-an-russischer-journalistin\/","og_locale":"de_DE","og_type":"article","og_title":"PRESSE-SCHAU: MORD an russischer Journalistin - Feminissima","og_description":"heute Abend: Presse-Agenturen\/ spiegel-online.de:","og_url":"https:\/\/feminissima.de\/index.php\/2006\/10\/07\/presse-schau-mord-an-russischer-journalistin\/","og_site_name":"Feminissima","article_published_time":"2006-10-07T22:44:03+00:00","author":"admin","twitter_card":"summary_large_image","twitter_misc":{"Verfasst von":"admin","Gesch\u00e4tzte Lesezeit":"2\u00a0Minuten"},"schema":{"@context":"https:\/\/schema.org","@graph":[{"@type":"WebPage","@id":"https:\/\/feminissima.de\/index.php\/2006\/10\/07\/presse-schau-mord-an-russischer-journalistin\/","url":"https:\/\/feminissima.de\/index.php\/2006\/10\/07\/presse-schau-mord-an-russischer-journalistin\/","name":"PRESSE-SCHAU: MORD an russischer Journalistin - Feminissima","isPartOf":{"@id":"https:\/\/feminissima.de\/#website"},"datePublished":"2006-10-07T22:44:03+00:00","dateModified":"2006-10-07T22:44:03+00:00","author":{"@id":"https:\/\/feminissima.de\/#\/schema\/person\/0b901e053624f88e7ecbea289d9d5128"},"breadcrumb":{"@id":"https:\/\/feminissima.de\/index.php\/2006\/10\/07\/presse-schau-mord-an-russischer-journalistin\/#breadcrumb"},"inLanguage":"de","potentialAction":[{"@type":"ReadAction","target":["https:\/\/feminissima.de\/index.php\/2006\/10\/07\/presse-schau-mord-an-russischer-journalistin\/"]}]},{"@type":"BreadcrumbList","@id":"https:\/\/feminissima.de\/index.php\/2006\/10\/07\/presse-schau-mord-an-russischer-journalistin\/#breadcrumb","itemListElement":[{"@type":"ListItem","position":1,"name":"Startseite","item":"https:\/\/feminissima.de\/"},{"@type":"ListItem","position":2,"name":"PRESSE-SCHAU: MORD an russischer Journalistin"}]},{"@type":"WebSite","@id":"https:\/\/feminissima.de\/#website","url":"https:\/\/feminissima.de\/","name":"Feminissima","description":"","potentialAction":[{"@type":"SearchAction","target":{"@type":"EntryPoint","urlTemplate":"https:\/\/feminissima.de\/?s={search_term_string}"},"query-input":"required name=search_term_string"}],"inLanguage":"de"},{"@type":"Person","@id":"https:\/\/feminissima.de\/#\/schema\/person\/0b901e053624f88e7ecbea289d9d5128","name":"admin","image":{"@type":"ImageObject","inLanguage":"de","@id":"https:\/\/feminissima.de\/#\/schema\/person\/image\/","url":"https:\/\/secure.gravatar.com\/avatar\/8da1f51327453c0bf63338e8e2a791948b7d2ac19b68839492d1e69aac6924a8?s=96&d=mm&r=g","contentUrl":"https:\/\/secure.gravatar.com\/avatar\/8da1f51327453c0bf63338e8e2a791948b7d2ac19b68839492d1e69aac6924a8?s=96&d=mm&r=g","caption":"admin"},"url":"https:\/\/feminissima.de\/index.php\/author\/admin\/"}]}},"jetpack_featured_media_url":"","_links":{"self":[{"href":"https:\/\/feminissima.de\/index.php\/wp-json\/wp\/v2\/posts\/84677","targetHints":{"allow":["GET"]}}],"collection":[{"href":"https:\/\/feminissima.de\/index.php\/wp-json\/wp\/v2\/posts"}],"about":[{"href":"https:\/\/feminissima.de\/index.php\/wp-json\/wp\/v2\/types\/post"}],"author":[{"embeddable":true,"href":"https:\/\/feminissima.de\/index.php\/wp-json\/wp\/v2\/users\/2"}],"replies":[{"embeddable":true,"href":"https:\/\/feminissima.de\/index.php\/wp-json\/wp\/v2\/comments?post=84677"}],"version-history":[{"count":0,"href":"https:\/\/feminissima.de\/index.php\/wp-json\/wp\/v2\/posts\/84677\/revisions"}],"wp:attachment":[{"href":"https:\/\/feminissima.de\/index.php\/wp-json\/wp\/v2\/media?parent=84677"}],"wp:term":[{"taxonomy":"category","embeddable":true,"href":"https:\/\/feminissima.de\/index.php\/wp-json\/wp\/v2\/categories?post=84677"},{"taxonomy":"post_tag","embeddable":true,"href":"https:\/\/feminissima.de\/index.php\/wp-json\/wp\/v2\/tags?post=84677"}],"curies":[{"name":"wp","href":"https:\/\/api.w.org\/{rel}","templated":true}]}}