{"id":84675,"date":"2006-10-07T16:16:54","date_gmt":"2006-10-07T16:16:54","guid":{"rendered":"http:\/\/www.feminissima.de\/?p=84675"},"modified":"2006-10-07T16:16:54","modified_gmt":"2006-10-07T16:16:54","slug":"rueckblick-2004-trauerjahr-fuer-journalismus","status":"publish","type":"post","link":"https:\/\/feminissima.de\/index.php\/2006\/10\/07\/rueckblick-2004-trauerjahr-fuer-journalismus\/","title":{"rendered":"R\u00fcckblick: 2004 Trauerjahr f\u00fcr Journalismus"},"content":{"rendered":"<p>Zwei deutsche Journalisten, ein Mann und eine Frau, f\u00fcr die DEUTSCHE WELLE arbeitend, sind im Norden Afghanistans erschossen worden. Bislang galt der Norden relativ &#8222;sicher&#8220;. Aber ab heute sind in &#8222;ganz Afghanistan&#8220; die internationalen &#8222;Friedenstruppen&#8220;&#8230;<br \/>\nEin R\u00fcckblick auf die Situation des Journalismus:<br \/>2004 &#8211; ein Trauerjahr f\u00fcr den freien Journalismus<\/p>\n<p>Weltweit haben Journalisten auf Bedrohungen der Pressefreiheit aufmerksam gemacht. Mit Blick auf die hohe Zahl von 53 Journalisten, die im vergangenen Jahr in Aus\u00fcbung ihres Berufs get\u00f6tet wurden, sprach die Menschenrechtsorganisation Reporter ohne Grenzen (ROG) anl\u00e4sslich des Internationalen Tags der Pressefreiheit von einem Trauerjahr. Die Organisation ver\u00f6ffentlichte aus Anlass des Welttages eine Liste der &#8222;34 gr\u00f6\u00dften Feinde der Pressefreiheit&#8220;. An der Spitze stehen dabei vier Politiker und Sicherheitskr\u00e4fte in Bangladesch, die Journalisten mit dem Tod oder \u00dcbergriffen bedroht h\u00e4tten.<\/p>\n<p>Auf der Liste findet sich auch Russlands Pr\u00e4sident Wladimir Putin. Russland sei f\u00fcr Journalisten &#8222;ein gef\u00e4hrlicher Platz&#8220;, mindestens zwei Journalisten seien dort im vergangenen Jahr umgebracht worden. Besonders beim Geiseldrama im s\u00fcdrussischen Beslan h\u00e4tten die russischen Fernsehsender im September zun\u00e4chst lediglich &#8222;amtliche Meldungen&#8220; verbreitet, w\u00e4hrend die Bev\u00f6lkerung &#8222;vollst\u00e4ndige und unabh\u00e4ngige&#8220; Berichterstattung erwartet h\u00e4tte.<\/p>\n<p>Wilk\u00fcrliche Festnahmen und Schl\u00e4geZahlreiche Staaten versuchen, Journalisten mit willk\u00fcrlichen Festnahmen, Schl\u00e4gen und anderen Formen der Repression an der Verbreitung von Nachrichten zu hindern. Seit Beginn des Irak-Kriegs vor mehr als zwei Jahren kamen dort 56 Journalisten ums Leben. Dies seien nur sieben weniger als im gesamten Vietnamkrieg, sagte der Pr\u00e4sident von Reporter ohne Grenzen, Robert M\u00e9nard. Der Irak bleibe der gef\u00e4hrlichste Arbeitsplatz f\u00fcr Journalisten, doch nehme die Bedrohung auch in anderen L\u00e4ndern zu.<\/p>\n<p>Die meisten Morde an Journalisten gibt es nach einer Untersuchung des Komitees zum Schutz von Journalisten (CPJ) auf den Philippinen. Reporter ohne Grenzen warf der Regierung in Manila eine &#8222;Kultur der Straffreiheit&#8220; vor, die die Ermordung von Journalisten beg\u00fcnstige. Hochgef\u00e4hrliche L\u00e4nder f\u00fcr Pressevertreter sind au\u00dferdem der Irak, Kolumbien, Bangladesch und Russland.<\/p>\n<p>Pr\u00e4sidenten-Gattin st\u00fcrmt Zeitungsredaktion  <br \/>\n[Bildunterschrift: Riskanter Einsatz im Krisengebiet: Reporter bei einem Briefing im britischen Kommandozentrum in Doha\/Katar]<br \/>\nIn Sri Lanka wurde der Tag der Pressefreiheit \u00fcberschattet von einem neuerlichen Mord an einem prominenten Journalisten. Opfer ist der 46-j\u00e4hrige tamilische Leitartikler der Zeitung &#8222;Daily Mirror&#8220;, Dharmeratnam Sivaram, der in Colombo \u00fcberfallen, entf\u00fchrt und erschossen worden war. In Kenia stand der Tag der Pressefreiheit unter dem Eindruck eines Zwischenfalls in der Redaktion der Zeitung &#8222;Daily Nation&#8220;. Begleitet von Leibw\u00e4chtern st\u00fcrmte die Frau von Pr\u00e4sident Mwai Kibaki in die B\u00fcros der gr\u00f6\u00dften kenianischen Tageszeitung. Lucy Kibaki war aufgebracht \u00fcber Berichte, wonach sie am vergangenen Freitag eine im Nachbarhaus ihrer Villa ausgerichtete Party f\u00fcr den scheidenden Landesdirektor der Weltbank gestoppt haben soll.<\/p>\n<p>Deutsche Beh\u00f6rden blockieren InformationenNach Ansicht der Journalistenvereinigung Netzwerk Recherche wird in Deutschland die Pressefreiheit durch Auskunftsverweigerung und Informationsblockaden von Beh\u00f6rden eingeschr\u00e4nkt. Immer h\u00e4ufiger versuchten Vertreter aus Politik, Wirtschaft und Interessenverb\u00e4nden unliebsame und kritische Artikel oft schon vor der Ver\u00f6ffentlichung zu unterbinden, sagte der Vorsitzende der Journalistenvereinigung, Thomas Leif.<\/p>\n<p>Der Pr\u00e4sident des Bundesverbands Deutscher Zeitungsverleger, Helmut Heinen, betonte dagegen, die Deutschen geh\u00f6rten weltweit zu einer Minderheit, die das Gl\u00fcck h\u00e4tten, in einem wirklich freien Land mit freien Medien zu leben. Der CSU-Politiker Peter Ramsauer sagte, eine unabh\u00e4ngige Presse m\u00fcsse Politik und Parteien kontrollieren. Halte jedoch eine Partei Anteile an Presseverlagen, k\u00f6nne diese Kontrolle nicht wirklich glaubw\u00fcrdig funktionieren, kritisierte er im Hinblick auf die SPD.<\/p>\n<p>Freie Information &#8211; in China ein Fremdwort<br \/>\n.Stand: 04.05.2005 07:55 Uhr\/quelle: tagesschau.de von 2005<br \/>\n.. <\/p>\n","protected":false},"excerpt":{"rendered":"<p>Zwei deutsche Journalisten, ein Mann und eine Frau, f\u00fcr die DEUTSCHE WELLE arbeitend, sind im Norden Afghanistans erschossen worden. Bislang galt der Norden relativ &#8222;sicher&#8220;. Aber ab heute sind in &#8222;ganz Afghanistan&#8220; die internationalen &#8222;Friedenstruppen&#8220;&#8230;<br \/>\nEin R\u00fcckblick auf die Situation des Journalismus:<\/p>\n","protected":false},"author":2,"featured_media":0,"comment_status":"closed","ping_status":"closed","sticky":false,"template":"","format":"standard","meta":{"footnotes":""},"categories":[28],"tags":[],"class_list":["post-84675","post","type-post","status-publish","format-standard","hentry","category-reportage","entry"],"yoast_head":"<!-- This site is optimized with the Yoast SEO plugin v21.0 - https:\/\/yoast.com\/wordpress\/plugins\/seo\/ -->\n<title>R\u00fcckblick: 2004 Trauerjahr f\u00fcr Journalismus - Feminissima<\/title>\n<meta name=\"robots\" content=\"index, follow, max-snippet:-1, max-image-preview:large, max-video-preview:-1\" \/>\n<link rel=\"canonical\" href=\"https:\/\/feminissima.de\/index.php\/2006\/10\/07\/rueckblick-2004-trauerjahr-fuer-journalismus\/\" \/>\n<meta property=\"og:locale\" content=\"de_DE\" \/>\n<meta property=\"og:type\" content=\"article\" \/>\n<meta property=\"og:title\" content=\"R\u00fcckblick: 2004 Trauerjahr f\u00fcr Journalismus - Feminissima\" \/>\n<meta property=\"og:description\" content=\"Zwei deutsche Journalisten, ein Mann und eine Frau, f\u00fcr die DEUTSCHE WELLE arbeitend, sind im Norden Afghanistans erschossen worden. Bislang galt der Norden relativ &quot;sicher&quot;. Aber ab heute sind in &quot;ganz Afghanistan&quot; die internationalen &quot;Friedenstruppen&quot;... Ein R\u00fcckblick auf die Situation des Journalismus:\" \/>\n<meta property=\"og:url\" content=\"https:\/\/feminissima.de\/index.php\/2006\/10\/07\/rueckblick-2004-trauerjahr-fuer-journalismus\/\" \/>\n<meta property=\"og:site_name\" content=\"Feminissima\" \/>\n<meta property=\"article:published_time\" content=\"2006-10-07T16:16:54+00:00\" \/>\n<meta name=\"author\" content=\"admin\" \/>\n<meta name=\"twitter:card\" content=\"summary_large_image\" \/>\n<meta name=\"twitter:label1\" content=\"Verfasst von\" \/>\n\t<meta name=\"twitter:data1\" content=\"admin\" \/>\n\t<meta name=\"twitter:label2\" content=\"Gesch\u00e4tzte Lesezeit\" \/>\n\t<meta name=\"twitter:data2\" content=\"3\u00a0Minuten\" \/>\n<script type=\"application\/ld+json\" class=\"yoast-schema-graph\">{\"@context\":\"https:\/\/schema.org\",\"@graph\":[{\"@type\":\"WebPage\",\"@id\":\"https:\/\/feminissima.de\/index.php\/2006\/10\/07\/rueckblick-2004-trauerjahr-fuer-journalismus\/\",\"url\":\"https:\/\/feminissima.de\/index.php\/2006\/10\/07\/rueckblick-2004-trauerjahr-fuer-journalismus\/\",\"name\":\"R\u00fcckblick: 2004 Trauerjahr f\u00fcr Journalismus - Feminissima\",\"isPartOf\":{\"@id\":\"https:\/\/feminissima.de\/#website\"},\"datePublished\":\"2006-10-07T16:16:54+00:00\",\"dateModified\":\"2006-10-07T16:16:54+00:00\",\"author\":{\"@id\":\"https:\/\/feminissima.de\/#\/schema\/person\/0b901e053624f88e7ecbea289d9d5128\"},\"breadcrumb\":{\"@id\":\"https:\/\/feminissima.de\/index.php\/2006\/10\/07\/rueckblick-2004-trauerjahr-fuer-journalismus\/#breadcrumb\"},\"inLanguage\":\"de\",\"potentialAction\":[{\"@type\":\"ReadAction\",\"target\":[\"https:\/\/feminissima.de\/index.php\/2006\/10\/07\/rueckblick-2004-trauerjahr-fuer-journalismus\/\"]}]},{\"@type\":\"BreadcrumbList\",\"@id\":\"https:\/\/feminissima.de\/index.php\/2006\/10\/07\/rueckblick-2004-trauerjahr-fuer-journalismus\/#breadcrumb\",\"itemListElement\":[{\"@type\":\"ListItem\",\"position\":1,\"name\":\"Startseite\",\"item\":\"https:\/\/feminissima.de\/\"},{\"@type\":\"ListItem\",\"position\":2,\"name\":\"R\u00fcckblick: 2004 Trauerjahr f\u00fcr Journalismus\"}]},{\"@type\":\"WebSite\",\"@id\":\"https:\/\/feminissima.de\/#website\",\"url\":\"https:\/\/feminissima.de\/\",\"name\":\"Feminissima\",\"description\":\"\",\"potentialAction\":[{\"@type\":\"SearchAction\",\"target\":{\"@type\":\"EntryPoint\",\"urlTemplate\":\"https:\/\/feminissima.de\/?s={search_term_string}\"},\"query-input\":\"required name=search_term_string\"}],\"inLanguage\":\"de\"},{\"@type\":\"Person\",\"@id\":\"https:\/\/feminissima.de\/#\/schema\/person\/0b901e053624f88e7ecbea289d9d5128\",\"name\":\"admin\",\"image\":{\"@type\":\"ImageObject\",\"inLanguage\":\"de\",\"@id\":\"https:\/\/feminissima.de\/#\/schema\/person\/image\/\",\"url\":\"https:\/\/secure.gravatar.com\/avatar\/8da1f51327453c0bf63338e8e2a791948b7d2ac19b68839492d1e69aac6924a8?s=96&d=mm&r=g\",\"contentUrl\":\"https:\/\/secure.gravatar.com\/avatar\/8da1f51327453c0bf63338e8e2a791948b7d2ac19b68839492d1e69aac6924a8?s=96&d=mm&r=g\",\"caption\":\"admin\"},\"url\":\"https:\/\/feminissima.de\/index.php\/author\/admin\/\"}]}<\/script>\n<!-- \/ Yoast SEO plugin. -->","yoast_head_json":{"title":"R\u00fcckblick: 2004 Trauerjahr f\u00fcr Journalismus - Feminissima","robots":{"index":"index","follow":"follow","max-snippet":"max-snippet:-1","max-image-preview":"max-image-preview:large","max-video-preview":"max-video-preview:-1"},"canonical":"https:\/\/feminissima.de\/index.php\/2006\/10\/07\/rueckblick-2004-trauerjahr-fuer-journalismus\/","og_locale":"de_DE","og_type":"article","og_title":"R\u00fcckblick: 2004 Trauerjahr f\u00fcr Journalismus - Feminissima","og_description":"Zwei deutsche Journalisten, ein Mann und eine Frau, f\u00fcr die DEUTSCHE WELLE arbeitend, sind im Norden Afghanistans erschossen worden. Bislang galt der Norden relativ \"sicher\". Aber ab heute sind in \"ganz Afghanistan\" die internationalen \"Friedenstruppen\"... Ein R\u00fcckblick auf die Situation des Journalismus:","og_url":"https:\/\/feminissima.de\/index.php\/2006\/10\/07\/rueckblick-2004-trauerjahr-fuer-journalismus\/","og_site_name":"Feminissima","article_published_time":"2006-10-07T16:16:54+00:00","author":"admin","twitter_card":"summary_large_image","twitter_misc":{"Verfasst von":"admin","Gesch\u00e4tzte Lesezeit":"3\u00a0Minuten"},"schema":{"@context":"https:\/\/schema.org","@graph":[{"@type":"WebPage","@id":"https:\/\/feminissima.de\/index.php\/2006\/10\/07\/rueckblick-2004-trauerjahr-fuer-journalismus\/","url":"https:\/\/feminissima.de\/index.php\/2006\/10\/07\/rueckblick-2004-trauerjahr-fuer-journalismus\/","name":"R\u00fcckblick: 2004 Trauerjahr f\u00fcr Journalismus - Feminissima","isPartOf":{"@id":"https:\/\/feminissima.de\/#website"},"datePublished":"2006-10-07T16:16:54+00:00","dateModified":"2006-10-07T16:16:54+00:00","author":{"@id":"https:\/\/feminissima.de\/#\/schema\/person\/0b901e053624f88e7ecbea289d9d5128"},"breadcrumb":{"@id":"https:\/\/feminissima.de\/index.php\/2006\/10\/07\/rueckblick-2004-trauerjahr-fuer-journalismus\/#breadcrumb"},"inLanguage":"de","potentialAction":[{"@type":"ReadAction","target":["https:\/\/feminissima.de\/index.php\/2006\/10\/07\/rueckblick-2004-trauerjahr-fuer-journalismus\/"]}]},{"@type":"BreadcrumbList","@id":"https:\/\/feminissima.de\/index.php\/2006\/10\/07\/rueckblick-2004-trauerjahr-fuer-journalismus\/#breadcrumb","itemListElement":[{"@type":"ListItem","position":1,"name":"Startseite","item":"https:\/\/feminissima.de\/"},{"@type":"ListItem","position":2,"name":"R\u00fcckblick: 2004 Trauerjahr f\u00fcr Journalismus"}]},{"@type":"WebSite","@id":"https:\/\/feminissima.de\/#website","url":"https:\/\/feminissima.de\/","name":"Feminissima","description":"","potentialAction":[{"@type":"SearchAction","target":{"@type":"EntryPoint","urlTemplate":"https:\/\/feminissima.de\/?s={search_term_string}"},"query-input":"required name=search_term_string"}],"inLanguage":"de"},{"@type":"Person","@id":"https:\/\/feminissima.de\/#\/schema\/person\/0b901e053624f88e7ecbea289d9d5128","name":"admin","image":{"@type":"ImageObject","inLanguage":"de","@id":"https:\/\/feminissima.de\/#\/schema\/person\/image\/","url":"https:\/\/secure.gravatar.com\/avatar\/8da1f51327453c0bf63338e8e2a791948b7d2ac19b68839492d1e69aac6924a8?s=96&d=mm&r=g","contentUrl":"https:\/\/secure.gravatar.com\/avatar\/8da1f51327453c0bf63338e8e2a791948b7d2ac19b68839492d1e69aac6924a8?s=96&d=mm&r=g","caption":"admin"},"url":"https:\/\/feminissima.de\/index.php\/author\/admin\/"}]}},"jetpack_featured_media_url":"","_links":{"self":[{"href":"https:\/\/feminissima.de\/index.php\/wp-json\/wp\/v2\/posts\/84675","targetHints":{"allow":["GET"]}}],"collection":[{"href":"https:\/\/feminissima.de\/index.php\/wp-json\/wp\/v2\/posts"}],"about":[{"href":"https:\/\/feminissima.de\/index.php\/wp-json\/wp\/v2\/types\/post"}],"author":[{"embeddable":true,"href":"https:\/\/feminissima.de\/index.php\/wp-json\/wp\/v2\/users\/2"}],"replies":[{"embeddable":true,"href":"https:\/\/feminissima.de\/index.php\/wp-json\/wp\/v2\/comments?post=84675"}],"version-history":[{"count":0,"href":"https:\/\/feminissima.de\/index.php\/wp-json\/wp\/v2\/posts\/84675\/revisions"}],"wp:attachment":[{"href":"https:\/\/feminissima.de\/index.php\/wp-json\/wp\/v2\/media?parent=84675"}],"wp:term":[{"taxonomy":"category","embeddable":true,"href":"https:\/\/feminissima.de\/index.php\/wp-json\/wp\/v2\/categories?post=84675"},{"taxonomy":"post_tag","embeddable":true,"href":"https:\/\/feminissima.de\/index.php\/wp-json\/wp\/v2\/tags?post=84675"}],"curies":[{"name":"wp","href":"https:\/\/api.w.org\/{rel}","templated":true}]}}