{"id":84630,"date":"2006-09-04T17:36:12","date_gmt":"2006-09-04T17:36:12","guid":{"rendered":"http:\/\/www.feminissima.de\/?p=84630"},"modified":"2006-09-04T17:36:12","modified_gmt":"2006-09-04T17:36:12","slug":"politik-libanon-weitsichtiger-als","status":"publish","type":"post","link":"https:\/\/feminissima.de\/index.php\/2006\/09\/04\/politik-libanon-weitsichtiger-als\/","title":{"rendered":"POLITIK: Libanon weitsichtiger als &#8211;"},"content":{"rendered":"<p>&#8230;live-text aus der Nacht:<br \/>\nDer Libanon will Germany nicht in Verlegenheit bringen\/mehr:<br \/>281737.<br \/>gestern: 325<br \/>Es ist ein Uhr und 22 Minuten, in Berlin, willkommen die Night-Rider!<\/p>\n<p>Wie kopf- und planlos die derzeitige \u00dcbergangsregierung in Deutschland ist, <br \/>zeigt sich auch daran,<br \/>dass sie zwar einr\u00e4umt, <br \/>die terroristische Bedrohung f\u00fcr Germany k\u00f6nne sich betr\u00e4chtlich durch den Einsatz deutschen Milit\u00e4rs erh\u00f6hen,<br \/>vor Libanons K\u00fcste oder wo eigentlich?<br \/>Nichts Genaues wei\u00df man nicht,<br \/>und eigentlich..wen soll die deutsche Marine eigentlich sch\u00fctzen?<br \/> Nicht doch eher eigentlich den Libanon vor den Israelis&#8230;?<br \/>Nein-nein,<br \/>nein, eigentlich wei\u00df man gar nichts,<br \/>jetzt Hold-on-Position..<br \/>denn Libanon hat bislang nicht um Waffenhilfe aus Deutschland gebeten. <br \/>Gut so. Sehr gut sogar.<br \/>Die Situation w\u00fcrde sich f\u00fcr den Libanon n\u00e4mlich insgesamt nicht verbessern, sondern eher verschlechtern&#8230;souver\u00e4n-m\u00e4\u00dfig betrachtet..<br \/>Und unsere auch nicht,<br \/>sicherheitstechnisch-\u00fcberlebensstrategisch betrachtet, oder?<\/p>\n<table width=\"100%\">\n<tr>\n<td style=\"background-image=url('images\/monet-heller.jpg')\"><font size=\"+1\"><\/p>\n<p>weil man dort wei\u00df, im Libanon, <br \/>was Marenga hier schon l\u00e4ngst und sowieso-gesagt hat,<br \/>dass es eigentlich unm\u00f6glich ist,<br \/>ausgerechnet Deutschland in diese Gegend zu schicken,<br \/>um Israel zu besch\u00fctzen,<br \/>aber derzeit mit allen Sympathien f\u00fcr den geschundenen Libanon und &#8211; wie soll diese Gr\u00e4tsche geschafft werden???<\/p>\n<p>Um Deutschland nicht in Verlegenheit zu bringen,<br \/>wird der Libanon wohl kein Date mit deutschen Milit\u00e4rs verabreden.<\/p>\n<p>Und bleibt hoffentlich dabei.<\/p>\n<p>Der Aufbau des Landes ist wichtiger.<\/p>\n<p>In Israel wird die Luft hauchd\u00fcnn f\u00fcr Olmert und seine Milit\u00e4r-Schergen.<br \/>Denn jetzt soll doch &#8211; <br \/>allen Versuchen Olmerts zum Trotz, <br \/>dies zu verhindern,<br \/>eine Untersuchungskommission eingesetzt werden.<br \/>Mit der \u00dcberschrift  Kriegsverbrechen und Angriffskrieg? <br \/> WAS SAGT z.B. DAS V\u00d6LKERRECHT dazu?<br \/>Ach so, f\u00fcr die USA und Israel gilt es ja l\u00e4ngst nicht mehr.<\/p>\n<p>Es erinnert alles politisch in Israel jetzt an das &#8222;Nachher&#8220;,<br \/>des im Westen seinerzeit <br \/>zwischen Abscheu und Bewunderung<br \/> be\u00e4ugten Jom-Kippur- Krieg, <br \/> den &#8222;7-Tage-Krieg&#8220; &#8211; <br \/>oder war das noch ein Extra-Krieg..?<br \/>Blickst ja nicht mehr durch,<br \/>was die V\u00f6lker dort auszuhalten haben,<br \/>weil die alten M\u00e4nner sich nicht einigen k\u00f6nnen&#8230;<\/p>\n<p>Es einfach nicht auf die Reihe bringen!!<\/p>\n<p>\nDanach war es jedenfalls, nach dem Jom-Kippur-Krieg gegen den Libanon, <br \/>war es auch mit Golda Meir zu Ende.<br \/>Ihrer politischen Karriere.<\/p>\n<p>Und mit Beirut als dem &#8222;Paris des Orients&#8220; ebenfalls.<\/p>\n<p>Zerst\u00f6rt, von israelischen Bomben. <\/p>\n<p>Und jetzt wieder. <\/p>\n<p>Dennoch m\u00f6chte Israel noch immer nicht die Seeblockade gegen den Libanon aufgeben,<br \/>UNO hin oder her,<br \/>&#8222;so lange nicht Truppen aus dem Westen&#8220; zur Sicherheit vorhanden sind.<\/p>\n<p>Ja, toll.<\/p>\n<p>So wird die ganze Welt in den &#8222;Konflikt&#8220; einbezogen.<br \/>Und zahlt auch zus\u00e4tzlich f\u00fcr den Wiederaufbau des von Israel zerst\u00f6rten Libanons, <br \/>soll aber den Israelis Sicherheit vor den Milizen aus dem Libanon sichern..<\/p>\n<p>Was f\u00fcr eine Mega-Kacke,<br \/> ruft Crissy, <br \/>die unabh\u00e4ngige, weil unbezahlte Praktikantin,<br \/> aus dem Hintergrund.<\/p>\n<p>&#8222;Und alles, weil der Bush es wieder mal geschafft hat, <br \/>die gro\u00dfe Kritik-Verlautbarung an Israels Vorgehen zu unterbinden.<br \/>DAs ist doch Diktatur grasso-masso!!&#8220;<\/p>\n<p><\/tr>\n<\/table>\n<p><\/p>\n","protected":false},"excerpt":{"rendered":"<p>&#8230;live-text aus der Nacht:<br \/>\nDer Libanon will Germany nicht in Verlegenheit bringen\/mehr:<\/p>\n","protected":false},"author":2,"featured_media":0,"comment_status":"closed","ping_status":"closed","sticky":false,"template":"","format":"standard","meta":{"footnotes":""},"categories":[14],"tags":[],"class_list":["post-84630","post","type-post","status-publish","format-standard","hentry","category-fempolitik","entry"],"yoast_head":"<!-- This site is optimized with the Yoast SEO plugin v21.0 - https:\/\/yoast.com\/wordpress\/plugins\/seo\/ -->\n<title>POLITIK: Libanon weitsichtiger als - Feminissima<\/title>\n<meta name=\"robots\" content=\"index, follow, max-snippet:-1, max-image-preview:large, max-video-preview:-1\" \/>\n<link rel=\"canonical\" href=\"https:\/\/feminissima.de\/index.php\/2006\/09\/04\/politik-libanon-weitsichtiger-als\/\" \/>\n<meta property=\"og:locale\" content=\"de_DE\" \/>\n<meta property=\"og:type\" content=\"article\" \/>\n<meta property=\"og:title\" content=\"POLITIK: Libanon weitsichtiger als - Feminissima\" \/>\n<meta property=\"og:description\" content=\"...live-text aus der Nacht: Der Libanon will Germany nicht in Verlegenheit bringen\/mehr:\" \/>\n<meta property=\"og:url\" content=\"https:\/\/feminissima.de\/index.php\/2006\/09\/04\/politik-libanon-weitsichtiger-als\/\" \/>\n<meta property=\"og:site_name\" content=\"Feminissima\" \/>\n<meta property=\"article:published_time\" content=\"2006-09-04T17:36:12+00:00\" \/>\n<meta name=\"author\" content=\"admin\" \/>\n<meta name=\"twitter:card\" content=\"summary_large_image\" \/>\n<meta name=\"twitter:label1\" content=\"Verfasst von\" \/>\n\t<meta name=\"twitter:data1\" content=\"admin\" \/>\n\t<meta name=\"twitter:label2\" content=\"Gesch\u00e4tzte Lesezeit\" \/>\n\t<meta name=\"twitter:data2\" content=\"2\u00a0Minuten\" \/>\n<script type=\"application\/ld+json\" class=\"yoast-schema-graph\">{\"@context\":\"https:\/\/schema.org\",\"@graph\":[{\"@type\":\"WebPage\",\"@id\":\"https:\/\/feminissima.de\/index.php\/2006\/09\/04\/politik-libanon-weitsichtiger-als\/\",\"url\":\"https:\/\/feminissima.de\/index.php\/2006\/09\/04\/politik-libanon-weitsichtiger-als\/\",\"name\":\"POLITIK: Libanon weitsichtiger als - Feminissima\",\"isPartOf\":{\"@id\":\"https:\/\/feminissima.de\/#website\"},\"datePublished\":\"2006-09-04T17:36:12+00:00\",\"dateModified\":\"2006-09-04T17:36:12+00:00\",\"author\":{\"@id\":\"https:\/\/feminissima.de\/#\/schema\/person\/0b901e053624f88e7ecbea289d9d5128\"},\"breadcrumb\":{\"@id\":\"https:\/\/feminissima.de\/index.php\/2006\/09\/04\/politik-libanon-weitsichtiger-als\/#breadcrumb\"},\"inLanguage\":\"de\",\"potentialAction\":[{\"@type\":\"ReadAction\",\"target\":[\"https:\/\/feminissima.de\/index.php\/2006\/09\/04\/politik-libanon-weitsichtiger-als\/\"]}]},{\"@type\":\"BreadcrumbList\",\"@id\":\"https:\/\/feminissima.de\/index.php\/2006\/09\/04\/politik-libanon-weitsichtiger-als\/#breadcrumb\",\"itemListElement\":[{\"@type\":\"ListItem\",\"position\":1,\"name\":\"Startseite\",\"item\":\"https:\/\/feminissima.de\/\"},{\"@type\":\"ListItem\",\"position\":2,\"name\":\"POLITIK: Libanon weitsichtiger als &#8211;\"}]},{\"@type\":\"WebSite\",\"@id\":\"https:\/\/feminissima.de\/#website\",\"url\":\"https:\/\/feminissima.de\/\",\"name\":\"Feminissima\",\"description\":\"\",\"potentialAction\":[{\"@type\":\"SearchAction\",\"target\":{\"@type\":\"EntryPoint\",\"urlTemplate\":\"https:\/\/feminissima.de\/?s={search_term_string}\"},\"query-input\":\"required name=search_term_string\"}],\"inLanguage\":\"de\"},{\"@type\":\"Person\",\"@id\":\"https:\/\/feminissima.de\/#\/schema\/person\/0b901e053624f88e7ecbea289d9d5128\",\"name\":\"admin\",\"image\":{\"@type\":\"ImageObject\",\"inLanguage\":\"de\",\"@id\":\"https:\/\/feminissima.de\/#\/schema\/person\/image\/\",\"url\":\"https:\/\/secure.gravatar.com\/avatar\/8da1f51327453c0bf63338e8e2a791948b7d2ac19b68839492d1e69aac6924a8?s=96&d=mm&r=g\",\"contentUrl\":\"https:\/\/secure.gravatar.com\/avatar\/8da1f51327453c0bf63338e8e2a791948b7d2ac19b68839492d1e69aac6924a8?s=96&d=mm&r=g\",\"caption\":\"admin\"},\"url\":\"https:\/\/feminissima.de\/index.php\/author\/admin\/\"}]}<\/script>\n<!-- \/ Yoast SEO plugin. -->","yoast_head_json":{"title":"POLITIK: Libanon weitsichtiger als - Feminissima","robots":{"index":"index","follow":"follow","max-snippet":"max-snippet:-1","max-image-preview":"max-image-preview:large","max-video-preview":"max-video-preview:-1"},"canonical":"https:\/\/feminissima.de\/index.php\/2006\/09\/04\/politik-libanon-weitsichtiger-als\/","og_locale":"de_DE","og_type":"article","og_title":"POLITIK: Libanon weitsichtiger als - Feminissima","og_description":"...live-text aus der Nacht: Der Libanon will Germany nicht in Verlegenheit bringen\/mehr:","og_url":"https:\/\/feminissima.de\/index.php\/2006\/09\/04\/politik-libanon-weitsichtiger-als\/","og_site_name":"Feminissima","article_published_time":"2006-09-04T17:36:12+00:00","author":"admin","twitter_card":"summary_large_image","twitter_misc":{"Verfasst von":"admin","Gesch\u00e4tzte Lesezeit":"2\u00a0Minuten"},"schema":{"@context":"https:\/\/schema.org","@graph":[{"@type":"WebPage","@id":"https:\/\/feminissima.de\/index.php\/2006\/09\/04\/politik-libanon-weitsichtiger-als\/","url":"https:\/\/feminissima.de\/index.php\/2006\/09\/04\/politik-libanon-weitsichtiger-als\/","name":"POLITIK: Libanon weitsichtiger als - Feminissima","isPartOf":{"@id":"https:\/\/feminissima.de\/#website"},"datePublished":"2006-09-04T17:36:12+00:00","dateModified":"2006-09-04T17:36:12+00:00","author":{"@id":"https:\/\/feminissima.de\/#\/schema\/person\/0b901e053624f88e7ecbea289d9d5128"},"breadcrumb":{"@id":"https:\/\/feminissima.de\/index.php\/2006\/09\/04\/politik-libanon-weitsichtiger-als\/#breadcrumb"},"inLanguage":"de","potentialAction":[{"@type":"ReadAction","target":["https:\/\/feminissima.de\/index.php\/2006\/09\/04\/politik-libanon-weitsichtiger-als\/"]}]},{"@type":"BreadcrumbList","@id":"https:\/\/feminissima.de\/index.php\/2006\/09\/04\/politik-libanon-weitsichtiger-als\/#breadcrumb","itemListElement":[{"@type":"ListItem","position":1,"name":"Startseite","item":"https:\/\/feminissima.de\/"},{"@type":"ListItem","position":2,"name":"POLITIK: Libanon weitsichtiger als &#8211;"}]},{"@type":"WebSite","@id":"https:\/\/feminissima.de\/#website","url":"https:\/\/feminissima.de\/","name":"Feminissima","description":"","potentialAction":[{"@type":"SearchAction","target":{"@type":"EntryPoint","urlTemplate":"https:\/\/feminissima.de\/?s={search_term_string}"},"query-input":"required name=search_term_string"}],"inLanguage":"de"},{"@type":"Person","@id":"https:\/\/feminissima.de\/#\/schema\/person\/0b901e053624f88e7ecbea289d9d5128","name":"admin","image":{"@type":"ImageObject","inLanguage":"de","@id":"https:\/\/feminissima.de\/#\/schema\/person\/image\/","url":"https:\/\/secure.gravatar.com\/avatar\/8da1f51327453c0bf63338e8e2a791948b7d2ac19b68839492d1e69aac6924a8?s=96&d=mm&r=g","contentUrl":"https:\/\/secure.gravatar.com\/avatar\/8da1f51327453c0bf63338e8e2a791948b7d2ac19b68839492d1e69aac6924a8?s=96&d=mm&r=g","caption":"admin"},"url":"https:\/\/feminissima.de\/index.php\/author\/admin\/"}]}},"jetpack_featured_media_url":"","_links":{"self":[{"href":"https:\/\/feminissima.de\/index.php\/wp-json\/wp\/v2\/posts\/84630","targetHints":{"allow":["GET"]}}],"collection":[{"href":"https:\/\/feminissima.de\/index.php\/wp-json\/wp\/v2\/posts"}],"about":[{"href":"https:\/\/feminissima.de\/index.php\/wp-json\/wp\/v2\/types\/post"}],"author":[{"embeddable":true,"href":"https:\/\/feminissima.de\/index.php\/wp-json\/wp\/v2\/users\/2"}],"replies":[{"embeddable":true,"href":"https:\/\/feminissima.de\/index.php\/wp-json\/wp\/v2\/comments?post=84630"}],"version-history":[{"count":0,"href":"https:\/\/feminissima.de\/index.php\/wp-json\/wp\/v2\/posts\/84630\/revisions"}],"wp:attachment":[{"href":"https:\/\/feminissima.de\/index.php\/wp-json\/wp\/v2\/media?parent=84630"}],"wp:term":[{"taxonomy":"category","embeddable":true,"href":"https:\/\/feminissima.de\/index.php\/wp-json\/wp\/v2\/categories?post=84630"},{"taxonomy":"post_tag","embeddable":true,"href":"https:\/\/feminissima.de\/index.php\/wp-json\/wp\/v2\/tags?post=84630"}],"curies":[{"name":"wp","href":"https:\/\/api.w.org\/{rel}","templated":true}]}}