{"id":84577,"date":"2006-08-03T12:24:22","date_gmt":"2006-08-03T12:24:22","guid":{"rendered":"http:\/\/www.feminissima.de\/?p=84577"},"modified":"2006-08-03T12:24:22","modified_gmt":"2006-08-03T12:24:22","slug":"pinn-heute-eroeffnung-der-rembrandt-schauen-in-berlin","status":"publish","type":"post","link":"https:\/\/feminissima.de\/index.php\/2006\/08\/03\/pinn-heute-eroeffnung-der-rembrandt-schauen-in-berlin\/","title":{"rendered":"PINN: Heute Er\u00f6ffnung der REMBRANDT-SCHAUEN in Berlin"},"content":{"rendered":"<p>Rembrandt, der zu den gr\u00f6\u00dften K\u00fcnstlern der Welt gez\u00e4hlt wird, starb 1669 in Amsterdam.<br \/>\nEr hinterlie\u00df ca. 600 Gem\u00e4lde, 1200 Zeichnungen und 300 Radierungen: kaum zu glauben, aber R. war, bis zu seiner Wiederentdeckung um 1850 so gut wie vergessen&#8230;! Mehr:<\/p>\n<p>Ausstellungen<br \/>\nRembrandt-Schauen werden er\u00f6ffnet.<\/p>\n<p>In Berlin wird heute Abend, 3. 8. 2006,  eine Ausstellungs-Trilogie zum Rembrandt-Jahr 2006 er\u00f6ffnet. <br \/>\nAn dem Festakt in der Gem\u00e4ldegalerie am Kulturforum nimmt auch der niederl\u00e4ndischen Botschafters Peter P. van Wulfften Pahlte teil. <\/p>\n<p>\nZum 400. Geburtstag des niederl\u00e4ndischen Malers und Grafikers Rembrandt Harmensz van Rijn (1606- 1669) werde der K\u00fcnstler &#8222;als Universalgenie in Malerei, Zeichenkunst und Druckgraphik&#8220; pr\u00e4sentiert, so die Staatlichen Museen.<\/p>\n<p> Die drei Ausstellungen:<\/p>\n<p>&#8222;Rembrandt. Genie auf der Suche&#8220; <br \/>\n&#8222;Rembrandt. Der Zeichner&#8220; <br \/>\n&#8222;Rembrandt. Ein Virtuose der Druckgraphik&#8220; <\/p>\n<p>sind bis 5. November zu sehen. <\/p>\n<p>\nMit rund 80 Gem\u00e4lden aus aller Welt wird allein in der Schau &#8222;Rembrandt. Genie auf der Suche&#8220; eine hochkar\u00e4tige Auswahl an Werken aus der Sammlung der Berliner Gem\u00e4ldegalerie und internationalen Leihgaben von Los Angeles \u00fcber St. Petersburg bis Melbourne gezeigt. Dabei solle ein Schwerpunkt auf die neuere Rembrandt-Forschung geelgt werden <\/p>\n<p>\nDie Berliner Gem\u00e4ldegalerie besitzt mit dem &#8222;Mann mit dem Goldhelm&#8220; eines der ber\u00fchmtesten, fr\u00fcher Rembrandt zugeschriebenen Werke, das nach letzten Forschungsergebnissen lediglich aus der &#8222;Rembrandt-Schule&#8220; stammt. <\/p>\n<p>Die Ausstellung werfe ein neues Licht auf Rembrandts sch\u00f6pferische Arbeitsweise, auf seine Rolle als Lehrer und treibende Kraft einer florierenden Werkstatt, in der Kopien beziehungsweise Varianten nach seinen Werken entstanden, wie die Staatlichen Museen mitteilten.<\/p>\n<p>Zudem besitzt das Berliner Kupferstichkabinett eine der bedeutendsten und umfangreichsten Sammlungen von Zeichnungen Rembrandts weltweit. Dieser Bestand werde erstmals seit 50 Jahren wissenschaftlich neu aufgearbeitet. <\/p>\n<p>Von 126 Zeichnungen, die fr\u00fcher Rembrandt zugeschrieben waren, gelten heute nur noch 55 Arbeiten als eigenh\u00e4ndige Werke des Meisters.<\/p>\n<p>Rembrandt, der zu den gr\u00f6\u00dften K\u00fcnstlern der Welt geh\u00f6rt, starb 1669 in Amsterdam. <br \/>\nEr hinterlie\u00df rund 600 Gem\u00e4lde, 1200 Zeichnungen und 300 Radierungen und war bis zu seiner Wiederentdeckung um 1850 so gut wie vergessen. <\/p>\n<p><\/p>\n","protected":false},"excerpt":{"rendered":"<p>Rembrandt, der zu den gr\u00f6\u00dften K\u00fcnstlern der Welt gez\u00e4hlt wird, starb 1669 in Amsterdam.<br \/>\nEr hinterlie\u00df ca. 600 Gem\u00e4lde, 1200 Zeichnungen und 300 Radierungen: kaum zu glauben, aber R. war, bis zu seiner Wiederentdeckung um 1850 so gut wie vergessen&#8230;! Mehr:<\/p>\n","protected":false},"author":2,"featured_media":0,"comment_status":"closed","ping_status":"closed","sticky":false,"template":"","format":"standard","meta":{"footnotes":""},"categories":[26],"tags":[],"class_list":["post-84577","post","type-post","status-publish","format-standard","hentry","category-pinnwand","entry"],"yoast_head":"<!-- This site is optimized with the Yoast SEO plugin v21.0 - https:\/\/yoast.com\/wordpress\/plugins\/seo\/ -->\n<title>PINN: Heute Er\u00f6ffnung der REMBRANDT-SCHAUEN in Berlin - Feminissima<\/title>\n<meta name=\"robots\" content=\"index, follow, max-snippet:-1, max-image-preview:large, max-video-preview:-1\" \/>\n<link rel=\"canonical\" href=\"https:\/\/feminissima.de\/index.php\/2006\/08\/03\/pinn-heute-eroeffnung-der-rembrandt-schauen-in-berlin\/\" \/>\n<meta property=\"og:locale\" content=\"de_DE\" \/>\n<meta property=\"og:type\" content=\"article\" \/>\n<meta property=\"og:title\" content=\"PINN: Heute Er\u00f6ffnung der REMBRANDT-SCHAUEN in Berlin - Feminissima\" \/>\n<meta property=\"og:description\" content=\"Rembrandt, der zu den gr\u00f6\u00dften K\u00fcnstlern der Welt gez\u00e4hlt wird, starb 1669 in Amsterdam. Er hinterlie\u00df ca. 600 Gem\u00e4lde, 1200 Zeichnungen und 300 Radierungen: kaum zu glauben, aber R. war, bis zu seiner Wiederentdeckung um 1850 so gut wie vergessen...! Mehr:\" \/>\n<meta property=\"og:url\" content=\"https:\/\/feminissima.de\/index.php\/2006\/08\/03\/pinn-heute-eroeffnung-der-rembrandt-schauen-in-berlin\/\" \/>\n<meta property=\"og:site_name\" content=\"Feminissima\" \/>\n<meta property=\"article:published_time\" content=\"2006-08-03T12:24:22+00:00\" \/>\n<meta name=\"author\" content=\"admin\" \/>\n<meta name=\"twitter:card\" content=\"summary_large_image\" \/>\n<meta name=\"twitter:label1\" content=\"Verfasst von\" \/>\n\t<meta name=\"twitter:data1\" content=\"admin\" \/>\n\t<meta name=\"twitter:label2\" content=\"Gesch\u00e4tzte Lesezeit\" \/>\n\t<meta name=\"twitter:data2\" content=\"2\u00a0Minuten\" \/>\n<script type=\"application\/ld+json\" class=\"yoast-schema-graph\">{\"@context\":\"https:\/\/schema.org\",\"@graph\":[{\"@type\":\"WebPage\",\"@id\":\"https:\/\/feminissima.de\/index.php\/2006\/08\/03\/pinn-heute-eroeffnung-der-rembrandt-schauen-in-berlin\/\",\"url\":\"https:\/\/feminissima.de\/index.php\/2006\/08\/03\/pinn-heute-eroeffnung-der-rembrandt-schauen-in-berlin\/\",\"name\":\"PINN: Heute Er\u00f6ffnung der REMBRANDT-SCHAUEN in Berlin - Feminissima\",\"isPartOf\":{\"@id\":\"https:\/\/feminissima.de\/#website\"},\"datePublished\":\"2006-08-03T12:24:22+00:00\",\"dateModified\":\"2006-08-03T12:24:22+00:00\",\"author\":{\"@id\":\"https:\/\/feminissima.de\/#\/schema\/person\/0b901e053624f88e7ecbea289d9d5128\"},\"breadcrumb\":{\"@id\":\"https:\/\/feminissima.de\/index.php\/2006\/08\/03\/pinn-heute-eroeffnung-der-rembrandt-schauen-in-berlin\/#breadcrumb\"},\"inLanguage\":\"de\",\"potentialAction\":[{\"@type\":\"ReadAction\",\"target\":[\"https:\/\/feminissima.de\/index.php\/2006\/08\/03\/pinn-heute-eroeffnung-der-rembrandt-schauen-in-berlin\/\"]}]},{\"@type\":\"BreadcrumbList\",\"@id\":\"https:\/\/feminissima.de\/index.php\/2006\/08\/03\/pinn-heute-eroeffnung-der-rembrandt-schauen-in-berlin\/#breadcrumb\",\"itemListElement\":[{\"@type\":\"ListItem\",\"position\":1,\"name\":\"Startseite\",\"item\":\"https:\/\/feminissima.de\/\"},{\"@type\":\"ListItem\",\"position\":2,\"name\":\"PINN: Heute Er\u00f6ffnung der REMBRANDT-SCHAUEN in Berlin\"}]},{\"@type\":\"WebSite\",\"@id\":\"https:\/\/feminissima.de\/#website\",\"url\":\"https:\/\/feminissima.de\/\",\"name\":\"Feminissima\",\"description\":\"\",\"potentialAction\":[{\"@type\":\"SearchAction\",\"target\":{\"@type\":\"EntryPoint\",\"urlTemplate\":\"https:\/\/feminissima.de\/?s={search_term_string}\"},\"query-input\":\"required name=search_term_string\"}],\"inLanguage\":\"de\"},{\"@type\":\"Person\",\"@id\":\"https:\/\/feminissima.de\/#\/schema\/person\/0b901e053624f88e7ecbea289d9d5128\",\"name\":\"admin\",\"image\":{\"@type\":\"ImageObject\",\"inLanguage\":\"de\",\"@id\":\"https:\/\/feminissima.de\/#\/schema\/person\/image\/\",\"url\":\"https:\/\/secure.gravatar.com\/avatar\/8da1f51327453c0bf63338e8e2a791948b7d2ac19b68839492d1e69aac6924a8?s=96&d=mm&r=g\",\"contentUrl\":\"https:\/\/secure.gravatar.com\/avatar\/8da1f51327453c0bf63338e8e2a791948b7d2ac19b68839492d1e69aac6924a8?s=96&d=mm&r=g\",\"caption\":\"admin\"},\"url\":\"https:\/\/feminissima.de\/index.php\/author\/admin\/\"}]}<\/script>\n<!-- \/ Yoast SEO plugin. -->","yoast_head_json":{"title":"PINN: Heute Er\u00f6ffnung der REMBRANDT-SCHAUEN in Berlin - Feminissima","robots":{"index":"index","follow":"follow","max-snippet":"max-snippet:-1","max-image-preview":"max-image-preview:large","max-video-preview":"max-video-preview:-1"},"canonical":"https:\/\/feminissima.de\/index.php\/2006\/08\/03\/pinn-heute-eroeffnung-der-rembrandt-schauen-in-berlin\/","og_locale":"de_DE","og_type":"article","og_title":"PINN: Heute Er\u00f6ffnung der REMBRANDT-SCHAUEN in Berlin - Feminissima","og_description":"Rembrandt, der zu den gr\u00f6\u00dften K\u00fcnstlern der Welt gez\u00e4hlt wird, starb 1669 in Amsterdam. Er hinterlie\u00df ca. 600 Gem\u00e4lde, 1200 Zeichnungen und 300 Radierungen: kaum zu glauben, aber R. war, bis zu seiner Wiederentdeckung um 1850 so gut wie vergessen...! Mehr:","og_url":"https:\/\/feminissima.de\/index.php\/2006\/08\/03\/pinn-heute-eroeffnung-der-rembrandt-schauen-in-berlin\/","og_site_name":"Feminissima","article_published_time":"2006-08-03T12:24:22+00:00","author":"admin","twitter_card":"summary_large_image","twitter_misc":{"Verfasst von":"admin","Gesch\u00e4tzte Lesezeit":"2\u00a0Minuten"},"schema":{"@context":"https:\/\/schema.org","@graph":[{"@type":"WebPage","@id":"https:\/\/feminissima.de\/index.php\/2006\/08\/03\/pinn-heute-eroeffnung-der-rembrandt-schauen-in-berlin\/","url":"https:\/\/feminissima.de\/index.php\/2006\/08\/03\/pinn-heute-eroeffnung-der-rembrandt-schauen-in-berlin\/","name":"PINN: Heute Er\u00f6ffnung der REMBRANDT-SCHAUEN in Berlin - Feminissima","isPartOf":{"@id":"https:\/\/feminissima.de\/#website"},"datePublished":"2006-08-03T12:24:22+00:00","dateModified":"2006-08-03T12:24:22+00:00","author":{"@id":"https:\/\/feminissima.de\/#\/schema\/person\/0b901e053624f88e7ecbea289d9d5128"},"breadcrumb":{"@id":"https:\/\/feminissima.de\/index.php\/2006\/08\/03\/pinn-heute-eroeffnung-der-rembrandt-schauen-in-berlin\/#breadcrumb"},"inLanguage":"de","potentialAction":[{"@type":"ReadAction","target":["https:\/\/feminissima.de\/index.php\/2006\/08\/03\/pinn-heute-eroeffnung-der-rembrandt-schauen-in-berlin\/"]}]},{"@type":"BreadcrumbList","@id":"https:\/\/feminissima.de\/index.php\/2006\/08\/03\/pinn-heute-eroeffnung-der-rembrandt-schauen-in-berlin\/#breadcrumb","itemListElement":[{"@type":"ListItem","position":1,"name":"Startseite","item":"https:\/\/feminissima.de\/"},{"@type":"ListItem","position":2,"name":"PINN: Heute Er\u00f6ffnung der REMBRANDT-SCHAUEN in Berlin"}]},{"@type":"WebSite","@id":"https:\/\/feminissima.de\/#website","url":"https:\/\/feminissima.de\/","name":"Feminissima","description":"","potentialAction":[{"@type":"SearchAction","target":{"@type":"EntryPoint","urlTemplate":"https:\/\/feminissima.de\/?s={search_term_string}"},"query-input":"required name=search_term_string"}],"inLanguage":"de"},{"@type":"Person","@id":"https:\/\/feminissima.de\/#\/schema\/person\/0b901e053624f88e7ecbea289d9d5128","name":"admin","image":{"@type":"ImageObject","inLanguage":"de","@id":"https:\/\/feminissima.de\/#\/schema\/person\/image\/","url":"https:\/\/secure.gravatar.com\/avatar\/8da1f51327453c0bf63338e8e2a791948b7d2ac19b68839492d1e69aac6924a8?s=96&d=mm&r=g","contentUrl":"https:\/\/secure.gravatar.com\/avatar\/8da1f51327453c0bf63338e8e2a791948b7d2ac19b68839492d1e69aac6924a8?s=96&d=mm&r=g","caption":"admin"},"url":"https:\/\/feminissima.de\/index.php\/author\/admin\/"}]}},"jetpack_featured_media_url":"","_links":{"self":[{"href":"https:\/\/feminissima.de\/index.php\/wp-json\/wp\/v2\/posts\/84577","targetHints":{"allow":["GET"]}}],"collection":[{"href":"https:\/\/feminissima.de\/index.php\/wp-json\/wp\/v2\/posts"}],"about":[{"href":"https:\/\/feminissima.de\/index.php\/wp-json\/wp\/v2\/types\/post"}],"author":[{"embeddable":true,"href":"https:\/\/feminissima.de\/index.php\/wp-json\/wp\/v2\/users\/2"}],"replies":[{"embeddable":true,"href":"https:\/\/feminissima.de\/index.php\/wp-json\/wp\/v2\/comments?post=84577"}],"version-history":[{"count":0,"href":"https:\/\/feminissima.de\/index.php\/wp-json\/wp\/v2\/posts\/84577\/revisions"}],"wp:attachment":[{"href":"https:\/\/feminissima.de\/index.php\/wp-json\/wp\/v2\/media?parent=84577"}],"wp:term":[{"taxonomy":"category","embeddable":true,"href":"https:\/\/feminissima.de\/index.php\/wp-json\/wp\/v2\/categories?post=84577"},{"taxonomy":"post_tag","embeddable":true,"href":"https:\/\/feminissima.de\/index.php\/wp-json\/wp\/v2\/tags?post=84577"}],"curies":[{"name":"wp","href":"https:\/\/api.w.org\/{rel}","templated":true}]}}