{"id":84562,"date":"2006-07-30T16:57:16","date_gmt":"2006-07-30T16:57:16","guid":{"rendered":"http:\/\/www.feminissima.de\/?p=84562"},"modified":"2006-07-30T16:57:16","modified_gmt":"2006-07-30T16:57:16","slug":"asylrecht-ohne-rechte-fuer-die-asylsuchenden","status":"publish","type":"post","link":"https:\/\/feminissima.de\/index.php\/2006\/07\/30\/asylrecht-ohne-rechte-fuer-die-asylsuchenden\/","title":{"rendered":"ASYLRECHT ohne RECHTE f\u00fcr die Asylsuchenden"},"content":{"rendered":"<p>Anlass: Bericht im Berliner TAGESSPIEGEL von gestern, \u00fcber lediglich &#8222;Geduldete&#8220; in der zweiten Generation. Ein Bericht &#8211; viel zu harmlos, befand FEM..<br \/>gez\u00e4hmt, beflissen und ohne Bi\u00df &#8211; der deutsche Journalismus und was noch \u00fcbrig ist, davon &#8211; vom 29.7.06 &#8211; live text&#8230;<br \/>263334.<br \/>gestern: 1.564.<br \/>heute: 490.<\/p>\n<p>Es ist 18 Uhr 28 in Berlin.<\/p>\n<p>Ein Bericht, heute, im TAGESSPIEGEL,<br \/> als seien die Ausl\u00e4ndergesetze gottgegeben!<br \/>Ja,  da freuen sich die Menschen-Abschieber aber! <br \/>\u00dcber so artige Berichte!!<\/p>\n<p>Textstylistin Marion war gerade mal noch zugange&#8230;<br \/>Marenga war die Feder wild-geworden&#8230;.!<\/p>\n<p><\/p>\n<table width=\"100%\">\n<tr>\n<td style=\"background-image=url('images\/monet-heller.jpg')\"><font size=\"+1\"><\/p>\n<p>..Anlass, wieder einmal,<\/p>\n<p>eine &#8222;Berichterstattung&#8220; \u00fcber ein  &#8211; <\/p>\n<p>hochbrisantes Thema.<\/p>\n<p>Denn es geht um Menschen.<\/p>\n<p>Oder- wie der Titel im Berliner TAGESSPIEGEL,<br \/>wahrhaft schon vor Spannung berstend, verr\u00e4t:<\/p>\n<p>HEIMAT AUF WIDERRUF:    <\/p>\n<p>F\u00dcNF JUGENDLICHE UND DAS ASYLRECHT.<\/p>\n<p>gleich mehr &#8211; mal saven.<\/p>\n<p>Marenga mu\u00df erst mal, ehe sie vor Zorn \u00fcber die Sinnlos-Benutzung von Papier platzt,<br \/>um den Pudding rennen.<\/p>\n<p>DIESE UNMENSCH-PARAGRAPHEN &#8211; klar, die kippt keiner mehr,<\/p>\n<p>wenn denen im Sommerloch und l\u00e4ngst von allen guten Geistern verabschiedeten Rest-Gr\u00fcnen oder wie die mal hie\u00dfen,<\/p>\n<p>ja ,als politischer Donnerschlag in der Sommerloch-Lake<br \/> nur die Verl\u00e4ngerung der Siesta einf\u00e4llt,<br \/>da ist das Hirn auch schon wegged\u00f6st.<\/p>\n<p>Da interessiert sich doch keiner mehr um <\/p>\n<p>Menschen, schlechter gehalten als Tiere, <br \/>rechtlich,<br \/>wegen der Menschenverachtungs-Diktatur deutschen B\u00fcrokratentums &#8230;<\/p>\n<p>Ja, NECLA hatte sich konsequent verhalten:<br \/>Perfekt, im Sinne des deutschen Ausl\u00e4nderrechts!<\/p>\n<p>Sie hatte sich im Sommer 1997 in Hessen<br \/>vor ihrem 18. Geburtstag umgebracht.<\/p>\n<p>Weil sie nicht abgeschoben werden wollte.<br \/>Weil sie nicht arbeiten durfte.<br \/>Weil sie nichts lernen durfte.<br \/>Weil ihre Schule nun zu Ende war.<\/p>\n<p>WAS ALLES &#8222;GESETZE&#8220; SO WOLLTEN!!<\/p>\n<p>Im TAGESSPIEGEL klappert eine vielleicht<br \/> von den neuen Journalistenschulen (statt Studiums&#8230;)<br \/>getrimmte Nachwuchs-Journalistin,<br \/>so ist zu vermuten,<br \/>den \u00fcblichen Fragenkatalog ab,<br \/>den man ach-ja&#8230;Leute mit Gef\u00fchls-Niveau w\u00fcrden sich sch\u00e4men &#8211; <\/p>\n<p>&#8222;geduldeten&#8220; Familien in zweiter Generation bereits!!<\/p>\n<p>stellt, <\/p>\n<p>nach dem ultra-revolution\u00e4ren Frage-Schema der ARD-Auslandskorrespondenten:<\/p>\n<p>&#8222;Wie f\u00fchlen Sie sich denn,<br \/>wenn Ihnen die Israelis gerade das Haus unter dem Hintern weggebombt haben?&#8220;<\/p>\n<p>werden die jungen Leute, <br \/>die Kinder, bereits oder fast erwachsen,<br \/> vollj\u00e4hrig, <br \/>nun in zweiter Generation rechtlos &#8222;Geduldeten&#8220; abgefragt,<\/p>\n<p>was-sie- denken und wie- sie- sich f\u00fchlen.<\/p>\n<p>Klasse, bestens, gro\u00dfartig,<br \/>nicht wahr, werden sie sich f\u00fchlen!<br \/>Die Perspektivlosen!<br \/>Die Ruhelosen.<br \/>Die Freiwild-Menschen<br \/>Die per Gesetz SCHUTZLOSEN!<\/p>\n<p>Kritik am herrschenden Ausl\u00e4nderrecht??<\/p>\n<p>(Deises &#8222;Recht&#8220; kann nur aus einem Land kommen, das eine Nazi-Vergangenheit hat,<br \/> dieses sogenannte &#8222;Asyl-Recht&#8220;, das alles darstellt, nur kein Recht,  <br \/>und erst recht kein MENSCHENRECHT!!)<\/p>\n<p>Fehlanzeige.<\/p>\n<p>Es wurde keine einzige Silbe dar\u00fcber verloren.<\/p>\n<p>Ach so, der Redakteur hat das so bestimmt.<\/p>\n<p>Keine Analysen, kein eigenes Nachdenken, keine Vorschl\u00e4ge, erst recht keine Kritik!<\/p>\n<p>sondern \u00fcber MITLEID Wirkung erzielen.<\/p>\n<p>Damit sich was \u00e4ndert??<\/p>\n<p>Oder wie w\u00e4re der &#8222;Artikel&#8220; zu verstehen&#8230;????<\/p>\n<p>So lange alle so still halten, in Berlin,<br \/>ist auch nicht l\u00e4nger erstaunlich oder gar verwunderlich, <br \/>siehe weiter unten, dass der TR\u00c4NENPALAST durch einen zuf\u00e4lligen, ach-wirklich-so-dummen Fehler &#8211; !<\/p>\n<p>rein zuf\u00e4llig an einen Gro\u00dfinvestor verkauft wurde&#8230;und &#8211; <\/p>\n<p>typisch TAGESSPIEGEL:<\/p>\n<p>auch dar\u00fcber wird dann nur berichtet! <\/p>\n<p>Der &#8222;Fehler&#8220; der Einfachheit halber auch gleich apostrophiert mit \u00fcbernommen,<br \/>statt ihne zu kl\u00e4ren, <br \/>den Leser aufzukl\u00e4ren,<br \/>wom\u00f6glich  &#8211; oh!<br \/>einem echten Skandal der \u00fcblichen Art <br \/>auf die Spur zu geraten!<br \/>ohoh, doch blo\u00df das nicht!<\/p>\n<p>Blo\u00df nichts genauer! <\/p>\n<p>Nein, <br \/> lieber erst ganz und gar nichts&#8230; <br \/>nachrecherchiert.<\/p>\n<p>&#8222;Fehler&#8220; als Begriff und in G\u00e4nsef\u00fcsslein gesetzt &#8211; <br \/>halt einfach so..  als Zitat \u00fcbernommen, benutzt, und stehengelassen. <\/p>\n<p>Bravour\u00f6s!<\/p>\n<p>Das nennt man investigativsten Journalismus, wirklich!<\/p>\n<p>Saubere Arbeit, echt,<br \/> liebe TAGESSPIEGEL-LEUTE!<\/p>\n<p> Verst\u00e4ndlich,<br \/>warum der TAGESSPIEGEL vor allem Miese&#8230;erwirtschaftet.<\/p>\n<p>Das Ges\u00fclz-Gelaber&#8230;<\/p>\n<p>wer will das wirklich lesen,<br \/>au\u00dfer jenen, denen das dient?<\/p>\n<p>Da freuen sich wirklich alle, <br \/>die mit krummen Gesch\u00e4ften&#8230;&#8220;was zu sagen&#8220; haben&#8230;<br \/>Der TAGESSPIEGEL wird sie nicht daran hindern..oder behindern&#8230;<\/p>\n<p><\/td>\n<\/tr>\n<\/table>\n","protected":false},"excerpt":{"rendered":"<p>Anlass: Bericht im Berliner TAGESSPIEGEL von gestern, \u00fcber lediglich &#8222;Geduldete&#8220; in der zweiten Generation. Ein Bericht &#8211; viel zu harmlos, befand FEM..<\/p>\n","protected":false},"author":2,"featured_media":0,"comment_status":"closed","ping_status":"closed","sticky":false,"template":"","format":"standard","meta":{"footnotes":""},"categories":[13],"tags":[],"class_list":["post-84562","post","type-post","status-publish","format-standard","hentry","category-femmedien","entry"],"yoast_head":"<!-- This site is optimized with the Yoast SEO plugin v21.0 - https:\/\/yoast.com\/wordpress\/plugins\/seo\/ -->\n<title>ASYLRECHT ohne RECHTE f\u00fcr die Asylsuchenden - Feminissima<\/title>\n<meta name=\"robots\" content=\"index, follow, max-snippet:-1, max-image-preview:large, max-video-preview:-1\" \/>\n<link rel=\"canonical\" href=\"https:\/\/feminissima.de\/index.php\/2006\/07\/30\/asylrecht-ohne-rechte-fuer-die-asylsuchenden\/\" \/>\n<meta property=\"og:locale\" content=\"de_DE\" \/>\n<meta property=\"og:type\" content=\"article\" \/>\n<meta property=\"og:title\" content=\"ASYLRECHT ohne RECHTE f\u00fcr die Asylsuchenden - Feminissima\" \/>\n<meta property=\"og:description\" content=\"Anlass: Bericht im Berliner TAGESSPIEGEL von gestern, \u00fcber lediglich &quot;Geduldete&quot; in der zweiten Generation. Ein Bericht - viel zu harmlos, befand FEM..\" \/>\n<meta property=\"og:url\" content=\"https:\/\/feminissima.de\/index.php\/2006\/07\/30\/asylrecht-ohne-rechte-fuer-die-asylsuchenden\/\" \/>\n<meta property=\"og:site_name\" content=\"Feminissima\" \/>\n<meta property=\"article:published_time\" content=\"2006-07-30T16:57:16+00:00\" \/>\n<meta name=\"author\" content=\"admin\" \/>\n<meta name=\"twitter:card\" content=\"summary_large_image\" \/>\n<meta name=\"twitter:label1\" content=\"Verfasst von\" \/>\n\t<meta name=\"twitter:data1\" content=\"admin\" \/>\n\t<meta name=\"twitter:label2\" content=\"Gesch\u00e4tzte Lesezeit\" \/>\n\t<meta name=\"twitter:data2\" content=\"3\u00a0Minuten\" \/>\n<script type=\"application\/ld+json\" class=\"yoast-schema-graph\">{\"@context\":\"https:\/\/schema.org\",\"@graph\":[{\"@type\":\"WebPage\",\"@id\":\"https:\/\/feminissima.de\/index.php\/2006\/07\/30\/asylrecht-ohne-rechte-fuer-die-asylsuchenden\/\",\"url\":\"https:\/\/feminissima.de\/index.php\/2006\/07\/30\/asylrecht-ohne-rechte-fuer-die-asylsuchenden\/\",\"name\":\"ASYLRECHT ohne RECHTE f\u00fcr die Asylsuchenden - Feminissima\",\"isPartOf\":{\"@id\":\"https:\/\/feminissima.de\/#website\"},\"datePublished\":\"2006-07-30T16:57:16+00:00\",\"dateModified\":\"2006-07-30T16:57:16+00:00\",\"author\":{\"@id\":\"https:\/\/feminissima.de\/#\/schema\/person\/0b901e053624f88e7ecbea289d9d5128\"},\"breadcrumb\":{\"@id\":\"https:\/\/feminissima.de\/index.php\/2006\/07\/30\/asylrecht-ohne-rechte-fuer-die-asylsuchenden\/#breadcrumb\"},\"inLanguage\":\"de\",\"potentialAction\":[{\"@type\":\"ReadAction\",\"target\":[\"https:\/\/feminissima.de\/index.php\/2006\/07\/30\/asylrecht-ohne-rechte-fuer-die-asylsuchenden\/\"]}]},{\"@type\":\"BreadcrumbList\",\"@id\":\"https:\/\/feminissima.de\/index.php\/2006\/07\/30\/asylrecht-ohne-rechte-fuer-die-asylsuchenden\/#breadcrumb\",\"itemListElement\":[{\"@type\":\"ListItem\",\"position\":1,\"name\":\"Startseite\",\"item\":\"https:\/\/feminissima.de\/\"},{\"@type\":\"ListItem\",\"position\":2,\"name\":\"ASYLRECHT ohne RECHTE f\u00fcr die Asylsuchenden\"}]},{\"@type\":\"WebSite\",\"@id\":\"https:\/\/feminissima.de\/#website\",\"url\":\"https:\/\/feminissima.de\/\",\"name\":\"Feminissima\",\"description\":\"\",\"potentialAction\":[{\"@type\":\"SearchAction\",\"target\":{\"@type\":\"EntryPoint\",\"urlTemplate\":\"https:\/\/feminissima.de\/?s={search_term_string}\"},\"query-input\":\"required name=search_term_string\"}],\"inLanguage\":\"de\"},{\"@type\":\"Person\",\"@id\":\"https:\/\/feminissima.de\/#\/schema\/person\/0b901e053624f88e7ecbea289d9d5128\",\"name\":\"admin\",\"image\":{\"@type\":\"ImageObject\",\"inLanguage\":\"de\",\"@id\":\"https:\/\/feminissima.de\/#\/schema\/person\/image\/\",\"url\":\"https:\/\/secure.gravatar.com\/avatar\/8da1f51327453c0bf63338e8e2a791948b7d2ac19b68839492d1e69aac6924a8?s=96&d=mm&r=g\",\"contentUrl\":\"https:\/\/secure.gravatar.com\/avatar\/8da1f51327453c0bf63338e8e2a791948b7d2ac19b68839492d1e69aac6924a8?s=96&d=mm&r=g\",\"caption\":\"admin\"},\"url\":\"https:\/\/feminissima.de\/index.php\/author\/admin\/\"}]}<\/script>\n<!-- \/ Yoast SEO plugin. -->","yoast_head_json":{"title":"ASYLRECHT ohne RECHTE f\u00fcr die Asylsuchenden - Feminissima","robots":{"index":"index","follow":"follow","max-snippet":"max-snippet:-1","max-image-preview":"max-image-preview:large","max-video-preview":"max-video-preview:-1"},"canonical":"https:\/\/feminissima.de\/index.php\/2006\/07\/30\/asylrecht-ohne-rechte-fuer-die-asylsuchenden\/","og_locale":"de_DE","og_type":"article","og_title":"ASYLRECHT ohne RECHTE f\u00fcr die Asylsuchenden - Feminissima","og_description":"Anlass: Bericht im Berliner TAGESSPIEGEL von gestern, \u00fcber lediglich \"Geduldete\" in der zweiten Generation. Ein Bericht - viel zu harmlos, befand FEM..","og_url":"https:\/\/feminissima.de\/index.php\/2006\/07\/30\/asylrecht-ohne-rechte-fuer-die-asylsuchenden\/","og_site_name":"Feminissima","article_published_time":"2006-07-30T16:57:16+00:00","author":"admin","twitter_card":"summary_large_image","twitter_misc":{"Verfasst von":"admin","Gesch\u00e4tzte Lesezeit":"3\u00a0Minuten"},"schema":{"@context":"https:\/\/schema.org","@graph":[{"@type":"WebPage","@id":"https:\/\/feminissima.de\/index.php\/2006\/07\/30\/asylrecht-ohne-rechte-fuer-die-asylsuchenden\/","url":"https:\/\/feminissima.de\/index.php\/2006\/07\/30\/asylrecht-ohne-rechte-fuer-die-asylsuchenden\/","name":"ASYLRECHT ohne RECHTE f\u00fcr die Asylsuchenden - Feminissima","isPartOf":{"@id":"https:\/\/feminissima.de\/#website"},"datePublished":"2006-07-30T16:57:16+00:00","dateModified":"2006-07-30T16:57:16+00:00","author":{"@id":"https:\/\/feminissima.de\/#\/schema\/person\/0b901e053624f88e7ecbea289d9d5128"},"breadcrumb":{"@id":"https:\/\/feminissima.de\/index.php\/2006\/07\/30\/asylrecht-ohne-rechte-fuer-die-asylsuchenden\/#breadcrumb"},"inLanguage":"de","potentialAction":[{"@type":"ReadAction","target":["https:\/\/feminissima.de\/index.php\/2006\/07\/30\/asylrecht-ohne-rechte-fuer-die-asylsuchenden\/"]}]},{"@type":"BreadcrumbList","@id":"https:\/\/feminissima.de\/index.php\/2006\/07\/30\/asylrecht-ohne-rechte-fuer-die-asylsuchenden\/#breadcrumb","itemListElement":[{"@type":"ListItem","position":1,"name":"Startseite","item":"https:\/\/feminissima.de\/"},{"@type":"ListItem","position":2,"name":"ASYLRECHT ohne RECHTE f\u00fcr die Asylsuchenden"}]},{"@type":"WebSite","@id":"https:\/\/feminissima.de\/#website","url":"https:\/\/feminissima.de\/","name":"Feminissima","description":"","potentialAction":[{"@type":"SearchAction","target":{"@type":"EntryPoint","urlTemplate":"https:\/\/feminissima.de\/?s={search_term_string}"},"query-input":"required name=search_term_string"}],"inLanguage":"de"},{"@type":"Person","@id":"https:\/\/feminissima.de\/#\/schema\/person\/0b901e053624f88e7ecbea289d9d5128","name":"admin","image":{"@type":"ImageObject","inLanguage":"de","@id":"https:\/\/feminissima.de\/#\/schema\/person\/image\/","url":"https:\/\/secure.gravatar.com\/avatar\/8da1f51327453c0bf63338e8e2a791948b7d2ac19b68839492d1e69aac6924a8?s=96&d=mm&r=g","contentUrl":"https:\/\/secure.gravatar.com\/avatar\/8da1f51327453c0bf63338e8e2a791948b7d2ac19b68839492d1e69aac6924a8?s=96&d=mm&r=g","caption":"admin"},"url":"https:\/\/feminissima.de\/index.php\/author\/admin\/"}]}},"jetpack_featured_media_url":"","_links":{"self":[{"href":"https:\/\/feminissima.de\/index.php\/wp-json\/wp\/v2\/posts\/84562","targetHints":{"allow":["GET"]}}],"collection":[{"href":"https:\/\/feminissima.de\/index.php\/wp-json\/wp\/v2\/posts"}],"about":[{"href":"https:\/\/feminissima.de\/index.php\/wp-json\/wp\/v2\/types\/post"}],"author":[{"embeddable":true,"href":"https:\/\/feminissima.de\/index.php\/wp-json\/wp\/v2\/users\/2"}],"replies":[{"embeddable":true,"href":"https:\/\/feminissima.de\/index.php\/wp-json\/wp\/v2\/comments?post=84562"}],"version-history":[{"count":0,"href":"https:\/\/feminissima.de\/index.php\/wp-json\/wp\/v2\/posts\/84562\/revisions"}],"wp:attachment":[{"href":"https:\/\/feminissima.de\/index.php\/wp-json\/wp\/v2\/media?parent=84562"}],"wp:term":[{"taxonomy":"category","embeddable":true,"href":"https:\/\/feminissima.de\/index.php\/wp-json\/wp\/v2\/categories?post=84562"},{"taxonomy":"post_tag","embeddable":true,"href":"https:\/\/feminissima.de\/index.php\/wp-json\/wp\/v2\/tags?post=84562"}],"curies":[{"name":"wp","href":"https:\/\/api.w.org\/{rel}","templated":true}]}}