{"id":84561,"date":"2006-07-30T16:53:26","date_gmt":"2006-07-30T16:53:26","guid":{"rendered":"http:\/\/www.feminissima.de\/?p=84561"},"modified":"2006-07-30T16:53:26","modified_gmt":"2006-07-30T16:53:26","slug":"30-7-06-deutschland-tief-in-der-reaktion-israel-im-waffenrausch","status":"publish","type":"post","link":"https:\/\/feminissima.de\/index.php\/2006\/07\/30\/30-7-06-deutschland-tief-in-der-reaktion-israel-im-waffenrausch\/","title":{"rendered":"30.7.06 Deutschland tief in der Reaktion &#038; Israel im Waffenrausch"},"content":{"rendered":"<p>&#8230;wir sind bald alle irgendwie berufslos, oder und die BA k\u00fcrzt weiter und weiter und die Bomben fallen weiter und weiter auf den armen Libanon&#8230;Text spontan aus einem fr\u00fchen Sonntagmorgen, der letzte in diesem Jahr&#8230;.der 30. Juli 2006 &#8211; drau\u00dfen wieder Schw\u00fcle und die Leut sagen, es war der hei\u00dfeste Juli \u00fcberhaupt&#8230;stimmt. In vielfacher Hinsicht &#8211; <\/p>\n<p>Der vollst\u00e4ndige Titel: Deutschland tief in der Reaktion, sein embeddes Journalismus und Israel begeht V\u00f6lkermord..<br \/>********Ungeachtet des Vermittlungs-Besuchs von Condoleeza Rice, der US-Au\u00dfenministerin in Israel &#8211; feuern die Israelis aus allen Rohren weiter, verpulvern damit auch die allerletzten Sympathien, weltweit:<br \/>Neue Angriffe der Israelis auf ziviel H\u00e4user im S\u00fcden Libanons.***<br \/>\u00dcber 40 Tote&#8230;in den Tr\u00fcmmern eines einzigen Hauses.<br \/>Insgesamt hat der Krieg \u00fcber 600 Menschen im Libanon das Leben gekostet, vor allem Kinder&#8230;und die Zahl der Verletzten wird offenbar verschwiegen&#8230;Es ist jetzt 8 Uhr 12 a. m. in Berlin.<br \/>Guten Morgen.<\/p>\n<p>Last page view: 263686<br \/>heute: 277<\/p>\n<p><\/p>\n<table width=\"100%\">\n<tr>\n<td style=\"background-image=url('images\/monet-heller.jpg')\"><font size=\"+1\"><\/p>\n<p>Guten Morgen. Gleich mehr. Es ist 4 Uhr 30 in Berlin.<\/p>\n<p>_____<\/p>\n<p>Ja.<br \/>Einmal ganz tief Luft holen.<br \/>Und loslegen.<br \/>Womit?<br \/>Mit dem Denken, was sonst!<\/p>\n<p>Hold on!<br \/>Drissy spitzt gerade noch ein wenig am Stift herum,<br \/>die meisten sind leergeschrieben,<br \/>sie braucht dringend neue.<\/p>\n<p>Sie greift ungeduldig den erstbesten heraus, <br \/>der noch zu schreiben scheint.<\/p>\n<p>Keine farbliche Abstimmung.<br \/>Einfach drauflos.<\/p>\n<p>Schnell ein paar Skizzen.<br \/>Ehe alles wieder verblasst.<br \/>Die F\u00fclle des Beobachteten hinweggesp\u00fclt wird von den t\u00e4gichen Wogen des &#8222;Neuen&#8220; &#8211; <br \/>das oft gar nichts Neues ist&#8230;<br \/>und du alles wieder vom Vortag vergi\u00dft.<br \/>Was sicher auch beabsichtigt ist.<br \/>\u00b4News-M\u00fcll in Zeiten schlechten Journalismus ist noch schlimmer, you know&#8230;!<\/p>\n<p>Gestern:<\/p>\n<p>Die Hetz-BILD mit der Volksverhetzungs-Struktur:<\/p>\n<p>&#8222;300.000 HARTZ IV BEZIEHER haben noch nie in ihrem Leben gearbeitet&#8220;.<\/p>\n<p>Nat\u00fcrlich setzt BILD ein Ausrufezeichen danach.<\/p>\n<p>NA UND?<br \/>Antwortet FEMINISSIMA &#8211; <\/p>\n<p>&#8222;Es sind wohl die fr\u00fcheren Sozialhilfe-Empf\u00e4ngerInnen &#8211; <br \/>wohl \u00fcberwiegend Alte, Gebrechliche und ALLEINERZIEHENDE M\u00dcTTER!!&#8220;<\/p>\n<p>(Und kann Leben ohne Arbeit nicht auch wundervoll sein?<br \/>Die Reichen &#8211; arbeiten die etwa?<br \/>Die lassen doch lieber andere arbeiten&#8230;!)<\/p>\n<p>Zwei Ausrufezeichen!!<\/p>\n<p>Als es die Sozialhilfe noch gab.<\/p>\n<p>Die auch Hilfe zur Selbsthilfe hie\u00df.<br \/>Oder \u00dcberlebenshilfe.<br \/>Mehr war es kaum.<br \/>Nein, es war schon immer weit zu wenig.<\/p>\n<p>Und dann schufen arg-beherzte M\u00e4nner, einer davon hie\u00df Peter Hartz, <br \/>der gerade von der Staatsanwaltschaft unter die Lupe genommen wird,<\/p>\n<p>HARTZ IV! <\/p>\n<p>Und HARTZ IV ist das Schlimmste, <br \/>was Deutschland au\u00dfer seiner F\u00fchrergl\u00e4ubigkeit seither passiert ist.<\/p>\n<p>Ein von einem post-nazi-Geist gepr\u00e4gtes &#8222;Gesetz&#8220;,<br \/> das Menschen-und-Nichtmenschen schafft&#8230;<\/p>\n<p>indem es sie <br \/>in-erste-und-zweite-und-dritte-Klasse-aufteilt: <br \/>Die A-Klasse, nicht wahr:<br \/>Arme, Alte, Arbeitslose&#8230;<\/p>\n<p>Vom Ungeist gepr\u00e4gte &#8222;Gesetze&#8220;, <br \/>die Lebensentw\u00fcrfe zerst\u00f6rt und vernichtet haben. <\/p>\n<p>Bei gleichzeitig t\u00e4glich anwachsendem Stellenabbau, <br \/>wie die mutwillige Vernichtung von Arbeitspl\u00e4tzen so freundilch, <br \/>so camouflierend, von einer embedded Presse bezeichnet wird.<\/p>\n<p>Ein feines Gesetz, ein \u00fcber-den-Kamm-scher-Gesetz, das so arg-bitter an die Vergangenheit dieses Landes erinnert.<\/p>\n<p>Weil es keine Ausnahmen,<br \/>keine menschliche &#8222;Einzelfallhilfe&#8220; (B\u00fcrokratensprache) mehr gibt.<br \/>Nirgends.<\/p>\n<p>Der zwangs-verwaltete Mensch aus deutscher Machart-Beh\u00f6rden-Sicht<br \/>lediglich eine <br \/>FALLPAUSCHALE darstellt,<br \/>wie im Krankenhaus, l\u00e4ngst, <br \/>und das Geld nicht f\u00fcr die Kranken zerrinnt, <br \/>sondern in die Bl\u00e4h-Verwaltungen flie\u00dft..<\/p>\n<p>Der sch\u00f6ne neudeutsche Mensch:<\/p>\n<p>genormt, geeicht, zwangsverarmt, verwaltet.<\/p>\n<p>Das HETZ-BLATT &#8222;BILD&#8220; &#8211; <\/p>\n<p>nein, nicht von ungef\u00e4hr,<\/p>\n<p>hier sekundiert das freundliche Massenblatt dem reaktion\u00e4ren Deutschland &#8211;<\/p>\n<p>nein, vertritt sicher nicht Volkes Stimme,<\/p>\n<p>sondern Regierungsstimme.<\/p>\n<p>Wer aber ist &#8222;Regierung?&#8220;<\/p>\n<p>Bei ROT-GR\u00dcN waren es Industrie und die Lobbyisten hoch drei.<\/p>\n<p>Was ROT-GR\u00dcN angez\u00fcndelt und festgezurrt hat,<\/p>\n<p>vollstrecken jetzt willig die hinter-Grau-Mauer-Menschen, <br \/>die jetzt in einer schicken Wort-Laube namens &#8222;Agentur&#8220; sitzen,<br \/>aber doch in Wirklichkeit die kafkaeske Bundesanstalt f\u00fcr Arbeit repr\u00e4sentieren und damit vor allem andere repressieren.<\/p>\n<p>Denn &#8211; da ja <br \/>\ndie aktuelle Regierung auch nicht regierungsf\u00e4hig ist,<br \/>wie auch,<br \/>woher auch,<\/p>\n<p>haben auch hier wieder andere l\u00e4ngst das Zepter \u00fcbernommen:<\/p>\n<p>Aktuell die &#8222;BA,&#8220; <br \/>die f\u00fcr millionenschweres Beraterhonorar in &#8222;Bundesagentur f\u00fcr Arbeit&#8220; umgetaufte, <br \/>in Wirklichkeit aber die alte, bitterb\u00f6se Bundesanstalt f\u00fcr Arbeit &#8211; <\/p>\n<p>die zwar keine Abeitspl\u00e4tze vermittelt,<br \/>aber daf\u00fcr Nenschen zerkrittelt, zerm\u00fcrbt, zersiebt  &#8211; <br \/>und sich an der Armut labt &#8211; <\/p>\n<p>in Milliarden schwimmt,<br \/>die den durch HARTZ IV Zwangsverarmten abgekn\u00f6pft wurden und werden,<\/p>\n<p>durch die <br \/>(ungesetzliche! wie FEMINISSIMA nonstop meint)<br \/>Abschaffung der Arbeitslosenhilfe &#8211; <\/p>\n<p>fast immer h\u00f6her als die Einheits-Nicht-\u00dcberlebens-St\u00fctze &#8222;HARTZ IV&#8220; &#8211; <\/p>\n<p>sonst w\u00e4re sie ja nicht abgeschafft worden&#8230;.<\/p>\n<p>und &#8211; <br \/>schon vergessen?<\/p>\n<p>die drastische Verk\u00fcrzung des Arbeitslosengeldes,<\/p>\n<p>heute AlG I &#8230;.genannt.<\/p>\n<p>Von fr\u00fcher einmal drei (3) Jahren auf ein Jahr, l\u00e4ngstens auf eineinhalb Jahre fix-und-wesch &#8211; verk\u00fcrzt.<br \/>Arbeitslosenversicherung?<br \/>Als Zwangsabgabe der Lohnsteuer?<br \/>\u00dcber Jahrzehnte zwangseingezahlt?<\/p>\n<p>Na und &#8211; wen interessiert das?<br \/>In einer Diktatur interessiert das keinen.<\/p>\n<p>Unger\u00fchrt fragte daher dieser Tage die deutsche embedded Presse:<\/p>\n<p>&#8222;Was machen mit all dem sch\u00f6nen Geld?&#8220;<br \/>(Eine FREIE PRESSE H\u00c4TTE ERG\u00c4NZT: &#8222;Das den Arbeitslosen abgekn\u00f6pft worden ist?!&#8220;<\/p>\n<p>schon ganz im Stil der Regierenden.<\/p>\n<p>Nicht mit dem Ausruf der Emp\u00f6rung<\/p>\n<p>&#8222;DAS ist das Geld, das den Deutschen gesetzlich legal&#8230;gestohlen worden ist! <\/p>\n<p>(&#8222;fr\u00fcher bezeichnete das Wort &#8222;arisiert&#8220; die Zwangsenteignung durch den deutschen Staat jedweden j\u00fcdischen Eigentums, danach folgte dann der Tod, der damit bezahlt wurde&#8230;.., <br \/>es war so teuer maschinell zu morden, you know&#8230;auch bei der &#8222;Arisierung&#8220; konnte man sich auf ein &#8222;Gesetz&#8220; berufen..)<\/p>\n<p>&#8222;Es ist die ARMUT DER DEUTSCHEN, <br \/>das ihnen gestohlene Geld,<br \/>das nun  ALS rollendes und milliardenschweres KAPITAL INS SPIELGELD-KABINETT GESP\u00dcLT WERDEN SOLL!&#8220;<\/p>\n<p>Nein.<br \/>Keine Emp\u00f6rung.<br \/>Mitnichten.<\/p>\n<p>Jedoch, und nun watch it:<\/p>\n<p>Flankierend, harmlos, aber dennoch auff\u00e4llig,<br \/>weil eigentlich \u00fcberhaupt als einziges Medium einen Zusammenhang zwischen millionenfacher KinderArmut und HARTZ IV herstellend&#8230;.,<\/p>\n<p>griff das ZDF (Heute-Journal) zu dem \u00fcblichen noch&#8230;erlaubten Hilfsmittel-Zaubermittel-Hilfsgriff<br \/> gez\u00e4hmter und zensierter Journalisten:<\/p>\n<p>Man zitiert die CARITAS oder den KINDERSCHUTZBUND (oder auf internationaler Ebene Unicef&#8230;.wenn es um das Kindermorden durch die Israelis im Libanon geht, aber dazu gleich&#8230;.!!).<\/p>\n<p>Man bem\u00fcht also und bedient sich der Feststellungen der karitativen Verb\u00e4nde,<br \/>um ein krasses Elend,<br \/>ein bestehendes Unrecht per Recht in einem sogenannten &#8222;Rechtsstaat&#8220; \u00fcberhaupt benennen zu k\u00f6nnen und &#8230;zu d\u00fcrfen&#8230;<\/p>\n<p>Nun hat die nette BA nachgelegt:<\/p>\n<p>Es soll weiter DRASTISCH GEK\u00dcRZT UND EINGESPART WERDEN,<br \/>am maladen Kunden Mensch, <br \/>der Couleur, <br \/>des Stempels &#8222;arbeits-los&#8220;.<\/p>\n<p>Nach dem Motto &#8211; das Sklavenzeitalter ist vorbei &#8211; <br \/>es lebe das Sklaven-Zeitalter.<br \/>Deutschland als Zerkleinerungsmaschine schon immer prospektiv,<br \/> ist da der F\u00fchrer&#8230;europaweit, <br \/>mit HARTZ IV weltweit&#8230;<\/p>\n<p>wenn es darum geht, stolz sich in die Brust zu werfen:<\/p>\n<p>&#8222;Schaut her, wie wir Menschen vernichten k\u00f6nnen!&#8220;<\/p>\n<p>Gleich mehr &#8211; this is your online-live programme von Berlin: <br \/>05:12 Uhr <\/p>\n<p>Die Rolle der Arbeits\u00e4mter in der Nazi-Zeit &#8211; damit m\u00fc\u00dftet Ihr Euch einmal ein wenig n\u00e4her besch\u00e4ftigen &#8211; <br \/>wie perfekt sie die Zwangsarbeiter &#8230;eingesetzt haben.<\/p>\n<p>(Dar\u00fcber berichtet FEMINISSIMA an anderer Stelle mehr&#8230;aber nicht heute ).<\/p>\n<p>Mal just saven!<br \/>Bleibt dran, if you want to!<\/p>\n<p>Denn wir sind ja gerade beim Anfang &#8211; des Textes&#8230;der Beobachtungen..<\/p>\n<p>***Es ist nach der Korrektur der Tippfehler und \u00dcberarbeitung des live-Textes inzwischen 05:47  &#8211; bis gleich!<\/p>\n<p>Das macht dich so fertig.<br \/>Erst mal einen Kaffee, ehe es weitergeht:<\/p>\n<p>Die MANIPULATEN durch die ARD- TAGESTHEMEN &#8211; gestern Abend &#8211; <\/p>\n<p>wie (fast gar nicht)(und wie verhalten und Ton kleiner gestellt)<\/p>\n<p>\u00fcber die von den Israelis bereits vor 14 Tagen verursachten Umweltkatastrophe, die sich nun nicht l\u00e4nger verheimlichen l\u00e4sst (siehe Text von gestern bei FEM)<\/p>\n<p> &#8211; <\/p>\n<p>&#8222;Waffenstillstand oder Feuerpause&#8220;<\/p>\n<p>Die Wort-Nuancierungen in einem Krieg,<\/p>\n<p>den nicht nur wie manipulierend von der ARD dann mit Foto gezeigt,<br \/>die vom Westen zur Achse des B\u00f6sen &#8230;hochstilisierten&#8230;dazu geh\u00f6rt jetzt ja auch Bolivien, weil es einen linken Pr\u00e4sidenten hat&#8230;der die USA bzw. BUSHs Politik nicht wirklich goutiert,<\/p>\n<p>es sind also nicht nur diese Leute, die ISRAEL offen des Genocids bezichtigen und zwar genau nach der Machart von Nazi-Deutschland fr\u00fcher:<\/p>\n<p>Dies wirft das n\u00e4chste THEMA dann auf &#8211; ein Mitscherliches-psychoanalytisches Thema &#8211; <\/p>\n<p>&#8222;Die Unf\u00e4higkeit zu trauern..&#8220;<\/p>\n<p>Oder &#8211; wenn das Opfer selbst zur\u00fcckschl\u00e4gt.<\/p>\n<p>&#8222;Geschlagene Jungs wurden sp\u00e4ter oft zu Gewaltt\u00e4tern&#8220;&#8230;<\/p>\n<p>arbeitet sich also Israel, wie FEM es mehrfach formulierte &#8211; am Libanon ab, anstatt an Germany.<\/p>\n<p>F\u00fcr das, was Deutschland seinen Leuten angetan hat.<\/p>\n<p>Polly schlug vor: Israel solle lieber in Deutschland einmarschieren.<\/p>\n<p>Das bes\u00e4\u00dfe eine Logik, die JEDER verstehen k\u00f6nne.<\/p>\n<p>Und f\u00fcr die es sicher Verst\u00e4ndnis g\u00e4be.<\/p>\n<p>Bis nachher.<\/p>\n<p>Hier herrscht keine Zensur.<br \/>Nur die Selbstzensur&#8230;<\/p>\n<p>_______<\/p>\n<p>Frisch gest\u00e4rkt durch ein paar schwarze Tassen Kaffees,<br \/>auch in Dosenmilch ist Milch, <br \/>liebe VeganerInnen, und auch in Speise-Eis und Schokolade,<br \/>Butter ja auch.<br \/>Also jede Menge Milch \u00fcberall, Vorsicht also !<\/p>\n<p>\nDass Deutschland in den Krieg im Nahen Osten involviert ist, <br \/>es g\u00e4be vielleicht keinen Krieg im Nahen Osten ohne Deutschlands Vernichtungsmaschinerie, <br \/>die sich hinter inzwischen einem englischen Wort namens HOLOCAUST verbirgt, <br \/>klingt schon irgendwie weiter weg,<br \/> als AUSROTTUNG oder V\u00d6LKERMORD,<br \/>vor allem f\u00fcr jene, die keine Fremdsprachen k\u00f6nnen&#8230;<\/p>\n<p>Die Involviertheit zeigt sich immer zuerst an der Presse-Zensur.<\/p>\n<p>Die Macht der Bilder eind\u00e4mmen!<\/p>\n<p>Scheint die augegebene Losung bei der ARD zu sein:<\/p>\n<p>Das konntest du gestern Abend bildreich&#8230;er-leben:<\/p>\n<p>Wie ein Sprung in der H\u00f6rmuschel?<br \/>Nein, ganz offenbar waren die Aussteuerung der Lautst\u00e4rke nach unten, <br \/>eine pl\u00f6tzlich undeutlichere Aussprache der Nachrichtensprecherin,<br \/>keine Sinnest\u00e4uschung.<\/p>\n<p>Die diffuse Totale der \u00f6lverpesteten Bucht vor Beirut, als Bildregie &#8211; <\/p>\n<p>die jedes Close Up vermied,<\/p>\n<p>um die verheerende \u00d6lpest blo\u00df nicht in nah und gro\u00df zu zeigen, <br \/>eine \u00d6lpest, verursacht durch Israels Bombardement einer \u00d6l-Raffinerie&#8230;<br \/>Und ein drittes Merkmal der Manipulation:<\/p>\n<p>Von  den Zahlen ..w\u00e4hlten die TAGESTHEMEN-REDAKTEURE den niedrigsten Sch\u00e4tzwert aus&#8230;wieviele tausend Liter \u00d6l ins Meer geflossen sind&#8230;inzwischen&#8230;und..wir erst jetzt &#8230;davon erfahren&#8230;<\/p>\n<p>(siehe Text von gestern: gr\u00f6\u00dfte Umweltkatastrophe im Libanon).<\/p>\n<p>WIE GUT, DASS ES INTERNET GIBT&#8230;&#8230;!<\/p>\n<p>In diesen Zeiten und sowieso.<\/p>\n<p>Bleibt wach!<\/p>\n<p>\u00dcbrigens, zwei Anmerkungen noch rasch:<\/p>\n<p>Kein Zufall, <br \/>dass nur gerade mal knapp an die 500 Menschen zusammenkamen, in Berlin,<br \/>als j\u00fcdische Gruppen zu einer Demonstration PRO Israel aufriefen.<\/p>\n<p>Denn Mitlaufen h\u00e4tte die Billigung des Vorgehens der israelischen Super-Gau-Rambos im Libanon stillschweigend impliziert &#8211; <\/p>\n<p>und das wollten die Berliner offenbar nicht.<\/p>\n<p>So, wie es israelische Korrespondenten in Berlin l\u00e4ngst erkannt<br \/>und formuliert haben, <br \/>in der deutschen Presse (wohl wieder als Alibi-Funktion, weil deutsche Journalisten das nicht d\u00fcrfen)<\/p>\n<p>(aber sie,<\/p>\n<p>die israelischen Journalisten, Korrespondenten im Ausland,<br \/> sind ja auch keine Milit\u00e4rs und keine &#8222;Politiker&#8220;,<br \/> ..sie d\u00fcrfen also denken &#038; f\u00fchlen und sogar schreiben, wenigstens im Ausland ):<\/p>\n<p>&#8222;Israel sollte mit dem Bomben aufh\u00f6ren,<br \/>hat medial l\u00e4ngst den Krieg verloren und weltweit Sympathien dazu&#8220;.<\/p>\n<p>Sinngem\u00e4\u00df.<\/p>\n<p>Siehe FEM-Texte weiter unten oder die letzten Tage.<\/p>\n<p>UND NOCH EINE ANMERKUNG:<\/p>\n<p>Also doch!<br \/>Vor Tagen bereits ging das Ger\u00fccht um.<br \/>Joschka Fischer, bei ROT-GR\u00dcN Bundesau\u00dfenminister,<br \/>und seit seinem Ausscheiden aus der Regierungs-Politik <br \/>zeigte sich auch, <br \/>was von den GR\u00dcNEN \u00fcbrigblieb &#8211; nichts&#8230;<\/p>\n<p>Was viel \u00fcber vieles aussagt&#8230;<\/p>\n<p>Aber vielleicht auch \u00fcber das Ende eines Zeitgeistes, <br \/>der sowieso nicht hielt,<br \/> was er versprach&#8230;, sondern die Reaktion einl\u00e4utete!<\/p>\n<p>JETZT ALSO FLIEGT JOSCHKA FISCHER ALS VERMITTLER IN DEN NAHEN OSTEN.<\/p>\n<p>Vordergr\u00fcndig h\u00e4lt er irgendwo dort ein Referat&#8230;<\/p>\n<p>In seiner neuen Rolle.<\/p>\n<p> Die alte l\u00e4ngst im Museum. <\/p>\n<p>Vom &#8222;Protest aufs Podest&#8220; formulierte witzig dieser Tage ..war es die S\u00fcddeutsche?<\/p>\n<p>Jedenfalls schon mal in Havard-Pose in den Nahen Osten.<br \/>Kann nichts schaden.<\/p>\n<p>Ja, Steinmeier k\u00f6nnte es wirklich nicht richten.<\/p>\n<p>Er wirkt zunehmend hilfloser.<\/p>\n<p>Zensur??<\/p>\n<p>Derzeit regiert die USA ja wieder einmal:<\/p>\n<p>als Schutzpatron Israels.<\/p>\n<p>Daher darf Israel auch (noch) ungestraft einfach feste-druff-weiter-bomben-bomben-bomben&#8230;<br \/>&#8230;mit Waffen beliefert &#038; best\u00fcckt..<\/p>\n<p>death sells! <\/p>\n<p>von den USA.<\/p>\n<p><\/p>\n","protected":false},"excerpt":{"rendered":"<p>&#8230;wir sind bald alle irgendwie berufslos, oder und die BA k\u00fcrzt weiter und weiter und die Bomben fallen weiter und weiter auf den armen Libanon&#8230;Text spontan aus einem fr\u00fchen Sonntagmorgen, der letzte in diesem Jahr&#8230;.der 30. Juli 2006 &#8211; drau\u00dfen wieder Schw\u00fcle und die Leut sagen, es war der hei\u00dfeste Juli \u00fcberhaupt&#8230;stimmt. In vielfacher Hinsicht &#8211; <\/p>\n<p>Der vollst\u00e4ndige Titel: Deutschland tief in der Reaktion, sein embeddes Journalismus und Israel begeht V\u00f6lkermord..<\/p>\n","protected":false},"author":2,"featured_media":0,"comment_status":"closed","ping_status":"closed","sticky":false,"template":"","format":"standard","meta":{"footnotes":""},"categories":[7],"tags":[],"class_list":["post-84561","post","type-post","status-publish","format-standard","hentry","category-femberuf","entry"],"yoast_head":"<!-- This site is optimized with the Yoast SEO plugin v21.0 - https:\/\/yoast.com\/wordpress\/plugins\/seo\/ -->\n<title>30.7.06 Deutschland tief in der Reaktion &amp; Israel im Waffenrausch - Feminissima<\/title>\n<meta name=\"robots\" content=\"index, follow, max-snippet:-1, max-image-preview:large, max-video-preview:-1\" \/>\n<link rel=\"canonical\" href=\"https:\/\/feminissima.de\/index.php\/2006\/07\/30\/30-7-06-deutschland-tief-in-der-reaktion-israel-im-waffenrausch\/\" \/>\n<meta property=\"og:locale\" content=\"de_DE\" \/>\n<meta property=\"og:type\" content=\"article\" \/>\n<meta property=\"og:title\" content=\"30.7.06 Deutschland tief in der Reaktion &amp; Israel im Waffenrausch - Feminissima\" \/>\n<meta property=\"og:description\" content=\"...wir sind bald alle irgendwie berufslos, oder und die BA k\u00fcrzt weiter und weiter und die Bomben fallen weiter und weiter auf den armen Libanon...Text spontan aus einem fr\u00fchen Sonntagmorgen, der letzte in diesem Jahr....der 30. Juli 2006 - drau\u00dfen wieder Schw\u00fcle und die Leut sagen, es war der hei\u00dfeste Juli \u00fcberhaupt...stimmt. In vielfacher Hinsicht -  Der vollst\u00e4ndige Titel: Deutschland tief in der Reaktion, sein embeddes Journalismus und Israel begeht V\u00f6lkermord..\" \/>\n<meta property=\"og:url\" content=\"https:\/\/feminissima.de\/index.php\/2006\/07\/30\/30-7-06-deutschland-tief-in-der-reaktion-israel-im-waffenrausch\/\" \/>\n<meta property=\"og:site_name\" content=\"Feminissima\" \/>\n<meta property=\"article:published_time\" content=\"2006-07-30T16:53:26+00:00\" \/>\n<meta name=\"author\" content=\"admin\" \/>\n<meta name=\"twitter:card\" content=\"summary_large_image\" \/>\n<meta name=\"twitter:label1\" content=\"Verfasst von\" \/>\n\t<meta name=\"twitter:data1\" content=\"admin\" \/>\n\t<meta name=\"twitter:label2\" content=\"Gesch\u00e4tzte Lesezeit\" \/>\n\t<meta name=\"twitter:data2\" content=\"10\u00a0Minuten\" \/>\n<script type=\"application\/ld+json\" class=\"yoast-schema-graph\">{\"@context\":\"https:\/\/schema.org\",\"@graph\":[{\"@type\":\"WebPage\",\"@id\":\"https:\/\/feminissima.de\/index.php\/2006\/07\/30\/30-7-06-deutschland-tief-in-der-reaktion-israel-im-waffenrausch\/\",\"url\":\"https:\/\/feminissima.de\/index.php\/2006\/07\/30\/30-7-06-deutschland-tief-in-der-reaktion-israel-im-waffenrausch\/\",\"name\":\"30.7.06 Deutschland tief in der Reaktion & Israel im Waffenrausch - Feminissima\",\"isPartOf\":{\"@id\":\"https:\/\/feminissima.de\/#website\"},\"datePublished\":\"2006-07-30T16:53:26+00:00\",\"dateModified\":\"2006-07-30T16:53:26+00:00\",\"author\":{\"@id\":\"https:\/\/feminissima.de\/#\/schema\/person\/0b901e053624f88e7ecbea289d9d5128\"},\"breadcrumb\":{\"@id\":\"https:\/\/feminissima.de\/index.php\/2006\/07\/30\/30-7-06-deutschland-tief-in-der-reaktion-israel-im-waffenrausch\/#breadcrumb\"},\"inLanguage\":\"de\",\"potentialAction\":[{\"@type\":\"ReadAction\",\"target\":[\"https:\/\/feminissima.de\/index.php\/2006\/07\/30\/30-7-06-deutschland-tief-in-der-reaktion-israel-im-waffenrausch\/\"]}]},{\"@type\":\"BreadcrumbList\",\"@id\":\"https:\/\/feminissima.de\/index.php\/2006\/07\/30\/30-7-06-deutschland-tief-in-der-reaktion-israel-im-waffenrausch\/#breadcrumb\",\"itemListElement\":[{\"@type\":\"ListItem\",\"position\":1,\"name\":\"Startseite\",\"item\":\"https:\/\/feminissima.de\/\"},{\"@type\":\"ListItem\",\"position\":2,\"name\":\"30.7.06 Deutschland tief in der Reaktion &#038; Israel im Waffenrausch\"}]},{\"@type\":\"WebSite\",\"@id\":\"https:\/\/feminissima.de\/#website\",\"url\":\"https:\/\/feminissima.de\/\",\"name\":\"Feminissima\",\"description\":\"\",\"potentialAction\":[{\"@type\":\"SearchAction\",\"target\":{\"@type\":\"EntryPoint\",\"urlTemplate\":\"https:\/\/feminissima.de\/?s={search_term_string}\"},\"query-input\":\"required name=search_term_string\"}],\"inLanguage\":\"de\"},{\"@type\":\"Person\",\"@id\":\"https:\/\/feminissima.de\/#\/schema\/person\/0b901e053624f88e7ecbea289d9d5128\",\"name\":\"admin\",\"image\":{\"@type\":\"ImageObject\",\"inLanguage\":\"de\",\"@id\":\"https:\/\/feminissima.de\/#\/schema\/person\/image\/\",\"url\":\"https:\/\/secure.gravatar.com\/avatar\/8da1f51327453c0bf63338e8e2a791948b7d2ac19b68839492d1e69aac6924a8?s=96&d=mm&r=g\",\"contentUrl\":\"https:\/\/secure.gravatar.com\/avatar\/8da1f51327453c0bf63338e8e2a791948b7d2ac19b68839492d1e69aac6924a8?s=96&d=mm&r=g\",\"caption\":\"admin\"},\"url\":\"https:\/\/feminissima.de\/index.php\/author\/admin\/\"}]}<\/script>\n<!-- \/ Yoast SEO plugin. -->","yoast_head_json":{"title":"30.7.06 Deutschland tief in der Reaktion & Israel im Waffenrausch - Feminissima","robots":{"index":"index","follow":"follow","max-snippet":"max-snippet:-1","max-image-preview":"max-image-preview:large","max-video-preview":"max-video-preview:-1"},"canonical":"https:\/\/feminissima.de\/index.php\/2006\/07\/30\/30-7-06-deutschland-tief-in-der-reaktion-israel-im-waffenrausch\/","og_locale":"de_DE","og_type":"article","og_title":"30.7.06 Deutschland tief in der Reaktion & Israel im Waffenrausch - Feminissima","og_description":"...wir sind bald alle irgendwie berufslos, oder und die BA k\u00fcrzt weiter und weiter und die Bomben fallen weiter und weiter auf den armen Libanon...Text spontan aus einem fr\u00fchen Sonntagmorgen, der letzte in diesem Jahr....der 30. Juli 2006 - drau\u00dfen wieder Schw\u00fcle und die Leut sagen, es war der hei\u00dfeste Juli \u00fcberhaupt...stimmt. In vielfacher Hinsicht -  Der vollst\u00e4ndige Titel: Deutschland tief in der Reaktion, sein embeddes Journalismus und Israel begeht V\u00f6lkermord..","og_url":"https:\/\/feminissima.de\/index.php\/2006\/07\/30\/30-7-06-deutschland-tief-in-der-reaktion-israel-im-waffenrausch\/","og_site_name":"Feminissima","article_published_time":"2006-07-30T16:53:26+00:00","author":"admin","twitter_card":"summary_large_image","twitter_misc":{"Verfasst von":"admin","Gesch\u00e4tzte Lesezeit":"10\u00a0Minuten"},"schema":{"@context":"https:\/\/schema.org","@graph":[{"@type":"WebPage","@id":"https:\/\/feminissima.de\/index.php\/2006\/07\/30\/30-7-06-deutschland-tief-in-der-reaktion-israel-im-waffenrausch\/","url":"https:\/\/feminissima.de\/index.php\/2006\/07\/30\/30-7-06-deutschland-tief-in-der-reaktion-israel-im-waffenrausch\/","name":"30.7.06 Deutschland tief in der Reaktion & Israel im Waffenrausch - Feminissima","isPartOf":{"@id":"https:\/\/feminissima.de\/#website"},"datePublished":"2006-07-30T16:53:26+00:00","dateModified":"2006-07-30T16:53:26+00:00","author":{"@id":"https:\/\/feminissima.de\/#\/schema\/person\/0b901e053624f88e7ecbea289d9d5128"},"breadcrumb":{"@id":"https:\/\/feminissima.de\/index.php\/2006\/07\/30\/30-7-06-deutschland-tief-in-der-reaktion-israel-im-waffenrausch\/#breadcrumb"},"inLanguage":"de","potentialAction":[{"@type":"ReadAction","target":["https:\/\/feminissima.de\/index.php\/2006\/07\/30\/30-7-06-deutschland-tief-in-der-reaktion-israel-im-waffenrausch\/"]}]},{"@type":"BreadcrumbList","@id":"https:\/\/feminissima.de\/index.php\/2006\/07\/30\/30-7-06-deutschland-tief-in-der-reaktion-israel-im-waffenrausch\/#breadcrumb","itemListElement":[{"@type":"ListItem","position":1,"name":"Startseite","item":"https:\/\/feminissima.de\/"},{"@type":"ListItem","position":2,"name":"30.7.06 Deutschland tief in der Reaktion &#038; Israel im Waffenrausch"}]},{"@type":"WebSite","@id":"https:\/\/feminissima.de\/#website","url":"https:\/\/feminissima.de\/","name":"Feminissima","description":"","potentialAction":[{"@type":"SearchAction","target":{"@type":"EntryPoint","urlTemplate":"https:\/\/feminissima.de\/?s={search_term_string}"},"query-input":"required name=search_term_string"}],"inLanguage":"de"},{"@type":"Person","@id":"https:\/\/feminissima.de\/#\/schema\/person\/0b901e053624f88e7ecbea289d9d5128","name":"admin","image":{"@type":"ImageObject","inLanguage":"de","@id":"https:\/\/feminissima.de\/#\/schema\/person\/image\/","url":"https:\/\/secure.gravatar.com\/avatar\/8da1f51327453c0bf63338e8e2a791948b7d2ac19b68839492d1e69aac6924a8?s=96&d=mm&r=g","contentUrl":"https:\/\/secure.gravatar.com\/avatar\/8da1f51327453c0bf63338e8e2a791948b7d2ac19b68839492d1e69aac6924a8?s=96&d=mm&r=g","caption":"admin"},"url":"https:\/\/feminissima.de\/index.php\/author\/admin\/"}]}},"jetpack_featured_media_url":"","_links":{"self":[{"href":"https:\/\/feminissima.de\/index.php\/wp-json\/wp\/v2\/posts\/84561","targetHints":{"allow":["GET"]}}],"collection":[{"href":"https:\/\/feminissima.de\/index.php\/wp-json\/wp\/v2\/posts"}],"about":[{"href":"https:\/\/feminissima.de\/index.php\/wp-json\/wp\/v2\/types\/post"}],"author":[{"embeddable":true,"href":"https:\/\/feminissima.de\/index.php\/wp-json\/wp\/v2\/users\/2"}],"replies":[{"embeddable":true,"href":"https:\/\/feminissima.de\/index.php\/wp-json\/wp\/v2\/comments?post=84561"}],"version-history":[{"count":0,"href":"https:\/\/feminissima.de\/index.php\/wp-json\/wp\/v2\/posts\/84561\/revisions"}],"wp:attachment":[{"href":"https:\/\/feminissima.de\/index.php\/wp-json\/wp\/v2\/media?parent=84561"}],"wp:term":[{"taxonomy":"category","embeddable":true,"href":"https:\/\/feminissima.de\/index.php\/wp-json\/wp\/v2\/categories?post=84561"},{"taxonomy":"post_tag","embeddable":true,"href":"https:\/\/feminissima.de\/index.php\/wp-json\/wp\/v2\/tags?post=84561"}],"curies":[{"name":"wp","href":"https:\/\/api.w.org\/{rel}","templated":true}]}}