{"id":84560,"date":"2006-07-28T15:10:51","date_gmt":"2006-07-28T15:10:51","guid":{"rendered":"http:\/\/www.feminissima.de\/?p=84560"},"modified":"2006-07-28T15:10:51","modified_gmt":"2006-07-28T15:10:51","slug":"private-kleinanzeigen","status":"publish","type":"post","link":"https:\/\/feminissima.de\/index.php\/2006\/07\/28\/private-kleinanzeigen\/","title":{"rendered":"Private Kleinanzeigen"},"content":{"rendered":"<p>Private Kleinanzeige.<\/p>\n<p>Wohnungsvermietung:<br \/>Bildsch\u00f6n und ruhig, Seeblick:<br \/> 4 Zi-Wohnung am Lietzensee-Ufer (Bln-Charlottenburg) umgehend zu vermieten.<br \/>Von privat.<br \/>Kontakt: info@feminissima.de<\/p>\n<p>Private Kleinanzeige:<br \/>Klavier mit Atmosph\u00e4re &#038; Charakter zu verkaufen.<\/p>\n<p>Farbe: schwarz, ziemlich alt, aber prima in Form. <br \/>M\u00fcsste gestimmt und abgeholt werden.<br \/>Kontakt:<br \/>info@feminissima.de<\/p>\n<p>Ferienangebot:<br \/>Kleines Studio in PARIS,<br \/> N\u00e4he Eiffelturm f\u00fcr 45 Euro pro Nacht <br \/>hier und da zu vermieten, 1 oder 2 Personen.<br \/>Also pro Person dann 22.50 Euro&#8230;<\/p>\n<p>Ihr k\u00f6nnt nachfragen bei:<br \/>info@feminissima.de<\/p>\n<p>Die Vermittlung kostet nichts..<\/p>\n","protected":false},"excerpt":{"rendered":"<p>Private Kleinanzeige. Wohnungsvermietung:Bildsch\u00f6n und ruhig, Seeblick: 4 Zi-Wohnung am Lietzensee-Ufer (Bln-Charlottenburg) umgehend zu vermieten.Von privat.Kontakt: info@feminissima.de Private Kleinanzeige:Klavier mit Atmosph\u00e4re &#038; Charakter zu verkaufen. Farbe: schwarz, ziemlich alt, aber prima in Form. M\u00fcsste gestimmt und abgeholt werden.Kontakt:info@feminissima.de Ferienangebot:Kleines Studio in PARIS, N\u00e4he Eiffelturm f\u00fcr 45 Euro pro Nacht hier und da zu vermieten, 1 oder&hellip; <a class=\"more-link\" href=\"https:\/\/feminissima.de\/index.php\/2006\/07\/28\/private-kleinanzeigen\/\"><span class=\"screen-reader-text\">Private Kleinanzeigen<\/span> weiterlesen<\/a><\/p>\n","protected":false},"author":2,"featured_media":0,"comment_status":"closed","ping_status":"closed","sticky":false,"template":"","format":"standard","meta":{"footnotes":""},"categories":[26],"tags":[],"class_list":["post-84560","post","type-post","status-publish","format-standard","hentry","category-pinnwand","entry"],"yoast_head":"<!-- This site is optimized with the Yoast SEO plugin v21.0 - https:\/\/yoast.com\/wordpress\/plugins\/seo\/ -->\n<title>Private Kleinanzeigen - Feminissima<\/title>\n<meta name=\"robots\" content=\"index, follow, max-snippet:-1, max-image-preview:large, max-video-preview:-1\" \/>\n<link rel=\"canonical\" href=\"https:\/\/feminissima.de\/index.php\/2006\/07\/28\/private-kleinanzeigen\/\" \/>\n<meta property=\"og:locale\" content=\"de_DE\" \/>\n<meta property=\"og:type\" content=\"article\" \/>\n<meta property=\"og:title\" content=\"Private Kleinanzeigen - Feminissima\" \/>\n<meta property=\"og:description\" content=\"Private Kleinanzeige. Wohnungsvermietung:Bildsch\u00f6n und ruhig, Seeblick: 4 Zi-Wohnung am Lietzensee-Ufer (Bln-Charlottenburg) umgehend zu vermieten.Von privat.Kontakt: info@feminissima.de Private Kleinanzeige:Klavier mit Atmosph\u00e4re &#038; Charakter zu verkaufen. Farbe: schwarz, ziemlich alt, aber prima in Form. M\u00fcsste gestimmt und abgeholt werden.Kontakt:info@feminissima.de Ferienangebot:Kleines Studio in PARIS, N\u00e4he Eiffelturm f\u00fcr 45 Euro pro Nacht hier und da zu vermieten, 1 oder&hellip; Private Kleinanzeigen weiterlesen\" \/>\n<meta property=\"og:url\" content=\"https:\/\/feminissima.de\/index.php\/2006\/07\/28\/private-kleinanzeigen\/\" \/>\n<meta property=\"og:site_name\" content=\"Feminissima\" \/>\n<meta property=\"article:published_time\" content=\"2006-07-28T15:10:51+00:00\" \/>\n<meta name=\"author\" content=\"admin\" \/>\n<meta name=\"twitter:card\" content=\"summary_large_image\" \/>\n<meta name=\"twitter:label1\" content=\"Verfasst von\" \/>\n\t<meta name=\"twitter:data1\" content=\"admin\" \/>\n<script type=\"application\/ld+json\" class=\"yoast-schema-graph\">{\"@context\":\"https:\/\/schema.org\",\"@graph\":[{\"@type\":\"WebPage\",\"@id\":\"https:\/\/feminissima.de\/index.php\/2006\/07\/28\/private-kleinanzeigen\/\",\"url\":\"https:\/\/feminissima.de\/index.php\/2006\/07\/28\/private-kleinanzeigen\/\",\"name\":\"Private Kleinanzeigen - Feminissima\",\"isPartOf\":{\"@id\":\"https:\/\/feminissima.de\/#website\"},\"datePublished\":\"2006-07-28T15:10:51+00:00\",\"dateModified\":\"2006-07-28T15:10:51+00:00\",\"author\":{\"@id\":\"https:\/\/feminissima.de\/#\/schema\/person\/0b901e053624f88e7ecbea289d9d5128\"},\"breadcrumb\":{\"@id\":\"https:\/\/feminissima.de\/index.php\/2006\/07\/28\/private-kleinanzeigen\/#breadcrumb\"},\"inLanguage\":\"de\",\"potentialAction\":[{\"@type\":\"ReadAction\",\"target\":[\"https:\/\/feminissima.de\/index.php\/2006\/07\/28\/private-kleinanzeigen\/\"]}]},{\"@type\":\"BreadcrumbList\",\"@id\":\"https:\/\/feminissima.de\/index.php\/2006\/07\/28\/private-kleinanzeigen\/#breadcrumb\",\"itemListElement\":[{\"@type\":\"ListItem\",\"position\":1,\"name\":\"Startseite\",\"item\":\"https:\/\/feminissima.de\/\"},{\"@type\":\"ListItem\",\"position\":2,\"name\":\"Private Kleinanzeigen\"}]},{\"@type\":\"WebSite\",\"@id\":\"https:\/\/feminissima.de\/#website\",\"url\":\"https:\/\/feminissima.de\/\",\"name\":\"Feminissima\",\"description\":\"\",\"potentialAction\":[{\"@type\":\"SearchAction\",\"target\":{\"@type\":\"EntryPoint\",\"urlTemplate\":\"https:\/\/feminissima.de\/?s={search_term_string}\"},\"query-input\":\"required name=search_term_string\"}],\"inLanguage\":\"de\"},{\"@type\":\"Person\",\"@id\":\"https:\/\/feminissima.de\/#\/schema\/person\/0b901e053624f88e7ecbea289d9d5128\",\"name\":\"admin\",\"image\":{\"@type\":\"ImageObject\",\"inLanguage\":\"de\",\"@id\":\"https:\/\/feminissima.de\/#\/schema\/person\/image\/\",\"url\":\"https:\/\/secure.gravatar.com\/avatar\/8da1f51327453c0bf63338e8e2a791948b7d2ac19b68839492d1e69aac6924a8?s=96&d=mm&r=g\",\"contentUrl\":\"https:\/\/secure.gravatar.com\/avatar\/8da1f51327453c0bf63338e8e2a791948b7d2ac19b68839492d1e69aac6924a8?s=96&d=mm&r=g\",\"caption\":\"admin\"},\"url\":\"https:\/\/feminissima.de\/index.php\/author\/admin\/\"}]}<\/script>\n<!-- \/ Yoast SEO plugin. -->","yoast_head_json":{"title":"Private Kleinanzeigen - Feminissima","robots":{"index":"index","follow":"follow","max-snippet":"max-snippet:-1","max-image-preview":"max-image-preview:large","max-video-preview":"max-video-preview:-1"},"canonical":"https:\/\/feminissima.de\/index.php\/2006\/07\/28\/private-kleinanzeigen\/","og_locale":"de_DE","og_type":"article","og_title":"Private Kleinanzeigen - Feminissima","og_description":"Private Kleinanzeige. Wohnungsvermietung:Bildsch\u00f6n und ruhig, Seeblick: 4 Zi-Wohnung am Lietzensee-Ufer (Bln-Charlottenburg) umgehend zu vermieten.Von privat.Kontakt: info@feminissima.de Private Kleinanzeige:Klavier mit Atmosph\u00e4re &#038; Charakter zu verkaufen. Farbe: schwarz, ziemlich alt, aber prima in Form. M\u00fcsste gestimmt und abgeholt werden.Kontakt:info@feminissima.de Ferienangebot:Kleines Studio in PARIS, N\u00e4he Eiffelturm f\u00fcr 45 Euro pro Nacht hier und da zu vermieten, 1 oder&hellip; Private Kleinanzeigen weiterlesen","og_url":"https:\/\/feminissima.de\/index.php\/2006\/07\/28\/private-kleinanzeigen\/","og_site_name":"Feminissima","article_published_time":"2006-07-28T15:10:51+00:00","author":"admin","twitter_card":"summary_large_image","twitter_misc":{"Verfasst von":"admin"},"schema":{"@context":"https:\/\/schema.org","@graph":[{"@type":"WebPage","@id":"https:\/\/feminissima.de\/index.php\/2006\/07\/28\/private-kleinanzeigen\/","url":"https:\/\/feminissima.de\/index.php\/2006\/07\/28\/private-kleinanzeigen\/","name":"Private Kleinanzeigen - Feminissima","isPartOf":{"@id":"https:\/\/feminissima.de\/#website"},"datePublished":"2006-07-28T15:10:51+00:00","dateModified":"2006-07-28T15:10:51+00:00","author":{"@id":"https:\/\/feminissima.de\/#\/schema\/person\/0b901e053624f88e7ecbea289d9d5128"},"breadcrumb":{"@id":"https:\/\/feminissima.de\/index.php\/2006\/07\/28\/private-kleinanzeigen\/#breadcrumb"},"inLanguage":"de","potentialAction":[{"@type":"ReadAction","target":["https:\/\/feminissima.de\/index.php\/2006\/07\/28\/private-kleinanzeigen\/"]}]},{"@type":"BreadcrumbList","@id":"https:\/\/feminissima.de\/index.php\/2006\/07\/28\/private-kleinanzeigen\/#breadcrumb","itemListElement":[{"@type":"ListItem","position":1,"name":"Startseite","item":"https:\/\/feminissima.de\/"},{"@type":"ListItem","position":2,"name":"Private Kleinanzeigen"}]},{"@type":"WebSite","@id":"https:\/\/feminissima.de\/#website","url":"https:\/\/feminissima.de\/","name":"Feminissima","description":"","potentialAction":[{"@type":"SearchAction","target":{"@type":"EntryPoint","urlTemplate":"https:\/\/feminissima.de\/?s={search_term_string}"},"query-input":"required name=search_term_string"}],"inLanguage":"de"},{"@type":"Person","@id":"https:\/\/feminissima.de\/#\/schema\/person\/0b901e053624f88e7ecbea289d9d5128","name":"admin","image":{"@type":"ImageObject","inLanguage":"de","@id":"https:\/\/feminissima.de\/#\/schema\/person\/image\/","url":"https:\/\/secure.gravatar.com\/avatar\/8da1f51327453c0bf63338e8e2a791948b7d2ac19b68839492d1e69aac6924a8?s=96&d=mm&r=g","contentUrl":"https:\/\/secure.gravatar.com\/avatar\/8da1f51327453c0bf63338e8e2a791948b7d2ac19b68839492d1e69aac6924a8?s=96&d=mm&r=g","caption":"admin"},"url":"https:\/\/feminissima.de\/index.php\/author\/admin\/"}]}},"jetpack_featured_media_url":"","_links":{"self":[{"href":"https:\/\/feminissima.de\/index.php\/wp-json\/wp\/v2\/posts\/84560","targetHints":{"allow":["GET"]}}],"collection":[{"href":"https:\/\/feminissima.de\/index.php\/wp-json\/wp\/v2\/posts"}],"about":[{"href":"https:\/\/feminissima.de\/index.php\/wp-json\/wp\/v2\/types\/post"}],"author":[{"embeddable":true,"href":"https:\/\/feminissima.de\/index.php\/wp-json\/wp\/v2\/users\/2"}],"replies":[{"embeddable":true,"href":"https:\/\/feminissima.de\/index.php\/wp-json\/wp\/v2\/comments?post=84560"}],"version-history":[{"count":0,"href":"https:\/\/feminissima.de\/index.php\/wp-json\/wp\/v2\/posts\/84560\/revisions"}],"wp:attachment":[{"href":"https:\/\/feminissima.de\/index.php\/wp-json\/wp\/v2\/media?parent=84560"}],"wp:term":[{"taxonomy":"category","embeddable":true,"href":"https:\/\/feminissima.de\/index.php\/wp-json\/wp\/v2\/categories?post=84560"},{"taxonomy":"post_tag","embeddable":true,"href":"https:\/\/feminissima.de\/index.php\/wp-json\/wp\/v2\/tags?post=84560"}],"curies":[{"name":"wp","href":"https:\/\/api.w.org\/{rel}","templated":true}]}}