{"id":84545,"date":"2006-07-15T11:15:40","date_gmt":"2006-07-15T11:15:40","guid":{"rendered":"http:\/\/www.feminissima.de\/?p=84545"},"modified":"2006-07-15T11:15:40","modified_gmt":"2006-07-15T11:15:40","slug":"libanon-steht-in-flammen-7-06","status":"publish","type":"post","link":"https:\/\/feminissima.de\/index.php\/2006\/07\/15\/libanon-steht-in-flammen-7-06\/","title":{"rendered":"Libanon steht in Flammen (7\/06)"},"content":{"rendered":"<p>von der live -Site &#8211; <br \/>15. Juli &#8211; DER LIBANON STEHT IN FLAMMEN.<\/p>\n<p>BILDERSTRECKE DES GRAUENS bei STERN-ONLINE.de<br \/>\nEs gibt kein anderes Wort mehr als Krieg.<br \/>\n&#8222;Konflikt&#8220; w\u00e4re t\u00f6dliche Verharmlosung.<\/p>\n<p>15. Juli &#8211; DER LIBANON STEHT IN FLAMMEN.<\/p>\n<p>15. Juli &#8211; Beirut bezichtigt Israel &#8222;barbarischer Aggression&#8220; &#8211; und fordert Stopp der Angriffe.<\/p>\n<p>AUS DER INTERNATIONALEN PRESSE:<\/p>\n<p>&#8222;De Morgen&#8220; (Br\u00fcssel): &#8222;Der israelische Premierminister Ehud Olmert begeht einen historischen Fehler, indem er die Lunte an diesem Pulverfass anz\u00fcndet. Mit der pl\u00f6tzlichen milit\u00e4rischen Antwort auf die Provokationen von Hisbollah und Hamas zeigt er seine politische Schw\u00e4che.&#8220;<\/p>\n<p>254952.<br \/>\nEs ist 10 uhr 10 in Berlin.<br \/>\nWillkommen!<br \/>\nPolly meinte nat\u00fcrlich das Jahr 06 und nicht 07 &#8211; wer wei\u00df denn, ob wir es noch erleben, bei all der Kriegsl\u00fcsternheit der M\u00e4nner!!!<\/p>\n<p>Die Bilder sind schaurig.<\/p>\n<p>Israel z\u00f6gert nicht, das Angek\u00fcndigte in die Tat&#8230;umzusetzen:<\/p>\n<p>den Libanon auszul\u00f6schen, auszuhungern&#8230;<br \/>\nFlughafen von Beirut weitgehend zerst\u00f6rt,<br \/>\nebenso lebenswichtige \u00dcberland-Stra\u00dfen und dazu Seeblockade.<\/p>\n<p>DER KRIEG IST DA!<br \/>\nWER BEZAHLT ISRAEL DAF\u00dcR??????<\/p>\n<p>Bereits ist der \u00d6lpreis in H\u00f6hen geschnellt, <br \/>\ndie &#8222;nicht einmal&#8220; beim \u00dcberfall der USA auf den Irak erzielt worden sind&#8230;<\/p>\n<p>Guten Morgen !<br \/>\nEin lange nicht mehr gef\u00fchlter Hauch von Frische&#8230;vorhin,<br \/>\njetzt, es geht auf 10 Uhr zu, <br \/>\nwird es schon wieder w\u00e4rmer.<br \/>\nNoch mehr Hitze soll uns ja heimsuchen.<br \/>\nSpringen wir ins Wasser und erfrischen uns.<br \/>\nOder halten wir uns die kalte Dusche \u00fcber den Kopf.<br \/>\nUnsere Infra-Strukturen sind ja zum Gl\u00fcck nicht von den Israelis zerst\u00f6rt&#8230;.<\/p>\n<p>STOPPT ISRAEL!!!<\/p>\n<p>SOFORT!!<\/p>\n<p>Crissy, die Praktikantin, schaut etwas kleinlaut.<\/p>\n<p>Die Gem\u00fctlichkeit sonstiger Samstagmorgen-Redaktions-Treffen bei Kaffee und ohne Kuchen,<br \/>\nnichts mehr von zu sp\u00fcren.<br \/>\nEs wirkt alles so martialisch.<\/p>\n<p>&#8222;Als der italienische Fu\u00dfballspieler den Zidane beleidigt hat,<br \/>\nwar man zwar schockiert,<br \/>\ndass und wie der Zidane reagierte, <br \/>\naber inzwischen geh\u00f6rt ihm doch wieder die Sympathie&#8230;er hat die Ehre seiner Familie verteidigt&#8230;&#8220;<br \/>\nmeint Crissy vorsichtig.<\/p>\n<p>Aber Marenga ist so entt\u00e4uscht \u00fcber ihr Idol Israel, dass sie nur noch w\u00fctend verbal um sich schl\u00e4gt.<\/p>\n<p>Und meint, &#8222;Auge und Auge &#8211; Zahn um Zahn&#8220; ist ja schon ein Horror-Bild aus der christlichen Kalt-Lehre&#8230;<\/p>\n<p>&#8222;aber Israel schl\u00e4gt gleich das ganze Gebi\u00df des Gegners mit aus &#8211; <\/p>\n<p>dieser Akt von Barbarismus,<br \/>\ndas hat jetzt nichts mit Antisemitismus und all den ismen zu tun &#8211; das ist NACKTE GEWALT, <br \/>\nda kann auch der Zentralrat der Juden in Deutschland nicht unseren wirklich m\u00e4\u00dfigenden Au\u00dfenminister nicht noch daf\u00fcr tadeln,<br \/>\ndass er davor warnt, den neuen WELTBRAND zu entz\u00fcnden.!&#8220;<\/p>\n<p>Am w\u00fctendsten aber ist unsere sonst so grundgute Marenga deswegen &#8211; <\/p>\n<p>WEIL ES WEIT UND BREIT KEINE PERS\u00d6NLICHKEIT WELTWEIT zu geben scheint,<\/p>\n<p>die die Hitze der Verblendeten auf beiden Seiten&#8230;.k\u00fchlen k\u00f6nnte, ohne dass sie nur eine L\u00f6sung&#8230;.ach, was f\u00fcr ein bitteres Wort! sehen &#8211; den gegenseitigen Tod &#8211; denn etwas anderes bedeutet Krieg nicht!<\/p>\n<p>daher STOPP&#8230;eine mu\u00df den Anfang machen. <br \/>\nWIR M\u00dcTTER DER WELT sollten protestieren &#8211; sie fragen uns nie, was aus unseren M\u00e4nnern, V\u00e4tern, S\u00f6hnen, Br\u00fcdern, Freunden wird&#8230;verdammt!<\/p>\n<p>\nMarenga ist Pazifistin, Friede &#038; Freiheit f\u00fcr alle und Gleichberechtigung &#8211; <\/p>\n<p>daran glaubt sie noch immer, stellt Euch das vor!<\/p>\n<p>Und nat\u00fcrlich auch daran, dass BILDUNG ein Garant f\u00fcr Frieden sein k\u00f6nnte&#8230;&#8230;<\/p>\n<p>\nPortrait: Mensch, wie ein herrenloser Stra\u00dfenhund &#8211;<br \/>\nin Berlin &#8211; (vom 12. Juli 2006)<br \/>\nVer\u00f6ffentlicht 15. Jul 2006 &#8211; 10:00  <\/p>\n<p>\nfem&#038;Politik: ISRAELS AGGRESSION: dtsch-libanesische Familie get\u00f6tet<br \/>\ntext von live-site-gestern.<br \/>\nVer\u00f6ffentlicht 15. Jul 2006 &#8211; 09:48  <\/p>\n<p> \u00b7 Mensch, wie ein herrenloser Stra\u00dfenhund &#8211; (15. Jul, 2006)<br \/>\n\u00b7 ISRAELS AGGRESSION: dtsch-libanesische Familie get\u00f6tet (15. Jul, 2006)<br \/>\n\u00b7 &#8222;D\u00f6ner-Morde&#8220; &#8211; Verfassungssch\u00fctzer unter Verdacht (15. Jul, 2006)<br \/>\n\u00b7 Deutschland: t\u00f6dliche Zwei-Klassen-Medizian \/Reportage (14. Jul, 2006)<br \/>\n\u00b7 DJV unterst\u00fctzt Boykott von Robbie Williams Konzerten (14. Jul, 2006)<br \/>\n\u00b7 MODE &#038; Sprache: Senta Berger f\u00fcr OUI (14. Jul, 2006)<br \/>\n\u00b7 LESETIP: JUNGLE-WORLD zur polnischen Politik (06) (14. Jul, 2006)<br \/>\n\u00b7 HINTERM\u00c4NNER..Mc Kinsey bei der BA und wer Klinsi abschoss (14. Jul, 2006)<br \/>\n\u00b7 Nach der WM, die Dritte (14. Jul, 2006)<br \/>\n\u00b7 STERN &#8211; Boulevard oder Politik? (14. Jul, 2006)<\/p>\n<p>\n Freitag, 14. Juli <br \/>\n\u00b7 Israel zerbombt den Libanon (0) <br \/>\n\u00b7 PINN: DEUTSCHER FRAUENRAT &#8222;Volltreffer&#8220; gegen Zwangsprostitution (0) <br \/>\n\u00b7 le quatorze juillet (0) <br \/>\nDonnerstag, 13. Juli <br \/>\n\u00b7 PINN: am 15. &#8211; BABELSBERGER FILMPARK-Nacht (0) <br \/>\nMittwoch, 12. Juli <br \/>\n\u00b7 Rassist Calderoli, Bomben in Bombay und Blut in Erbach (0) <br \/>\nDienstag, 11. Juli <br \/>\n\u00b7 Nach der WM 2006 .. (0) <br \/>\nSonntag, 09. Juli <br \/>\n\u00b7 Als der Regen kam &#8211; und ein Film, der nach 26 Jahren fertig wurde.. (0) <br \/>\n\u00b7 Zusammenprall am Kaiserdamm(7\/06) (0) <br \/>\n\u00b7 Protest gegen Breker-Ausstellung (0) <br \/>\nSamstag, 08. Juli <br \/>\n\u00b7 POLITIK: TEILR\u00dcCKZUGS ISRAELS aus GAZA-STREIFEN (0) <br \/>\n  Older Articles <\/p>\n<p>(C) Feminissima 2002<br \/>\nCMS by PostNuke<br \/>\nHaftung f\u00fcr Inhalte auf verlinkten Seiten wird ausgeschlossen.<\/p>\n<p><\/p>\n","protected":false},"excerpt":{"rendered":"<p>von der live -Site &#8211; <\/p>\n","protected":false},"author":2,"featured_media":0,"comment_status":"closed","ping_status":"closed","sticky":false,"template":"","format":"standard","meta":{"footnotes":""},"categories":[14],"tags":[],"class_list":["post-84545","post","type-post","status-publish","format-standard","hentry","category-fempolitik","entry"],"yoast_head":"<!-- This site is optimized with the Yoast SEO plugin v21.0 - https:\/\/yoast.com\/wordpress\/plugins\/seo\/ -->\n<title>Libanon steht in Flammen (7\/06) - Feminissima<\/title>\n<meta name=\"robots\" content=\"index, follow, max-snippet:-1, max-image-preview:large, max-video-preview:-1\" \/>\n<link rel=\"canonical\" href=\"https:\/\/feminissima.de\/index.php\/2006\/07\/15\/libanon-steht-in-flammen-7-06\/\" \/>\n<meta property=\"og:locale\" content=\"de_DE\" \/>\n<meta property=\"og:type\" content=\"article\" \/>\n<meta property=\"og:title\" content=\"Libanon steht in Flammen (7\/06) - Feminissima\" \/>\n<meta property=\"og:description\" content=\"von der live -Site -\" \/>\n<meta property=\"og:url\" content=\"https:\/\/feminissima.de\/index.php\/2006\/07\/15\/libanon-steht-in-flammen-7-06\/\" \/>\n<meta property=\"og:site_name\" content=\"Feminissima\" \/>\n<meta property=\"article:published_time\" content=\"2006-07-15T11:15:40+00:00\" \/>\n<meta name=\"author\" content=\"admin\" \/>\n<meta name=\"twitter:card\" content=\"summary_large_image\" \/>\n<meta name=\"twitter:label1\" content=\"Verfasst von\" \/>\n\t<meta name=\"twitter:data1\" content=\"admin\" \/>\n\t<meta name=\"twitter:label2\" content=\"Gesch\u00e4tzte Lesezeit\" \/>\n\t<meta name=\"twitter:data2\" content=\"4\u00a0Minuten\" \/>\n<script type=\"application\/ld+json\" class=\"yoast-schema-graph\">{\"@context\":\"https:\/\/schema.org\",\"@graph\":[{\"@type\":\"WebPage\",\"@id\":\"https:\/\/feminissima.de\/index.php\/2006\/07\/15\/libanon-steht-in-flammen-7-06\/\",\"url\":\"https:\/\/feminissima.de\/index.php\/2006\/07\/15\/libanon-steht-in-flammen-7-06\/\",\"name\":\"Libanon steht in Flammen (7\/06) - Feminissima\",\"isPartOf\":{\"@id\":\"https:\/\/feminissima.de\/#website\"},\"datePublished\":\"2006-07-15T11:15:40+00:00\",\"dateModified\":\"2006-07-15T11:15:40+00:00\",\"author\":{\"@id\":\"https:\/\/feminissima.de\/#\/schema\/person\/0b901e053624f88e7ecbea289d9d5128\"},\"breadcrumb\":{\"@id\":\"https:\/\/feminissima.de\/index.php\/2006\/07\/15\/libanon-steht-in-flammen-7-06\/#breadcrumb\"},\"inLanguage\":\"de\",\"potentialAction\":[{\"@type\":\"ReadAction\",\"target\":[\"https:\/\/feminissima.de\/index.php\/2006\/07\/15\/libanon-steht-in-flammen-7-06\/\"]}]},{\"@type\":\"BreadcrumbList\",\"@id\":\"https:\/\/feminissima.de\/index.php\/2006\/07\/15\/libanon-steht-in-flammen-7-06\/#breadcrumb\",\"itemListElement\":[{\"@type\":\"ListItem\",\"position\":1,\"name\":\"Startseite\",\"item\":\"https:\/\/feminissima.de\/\"},{\"@type\":\"ListItem\",\"position\":2,\"name\":\"Libanon steht in Flammen (7\/06)\"}]},{\"@type\":\"WebSite\",\"@id\":\"https:\/\/feminissima.de\/#website\",\"url\":\"https:\/\/feminissima.de\/\",\"name\":\"Feminissima\",\"description\":\"\",\"potentialAction\":[{\"@type\":\"SearchAction\",\"target\":{\"@type\":\"EntryPoint\",\"urlTemplate\":\"https:\/\/feminissima.de\/?s={search_term_string}\"},\"query-input\":\"required name=search_term_string\"}],\"inLanguage\":\"de\"},{\"@type\":\"Person\",\"@id\":\"https:\/\/feminissima.de\/#\/schema\/person\/0b901e053624f88e7ecbea289d9d5128\",\"name\":\"admin\",\"image\":{\"@type\":\"ImageObject\",\"inLanguage\":\"de\",\"@id\":\"https:\/\/feminissima.de\/#\/schema\/person\/image\/\",\"url\":\"https:\/\/secure.gravatar.com\/avatar\/8da1f51327453c0bf63338e8e2a791948b7d2ac19b68839492d1e69aac6924a8?s=96&d=mm&r=g\",\"contentUrl\":\"https:\/\/secure.gravatar.com\/avatar\/8da1f51327453c0bf63338e8e2a791948b7d2ac19b68839492d1e69aac6924a8?s=96&d=mm&r=g\",\"caption\":\"admin\"},\"url\":\"https:\/\/feminissima.de\/index.php\/author\/admin\/\"}]}<\/script>\n<!-- \/ Yoast SEO plugin. -->","yoast_head_json":{"title":"Libanon steht in Flammen (7\/06) - Feminissima","robots":{"index":"index","follow":"follow","max-snippet":"max-snippet:-1","max-image-preview":"max-image-preview:large","max-video-preview":"max-video-preview:-1"},"canonical":"https:\/\/feminissima.de\/index.php\/2006\/07\/15\/libanon-steht-in-flammen-7-06\/","og_locale":"de_DE","og_type":"article","og_title":"Libanon steht in Flammen (7\/06) - Feminissima","og_description":"von der live -Site -","og_url":"https:\/\/feminissima.de\/index.php\/2006\/07\/15\/libanon-steht-in-flammen-7-06\/","og_site_name":"Feminissima","article_published_time":"2006-07-15T11:15:40+00:00","author":"admin","twitter_card":"summary_large_image","twitter_misc":{"Verfasst von":"admin","Gesch\u00e4tzte Lesezeit":"4\u00a0Minuten"},"schema":{"@context":"https:\/\/schema.org","@graph":[{"@type":"WebPage","@id":"https:\/\/feminissima.de\/index.php\/2006\/07\/15\/libanon-steht-in-flammen-7-06\/","url":"https:\/\/feminissima.de\/index.php\/2006\/07\/15\/libanon-steht-in-flammen-7-06\/","name":"Libanon steht in Flammen (7\/06) - Feminissima","isPartOf":{"@id":"https:\/\/feminissima.de\/#website"},"datePublished":"2006-07-15T11:15:40+00:00","dateModified":"2006-07-15T11:15:40+00:00","author":{"@id":"https:\/\/feminissima.de\/#\/schema\/person\/0b901e053624f88e7ecbea289d9d5128"},"breadcrumb":{"@id":"https:\/\/feminissima.de\/index.php\/2006\/07\/15\/libanon-steht-in-flammen-7-06\/#breadcrumb"},"inLanguage":"de","potentialAction":[{"@type":"ReadAction","target":["https:\/\/feminissima.de\/index.php\/2006\/07\/15\/libanon-steht-in-flammen-7-06\/"]}]},{"@type":"BreadcrumbList","@id":"https:\/\/feminissima.de\/index.php\/2006\/07\/15\/libanon-steht-in-flammen-7-06\/#breadcrumb","itemListElement":[{"@type":"ListItem","position":1,"name":"Startseite","item":"https:\/\/feminissima.de\/"},{"@type":"ListItem","position":2,"name":"Libanon steht in Flammen (7\/06)"}]},{"@type":"WebSite","@id":"https:\/\/feminissima.de\/#website","url":"https:\/\/feminissima.de\/","name":"Feminissima","description":"","potentialAction":[{"@type":"SearchAction","target":{"@type":"EntryPoint","urlTemplate":"https:\/\/feminissima.de\/?s={search_term_string}"},"query-input":"required name=search_term_string"}],"inLanguage":"de"},{"@type":"Person","@id":"https:\/\/feminissima.de\/#\/schema\/person\/0b901e053624f88e7ecbea289d9d5128","name":"admin","image":{"@type":"ImageObject","inLanguage":"de","@id":"https:\/\/feminissima.de\/#\/schema\/person\/image\/","url":"https:\/\/secure.gravatar.com\/avatar\/8da1f51327453c0bf63338e8e2a791948b7d2ac19b68839492d1e69aac6924a8?s=96&d=mm&r=g","contentUrl":"https:\/\/secure.gravatar.com\/avatar\/8da1f51327453c0bf63338e8e2a791948b7d2ac19b68839492d1e69aac6924a8?s=96&d=mm&r=g","caption":"admin"},"url":"https:\/\/feminissima.de\/index.php\/author\/admin\/"}]}},"jetpack_featured_media_url":"","_links":{"self":[{"href":"https:\/\/feminissima.de\/index.php\/wp-json\/wp\/v2\/posts\/84545","targetHints":{"allow":["GET"]}}],"collection":[{"href":"https:\/\/feminissima.de\/index.php\/wp-json\/wp\/v2\/posts"}],"about":[{"href":"https:\/\/feminissima.de\/index.php\/wp-json\/wp\/v2\/types\/post"}],"author":[{"embeddable":true,"href":"https:\/\/feminissima.de\/index.php\/wp-json\/wp\/v2\/users\/2"}],"replies":[{"embeddable":true,"href":"https:\/\/feminissima.de\/index.php\/wp-json\/wp\/v2\/comments?post=84545"}],"version-history":[{"count":0,"href":"https:\/\/feminissima.de\/index.php\/wp-json\/wp\/v2\/posts\/84545\/revisions"}],"wp:attachment":[{"href":"https:\/\/feminissima.de\/index.php\/wp-json\/wp\/v2\/media?parent=84545"}],"wp:term":[{"taxonomy":"category","embeddable":true,"href":"https:\/\/feminissima.de\/index.php\/wp-json\/wp\/v2\/categories?post=84545"},{"taxonomy":"post_tag","embeddable":true,"href":"https:\/\/feminissima.de\/index.php\/wp-json\/wp\/v2\/tags?post=84545"}],"curies":[{"name":"wp","href":"https:\/\/api.w.org\/{rel}","templated":true}]}}