{"id":84525,"date":"2006-07-09T04:08:27","date_gmt":"2006-07-09T04:08:27","guid":{"rendered":"http:\/\/www.feminissima.de\/?p=84525"},"modified":"2006-07-09T04:08:27","modified_gmt":"2006-07-09T04:08:27","slug":"protest-gegen-breker-ausstellung","status":"publish","type":"post","link":"https:\/\/feminissima.de\/index.php\/2006\/07\/09\/protest-gegen-breker-ausstellung\/","title":{"rendered":"Protest gegen Breker-Ausstellung"},"content":{"rendered":"<p>Text von gestern.<br \/>13 Uhr 30<\/p>\n<p>251370. <br \/>gestern: 813<br \/>heute: 534<\/p>\n<p>Auf der Stelle hat sich hier eine heftige Diskussion entwickelt:<\/p>\n<p>&#8222;Feminissimas hoch-emotionales NEIN! zu der Ausstellung st\u00fcnde ja in krassem Kontrast zu ihren dauerhaften Aufkl\u00e4rungs-Bem\u00fchungen und entsprechenden Forderungen.<\/p>\n<p>Aber &#8211; liegt nicht ein Unterschied darin,<br \/>die wahren Besitzverh\u00e4ltnisse etwa all der sch\u00f6nen Villen im Grunewald und am Wannsee aufzudecken, der Profit damit, mit j\u00fcdischem Eigentum, noch heute&#8230;, als sei dies nicht RAUB-Besitz dann auch der Bundesrepublik geworden..?<\/p>\n<p>oder &#8211; einen Repr\u00e4sentanten des Systems noch einmal buchst\u00e4blich &#8222;anzuschauen?&#8220;<\/p>\n<p>Nun gut, es darf und soll diskutiert werden.<\/p>\n<p>Unvergessen im GOETHE-JAHR in Weimar die Ausstellung mit &#8222;Kunst, die Hitler besa\u00df&#8220; oder so \u00e4hnlich&#8230;<\/p>\n<p>Die Schau hatte schon einen unvergessen abschreckenden und aufkl\u00e4renden Effekt:<\/p>\n<p>die &#8222;S\u00fc\u00dflichkeit&#8220; r\u00fchrender vorgeblicher Idylle-Bildchen in Mammut-Format, die Mutter mit ihren Kindelein, deren Haare zu Z\u00f6pfen geflochten&#8230;<\/p>\n<p>Die FRAUENFEINDLICHKEIT in bezug auf eine &#8222;moderne Frau&#8220; &#8211; in this country &#8211; sie r\u00fchrt daher.<\/p>\n<p>Hat wohl noch immer ihre Wurzeln in und aus der Nazi-Zeit.<br \/>Insofern, okay, <br \/>w\u00e4re eine Disussion \u00fcber Breker vielleicht &#8230;.<\/p>\n<p>was meint Ihr?<br \/>Mailt uns!<\/p>\n<p>info@feminissima.de<\/p>\n<table width=\"100%\">\n<tr>\n<td style=\"background-image=url('images\/monet-heller.jpg')\"><font size=\"+1\"><\/p>\n<p>Fingerspitzengef\u00fchl?<br \/>Na, ein harmloses Wort f\u00fcr &#8230;.<\/p>\n<p>Manche Menschen glauben doch tats\u00e4chlich, der Zeitabstand mildere die NS-Verbrechen und reduziere das Grauenhafte der Person namens Hitler und des damit verbundenen Regimes.<\/p>\n<p>Als grobe Beleidigung aller NS-Opfer und als nichts anderes, <br \/>l\u00e4sst sich der Fehltritt outen, <br \/>dass die Witwe Arno Brekers nun Exponate ihres Gatten, <br \/>er war Hitlers Lieblingsbildhauer, <br \/>f\u00fcr eine Ausstellung anbot.<\/p>\n<p>Okay, sie kann ja das Angebot machen.<\/p>\n<p>Aber mu\u00df man es deshalb auch annehmen???<\/p>\n<p>Wir meinen ganz deutlich:<\/p>\n<p>NEIN!!<\/p>\n<p>Mehr als 60 Jahre nach dem Ende des Nationalsozialismus spaltet der Bildhauer Arno Breker immer noch die Kunstwelt. <br \/>Die einen sehen in ihm nur den Hitler-G\u00fcnstling <br \/>und bezeichnen seine Arbeiten als Machwerke ohne jeden k\u00fcnstlerischen Wert.  <\/p>\n<p>Andere meinen, er sei einer der gro\u00dfen Bildhauer des 20. Jahrhunderts. <\/p>\n<p>Nun wagt das Schleswig-Holstein-Haus in Schwerin (Mecklenburg-Vorpommern) die erste allein Breker gewidmete Ausstellung seit 1945. <\/p>\n<p>Unter dem Titel: <\/p>\n<p>&#8222;Zur Diskussion gestellt: Der Bildhauer Arno Breker&#8220; <\/p>\n<p>sollen vom 22. Juli bis 22. Oktober rund 70 Skulpturen gezeigt werden. <\/p>\n<p>Die Exponate werden von der Witwe Brekers zur Verf\u00fcgung gestellt. <\/p>\n<p>KLASSE ABWEHR-REAKTION AUS BERLIN &#8211; : Klaus Staeck, der neue Pr\u00e4sident der Berliner Akademie der K\u00fcnste, <br \/>der der Akademie wieder politisches Gewicht verleihen will<\/p>\n<p> (Ende August wird in der Akademie der K\u00fcnste eine Debatte \u00fcber Peter Handke stattfinden),<\/p>\n<p>hat bereits eine ihm in Schwerin f\u00fcr 2007 angebotene Schau eigener Werke aus Protest abgesagt. <\/p>\n<p>&#8222;Es besteht der Verdacht, dass in Schwerin in Wahrheit an der Rehabilitation Brekers gearbeitet wird&#8220;, sagte Staeck der &#8222;Schweriner Volkszeitung&#8220;. <\/p>\n<p>Breker (1900-1991) gilt als Lieblingsbildhauer Adolf Hitlers. <\/p>\n<p>&#8222;Er hat sich gegen\u00fcber der Kunst und einem humanen Menschenbild schuldig gemacht und sein Verhalten nie bereut&#8220;, so Staeck. <\/p>\n<p>Breker seien bisher zu Recht gr\u00f6\u00dfere \u00f6ffentliche Auftritte versagt worden. <\/p>\n<p>Er sei einer der gr\u00f6\u00dften Profiteure eines verbrecherischen Systems gewesen, &#8222;ein monumentaler Dekorateur der Barbarei&#8220;, sagte Staeck. <\/p>\n<p>Der langj\u00e4hrige Chef des Ausstellungshauses, Rudolf Conrades, verteidigt dagegen sein Projekt:<\/p>\n<p> &#8222;Einer souver\u00e4nen, selbstbewussten Demokratie ist die Tabuisierung einer schwierigen, <br \/>aber doch nicht abzuleugnenden Kunstperiode der eigenen Geschichte weder w\u00fcrdig noch f\u00f6rderlich&#8220;, <\/p>\n<p>schreibt er in einem 191-seitigen Begleitband mit kritischen Essays. <\/p>\n<p>Die Ausstellungsst\u00fccke repr\u00e4sentieren alle Schaffensphasen Brekers, <br \/>der sich anfangs von den Franzosen Rodin und Maillol inspiriert f\u00fchlte,<\/p>\n<p> wie die Kunsthistorikerin Claudia Sch\u00f6nfeld im Begleitband darlegt. <\/p>\n<p>Als Beispiele f\u00fcr diese Phase &#8211; Breker lebte von 1927 bis 1932 auch in Frankreich &#8211; <\/p>\n<p>werden unter anderem die Portr\u00e4tb\u00fcste &#8222;Romanichel&#8220; und die Skulptur &#8222;Die Flehende&#8220; gezeigt. Es sind zartere Werke, so erfahren wir,<\/p>\n<p> die im Gegensatz zu den heroischen Skulpturen mit glattpolierter Oberfl\u00e4che stehen, <br \/>die er ab der zweiten H\u00e4lfte der 30er Jahre f\u00fcr die Nazis schuf. <\/p>\n<p>\nAusstellung und Begleitband bem\u00fchen sich, die Gegens\u00e4tze in Werk und Leben Brekers deutlich zu machen. <\/p>\n<p>Wir wissen ja oder wir wissen es auch nicht, <br \/>wenn wir uns nicht um das Wissen bem\u00fchen, es wird uns nicht einfach angeboten,<br \/>wie Hitler seine G\u00fcnstlinge bestens ausstattete&#8230;<\/p>\n<p>So soll Breker von Hitler ein Traum-Atelier in J\u00e4ckelsbruch bei Berlin zur Verf\u00fcgung gestellt worden sein, <br \/>und eine Summe von der sich leben und arbeiten lie\u00df:<\/p>\n<p>Ein Jahresgehalt von einer Million Reichsmark. <br \/>(Quelle: Der Historiker Bernd Kasten). <\/p>\n<p>Vieles spreche daf\u00fcr, dass Breker tats\u00e4chlich ein \u00fcberzeugter Nationalsozialist gewesen sei. <br \/>Allerdings soll Breker auch, <\/p>\n<p>wie in dem Band zu lesen ist, sein pers\u00f6nliches Verh\u00e4ltnis zu Hitler genutzt haben, um Verfolgten zu helfen. <\/p>\n<p>Ein Beispiel sei die J\u00fcdin Dina Vierni,<br \/> die Lebensgef\u00e4hrtin von Maillol. <\/p>\n<p>Kurator und Autoren wollen eine Diskussion ansto\u00dfen und zu weiterer Forschung anregen, <br \/>wie immer wieder betont wird. <\/p>\n<p>Bei manchem st\u00f6\u00dft dies allerdings auf komplette Ablehnung. <\/p>\n<p>So bemerkte die Direktorin des Staatlichen Museums Schwerin, <br \/>Kornelia von Berswordt, in der Presse, <\/p>\n<p>sie sehe an den Arbeiten Brekers &#8222;gar keine Kunstaspekte&#8220;. <\/p>\n<p>Sie halte es zudem f\u00fcr &#8222;grob fahrl\u00e4ssig&#8220;, <br \/>eine solche Pr\u00e4sentation im Vorfeld der Landtagswahlen in Mecklenburg-Vorpommern am 17. September zu machen. <\/p>\n<p>Bei der Wahl wird der Einzug der rechtsextremen NPD in das Parlament bef\u00fcrchtet. <\/p>\n<p>Info-Hintergrund u.a. n-tv.de<\/p>\n","protected":false},"excerpt":{"rendered":"<p>Text von gestern.<\/p>\n","protected":false},"author":2,"featured_media":0,"comment_status":"closed","ping_status":"closed","sticky":false,"template":"","format":"standard","meta":{"footnotes":""},"categories":[11],"tags":[],"class_list":["post-84525","post","type-post","status-publish","format-standard","hentry","category-femkultur","entry"],"yoast_head":"<!-- This site is optimized with the Yoast SEO plugin v21.0 - https:\/\/yoast.com\/wordpress\/plugins\/seo\/ -->\n<title>Protest gegen Breker-Ausstellung - Feminissima<\/title>\n<meta name=\"robots\" content=\"index, follow, max-snippet:-1, max-image-preview:large, max-video-preview:-1\" \/>\n<link rel=\"canonical\" href=\"https:\/\/feminissima.de\/index.php\/2006\/07\/09\/protest-gegen-breker-ausstellung\/\" \/>\n<meta property=\"og:locale\" content=\"de_DE\" \/>\n<meta property=\"og:type\" content=\"article\" \/>\n<meta property=\"og:title\" content=\"Protest gegen Breker-Ausstellung - Feminissima\" \/>\n<meta property=\"og:description\" content=\"Text von gestern.\" \/>\n<meta property=\"og:url\" content=\"https:\/\/feminissima.de\/index.php\/2006\/07\/09\/protest-gegen-breker-ausstellung\/\" \/>\n<meta property=\"og:site_name\" content=\"Feminissima\" \/>\n<meta property=\"article:published_time\" content=\"2006-07-09T04:08:27+00:00\" \/>\n<meta name=\"author\" content=\"admin\" \/>\n<meta name=\"twitter:card\" content=\"summary_large_image\" \/>\n<meta name=\"twitter:label1\" content=\"Verfasst von\" \/>\n\t<meta name=\"twitter:data1\" content=\"admin\" \/>\n\t<meta name=\"twitter:label2\" content=\"Gesch\u00e4tzte Lesezeit\" \/>\n\t<meta name=\"twitter:data2\" content=\"4\u00a0Minuten\" \/>\n<script type=\"application\/ld+json\" class=\"yoast-schema-graph\">{\"@context\":\"https:\/\/schema.org\",\"@graph\":[{\"@type\":\"WebPage\",\"@id\":\"https:\/\/feminissima.de\/index.php\/2006\/07\/09\/protest-gegen-breker-ausstellung\/\",\"url\":\"https:\/\/feminissima.de\/index.php\/2006\/07\/09\/protest-gegen-breker-ausstellung\/\",\"name\":\"Protest gegen Breker-Ausstellung - Feminissima\",\"isPartOf\":{\"@id\":\"https:\/\/feminissima.de\/#website\"},\"datePublished\":\"2006-07-09T04:08:27+00:00\",\"dateModified\":\"2006-07-09T04:08:27+00:00\",\"author\":{\"@id\":\"https:\/\/feminissima.de\/#\/schema\/person\/0b901e053624f88e7ecbea289d9d5128\"},\"breadcrumb\":{\"@id\":\"https:\/\/feminissima.de\/index.php\/2006\/07\/09\/protest-gegen-breker-ausstellung\/#breadcrumb\"},\"inLanguage\":\"de\",\"potentialAction\":[{\"@type\":\"ReadAction\",\"target\":[\"https:\/\/feminissima.de\/index.php\/2006\/07\/09\/protest-gegen-breker-ausstellung\/\"]}]},{\"@type\":\"BreadcrumbList\",\"@id\":\"https:\/\/feminissima.de\/index.php\/2006\/07\/09\/protest-gegen-breker-ausstellung\/#breadcrumb\",\"itemListElement\":[{\"@type\":\"ListItem\",\"position\":1,\"name\":\"Startseite\",\"item\":\"https:\/\/feminissima.de\/\"},{\"@type\":\"ListItem\",\"position\":2,\"name\":\"Protest gegen Breker-Ausstellung\"}]},{\"@type\":\"WebSite\",\"@id\":\"https:\/\/feminissima.de\/#website\",\"url\":\"https:\/\/feminissima.de\/\",\"name\":\"Feminissima\",\"description\":\"\",\"potentialAction\":[{\"@type\":\"SearchAction\",\"target\":{\"@type\":\"EntryPoint\",\"urlTemplate\":\"https:\/\/feminissima.de\/?s={search_term_string}\"},\"query-input\":\"required name=search_term_string\"}],\"inLanguage\":\"de\"},{\"@type\":\"Person\",\"@id\":\"https:\/\/feminissima.de\/#\/schema\/person\/0b901e053624f88e7ecbea289d9d5128\",\"name\":\"admin\",\"image\":{\"@type\":\"ImageObject\",\"inLanguage\":\"de\",\"@id\":\"https:\/\/feminissima.de\/#\/schema\/person\/image\/\",\"url\":\"https:\/\/secure.gravatar.com\/avatar\/8da1f51327453c0bf63338e8e2a791948b7d2ac19b68839492d1e69aac6924a8?s=96&d=mm&r=g\",\"contentUrl\":\"https:\/\/secure.gravatar.com\/avatar\/8da1f51327453c0bf63338e8e2a791948b7d2ac19b68839492d1e69aac6924a8?s=96&d=mm&r=g\",\"caption\":\"admin\"},\"url\":\"https:\/\/feminissima.de\/index.php\/author\/admin\/\"}]}<\/script>\n<!-- \/ Yoast SEO plugin. -->","yoast_head_json":{"title":"Protest gegen Breker-Ausstellung - Feminissima","robots":{"index":"index","follow":"follow","max-snippet":"max-snippet:-1","max-image-preview":"max-image-preview:large","max-video-preview":"max-video-preview:-1"},"canonical":"https:\/\/feminissima.de\/index.php\/2006\/07\/09\/protest-gegen-breker-ausstellung\/","og_locale":"de_DE","og_type":"article","og_title":"Protest gegen Breker-Ausstellung - Feminissima","og_description":"Text von gestern.","og_url":"https:\/\/feminissima.de\/index.php\/2006\/07\/09\/protest-gegen-breker-ausstellung\/","og_site_name":"Feminissima","article_published_time":"2006-07-09T04:08:27+00:00","author":"admin","twitter_card":"summary_large_image","twitter_misc":{"Verfasst von":"admin","Gesch\u00e4tzte Lesezeit":"4\u00a0Minuten"},"schema":{"@context":"https:\/\/schema.org","@graph":[{"@type":"WebPage","@id":"https:\/\/feminissima.de\/index.php\/2006\/07\/09\/protest-gegen-breker-ausstellung\/","url":"https:\/\/feminissima.de\/index.php\/2006\/07\/09\/protest-gegen-breker-ausstellung\/","name":"Protest gegen Breker-Ausstellung - Feminissima","isPartOf":{"@id":"https:\/\/feminissima.de\/#website"},"datePublished":"2006-07-09T04:08:27+00:00","dateModified":"2006-07-09T04:08:27+00:00","author":{"@id":"https:\/\/feminissima.de\/#\/schema\/person\/0b901e053624f88e7ecbea289d9d5128"},"breadcrumb":{"@id":"https:\/\/feminissima.de\/index.php\/2006\/07\/09\/protest-gegen-breker-ausstellung\/#breadcrumb"},"inLanguage":"de","potentialAction":[{"@type":"ReadAction","target":["https:\/\/feminissima.de\/index.php\/2006\/07\/09\/protest-gegen-breker-ausstellung\/"]}]},{"@type":"BreadcrumbList","@id":"https:\/\/feminissima.de\/index.php\/2006\/07\/09\/protest-gegen-breker-ausstellung\/#breadcrumb","itemListElement":[{"@type":"ListItem","position":1,"name":"Startseite","item":"https:\/\/feminissima.de\/"},{"@type":"ListItem","position":2,"name":"Protest gegen Breker-Ausstellung"}]},{"@type":"WebSite","@id":"https:\/\/feminissima.de\/#website","url":"https:\/\/feminissima.de\/","name":"Feminissima","description":"","potentialAction":[{"@type":"SearchAction","target":{"@type":"EntryPoint","urlTemplate":"https:\/\/feminissima.de\/?s={search_term_string}"},"query-input":"required name=search_term_string"}],"inLanguage":"de"},{"@type":"Person","@id":"https:\/\/feminissima.de\/#\/schema\/person\/0b901e053624f88e7ecbea289d9d5128","name":"admin","image":{"@type":"ImageObject","inLanguage":"de","@id":"https:\/\/feminissima.de\/#\/schema\/person\/image\/","url":"https:\/\/secure.gravatar.com\/avatar\/8da1f51327453c0bf63338e8e2a791948b7d2ac19b68839492d1e69aac6924a8?s=96&d=mm&r=g","contentUrl":"https:\/\/secure.gravatar.com\/avatar\/8da1f51327453c0bf63338e8e2a791948b7d2ac19b68839492d1e69aac6924a8?s=96&d=mm&r=g","caption":"admin"},"url":"https:\/\/feminissima.de\/index.php\/author\/admin\/"}]}},"jetpack_featured_media_url":"","_links":{"self":[{"href":"https:\/\/feminissima.de\/index.php\/wp-json\/wp\/v2\/posts\/84525","targetHints":{"allow":["GET"]}}],"collection":[{"href":"https:\/\/feminissima.de\/index.php\/wp-json\/wp\/v2\/posts"}],"about":[{"href":"https:\/\/feminissima.de\/index.php\/wp-json\/wp\/v2\/types\/post"}],"author":[{"embeddable":true,"href":"https:\/\/feminissima.de\/index.php\/wp-json\/wp\/v2\/users\/2"}],"replies":[{"embeddable":true,"href":"https:\/\/feminissima.de\/index.php\/wp-json\/wp\/v2\/comments?post=84525"}],"version-history":[{"count":0,"href":"https:\/\/feminissima.de\/index.php\/wp-json\/wp\/v2\/posts\/84525\/revisions"}],"wp:attachment":[{"href":"https:\/\/feminissima.de\/index.php\/wp-json\/wp\/v2\/media?parent=84525"}],"wp:term":[{"taxonomy":"category","embeddable":true,"href":"https:\/\/feminissima.de\/index.php\/wp-json\/wp\/v2\/categories?post=84525"},{"taxonomy":"post_tag","embeddable":true,"href":"https:\/\/feminissima.de\/index.php\/wp-json\/wp\/v2\/tags?post=84525"}],"curies":[{"name":"wp","href":"https:\/\/api.w.org\/{rel}","templated":true}]}}