{"id":84523,"date":"2006-07-08T07:42:26","date_gmt":"2006-07-08T07:42:26","guid":{"rendered":"http:\/\/www.feminissima.de\/?p=84523"},"modified":"2006-07-08T07:42:26","modified_gmt":"2006-07-08T07:42:26","slug":"politik-israel-marschiert-in-gaza-ein","status":"publish","type":"post","link":"https:\/\/feminissima.de\/index.php\/2006\/07\/08\/politik-israel-marschiert-in-gaza-ein\/","title":{"rendered":"POLITIK: Israel marschiert in Gaza ein"},"content":{"rendered":"<p>Israel wird im UNO-Menschenrechtsrat scharf kritisiert.<\/p>\n<p>Israels Vorgehen in den Pal\u00e4stinensergebieten ist am Mittwoch auf einer Sondersitzung des Menschenrechtsrates der Vereinten Nationen deutlich kritisiert worden. <\/p>\n<p>Eine entsprechende Resolution, nach der Tel Aviv der Verletzung von Menschenrechten beschuldigt wird, <\/p>\n<p>wurde jedoch vertagt. <\/p>\n<p>Die 47 Mitglieder des Gremiums hatten sich in Genf zu ihrer ersten Sondersitzung seit der Gr\u00fcndung Mitte M\u00e4rz getroffen. <\/p>\n<p>Sie war unter anderem von der Organisation der islamischen Konferenz (OIC) gefordert worden.<\/p>\n<p>Der UNO-Berichterstatter f\u00fcr Menschenrechte in Pal\u00e4stina, John Dugard, wiederholte seine Vorw\u00fcrfe, <br \/>dass Zivilisten unter Verstoss gegen internationales Recht von Milit\u00e4raktionen betroffen seien.<\/p>\n<p> &#8222;Die Menschenrechtslage war schon vorher (vor dem j\u00fcngsten Einmarsch) schrecklich&#8220;, sagte Dugard. <\/p>\n<p>In der vergangenen Woche habe sich die Lage aber noch deutlich verschlimmert.<\/p>\n<p>In der dem Rat vorliegenden Resolution heisst es unter anderem, <\/p>\n<p>die derzeitige Milit\u00e4raktion Israels gegen die Pal\u00e4stinenser &#8211; <\/p>\n<p>wie etwa die Zerst\u00f6rung von Elektrizit\u00e4ts- oder Wasserwerken &#8211; verstosse gegen die Menschenrechte. <\/p>\n<p>Auch soll die UNO-Hochkommissarin f\u00fcr Menschenrechte, Louise Arbour, den Auftrag bekommen, <br \/>sich vor Ort ein Bild von der Lage zu machen.<\/p>\n<p>W\u00e4hrend etwa die Europ\u00e4ische Union die Sondersitzung und eine einseitige Verurteilung Israels ablehnen, <\/p>\n<p>konnten sie sich jedoch am Mittwoch gegen die Mehrheit im Rat nicht durchsetzen. <\/p>\n<p>Auch die Menschenrechtsorganisation UNO Watch wandte sich gegen eine alleinige Beschuldigung Israels. <\/p>\n<p>\u00c4hnlich \u00e4usserte sich der amerikanische Vertreter. <br \/>Die USA und Israel geh\u00f6ren dem Menschenrechtsrat aber nicht an.<\/p>\n<p>Es sei wahrscheinlich, dass die Resolution am Donnerstag mit Mehrheit verabschiedet werde, erkl\u00e4rten Diplomaten. <\/p>\n<p>Der Rat hatte nach rund 60 Jahren die UNO-Menschenrechtskommission abgel\u00f6st. <\/p>\n<p>Die viel kritisierte Kommission hatte ebenfalls immer wieder und h\u00e4ufig einseitig Israel verurteilt. <\/p>\n","protected":false},"excerpt":{"rendered":"<p>Israel wird im UNO-Menschenrechtsrat scharf kritisiert.<\/p>\n","protected":false},"author":2,"featured_media":0,"comment_status":"closed","ping_status":"closed","sticky":false,"template":"","format":"standard","meta":{"footnotes":""},"categories":[14],"tags":[],"class_list":["post-84523","post","type-post","status-publish","format-standard","hentry","category-fempolitik","entry"],"yoast_head":"<!-- This site is optimized with the Yoast SEO plugin v21.0 - https:\/\/yoast.com\/wordpress\/plugins\/seo\/ -->\n<title>POLITIK: Israel marschiert in Gaza ein - Feminissima<\/title>\n<meta name=\"robots\" content=\"index, follow, max-snippet:-1, max-image-preview:large, max-video-preview:-1\" \/>\n<link rel=\"canonical\" href=\"https:\/\/feminissima.de\/index.php\/2006\/07\/08\/politik-israel-marschiert-in-gaza-ein\/\" \/>\n<meta property=\"og:locale\" content=\"de_DE\" \/>\n<meta property=\"og:type\" content=\"article\" \/>\n<meta property=\"og:title\" content=\"POLITIK: Israel marschiert in Gaza ein - Feminissima\" \/>\n<meta property=\"og:description\" content=\"Israel wird im UNO-Menschenrechtsrat scharf kritisiert.\" \/>\n<meta property=\"og:url\" content=\"https:\/\/feminissima.de\/index.php\/2006\/07\/08\/politik-israel-marschiert-in-gaza-ein\/\" \/>\n<meta property=\"og:site_name\" content=\"Feminissima\" \/>\n<meta property=\"article:published_time\" content=\"2006-07-08T07:42:26+00:00\" \/>\n<meta name=\"author\" content=\"admin\" \/>\n<meta name=\"twitter:card\" content=\"summary_large_image\" \/>\n<meta name=\"twitter:label1\" content=\"Verfasst von\" \/>\n\t<meta name=\"twitter:data1\" content=\"admin\" \/>\n\t<meta name=\"twitter:label2\" content=\"Gesch\u00e4tzte Lesezeit\" \/>\n\t<meta name=\"twitter:data2\" content=\"1\u00a0Minute\" \/>\n<script type=\"application\/ld+json\" class=\"yoast-schema-graph\">{\"@context\":\"https:\/\/schema.org\",\"@graph\":[{\"@type\":\"WebPage\",\"@id\":\"https:\/\/feminissima.de\/index.php\/2006\/07\/08\/politik-israel-marschiert-in-gaza-ein\/\",\"url\":\"https:\/\/feminissima.de\/index.php\/2006\/07\/08\/politik-israel-marschiert-in-gaza-ein\/\",\"name\":\"POLITIK: Israel marschiert in Gaza ein - Feminissima\",\"isPartOf\":{\"@id\":\"https:\/\/feminissima.de\/#website\"},\"datePublished\":\"2006-07-08T07:42:26+00:00\",\"dateModified\":\"2006-07-08T07:42:26+00:00\",\"author\":{\"@id\":\"https:\/\/feminissima.de\/#\/schema\/person\/0b901e053624f88e7ecbea289d9d5128\"},\"breadcrumb\":{\"@id\":\"https:\/\/feminissima.de\/index.php\/2006\/07\/08\/politik-israel-marschiert-in-gaza-ein\/#breadcrumb\"},\"inLanguage\":\"de\",\"potentialAction\":[{\"@type\":\"ReadAction\",\"target\":[\"https:\/\/feminissima.de\/index.php\/2006\/07\/08\/politik-israel-marschiert-in-gaza-ein\/\"]}]},{\"@type\":\"BreadcrumbList\",\"@id\":\"https:\/\/feminissima.de\/index.php\/2006\/07\/08\/politik-israel-marschiert-in-gaza-ein\/#breadcrumb\",\"itemListElement\":[{\"@type\":\"ListItem\",\"position\":1,\"name\":\"Startseite\",\"item\":\"https:\/\/feminissima.de\/\"},{\"@type\":\"ListItem\",\"position\":2,\"name\":\"POLITIK: Israel marschiert in Gaza ein\"}]},{\"@type\":\"WebSite\",\"@id\":\"https:\/\/feminissima.de\/#website\",\"url\":\"https:\/\/feminissima.de\/\",\"name\":\"Feminissima\",\"description\":\"\",\"potentialAction\":[{\"@type\":\"SearchAction\",\"target\":{\"@type\":\"EntryPoint\",\"urlTemplate\":\"https:\/\/feminissima.de\/?s={search_term_string}\"},\"query-input\":\"required name=search_term_string\"}],\"inLanguage\":\"de\"},{\"@type\":\"Person\",\"@id\":\"https:\/\/feminissima.de\/#\/schema\/person\/0b901e053624f88e7ecbea289d9d5128\",\"name\":\"admin\",\"image\":{\"@type\":\"ImageObject\",\"inLanguage\":\"de\",\"@id\":\"https:\/\/feminissima.de\/#\/schema\/person\/image\/\",\"url\":\"https:\/\/secure.gravatar.com\/avatar\/8da1f51327453c0bf63338e8e2a791948b7d2ac19b68839492d1e69aac6924a8?s=96&d=mm&r=g\",\"contentUrl\":\"https:\/\/secure.gravatar.com\/avatar\/8da1f51327453c0bf63338e8e2a791948b7d2ac19b68839492d1e69aac6924a8?s=96&d=mm&r=g\",\"caption\":\"admin\"},\"url\":\"https:\/\/feminissima.de\/index.php\/author\/admin\/\"}]}<\/script>\n<!-- \/ Yoast SEO plugin. -->","yoast_head_json":{"title":"POLITIK: Israel marschiert in Gaza ein - Feminissima","robots":{"index":"index","follow":"follow","max-snippet":"max-snippet:-1","max-image-preview":"max-image-preview:large","max-video-preview":"max-video-preview:-1"},"canonical":"https:\/\/feminissima.de\/index.php\/2006\/07\/08\/politik-israel-marschiert-in-gaza-ein\/","og_locale":"de_DE","og_type":"article","og_title":"POLITIK: Israel marschiert in Gaza ein - Feminissima","og_description":"Israel wird im UNO-Menschenrechtsrat scharf kritisiert.","og_url":"https:\/\/feminissima.de\/index.php\/2006\/07\/08\/politik-israel-marschiert-in-gaza-ein\/","og_site_name":"Feminissima","article_published_time":"2006-07-08T07:42:26+00:00","author":"admin","twitter_card":"summary_large_image","twitter_misc":{"Verfasst von":"admin","Gesch\u00e4tzte Lesezeit":"1\u00a0Minute"},"schema":{"@context":"https:\/\/schema.org","@graph":[{"@type":"WebPage","@id":"https:\/\/feminissima.de\/index.php\/2006\/07\/08\/politik-israel-marschiert-in-gaza-ein\/","url":"https:\/\/feminissima.de\/index.php\/2006\/07\/08\/politik-israel-marschiert-in-gaza-ein\/","name":"POLITIK: Israel marschiert in Gaza ein - Feminissima","isPartOf":{"@id":"https:\/\/feminissima.de\/#website"},"datePublished":"2006-07-08T07:42:26+00:00","dateModified":"2006-07-08T07:42:26+00:00","author":{"@id":"https:\/\/feminissima.de\/#\/schema\/person\/0b901e053624f88e7ecbea289d9d5128"},"breadcrumb":{"@id":"https:\/\/feminissima.de\/index.php\/2006\/07\/08\/politik-israel-marschiert-in-gaza-ein\/#breadcrumb"},"inLanguage":"de","potentialAction":[{"@type":"ReadAction","target":["https:\/\/feminissima.de\/index.php\/2006\/07\/08\/politik-israel-marschiert-in-gaza-ein\/"]}]},{"@type":"BreadcrumbList","@id":"https:\/\/feminissima.de\/index.php\/2006\/07\/08\/politik-israel-marschiert-in-gaza-ein\/#breadcrumb","itemListElement":[{"@type":"ListItem","position":1,"name":"Startseite","item":"https:\/\/feminissima.de\/"},{"@type":"ListItem","position":2,"name":"POLITIK: Israel marschiert in Gaza ein"}]},{"@type":"WebSite","@id":"https:\/\/feminissima.de\/#website","url":"https:\/\/feminissima.de\/","name":"Feminissima","description":"","potentialAction":[{"@type":"SearchAction","target":{"@type":"EntryPoint","urlTemplate":"https:\/\/feminissima.de\/?s={search_term_string}"},"query-input":"required name=search_term_string"}],"inLanguage":"de"},{"@type":"Person","@id":"https:\/\/feminissima.de\/#\/schema\/person\/0b901e053624f88e7ecbea289d9d5128","name":"admin","image":{"@type":"ImageObject","inLanguage":"de","@id":"https:\/\/feminissima.de\/#\/schema\/person\/image\/","url":"https:\/\/secure.gravatar.com\/avatar\/8da1f51327453c0bf63338e8e2a791948b7d2ac19b68839492d1e69aac6924a8?s=96&d=mm&r=g","contentUrl":"https:\/\/secure.gravatar.com\/avatar\/8da1f51327453c0bf63338e8e2a791948b7d2ac19b68839492d1e69aac6924a8?s=96&d=mm&r=g","caption":"admin"},"url":"https:\/\/feminissima.de\/index.php\/author\/admin\/"}]}},"jetpack_featured_media_url":"","_links":{"self":[{"href":"https:\/\/feminissima.de\/index.php\/wp-json\/wp\/v2\/posts\/84523","targetHints":{"allow":["GET"]}}],"collection":[{"href":"https:\/\/feminissima.de\/index.php\/wp-json\/wp\/v2\/posts"}],"about":[{"href":"https:\/\/feminissima.de\/index.php\/wp-json\/wp\/v2\/types\/post"}],"author":[{"embeddable":true,"href":"https:\/\/feminissima.de\/index.php\/wp-json\/wp\/v2\/users\/2"}],"replies":[{"embeddable":true,"href":"https:\/\/feminissima.de\/index.php\/wp-json\/wp\/v2\/comments?post=84523"}],"version-history":[{"count":0,"href":"https:\/\/feminissima.de\/index.php\/wp-json\/wp\/v2\/posts\/84523\/revisions"}],"wp:attachment":[{"href":"https:\/\/feminissima.de\/index.php\/wp-json\/wp\/v2\/media?parent=84523"}],"wp:term":[{"taxonomy":"category","embeddable":true,"href":"https:\/\/feminissima.de\/index.php\/wp-json\/wp\/v2\/categories?post=84523"},{"taxonomy":"post_tag","embeddable":true,"href":"https:\/\/feminissima.de\/index.php\/wp-json\/wp\/v2\/tags?post=84523"}],"curies":[{"name":"wp","href":"https:\/\/api.w.org\/{rel}","templated":true}]}}