{"id":84504,"date":"2006-06-23T20:51:37","date_gmt":"2006-06-23T20:51:37","guid":{"rendered":"http:\/\/www.feminissima.de\/?p=84504"},"modified":"2006-06-23T20:51:37","modified_gmt":"2006-06-23T20:51:37","slug":"sommers-anfang-wm-allianz-und-06","status":"publish","type":"post","link":"https:\/\/feminissima.de\/index.php\/2006\/06\/23\/sommers-anfang-wm-allianz-und-06\/","title":{"rendered":"Sommers Anfang &#038; WM &#038; ALLIANZ..und&#8230;(06)"},"content":{"rendered":"<p>live-texte vom 21. \/22. Juni 06 \/<br \/>241742.<br \/>gestern: 466<br \/>heute: 130<\/p>\n<p>Es ist 8 Uhr 56&#8230;hallo!<br \/>Inzwischen 9:22&#8230;.<\/p>\n<p>Crissy hat gleich erst mal die \u00fcberfl\u00fcssigen Buchstaben ermahnt, sich doch bitte richtig zu positionieren, und nicht einfach dort, wo sie hin-wollten, des &#8222;sommters&#8220; nein, des SOMMERS&#8230;ja, &#8230;die Buchstaben&#8230;!<\/p>\n<p>Aber ab MORGEN FR\u00dcH warten feingesponnene Buchstaben auf uns &#8211; Die Lesungen zum &#038; f\u00fcr den Ingeborg-Bachmann-Preis in Klagenfurt beginnen.<br \/>3-sat wird dieses Literatur-&#038;-Hoffungs-Ereignis wieder live-\u00fcbertragen&#8230;.<br \/>Am 25. Juni dieses Jahres w\u00fcrde Ingeborg Bachman 80 Jahre alt.<\/p>\n<p>Sie hatte es unfreiwillig vorgezogen, fr\u00fcher &#8222;macht&#8217;s gut!&#8220; zu sagen&#8230;<\/p>\n<p> Viel zu fr\u00fch.<\/p>\n<table width=\"100%\">\n<tr>\n<td style=\"background-image=url('images\/monet-heller.jpg')\"><font size=\"+1\"><\/p>\n<p>Es ist einer dieser Tage,<br \/>da du den Juni festhalten m\u00f6chtest.<\/p>\n<p>Dir ein St\u00fcck von ihm f\u00fcr den Winter einfrieren m\u00f6chtest,<br \/>wenn du eine Tiefk\u00fchltruhe des Lebens besitzt,<br \/>ansonsten gen\u00fcgt der Speicher deines Herzens,<\/p>\n<p>es ist ein Juni-Morgen,<br \/>Sommers Anfang, <br \/>der dich an die Wonnen der Kinderheits-Sommer erinnert;<\/p>\n<p>Dieses &#8211; &#8222;Juchhu, heute fahren wir an den See, mit Pudding und Kartoffelsalat, Decken, bunten B\u00e4llen und den Schwimmreifen, den ger\u00fcschten Bade-Anz\u00fcgen, <br \/>rein ins VW-Buss-chen,<br \/> in das so viele Kinder, noch die aus der Nachbarschaft, reinpassten,<br \/>und auf ging&#8217;s:<\/p>\n<p>Raus an den See&#8230;.<\/p>\n<p>Die Frische der Luft, der Duft des Wassers, <br \/>das Spritzen, Herumplanschen,<br \/>so tun, als k\u00f6nne man schwimmen, aber es klappte noch nicht..<\/p>\n<p>Das Herumrasen, Fangen-Spielen, und dann:<\/p>\n<p>Wenn Mama begann, die Ess-Sachen auszupacken&#8230;.<br \/>stoben sie herbei, <br \/>pl\u00f6tzlich still und begierig, aufmerksam wie die jungen Hunde, wie die Ohren gespitzt, <br \/>was Mama denn Feines da alles auspackte&#8230;<\/p>\n<p>Es waren diese Tage, da der Wind mit den B\u00e4umen spielte, ohne dass du pr\u00fcfend schautest,<br \/>ob ein Orkan aufkommt&#8230;<\/p>\n<p>es waren die Tage&#8230;ach..ja&#8230;<\/p>\n<p>&#8230;Aber heute ist es auch sch\u00f6n.<\/p>\n<p>Heute ist so ein Tag.<\/p>\n<p>Die B\u00e4ume gr\u00fcn und pr\u00e4chtig, <br \/>vergessen die Kahlheit der \u00c4ste noch bis fast Ende M\u00e4rz, all die K\u00e4lte, viel zu lange hielt sie an.<\/p>\n<p>Der Sommer lie\u00df sich bitten.<\/p>\n<p>Aber ab heute gelten keine Ausreden mehr&#8230;.<\/p>\n<p>und in Berlin wird er mit MUSIK IN DER LUFT &#8230;begr\u00fcsst&#8230;\u00fcberall&#8230;heute begeht Berlin ein Fest, zu Ehren, zur Begr\u00fc\u00dfung des Sommers, <br \/>auf dass er bleibe&#8230;.<\/p>\n<p>&#8222;Fete de la Musique&#8220; &#8211; hei\u00dft es fein auf Franz\u00f6sisch&#8230;<br \/>Vielleicht \u00e4hnlich poetisch \u00fcbersetzt &#8211; &#8222;Fest der Kl\u00e4nge&#8220;&#8230;.<\/p>\n<p>Es ist 9 Uhr 07 &#8211; und Crissy ist heute dran, das Katzenfutter aufzufrischen.<\/p>\n<p>Hold on&#8230;!<\/p>\n<p>Einen sch\u00f6nen Tag &#8211; erst mal!<\/p>\n<\/td>\n<\/tr>\n<\/table>\n<p>22.6.Es ist 13:30, willkommen!<\/p>\n<table width=\"100%\">\n<tr>\n<td style=\"background-image=url('images\/monet-heller.jpg')\"><font size=\"+1\"><\/p>\n<p>In einem der uns\u00e4glich-unaushaltbaren, aber wohl oft geh\u00f6rten Berliner Privatsender wie &#8222;Spree Radio&#8220; und &#8222;bb-Radio&#8220; (soll hei\u00dfen berlin-brandenburg-radio)<\/p>\n<p>wo die Moderatoren G\u00e4nsehaut vor Ergriffenheit kriegen, beim Absingen der deutschen Nationalhymne in den Stadien,<\/p>\n<p>da darf auch eine, die erste Bundeskanzlerin dieser Republik, Angela Merkel, CDU, <\/p>\n<p>sich im O-Ton <\/p>\n<p>&#8222;\u00fcber das ungeheure Begeisterungs-Potenzial&#8220;<\/p>\n<p> freuen, <\/p>\n<p>&#8222;.das sich in diesen Tagen in diesem Land zeigt, und damit beweist, dass auch diese Krise zu meistern ist..&#8220;<\/p>\n<p>ja, die finden das toll.<\/p>\n<p>Weil sie ebenso borniert, wie wahrscheinlich auch ungebildet sind.<\/p>\n<p>Und keine Ahnung, ausgerechnet in Berlin!<\/p>\n<p>von PROPAGANDA zu haben scheinen.<\/p>\n<p>&#8230;Die begeisterten Massen&#8230;<\/p>\n<p>ja, da kriegt FEMINISSIMA eine G\u00e4nsehaut&#8230;<br \/>wenn dies &#8230;das hatten wir doch schon mal&#8230;<\/p>\n<p>als eine Wurzel der Instrumentalisierung&#8230;der Massen&#8230;politisch&#8230;<\/p>\n<p>erkannt und genutzt&#8230;nettes Wort&#8230;.<\/p>\n<p>wurde&#8230;wird.<\/p>\n<p>Vorsicht, Vorsicht!<\/p>\n<p>Diese Sender sind ja bereits willige Propagandisten.<\/td>\n<\/tr>\n<\/table>\n<p>242100.<\/p>\n<p>Trotz eines Rekord-Milliardengewinns will ALLIANZ insbesondere in K\u00f6ln und Frankfurt\/Main drastisch zuschlagen und in K\u00f6ln schon bald, wahrscheinlich bis zum Jahrende, den gesamten Standort K\u00f6ln schlie\u00dfen. <br \/>Betroffen von dem Kahlschlag ist nicht nur das Versicherungsgesch\u00e4ft der ALLIANZ, sondern auch die Tochter DRESDNER BANK.<\/p>\n<p>Bei der Bank wurden bereits in den letzten Jahren rund 15.000 Vollzeitstellen gestrichen&#8230;.<\/p>\n<p>Der angek\u00fcndige &#8222;Sparkurs&#8220; beim Personal, <br \/>also bei Menschen, zwecks weiterer Gewinnoptimierung,<br \/>hat an der B\u00f6rse zu einem Sprung nach oben gef\u00fchrt &#8211; wie unanst\u00e4ndig!<br \/>Gleiches ja auch bei der BAYER AG &#8211; Aktie, <br \/>nachdem bekannt wurde, dass mit der &#8222;\u00dcbernahme&#8220; von SCHERING &#8211; 6000 Menschen ihren Job verlieren werden.<\/p>\n<p>Pfui!<\/p>\n<table width=\"100%\">\n<tr>\n<td style=\"background-image=url('images\/monet-heller.jpg')\"><font size=\"+1\"><\/p>\n<p>Erst einmal eine Frage:<\/p>\n<p>Wieso ist das erlaubt???<\/p>\n<p>Beginnen wir bei den Meldungen gestern Abend &#8211; TAGESTHEMEN:<\/p>\n<p>Und damit ja auch sofort das \u00c4RGERLICHE &#8211; <\/p>\n<p>eine Meldung wird verlesen &#8211; aber KEINE NACHFRAGE!<\/p>\n<p>Der B\u00fcrger bleibt mit offenem Mund, <br \/>erschrocken, erz\u00fcrnt, fassungslos zur\u00fcck &#8211; <\/p>\n<p>und fragt sich und seinesgleichen:<\/p>\n<p>JA- WIESO?-WARUM?<br \/>KANN HIER JEDER KONZERN MACHEN, WAS ER WILL ODER WIE ODER WAS?<\/p>\n<p>Die Meldung lautete:<\/p>\n<p>Nach der &#8222;\u00dcbernahme&#8220; von Schering will die BAYER AG rund 6000 Stellen abbauen&#8220;.<\/p>\n<p>Sinngem\u00e4\u00df.<\/p>\n<p>Jetzt h\u00e4tte man doch gerne ein Interview mit einem Herrn &#8211; besser einer Dame&#8230;aus dem WIRTSCHAFTSMINISTERIUM<\/p>\n<p>gesehen-geh\u00f6rt, von Ulli Wickert befragt, etwa:<\/p>\n<p>&#8222;Wieso d\u00fcrfen die das einfach so?<br \/>Ist das die &#8218;freie Marktwirtschaft?&#8216;<br \/>Hei\u00dft es nicht eigentlich &#8217;soziale Marktwirschaft?'&#8220;<\/p>\n<p>Oder ist der Begriff l\u00e4ngst auch abgewirtschaftet,<br \/>aus dem Vokabular und aus dem Sinn gestrichen?<\/p>\n<p>Oder man h\u00e4tte auch gerne erwartet:<\/p>\n<p>&#8222;Leider haben wir keinen Interviewpartner zu diesem Thema aus der Politik finden k\u00f6nnen&#8230;&#8220;<\/p>\n<p>Aber nur die Meldung!<\/p>\n<p>Genau das beklagt Eure 120 Jahre alte FEMINISSIMA beinah tagt\u00e4glich:<\/p>\n<p>Dieser Verlautbarungsjournalismus!<\/p>\n<p>Die Brocken werden dir hingeschmissen, fri\u00df oder stirb.<\/p>\n<p>Aber blo\u00df keine Nachfragen.<\/p>\n<p>DAs ist genau das, <br \/>was FEMINISSIMA ..immer \u00f6ftern&#8230;<\/p>\n<p>als schleichenden <br \/>nein inzwischen schier galoppierenden Proze\u00df einer zunehmend &#8222;um sich greifenden&#8220; Diktatur bezeichnet.<\/p>\n<p>Wenn keine Transparenz mehr, nirgends.<\/p>\n<p>Wenn keine Mitsprachen mehr.<\/p>\n<p>Das beklagten \u00fcbrigens gestern Abend auch die Rest-Parteien&#8230;.GR\u00dcNE und DIE LINKE.PDS&#8230;<\/p>\n<p>Sie w\u00fcrden nicht mehr von CDU und SPD informiert-mit-einbezogen in die politischen Prozesse.<\/p>\n<p>Es ging dabei um die Gesundheitsreform. <\/p>\n<p>Sondern mit Bruchst\u00fccken oder vollendeten Tatsachen abgespeist. <\/p>\n<p>Ah?<\/p>\n<p>Die offenbar keiner kennt, au\u00dfer ein paar CDU-SPD-Insidern.<\/p>\n<p>Parlamentarismus oder Diktatur von wenigen &#8211; also Oligarchie, <br \/>bereits vehement von FEMINISSIMA angesichts der Politik-Handhabung (ein echtes deutsches B\u00fcrokratenwort&#8230;) bei Schr\u00f6der und Clement beklagt, Schily,inzwischen vergessen, nicht zu vergessen&#8230;mit dem damaligen Spitznamen &#8222;Sheriff&#8220;&#8230;&#8230;<\/p>\n<p>Warum sagen sie nicht endlich &#8211; DAS alles IST KOMPLETT UNDEMOKRATISCH?<\/p>\n<p>Die zweite Frage:<\/p>\n<p>Um zun\u00e4chst bei BAYER AG zu bleiben:<\/p>\n<p>WO BITTE SCH\u00d6N BLEIBT HIER DAS KARTELLAMT?<\/p>\n<p>Bei Zeitungsfusionen protestiert es zu Recht gegen eine allzu gigantische Informations-Macht-Konzentrations-Ballung, <br \/>obwohl wir ja doch sowieso l\u00e4ngst von 5 Meinungs-Konzernen l\u00e4ngst beherrscht werden!<br \/>Allen voran von Springer.<br \/>Populismus-BILD.<\/p>\n<p>Wo aber hat sich die KARTELL-AUFSICHT versteckt,<\/p>\n<p> wenn es darum geht,<\/p>\n<p>einen Pharma-Super-Riesen zu verhindern????<\/p>\n<p>Heute frohlockt die BAYER AG bereits \u00f6ffentlich, <\/p>\n<p>dass sie nun der gr\u00f6\u00dfte Pharma-Champion weit und breit&#8230;<\/p>\n<p>\u00dcberlegt mal, was es auch bedeutet, <br \/>wenn ein Pharma-Konzern unkontrolliert&#8230;., ohne Konkurrenz&#8230;!<\/p>\n<p>Es ist 13 Uhr 04 &#8211; <\/p>\n<p> Crissy, die dauer-unbezahlte Hitze-hoch-Praktikantin,<br \/>froh, \u00fcberhaupt dabei zu sein,<br \/>wer will da noch nach bezahlter Arbeit fragen, nicht wahr&#8230;.,<br \/>will mal kurz auf den windigen Balkon&#8230;<\/p>\n<p>Nach Luft schnappen.<\/p>\n<\/td>\n<\/tr>\n<\/table>\n<p><br <\/p>\n","protected":false},"excerpt":{"rendered":"<p>live-texte vom 21. \/22. Juni 06 \/<\/p>\n","protected":false},"author":2,"featured_media":0,"comment_status":"closed","ping_status":"closed","sticky":false,"template":"","format":"standard","meta":{"footnotes":""},"categories":[11],"tags":[],"class_list":["post-84504","post","type-post","status-publish","format-standard","hentry","category-femkultur","entry"],"yoast_head":"<!-- This site is optimized with the Yoast SEO plugin v21.0 - https:\/\/yoast.com\/wordpress\/plugins\/seo\/ -->\n<title>Sommers Anfang &amp; WM &amp; ALLIANZ..und...(06) - Feminissima<\/title>\n<meta name=\"robots\" content=\"index, follow, max-snippet:-1, max-image-preview:large, max-video-preview:-1\" \/>\n<link rel=\"canonical\" href=\"https:\/\/feminissima.de\/index.php\/2006\/06\/23\/sommers-anfang-wm-allianz-und-06\/\" \/>\n<meta property=\"og:locale\" content=\"de_DE\" \/>\n<meta property=\"og:type\" content=\"article\" \/>\n<meta property=\"og:title\" content=\"Sommers Anfang &amp; WM &amp; ALLIANZ..und...(06) - Feminissima\" \/>\n<meta property=\"og:description\" content=\"live-texte vom 21. \/22. Juni 06 \/\" \/>\n<meta property=\"og:url\" content=\"https:\/\/feminissima.de\/index.php\/2006\/06\/23\/sommers-anfang-wm-allianz-und-06\/\" \/>\n<meta property=\"og:site_name\" content=\"Feminissima\" \/>\n<meta property=\"article:published_time\" content=\"2006-06-23T20:51:37+00:00\" \/>\n<meta name=\"author\" content=\"admin\" \/>\n<meta name=\"twitter:card\" content=\"summary_large_image\" \/>\n<meta name=\"twitter:label1\" content=\"Verfasst von\" \/>\n\t<meta name=\"twitter:data1\" content=\"admin\" \/>\n\t<meta name=\"twitter:label2\" content=\"Gesch\u00e4tzte Lesezeit\" \/>\n\t<meta name=\"twitter:data2\" content=\"6\u00a0Minuten\" \/>\n<script type=\"application\/ld+json\" class=\"yoast-schema-graph\">{\"@context\":\"https:\/\/schema.org\",\"@graph\":[{\"@type\":\"WebPage\",\"@id\":\"https:\/\/feminissima.de\/index.php\/2006\/06\/23\/sommers-anfang-wm-allianz-und-06\/\",\"url\":\"https:\/\/feminissima.de\/index.php\/2006\/06\/23\/sommers-anfang-wm-allianz-und-06\/\",\"name\":\"Sommers Anfang & WM & ALLIANZ..und...(06) - Feminissima\",\"isPartOf\":{\"@id\":\"https:\/\/feminissima.de\/#website\"},\"datePublished\":\"2006-06-23T20:51:37+00:00\",\"dateModified\":\"2006-06-23T20:51:37+00:00\",\"author\":{\"@id\":\"https:\/\/feminissima.de\/#\/schema\/person\/0b901e053624f88e7ecbea289d9d5128\"},\"breadcrumb\":{\"@id\":\"https:\/\/feminissima.de\/index.php\/2006\/06\/23\/sommers-anfang-wm-allianz-und-06\/#breadcrumb\"},\"inLanguage\":\"de\",\"potentialAction\":[{\"@type\":\"ReadAction\",\"target\":[\"https:\/\/feminissima.de\/index.php\/2006\/06\/23\/sommers-anfang-wm-allianz-und-06\/\"]}]},{\"@type\":\"BreadcrumbList\",\"@id\":\"https:\/\/feminissima.de\/index.php\/2006\/06\/23\/sommers-anfang-wm-allianz-und-06\/#breadcrumb\",\"itemListElement\":[{\"@type\":\"ListItem\",\"position\":1,\"name\":\"Startseite\",\"item\":\"https:\/\/feminissima.de\/\"},{\"@type\":\"ListItem\",\"position\":2,\"name\":\"Sommers Anfang &#038; WM &#038; ALLIANZ..und&#8230;(06)\"}]},{\"@type\":\"WebSite\",\"@id\":\"https:\/\/feminissima.de\/#website\",\"url\":\"https:\/\/feminissima.de\/\",\"name\":\"Feminissima\",\"description\":\"\",\"potentialAction\":[{\"@type\":\"SearchAction\",\"target\":{\"@type\":\"EntryPoint\",\"urlTemplate\":\"https:\/\/feminissima.de\/?s={search_term_string}\"},\"query-input\":\"required name=search_term_string\"}],\"inLanguage\":\"de\"},{\"@type\":\"Person\",\"@id\":\"https:\/\/feminissima.de\/#\/schema\/person\/0b901e053624f88e7ecbea289d9d5128\",\"name\":\"admin\",\"image\":{\"@type\":\"ImageObject\",\"inLanguage\":\"de\",\"@id\":\"https:\/\/feminissima.de\/#\/schema\/person\/image\/\",\"url\":\"https:\/\/secure.gravatar.com\/avatar\/8da1f51327453c0bf63338e8e2a791948b7d2ac19b68839492d1e69aac6924a8?s=96&d=mm&r=g\",\"contentUrl\":\"https:\/\/secure.gravatar.com\/avatar\/8da1f51327453c0bf63338e8e2a791948b7d2ac19b68839492d1e69aac6924a8?s=96&d=mm&r=g\",\"caption\":\"admin\"},\"url\":\"https:\/\/feminissima.de\/index.php\/author\/admin\/\"}]}<\/script>\n<!-- \/ Yoast SEO plugin. -->","yoast_head_json":{"title":"Sommers Anfang & WM & ALLIANZ..und...(06) - Feminissima","robots":{"index":"index","follow":"follow","max-snippet":"max-snippet:-1","max-image-preview":"max-image-preview:large","max-video-preview":"max-video-preview:-1"},"canonical":"https:\/\/feminissima.de\/index.php\/2006\/06\/23\/sommers-anfang-wm-allianz-und-06\/","og_locale":"de_DE","og_type":"article","og_title":"Sommers Anfang & WM & ALLIANZ..und...(06) - Feminissima","og_description":"live-texte vom 21. \/22. Juni 06 \/","og_url":"https:\/\/feminissima.de\/index.php\/2006\/06\/23\/sommers-anfang-wm-allianz-und-06\/","og_site_name":"Feminissima","article_published_time":"2006-06-23T20:51:37+00:00","author":"admin","twitter_card":"summary_large_image","twitter_misc":{"Verfasst von":"admin","Gesch\u00e4tzte Lesezeit":"6\u00a0Minuten"},"schema":{"@context":"https:\/\/schema.org","@graph":[{"@type":"WebPage","@id":"https:\/\/feminissima.de\/index.php\/2006\/06\/23\/sommers-anfang-wm-allianz-und-06\/","url":"https:\/\/feminissima.de\/index.php\/2006\/06\/23\/sommers-anfang-wm-allianz-und-06\/","name":"Sommers Anfang & WM & ALLIANZ..und...(06) - Feminissima","isPartOf":{"@id":"https:\/\/feminissima.de\/#website"},"datePublished":"2006-06-23T20:51:37+00:00","dateModified":"2006-06-23T20:51:37+00:00","author":{"@id":"https:\/\/feminissima.de\/#\/schema\/person\/0b901e053624f88e7ecbea289d9d5128"},"breadcrumb":{"@id":"https:\/\/feminissima.de\/index.php\/2006\/06\/23\/sommers-anfang-wm-allianz-und-06\/#breadcrumb"},"inLanguage":"de","potentialAction":[{"@type":"ReadAction","target":["https:\/\/feminissima.de\/index.php\/2006\/06\/23\/sommers-anfang-wm-allianz-und-06\/"]}]},{"@type":"BreadcrumbList","@id":"https:\/\/feminissima.de\/index.php\/2006\/06\/23\/sommers-anfang-wm-allianz-und-06\/#breadcrumb","itemListElement":[{"@type":"ListItem","position":1,"name":"Startseite","item":"https:\/\/feminissima.de\/"},{"@type":"ListItem","position":2,"name":"Sommers Anfang &#038; WM &#038; ALLIANZ..und&#8230;(06)"}]},{"@type":"WebSite","@id":"https:\/\/feminissima.de\/#website","url":"https:\/\/feminissima.de\/","name":"Feminissima","description":"","potentialAction":[{"@type":"SearchAction","target":{"@type":"EntryPoint","urlTemplate":"https:\/\/feminissima.de\/?s={search_term_string}"},"query-input":"required name=search_term_string"}],"inLanguage":"de"},{"@type":"Person","@id":"https:\/\/feminissima.de\/#\/schema\/person\/0b901e053624f88e7ecbea289d9d5128","name":"admin","image":{"@type":"ImageObject","inLanguage":"de","@id":"https:\/\/feminissima.de\/#\/schema\/person\/image\/","url":"https:\/\/secure.gravatar.com\/avatar\/8da1f51327453c0bf63338e8e2a791948b7d2ac19b68839492d1e69aac6924a8?s=96&d=mm&r=g","contentUrl":"https:\/\/secure.gravatar.com\/avatar\/8da1f51327453c0bf63338e8e2a791948b7d2ac19b68839492d1e69aac6924a8?s=96&d=mm&r=g","caption":"admin"},"url":"https:\/\/feminissima.de\/index.php\/author\/admin\/"}]}},"jetpack_featured_media_url":"","_links":{"self":[{"href":"https:\/\/feminissima.de\/index.php\/wp-json\/wp\/v2\/posts\/84504","targetHints":{"allow":["GET"]}}],"collection":[{"href":"https:\/\/feminissima.de\/index.php\/wp-json\/wp\/v2\/posts"}],"about":[{"href":"https:\/\/feminissima.de\/index.php\/wp-json\/wp\/v2\/types\/post"}],"author":[{"embeddable":true,"href":"https:\/\/feminissima.de\/index.php\/wp-json\/wp\/v2\/users\/2"}],"replies":[{"embeddable":true,"href":"https:\/\/feminissima.de\/index.php\/wp-json\/wp\/v2\/comments?post=84504"}],"version-history":[{"count":0,"href":"https:\/\/feminissima.de\/index.php\/wp-json\/wp\/v2\/posts\/84504\/revisions"}],"wp:attachment":[{"href":"https:\/\/feminissima.de\/index.php\/wp-json\/wp\/v2\/media?parent=84504"}],"wp:term":[{"taxonomy":"category","embeddable":true,"href":"https:\/\/feminissima.de\/index.php\/wp-json\/wp\/v2\/categories?post=84504"},{"taxonomy":"post_tag","embeddable":true,"href":"https:\/\/feminissima.de\/index.php\/wp-json\/wp\/v2\/tags?post=84504"}],"curies":[{"name":"wp","href":"https:\/\/api.w.org\/{rel}","templated":true}]}}